{"id":11127,"date":"2016-04-20T14:09:55","date_gmt":"2016-04-20T11:09:55","guid":{"rendered":"http:\/\/btv.md\/?p=11127"},"modified":"2016-04-20T14:09:55","modified_gmt":"2016-04-20T11:09:55","slug":"moldova-a-mai-pierdut-4-pozitii-in-topul-libertatii-presei","status":"publish","type":"post","link":"https:\/\/www.btv.md\/ro\/moldova-a-mai-pierdut-4-pozitii-in-topul-libertatii-presei\/","title":{"rendered":"MOLDOVA A MAI PIERDUT 4 POZI\u021aII \u00ceN TOPUL LIBERT\u0102\u021aII PRESEI"},"content":{"rendered":"<p><strong>Libertatea presei s-a deteriorat \u00een toate regiunile lumii \u00een 2015, \u00een special \u00een cele dou\u0103 Americi, plas\u00e2ndu-se pentru prima oar\u0103 dup\u0103 Africa \u00een clasamentul anual al organiza\u021biei Reporteri f\u0103r\u0103 frontiere (Reporters sans frontiers) dat publicit\u0103\u021bii miercuri, scrie <a href=\"http:\/\/independent.md\/moldova-mai-pierdut-4-pozitii-topul-libertatii-presei-rsf-cum-arata-top-10\/#.VxctQfmLTIU\" target=\"_blank\">independent.md<\/a>.<\/strong><\/p>\n<p>Republica Moldova se situeaz\u0103 pe pozi\u021bia a 76-a \u00een acest clasament, cu 4 pozi\u021bii mai jos dec\u00e2t \u00een 2014 \u0219i \u00een pierdere de 20 de locuri fa\u021b\u0103 de 2013.<\/p>\n<p>\u201e<em>Politizarea excesiv\u0103 a mediei, mecanismele de finan\u021bare corupte, politicile editoriale subordonate intereselor patronatului \u0219i infiltrarea de presupu\u0219i agen\u021bi ai serviciilor secrete au avut ca impact transformarea media \u00een instrumente de propagand\u0103 politic\u0103, lucru vizibil mai ales \u00een anii electorali, inclusiv \u00een 2014<\/em>\u201d, men\u021bioneaz\u0103 raportul RSF publicat pe site-ul s\u0103u oficial.<\/p>\n<p>Acest clasament al libert\u0103\u021bii presei \u00een 180 de \u021b\u0103ri, publicat \u00eencep\u00e2nd cu anul 2002, se bazeaz\u0103 pe o serie de indicatori: pluralismul, independen\u021ba mass-media, ambian\u021ba \u0219i autocenzura, cadrul legal, transparen\u021ba, infrastructura \u0219i abuzurile.<\/p>\n<p>\u201e<em>To\u021bi indicatorii clasamentului indic\u0103 o deteriorare. Multe dintre autorit\u0103\u021bile publice \u00eencearc\u0103 s\u0103 rec\u00e2\u0219tige controlul asupra \u021b\u0103rii lor, tem\u00e2ndu-se prea tare de marile deschideri ale dezbaterii publice<\/em>\u201d, a declarat Christophe Deloire, secretarul general al RSF.<\/p>\n<p>\u201e<em>Ast\u0103zi, este din ce \u00een ce mai u\u0219or pentru toate autorit\u0103\u021bile de a se adresa direct publicului gra\u021bie noilor tehnologii \u0219i deci exist\u0103 mai mult\u0103 violen\u021b\u0103 \u00eempotriva tuturor celor care reprezint\u0103 informa\u021bii independente<\/em>\u201d, explic\u0103 el.<\/p>\n<p>Potrivit acestuia, \u201e<em>intr\u0103m \u00eentr-o nou\u0103 er\u0103 de propagand\u0103, c\u00e2nd noile tehnologii permit cu costuri reduse de a difuza propria comunicare<\/em>\u201d.<\/p>\n<p>\u021a\u0103rile cu cea mai liber\u0103 pres\u0103 sunt Finlanda, Olanda, Norvegia, Danemarca, Noua Zeeland\u0103, Costa Rica, Elve\u021bia, Suedia, Irlanda \u0219i Jamaica, care intr\u0103 \u00een top 10.<\/p>\n<p>\u021aara cu prea cea mai pu\u021bin liber\u0103 este Eritreea, urmat\u0103 de Coreea de Nord, Turkmenistan, Siria, China, Vietnam, Sudan, Laso, Djibouti \u0219i Cuba.<\/p>\n<p>Dintre \u021b\u0103rile vecine, cel mai bine se situeaz\u0103 Rom\u00e2nia (49). Rusia este pe locul 148, \u00een timp ce Ucraina se situeaz\u0103 pe pozi\u021bia a 107-a.<\/p>\n","protected":false},"excerpt":{"rendered":"<p>Libertatea presei s-a deteriorat \u00een toate regiunile lumii \u00een 2015, \u00een special \u00een cele dou\u0103 Americi, plas\u00e2ndu-se pentru prima oar\u0103 dup\u0103 Africa \u00een clasamentul anual al organiza\u021biei Reporteri f\u0103r\u0103 frontiere (Reporters sans frontiers) dat publicit\u0103\u021bii miercuri, scrie independent.md. Republica Moldova se situeaz\u0103 pe pozi\u021bia a 76-a \u00een acest clasament, cu 4 pozi\u021bii mai jos dec\u00e2t [&hellip;]<\/p>\n","protected":false},"author":4,"featured_media":11128,"comment_status":"closed","ping_status":"closed","sticky":false,"template":"","format":"standard","meta":{"footnotes":""},"categories":[6349],"tags":[],"class_list":["post-11127","post","type-post","status-publish","format-standard","has-post-thumbnail","hentry","category-social"],"yoast_head":"<!-- This site is optimized with the Yoast SEO plugin v27.4 - https:\/\/yoast.com\/product\/yoast-seo-wordpress\/ -->\n<title>MOLDOVA A MAI PIERDUT 4 POZI\u021aII \u00ceN TOPUL LIBERT\u0102\u021aII PRESEI - BTV<\/title>\n<meta name=\"robots\" content=\"index, follow, max-snippet:-1, max-image-preview:large, max-video-preview:-1\" \/>\n<link rel=\"canonical\" href=\"https:\/\/www.btv.md\/ro\/moldova-a-mai-pierdut-4-pozitii-in-topul-libertatii-presei\/\" \/>\n<meta property=\"og:locale\" content=\"ro_RO\" \/>\n<meta property=\"og:type\" content=\"article\" \/>\n<meta property=\"og:title\" content=\"MOLDOVA A MAI PIERDUT 4 POZI\u021aII \u00ceN TOPUL LIBERT\u0102\u021aII PRESEI - BTV\" \/>\n<meta property=\"og:description\" content=\"Libertatea presei s-a deteriorat \u00een toate regiunile lumii \u00een 2015, \u00een special \u00een cele dou\u0103 Americi, plas\u00e2ndu-se pentru prima oar\u0103 dup\u0103 Africa \u00een clasamentul anual al organiza\u021biei Reporteri f\u0103r\u0103 frontiere (Reporters sans frontiers) dat publicit\u0103\u021bii miercuri, scrie independent.md. Republica Moldova se situeaz\u0103 pe pozi\u021bia a 76-a \u00een acest clasament, cu 4 pozi\u021bii mai jos dec\u00e2t [&hellip;]\" \/>\n<meta property=\"og:url\" content=\"https:\/\/www.btv.md\/ro\/moldova-a-mai-pierdut-4-pozitii-in-topul-libertatii-presei\/\" \/>\n<meta property=\"og:site_name\" content=\"BTV\" \/>\n<meta property=\"article:publisher\" content=\"https:\/\/www.facebook.com\/btvmoldova\/\" \/>\n<meta property=\"article:published_time\" content=\"2016-04-20T11:09:55+00:00\" \/>\n<meta property=\"og:image\" content=\"https:\/\/www.btv.md\/wp-content\/uploads\/2016\/04\/ziua-mondiala-a-libertatii-presei.jpg\" \/>\n\t<meta property=\"og:image:width\" content=\"514\" \/>\n\t<meta property=\"og:image:height\" content=\"343\" \/>\n\t<meta property=\"og:image:type\" content=\"image\/jpeg\" \/>\n<meta name=\"author\" content=\"admin\" \/>\n<meta name=\"twitter:label1\" content=\"Scris de\" \/>\n\t<meta name=\"twitter:data1\" content=\"admin\" \/>\n\t<meta name=\"twitter:label2\" content=\"Timp estimat pentru citire\" \/>\n\t<meta name=\"twitter:data2\" content=\"2 minute\" \/>\n<script type=\"application\/ld+json\" class=\"yoast-schema-graph\">{\"@context\":\"https:\\\/\\\/schema.org\",\"@graph\":[{\"@type\":\"Article\",\"@id\":\"https:\\\/\\\/www.btv.md\\\/ro\\\/moldova-a-mai-pierdut-4-pozitii-in-topul-libertatii-presei\\\/#article\",\"isPartOf\":{\"@id\":\"https:\\\/\\\/www.btv.md\\\/ro\\\/moldova-a-mai-pierdut-4-pozitii-in-topul-libertatii-presei\\\/\"},\"author\":{\"name\":\"admin\",\"@id\":\"https:\\\/\\\/www.btv.md\\\/#\\\/schema\\\/person\\\/8fadce81561b3ce2c34c46dadc4ccbf2\"},\"headline\":\"MOLDOVA A MAI PIERDUT 4 POZI\u021aII \u00ceN TOPUL LIBERT\u0102\u021aII PRESEI\",\"datePublished\":\"2016-04-20T11:09:55+00:00\",\"mainEntityOfPage\":{\"@id\":\"https:\\\/\\\/www.btv.md\\\/ro\\\/moldova-a-mai-pierdut-4-pozitii-in-topul-libertatii-presei\\\/\"},\"wordCount\":345,\"image\":{\"@id\":\"https:\\\/\\\/www.btv.md\\\/ro\\\/moldova-a-mai-pierdut-4-pozitii-in-topul-libertatii-presei\\\/#primaryimage\"},\"thumbnailUrl\":\"https:\\\/\\\/www.btv.md\\\/wp-content\\\/uploads\\\/2016\\\/04\\\/ziua-mondiala-a-libertatii-presei.jpg\",\"articleSection\":[\"Social\"],\"inLanguage\":\"ro-RO\"},{\"@type\":\"WebPage\",\"@id\":\"https:\\\/\\\/www.btv.md\\\/ro\\\/moldova-a-mai-pierdut-4-pozitii-in-topul-libertatii-presei\\\/\",\"url\":\"https:\\\/\\\/www.btv.md\\\/ro\\\/moldova-a-mai-pierdut-4-pozitii-in-topul-libertatii-presei\\\/\",\"name\":\"MOLDOVA A MAI PIERDUT 4 POZI\u021aII \u00ceN TOPUL LIBERT\u0102\u021aII PRESEI - BTV\",\"isPartOf\":{\"@id\":\"https:\\\/\\\/www.btv.md\\\/#website\"},\"primaryImageOfPage\":{\"@id\":\"https:\\\/\\\/www.btv.md\\\/ro\\\/moldova-a-mai-pierdut-4-pozitii-in-topul-libertatii-presei\\\/#primaryimage\"},\"image\":{\"@id\":\"https:\\\/\\\/www.btv.md\\\/ro\\\/moldova-a-mai-pierdut-4-pozitii-in-topul-libertatii-presei\\\/#primaryimage\"},\"thumbnailUrl\":\"https:\\\/\\\/www.btv.md\\\/wp-content\\\/uploads\\\/2016\\\/04\\\/ziua-mondiala-a-libertatii-presei.jpg\",\"datePublished\":\"2016-04-20T11:09:55+00:00\",\"author\":{\"@id\":\"https:\\\/\\\/www.btv.md\\\/#\\\/schema\\\/person\\\/8fadce81561b3ce2c34c46dadc4ccbf2\"},\"inLanguage\":\"ro-RO\",\"potentialAction\":[{\"@type\":\"ReadAction\",\"target\":[\"https:\\\/\\\/www.btv.md\\\/ro\\\/moldova-a-mai-pierdut-4-pozitii-in-topul-libertatii-presei\\\/\"]}]},{\"@type\":\"ImageObject\",\"inLanguage\":\"ro-RO\",\"@id\":\"https:\\\/\\\/www.btv.md\\\/ro\\\/moldova-a-mai-pierdut-4-pozitii-in-topul-libertatii-presei\\\/#primaryimage\",\"url\":\"https:\\\/\\\/www.btv.md\\\/wp-content\\\/uploads\\\/2016\\\/04\\\/ziua-mondiala-a-libertatii-presei.jpg\",\"contentUrl\":\"https:\\\/\\\/www.btv.md\\\/wp-content\\\/uploads\\\/2016\\\/04\\\/ziua-mondiala-a-libertatii-presei.jpg\",\"width\":514,\"height\":343,\"caption\":\"www.monitorulcj.ro\"},{\"@type\":\"WebSite\",\"@id\":\"https:\\\/\\\/www.btv.md\\\/#website\",\"url\":\"https:\\\/\\\/www.btv.md\\\/\",\"name\":\"BTV\",\"description\":\"\u0411\u0435\u043b\u044c\u0446\u043a\u043e\u0435 \u0442\u0435\u043b\u0435\u0432\u0438\u0434\u0435\u043d\u0438\u0435\",\"potentialAction\":[{\"@type\":\"SearchAction\",\"target\":{\"@type\":\"EntryPoint\",\"urlTemplate\":\"https:\\\/\\\/www.btv.md\\\/?s={search_term_string}\"},\"query-input\":{\"@type\":\"PropertyValueSpecification\",\"valueRequired\":true,\"valueName\":\"search_term_string\"}}],\"inLanguage\":\"ro-RO\"},{\"@type\":\"Person\",\"@id\":\"https:\\\/\\\/www.btv.md\\\/#\\\/schema\\\/person\\\/8fadce81561b3ce2c34c46dadc4ccbf2\",\"name\":\"admin\"}]}<\/script>\n<!-- \/ Yoast SEO plugin. -->","yoast_head_json":{"title":"MOLDOVA A MAI PIERDUT 4 POZI\u021aII \u00ceN TOPUL LIBERT\u0102\u021aII PRESEI - BTV","robots":{"index":"index","follow":"follow","max-snippet":"max-snippet:-1","max-image-preview":"max-image-preview:large","max-video-preview":"max-video-preview:-1"},"canonical":"https:\/\/www.btv.md\/ro\/moldova-a-mai-pierdut-4-pozitii-in-topul-libertatii-presei\/","og_locale":"ro_RO","og_type":"article","og_title":"MOLDOVA A MAI PIERDUT 4 POZI\u021aII \u00ceN TOPUL LIBERT\u0102\u021aII PRESEI - BTV","og_description":"Libertatea presei s-a deteriorat \u00een toate regiunile lumii \u00een 2015, \u00een special \u00een cele dou\u0103 Americi, plas\u00e2ndu-se pentru prima oar\u0103 dup\u0103 Africa \u00een clasamentul anual al organiza\u021biei Reporteri f\u0103r\u0103 frontiere (Reporters sans frontiers) dat publicit\u0103\u021bii miercuri, scrie independent.md. Republica Moldova se situeaz\u0103 pe pozi\u021bia a 76-a \u00een acest clasament, cu 4 pozi\u021bii mai jos dec\u00e2t [&hellip;]","og_url":"https:\/\/www.btv.md\/ro\/moldova-a-mai-pierdut-4-pozitii-in-topul-libertatii-presei\/","og_site_name":"BTV","article_publisher":"https:\/\/www.facebook.com\/btvmoldova\/","article_published_time":"2016-04-20T11:09:55+00:00","og_image":[{"width":514,"height":343,"url":"https:\/\/www.btv.md\/wp-content\/uploads\/2016\/04\/ziua-mondiala-a-libertatii-presei.jpg","type":"image\/jpeg"}],"author":"admin","twitter_misc":{"Scris de":"admin","Timp estimat pentru citire":"2 minute"},"schema":{"@context":"https:\/\/schema.org","@graph":[{"@type":"Article","@id":"https:\/\/www.btv.md\/ro\/moldova-a-mai-pierdut-4-pozitii-in-topul-libertatii-presei\/#article","isPartOf":{"@id":"https:\/\/www.btv.md\/ro\/moldova-a-mai-pierdut-4-pozitii-in-topul-libertatii-presei\/"},"author":{"name":"admin","@id":"https:\/\/www.btv.md\/#\/schema\/person\/8fadce81561b3ce2c34c46dadc4ccbf2"},"headline":"MOLDOVA A MAI PIERDUT 4 POZI\u021aII \u00ceN TOPUL LIBERT\u0102\u021aII PRESEI","datePublished":"2016-04-20T11:09:55+00:00","mainEntityOfPage":{"@id":"https:\/\/www.btv.md\/ro\/moldova-a-mai-pierdut-4-pozitii-in-topul-libertatii-presei\/"},"wordCount":345,"image":{"@id":"https:\/\/www.btv.md\/ro\/moldova-a-mai-pierdut-4-pozitii-in-topul-libertatii-presei\/#primaryimage"},"thumbnailUrl":"https:\/\/www.btv.md\/wp-content\/uploads\/2016\/04\/ziua-mondiala-a-libertatii-presei.jpg","articleSection":["Social"],"inLanguage":"ro-RO"},{"@type":"WebPage","@id":"https:\/\/www.btv.md\/ro\/moldova-a-mai-pierdut-4-pozitii-in-topul-libertatii-presei\/","url":"https:\/\/www.btv.md\/ro\/moldova-a-mai-pierdut-4-pozitii-in-topul-libertatii-presei\/","name":"MOLDOVA A MAI PIERDUT 4 POZI\u021aII \u00ceN TOPUL LIBERT\u0102\u021aII PRESEI - BTV","isPartOf":{"@id":"https:\/\/www.btv.md\/#website"},"primaryImageOfPage":{"@id":"https:\/\/www.btv.md\/ro\/moldova-a-mai-pierdut-4-pozitii-in-topul-libertatii-presei\/#primaryimage"},"image":{"@id":"https:\/\/www.btv.md\/ro\/moldova-a-mai-pierdut-4-pozitii-in-topul-libertatii-presei\/#primaryimage"},"thumbnailUrl":"https:\/\/www.btv.md\/wp-content\/uploads\/2016\/04\/ziua-mondiala-a-libertatii-presei.jpg","datePublished":"2016-04-20T11:09:55+00:00","author":{"@id":"https:\/\/www.btv.md\/#\/schema\/person\/8fadce81561b3ce2c34c46dadc4ccbf2"},"inLanguage":"ro-RO","potentialAction":[{"@type":"ReadAction","target":["https:\/\/www.btv.md\/ro\/moldova-a-mai-pierdut-4-pozitii-in-topul-libertatii-presei\/"]}]},{"@type":"ImageObject","inLanguage":"ro-RO","@id":"https:\/\/www.btv.md\/ro\/moldova-a-mai-pierdut-4-pozitii-in-topul-libertatii-presei\/#primaryimage","url":"https:\/\/www.btv.md\/wp-content\/uploads\/2016\/04\/ziua-mondiala-a-libertatii-presei.jpg","contentUrl":"https:\/\/www.btv.md\/wp-content\/uploads\/2016\/04\/ziua-mondiala-a-libertatii-presei.jpg","width":514,"height":343,"caption":"www.monitorulcj.ro"},{"@type":"WebSite","@id":"https:\/\/www.btv.md\/#website","url":"https:\/\/www.btv.md\/","name":"BTV","description":"\u0411\u0435\u043b\u044c\u0446\u043a\u043e\u0435 \u0442\u0435\u043b\u0435\u0432\u0438\u0434\u0435\u043d\u0438\u0435","potentialAction":[{"@type":"SearchAction","target":{"@type":"EntryPoint","urlTemplate":"https:\/\/www.btv.md\/?s={search_term_string}"},"query-input":{"@type":"PropertyValueSpecification","valueRequired":true,"valueName":"search_term_string"}}],"inLanguage":"ro-RO"},{"@type":"Person","@id":"https:\/\/www.btv.md\/#\/schema\/person\/8fadce81561b3ce2c34c46dadc4ccbf2","name":"admin"}]}},"_links":{"self":[{"href":"https:\/\/www.btv.md\/ro\/wp-json\/wp\/v2\/posts\/11127","targetHints":{"allow":["GET"]}}],"collection":[{"href":"https:\/\/www.btv.md\/ro\/wp-json\/wp\/v2\/posts"}],"about":[{"href":"https:\/\/www.btv.md\/ro\/wp-json\/wp\/v2\/types\/post"}],"author":[{"embeddable":true,"href":"https:\/\/www.btv.md\/ro\/wp-json\/wp\/v2\/users\/4"}],"replies":[{"embeddable":true,"href":"https:\/\/www.btv.md\/ro\/wp-json\/wp\/v2\/comments?post=11127"}],"version-history":[{"count":0,"href":"https:\/\/www.btv.md\/ro\/wp-json\/wp\/v2\/posts\/11127\/revisions"}],"wp:featuredmedia":[{"embeddable":true,"href":"https:\/\/www.btv.md\/ro\/wp-json\/wp\/v2\/media\/11128"}],"wp:attachment":[{"href":"https:\/\/www.btv.md\/ro\/wp-json\/wp\/v2\/media?parent=11127"}],"wp:term":[{"taxonomy":"category","embeddable":true,"href":"https:\/\/www.btv.md\/ro\/wp-json\/wp\/v2\/categories?post=11127"},{"taxonomy":"post_tag","embeddable":true,"href":"https:\/\/www.btv.md\/ro\/wp-json\/wp\/v2\/tags?post=11127"}],"curies":[{"name":"wp","href":"https:\/\/api.w.org\/{rel}","templated":true}]}}