{"id":11289,"date":"2016-04-22T12:26:58","date_gmt":"2016-04-22T09:26:58","guid":{"rendered":"http:\/\/btv.md\/?p=11289"},"modified":"2016-04-22T12:26:58","modified_gmt":"2016-04-22T09:26:58","slug":"difuzarea-filmelor-rusesti-in-ucraina-a-fost-interzisa","status":"publish","type":"post","link":"https:\/\/www.btv.md\/ro\/difuzarea-filmelor-rusesti-in-ucraina-a-fost-interzisa\/","title":{"rendered":"DIFUZAREA  FILMELOR  RUSE\u0218TI  \u00ceN  UCRAINA  A  FOST  INTERZIS\u0102"},"content":{"rendered":"<p><strong>DIFUZAREA  FILMELOR  RUSE\u0218TI  \u00ceN  UCRAINA  A  FOST  INTERZIS\u0102<\/strong><\/p>\n<p><strong>Ucraina a interzis difuzarea tuturor filmelor ruse realizate dup\u0103 2014, c\u00e2nd Rusia a anexat peninsula Crimeea.<\/strong> <\/p>\n<p>Decizia a fost luat\u0103 de pre\u0219edintele ucrainean Petro Poro\u015fenko, care a semnat miercuri sear\u0103 un decret prin care se interzice difuzarea \u00een \u0163ar\u0103 a filmelor produse \u00een Rusia dup\u0103 2014, potrivit ziraului Washington Post. De asemenea, decretul include \u0219i interdic\u0163ia de difuzare \u00een cazul filmelor produse de companii ruse sau cet\u0103\u0163eni ru\u015fi dup\u0103 1991 care pream\u0103resc activit\u0103\u0163ile institu\u0163iilor guvernamentale din Rusia.<\/p>\n<p>Interdic\u021bia se refer\u0103 la faptul c\u0103 nici un film rusesc produs dup\u0103 1 ianuarie 2014, nu va primi o licen\u021b\u0103 de distribu\u021bie na\u021bional\u0103 pentur nici un ecran din Ucraina.<\/p>\n<p>Tensiunile dintre Ucraina \u015fi Rusia s-au intensificat \u00een 2014, dup\u0103 ce statul rus a anexat peninsula Crimeea, fost\u0103 provincie ucrainean\u0103, \u015fi a oferit sprijin rebelilor separati\u015fti proru\u015fi \u00een lupta cu for\u0163ele ucrainene \u00een estul Ucrainei, conflicte \u00een care au murit peste 9.100 de persoane.<\/p>\n<p>\u00cen pofida acordului de la Minsk din februarie 2015, privind \u00eencetarea conflictului armat din estul Ucrainei, mediat de UE, incidentele armate continu\u0103, iar revenirea la o stabilitate politic\u0103 \u00een zon\u0103 pare a fi un scop greu de realizat.<\/p>\n<p><a href=\"http:\/\/www.libertatea.ro\/\" target=\"_blank\">libertatea.ro<\/a><\/p>\n<p><strong>OBAMA  NU  VREA  IE\u0218IREA  MARII  BRITANII  DIN  UE<\/strong><\/p>\n<p><strong>Pre\u015fedintele american Barack Obama a ajuns \u00een Marea Britanie, acolo unde a f\u0103cut un apel puternic ca \u0163ara s\u0103 r\u0103m\u00e2n\u0103 \u00een Uniunea European\u0103, spun\u00e2nd c\u0103 statutul de membru al comunit\u0103\u0163ii a amplificat locul Regatului Unit \u00een lume \u015fi a f\u0103cut blocul comunitar mai puternic, relateaz\u0103 Reuters.<\/strong><\/p>\n<p>Obama spune c\u0103 o ie\u015fire a Marii Britanii din UE ar sl\u0103bi vestul \u015fi c\u0103 probleme precum migra\u0163ia, terorismul \u015fi \u00eencetinirea economiei pot fi rezolvate mai eficient cu Regatul Unit \u00een Uniunea European\u0103.   <\/p>\n<p>Ultimele sondaje de opinie arat\u0103 c\u0103 tab\u0103ra care dore\u015fte r\u0103m\u00e2nerea Marii Britanii \u00een UE se bucur\u0103 de un u\u015for avantaj, dar o propor\u0163ie mare din electorat nu a decis, \u00eenc\u0103, cum va vota la referendumul de pe 23 iunie.   <\/p>\n<p>Comentariile lui Obama vor fi primite bine de premierul britanic David Cameron, care sus\u0163ine c\u0103 o ie\u015fire din UE va face regatul vulnerabil.<\/p>\n<p>Obama a avut o interven\u0163ie similar\u0103 \u015fi \u00een referendumul din 2014 privind independen\u0163a Sco\u0163iei, c\u00e2nd a spus c\u0103 sper\u0103 ca Marea Britanie \u201es\u0103 r\u0103m\u00e2n\u0103 puternic\u0103, robust\u0103 \u015fi unit\u0103\u201d.   <\/p>\n<p>Sus\u0163in\u0103torii plec\u0103rii Regatului Unit din Uniunea European\u0103 spun c\u0103 Statele Unite nu ar fi acceptat niciodat\u0103 s\u0103 \u00ee\u015fi dilueze suveranitatea na\u0163ional\u0103 \u00een maniera \u00een care UE cere acest lucru membrilor s\u0103i.   <\/p>\n<p>Boris Johnson, primarul conservator al Londrei \u015fi cel mai vocal sus\u0163in\u0103tor al ie\u015firii din Uniune, a declarat c\u0103 nu accept\u0103 lec\u0163ii de la americani privind statutul de membru UE \u015fi a catalogat declara\u0163iile lui Obama drept \u201eipocrite\u201d.   <\/p>\n<p><a href=\"http:\/\/adevarul.ro\/\" target=\"_blank\">adevarul.ro<\/a><\/p>\n<p><strong>ARMATA  RUS\u0102  A  DEMINAT  ORA\u0218UL  PALMYRA<\/strong><\/p>\n<p><strong>Armata rus\u0103 a finalizat deminarea sitului arheologic din ora\u015ful sirian Palmyra, care a fost ocupat p\u00e2n\u0103 \u00een martie de membri ai re\u0163elei teroriste Stat Islamic, informeaz\u0103 site-ul ziarului Le Figaro.<\/strong><\/p>\n<p>&#8222;<em>Misiunea demin\u0103rii \u00een partea istoric\u0103 a ora\u015fului Palmyra a fost finalizat\u0103<\/em>&#8222;, a declarat generalul rus Iuri Stavi\u0163ki.<\/p>\n<p>Ora\u015ful Palmyra a fost eliberat \u00een martie de armata sirian\u0103, cu sprijinul avia\u0163iei militare ruse.<\/p>\n<p>Organiza\u0163ia terorist\u0103 sunnit\u0103 Stat Islamic a ocupat circa un an ora\u015ful sirian Palmyra. Amfiteatrul roman din Palmyra este \u00eenscris \u00een patrimoniul UNESCO.<\/p>\n<p><a href=\"http:\/\/www.mediafax.ro\/\" target=\"_blank\">mediafax.ro<\/a><\/p>\n<p><strong>POPULA\u021aIA  CHINEI  A  CRESCUT <\/strong><\/p>\n<p><strong>Popula\u0163ia Chinei continentale a atins 1.373.000.000 de locuitori \u00een noiembrie, cu 34 de milioane mai mul\u0163i dec\u00e2t \u00eenregistra la precedentul recens\u0103m\u00e2nt, \u00een 2010, a anun\u0163at Institutul chinez de statistic\u0103, relateaz\u0103 Reuters.<\/strong><\/p>\n<p>Popula\u0163ia ora\u015felor reprezint\u0103 de-acum 767,5 milioane de persoane, adic\u0103 aproape 56% din popula\u0163ia total\u0103, marc\u00e2nd o cre\u015ftere de 6,2 puncte procentuale fa\u0163\u0103 de 2010, a anun\u0163at miercuri Institutul.   <\/p>\n<p>Popula\u0163ia chinez\u0103 urmeaz\u0103 s\u0103 ating\u0103 un apogeu la orizontul lui 2050, c\u00e2nd un chinez din trei va avea v\u00e2rsta de 60 de ani.   <\/p>\n<p>\u00cen prezent, 16,15% dintre chinezi sunt \u00een v\u00e2rst\u0103 de peste 60 de ani.   <\/p>\n<p>China a anun\u0163at anul trecut c\u0103 \u00ee\u015fi va relaxa politica copilului unic, lansat\u0103 la sf\u00e2r\u015fitul anilor &#8217;70, \u015fi c\u0103 va permite cuplurilor s\u0103 aib\u0103 doi copii, \u00een lupta \u00eempotriva \u00eemb\u0103tr\u00e2nirii popula\u0163iei.<\/p>\n<p><a href=\"http:\/\/adevarul.ro\/\" target=\"_blank\">adevarul.ro<\/a><\/p>\n<p><strong>CONDAMNAT  LA  PESTE  500  DE  ANI  DE  \u00ceNCHISOARE <\/strong><\/p>\n<p><strong>Un profesor din Turcia a fost condamnat la 508 ani de \u00eenchisoare pentru abuzarea sexual\u0103 a zece elevi, informeaz\u0103 agen\u0163ia de \u015ftiri Anatolia, citat\u0103 de site-ul cotidianului Le Figaro.<\/strong><\/p>\n<p>Muharrem B\u00fcy\u00fckt\u00fcrk, \u00een v\u00e2rst\u0103 de 54 de ani, profesor la o funda\u0163ie musulman\u0103, a fost g\u0103sit vinovat c\u0103, \u00een perioada 2012-2015, a abuzat sexual zece copii cu v\u00e2rste cuprinse \u00eentre 12 \u015fi 14 ani.<\/p>\n<p>Tribunalul din ora\u015ful Karaman, situat \u00een sudul Turciei, a dispus condamnarea profesorului la 508 ani \u015fi trei luni de \u00eenchisoare.<\/p>\n<p>Procurorii ceruser\u0103 600 de ani de \u00eenchisoare \u00een cursul procesului desf\u0103\u015furat cu u\u015file \u00eenchise.<\/p>\n<p><a href=\"http:\/\/www.antena3.ro\/\" target=\"_blank\">antena3.ro<\/a><\/p>\n<p><iframe width=\"420\" height=\"315\" data-src=\"https:\/\/www.youtube.com\/embed\/HjaovTtFIOo\" frameborder=\"0\" allowfullscreen src=\"data:image\/svg+xml;base64,PHN2ZyB3aWR0aD0iMSIgaGVpZ2h0PSIxIiB4bWxucz0iaHR0cDovL3d3dy53My5vcmcvMjAwMC9zdmciPjwvc3ZnPg==\" class=\"lazyload\" data-load-mode=\"1\"><\/iframe><\/p>\n","protected":false},"excerpt":{"rendered":"<p>DIFUZAREA FILMELOR RUSE\u0218TI \u00ceN UCRAINA A FOST INTERZIS\u0102 Ucraina a interzis difuzarea tuturor filmelor ruse realizate dup\u0103 2014, c\u00e2nd Rusia a anexat peninsula Crimeea. Decizia a fost luat\u0103 de pre\u0219edintele ucrainean Petro Poro\u015fenko, care a semnat miercuri sear\u0103 un decret prin care se interzice difuzarea \u00een \u0163ar\u0103 a filmelor produse \u00een Rusia dup\u0103 2014, potrivit [&hellip;]<\/p>\n","protected":false},"author":4,"featured_media":11290,"comment_status":"closed","ping_status":"closed","sticky":false,"template":"","format":"standard","meta":{"footnotes":""},"categories":[6354],"tags":[],"class_list":["post-11289","post","type-post","status-publish","format-standard","has-post-thumbnail","hentry","category-externe-ro"],"yoast_head":"<!-- This site is optimized with the Yoast SEO plugin v27.4 - https:\/\/yoast.com\/product\/yoast-seo-wordpress\/ -->\n<title>DIFUZAREA FILMELOR RUSE\u0218TI \u00ceN UCRAINA A FOST INTERZIS\u0102 - BTV<\/title>\n<meta name=\"robots\" content=\"index, follow, max-snippet:-1, max-image-preview:large, max-video-preview:-1\" \/>\n<link rel=\"canonical\" href=\"https:\/\/www.btv.md\/ro\/difuzarea-filmelor-rusesti-in-ucraina-a-fost-interzisa\/\" \/>\n<meta property=\"og:locale\" content=\"ro_RO\" \/>\n<meta property=\"og:type\" content=\"article\" \/>\n<meta property=\"og:title\" content=\"DIFUZAREA FILMELOR RUSE\u0218TI \u00ceN UCRAINA A FOST INTERZIS\u0102 - BTV\" \/>\n<meta property=\"og:description\" content=\"DIFUZAREA FILMELOR RUSE\u0218TI \u00ceN UCRAINA A FOST INTERZIS\u0102 Ucraina a interzis difuzarea tuturor filmelor ruse realizate dup\u0103 2014, c\u00e2nd Rusia a anexat peninsula Crimeea. Decizia a fost luat\u0103 de pre\u0219edintele ucrainean Petro Poro\u015fenko, care a semnat miercuri sear\u0103 un decret prin care se interzice difuzarea \u00een \u0163ar\u0103 a filmelor produse \u00een Rusia dup\u0103 2014, potrivit [&hellip;]\" \/>\n<meta property=\"og:url\" content=\"https:\/\/www.btv.md\/ro\/difuzarea-filmelor-rusesti-in-ucraina-a-fost-interzisa\/\" \/>\n<meta property=\"og:site_name\" content=\"BTV\" \/>\n<meta property=\"article:publisher\" content=\"https:\/\/www.facebook.com\/btvmoldova\/\" \/>\n<meta property=\"article:published_time\" content=\"2016-04-22T09:26:58+00:00\" \/>\n<meta property=\"og:image\" content=\"https:\/\/www.btv.md\/wp-content\/uploads\/2016\/04\/Inca-15-posturi-de-televiziune-ruse-au-fost-interzise-in-ucraina-16357.jpg\" \/>\n\t<meta property=\"og:image:width\" content=\"1200\" \/>\n\t<meta property=\"og:image:height\" content=\"675\" \/>\n\t<meta property=\"og:image:type\" content=\"image\/jpeg\" \/>\n<meta name=\"author\" content=\"admin\" \/>\n<meta name=\"twitter:label1\" content=\"Scris de\" \/>\n\t<meta name=\"twitter:data1\" content=\"admin\" \/>\n\t<meta name=\"twitter:label2\" content=\"Timp estimat pentru citire\" \/>\n\t<meta name=\"twitter:data2\" content=\"4 minute\" \/>\n<script type=\"application\/ld+json\" class=\"yoast-schema-graph\">{\"@context\":\"https:\\\/\\\/schema.org\",\"@graph\":[{\"@type\":\"Article\",\"@id\":\"https:\\\/\\\/www.btv.md\\\/ro\\\/difuzarea-filmelor-rusesti-in-ucraina-a-fost-interzisa\\\/#article\",\"isPartOf\":{\"@id\":\"https:\\\/\\\/www.btv.md\\\/ro\\\/difuzarea-filmelor-rusesti-in-ucraina-a-fost-interzisa\\\/\"},\"author\":{\"name\":\"admin\",\"@id\":\"https:\\\/\\\/www.btv.md\\\/#\\\/schema\\\/person\\\/8fadce81561b3ce2c34c46dadc4ccbf2\"},\"headline\":\"DIFUZAREA FILMELOR RUSE\u0218TI \u00ceN UCRAINA A FOST INTERZIS\u0102\",\"datePublished\":\"2016-04-22T09:26:58+00:00\",\"mainEntityOfPage\":{\"@id\":\"https:\\\/\\\/www.btv.md\\\/ro\\\/difuzarea-filmelor-rusesti-in-ucraina-a-fost-interzisa\\\/\"},\"wordCount\":852,\"image\":{\"@id\":\"https:\\\/\\\/www.btv.md\\\/ro\\\/difuzarea-filmelor-rusesti-in-ucraina-a-fost-interzisa\\\/#primaryimage\"},\"thumbnailUrl\":\"https:\\\/\\\/www.btv.md\\\/wp-content\\\/uploads\\\/2016\\\/04\\\/Inca-15-posturi-de-televiziune-ruse-au-fost-interzise-in-ucraina-16357.jpg\",\"articleSection\":[\"Externe\"],\"inLanguage\":\"ro-RO\"},{\"@type\":\"WebPage\",\"@id\":\"https:\\\/\\\/www.btv.md\\\/ro\\\/difuzarea-filmelor-rusesti-in-ucraina-a-fost-interzisa\\\/\",\"url\":\"https:\\\/\\\/www.btv.md\\\/ro\\\/difuzarea-filmelor-rusesti-in-ucraina-a-fost-interzisa\\\/\",\"name\":\"DIFUZAREA FILMELOR RUSE\u0218TI \u00ceN UCRAINA A FOST INTERZIS\u0102 - BTV\",\"isPartOf\":{\"@id\":\"https:\\\/\\\/www.btv.md\\\/#website\"},\"primaryImageOfPage\":{\"@id\":\"https:\\\/\\\/www.btv.md\\\/ro\\\/difuzarea-filmelor-rusesti-in-ucraina-a-fost-interzisa\\\/#primaryimage\"},\"image\":{\"@id\":\"https:\\\/\\\/www.btv.md\\\/ro\\\/difuzarea-filmelor-rusesti-in-ucraina-a-fost-interzisa\\\/#primaryimage\"},\"thumbnailUrl\":\"https:\\\/\\\/www.btv.md\\\/wp-content\\\/uploads\\\/2016\\\/04\\\/Inca-15-posturi-de-televiziune-ruse-au-fost-interzise-in-ucraina-16357.jpg\",\"datePublished\":\"2016-04-22T09:26:58+00:00\",\"author\":{\"@id\":\"https:\\\/\\\/www.btv.md\\\/#\\\/schema\\\/person\\\/8fadce81561b3ce2c34c46dadc4ccbf2\"},\"inLanguage\":\"ro-RO\",\"potentialAction\":[{\"@type\":\"ReadAction\",\"target\":[\"https:\\\/\\\/www.btv.md\\\/ro\\\/difuzarea-filmelor-rusesti-in-ucraina-a-fost-interzisa\\\/\"]}]},{\"@type\":\"ImageObject\",\"inLanguage\":\"ro-RO\",\"@id\":\"https:\\\/\\\/www.btv.md\\\/ro\\\/difuzarea-filmelor-rusesti-in-ucraina-a-fost-interzisa\\\/#primaryimage\",\"url\":\"https:\\\/\\\/www.btv.md\\\/wp-content\\\/uploads\\\/2016\\\/04\\\/Inca-15-posturi-de-televiziune-ruse-au-fost-interzise-in-ucraina-16357.jpg\",\"contentUrl\":\"https:\\\/\\\/www.btv.md\\\/wp-content\\\/uploads\\\/2016\\\/04\\\/Inca-15-posturi-de-televiziune-ruse-au-fost-interzise-in-ucraina-16357.jpg\",\"width\":1200,\"height\":675,\"caption\":\"agora.md\"},{\"@type\":\"WebSite\",\"@id\":\"https:\\\/\\\/www.btv.md\\\/#website\",\"url\":\"https:\\\/\\\/www.btv.md\\\/\",\"name\":\"BTV\",\"description\":\"\u0411\u0435\u043b\u044c\u0446\u043a\u043e\u0435 \u0442\u0435\u043b\u0435\u0432\u0438\u0434\u0435\u043d\u0438\u0435\",\"potentialAction\":[{\"@type\":\"SearchAction\",\"target\":{\"@type\":\"EntryPoint\",\"urlTemplate\":\"https:\\\/\\\/www.btv.md\\\/?s={search_term_string}\"},\"query-input\":{\"@type\":\"PropertyValueSpecification\",\"valueRequired\":true,\"valueName\":\"search_term_string\"}}],\"inLanguage\":\"ro-RO\"},{\"@type\":\"Person\",\"@id\":\"https:\\\/\\\/www.btv.md\\\/#\\\/schema\\\/person\\\/8fadce81561b3ce2c34c46dadc4ccbf2\",\"name\":\"admin\"}]}<\/script>\n<!-- \/ Yoast SEO plugin. -->","yoast_head_json":{"title":"DIFUZAREA FILMELOR RUSE\u0218TI \u00ceN UCRAINA A FOST INTERZIS\u0102 - BTV","robots":{"index":"index","follow":"follow","max-snippet":"max-snippet:-1","max-image-preview":"max-image-preview:large","max-video-preview":"max-video-preview:-1"},"canonical":"https:\/\/www.btv.md\/ro\/difuzarea-filmelor-rusesti-in-ucraina-a-fost-interzisa\/","og_locale":"ro_RO","og_type":"article","og_title":"DIFUZAREA FILMELOR RUSE\u0218TI \u00ceN UCRAINA A FOST INTERZIS\u0102 - BTV","og_description":"DIFUZAREA FILMELOR RUSE\u0218TI \u00ceN UCRAINA A FOST INTERZIS\u0102 Ucraina a interzis difuzarea tuturor filmelor ruse realizate dup\u0103 2014, c\u00e2nd Rusia a anexat peninsula Crimeea. Decizia a fost luat\u0103 de pre\u0219edintele ucrainean Petro Poro\u015fenko, care a semnat miercuri sear\u0103 un decret prin care se interzice difuzarea \u00een \u0163ar\u0103 a filmelor produse \u00een Rusia dup\u0103 2014, potrivit [&hellip;]","og_url":"https:\/\/www.btv.md\/ro\/difuzarea-filmelor-rusesti-in-ucraina-a-fost-interzisa\/","og_site_name":"BTV","article_publisher":"https:\/\/www.facebook.com\/btvmoldova\/","article_published_time":"2016-04-22T09:26:58+00:00","og_image":[{"width":1200,"height":675,"url":"https:\/\/www.btv.md\/wp-content\/uploads\/2016\/04\/Inca-15-posturi-de-televiziune-ruse-au-fost-interzise-in-ucraina-16357.jpg","type":"image\/jpeg"}],"author":"admin","twitter_misc":{"Scris de":"admin","Timp estimat pentru citire":"4 minute"},"schema":{"@context":"https:\/\/schema.org","@graph":[{"@type":"Article","@id":"https:\/\/www.btv.md\/ro\/difuzarea-filmelor-rusesti-in-ucraina-a-fost-interzisa\/#article","isPartOf":{"@id":"https:\/\/www.btv.md\/ro\/difuzarea-filmelor-rusesti-in-ucraina-a-fost-interzisa\/"},"author":{"name":"admin","@id":"https:\/\/www.btv.md\/#\/schema\/person\/8fadce81561b3ce2c34c46dadc4ccbf2"},"headline":"DIFUZAREA FILMELOR RUSE\u0218TI \u00ceN UCRAINA A FOST INTERZIS\u0102","datePublished":"2016-04-22T09:26:58+00:00","mainEntityOfPage":{"@id":"https:\/\/www.btv.md\/ro\/difuzarea-filmelor-rusesti-in-ucraina-a-fost-interzisa\/"},"wordCount":852,"image":{"@id":"https:\/\/www.btv.md\/ro\/difuzarea-filmelor-rusesti-in-ucraina-a-fost-interzisa\/#primaryimage"},"thumbnailUrl":"https:\/\/www.btv.md\/wp-content\/uploads\/2016\/04\/Inca-15-posturi-de-televiziune-ruse-au-fost-interzise-in-ucraina-16357.jpg","articleSection":["Externe"],"inLanguage":"ro-RO"},{"@type":"WebPage","@id":"https:\/\/www.btv.md\/ro\/difuzarea-filmelor-rusesti-in-ucraina-a-fost-interzisa\/","url":"https:\/\/www.btv.md\/ro\/difuzarea-filmelor-rusesti-in-ucraina-a-fost-interzisa\/","name":"DIFUZAREA FILMELOR RUSE\u0218TI \u00ceN UCRAINA A FOST INTERZIS\u0102 - BTV","isPartOf":{"@id":"https:\/\/www.btv.md\/#website"},"primaryImageOfPage":{"@id":"https:\/\/www.btv.md\/ro\/difuzarea-filmelor-rusesti-in-ucraina-a-fost-interzisa\/#primaryimage"},"image":{"@id":"https:\/\/www.btv.md\/ro\/difuzarea-filmelor-rusesti-in-ucraina-a-fost-interzisa\/#primaryimage"},"thumbnailUrl":"https:\/\/www.btv.md\/wp-content\/uploads\/2016\/04\/Inca-15-posturi-de-televiziune-ruse-au-fost-interzise-in-ucraina-16357.jpg","datePublished":"2016-04-22T09:26:58+00:00","author":{"@id":"https:\/\/www.btv.md\/#\/schema\/person\/8fadce81561b3ce2c34c46dadc4ccbf2"},"inLanguage":"ro-RO","potentialAction":[{"@type":"ReadAction","target":["https:\/\/www.btv.md\/ro\/difuzarea-filmelor-rusesti-in-ucraina-a-fost-interzisa\/"]}]},{"@type":"ImageObject","inLanguage":"ro-RO","@id":"https:\/\/www.btv.md\/ro\/difuzarea-filmelor-rusesti-in-ucraina-a-fost-interzisa\/#primaryimage","url":"https:\/\/www.btv.md\/wp-content\/uploads\/2016\/04\/Inca-15-posturi-de-televiziune-ruse-au-fost-interzise-in-ucraina-16357.jpg","contentUrl":"https:\/\/www.btv.md\/wp-content\/uploads\/2016\/04\/Inca-15-posturi-de-televiziune-ruse-au-fost-interzise-in-ucraina-16357.jpg","width":1200,"height":675,"caption":"agora.md"},{"@type":"WebSite","@id":"https:\/\/www.btv.md\/#website","url":"https:\/\/www.btv.md\/","name":"BTV","description":"\u0411\u0435\u043b\u044c\u0446\u043a\u043e\u0435 \u0442\u0435\u043b\u0435\u0432\u0438\u0434\u0435\u043d\u0438\u0435","potentialAction":[{"@type":"SearchAction","target":{"@type":"EntryPoint","urlTemplate":"https:\/\/www.btv.md\/?s={search_term_string}"},"query-input":{"@type":"PropertyValueSpecification","valueRequired":true,"valueName":"search_term_string"}}],"inLanguage":"ro-RO"},{"@type":"Person","@id":"https:\/\/www.btv.md\/#\/schema\/person\/8fadce81561b3ce2c34c46dadc4ccbf2","name":"admin"}]}},"_links":{"self":[{"href":"https:\/\/www.btv.md\/ro\/wp-json\/wp\/v2\/posts\/11289","targetHints":{"allow":["GET"]}}],"collection":[{"href":"https:\/\/www.btv.md\/ro\/wp-json\/wp\/v2\/posts"}],"about":[{"href":"https:\/\/www.btv.md\/ro\/wp-json\/wp\/v2\/types\/post"}],"author":[{"embeddable":true,"href":"https:\/\/www.btv.md\/ro\/wp-json\/wp\/v2\/users\/4"}],"replies":[{"embeddable":true,"href":"https:\/\/www.btv.md\/ro\/wp-json\/wp\/v2\/comments?post=11289"}],"version-history":[{"count":0,"href":"https:\/\/www.btv.md\/ro\/wp-json\/wp\/v2\/posts\/11289\/revisions"}],"wp:featuredmedia":[{"embeddable":true,"href":"https:\/\/www.btv.md\/ro\/wp-json\/wp\/v2\/media\/11290"}],"wp:attachment":[{"href":"https:\/\/www.btv.md\/ro\/wp-json\/wp\/v2\/media?parent=11289"}],"wp:term":[{"taxonomy":"category","embeddable":true,"href":"https:\/\/www.btv.md\/ro\/wp-json\/wp\/v2\/categories?post=11289"},{"taxonomy":"post_tag","embeddable":true,"href":"https:\/\/www.btv.md\/ro\/wp-json\/wp\/v2\/tags?post=11289"}],"curies":[{"name":"wp","href":"https:\/\/api.w.org\/{rel}","templated":true}]}}