{"id":11295,"date":"2016-04-22T12:40:33","date_gmt":"2016-04-22T09:40:33","guid":{"rendered":"http:\/\/btv.md\/?p=11295"},"modified":"2016-04-22T12:40:33","modified_gmt":"2016-04-22T09:40:33","slug":"calmic-moldova-ar-putea-majora-importul-de-gaze-din-romania","status":"publish","type":"post","link":"https:\/\/www.btv.md\/ro\/calmic-moldova-ar-putea-majora-importul-de-gaze-din-romania\/","title":{"rendered":"CALM\u00ceC: MOLDOVA  AR  PUTEA  MAJORA IMPORTUL  DE  GAZE  DIN  ROM\u00c2NIA"},"content":{"rendered":"<p><strong>Moldova ar putea majora considerabil volumul importului de gaze naturale din Rom\u00e2nia, dup\u0103 ce \u00een doi ani gazoductul Ia\u0219i-Ungheni va fi construit p\u00een\u0103 la Chi\u0219in\u0103u, informeaz\u0103 <a href=\"http:\/\/www.noi.md\/md\/news_id\/82970\" target=\"_blank\">noi.md<\/a>.<\/strong><\/p>\n<p>Acest fapt a fost remarcat, \u00een cadrul unui interviu oferit presei rom\u00e2ne\u0219ti, de c\u0103tre vicepremierul, ministrul Economiei al Republicii Moldova, Octavian Calm\u00eec, care a trecut \u00een revist\u0103 ac\u021biunile \u0219i planurile p\u0103r\u021bii moldovene\u0219ti privind diversificarea surselor de furnizare a gazelor \u0219i energiei electrice.<\/p>\n<p>El a men\u021bionat c\u0103, datorit\u0103 implement\u0103rii proiectului de interconexiune a sistemelor de gaze ale Moldovei \u0219i Rom\u00e2nei \u0219i construc\u021biei gazoductului Ia\u0219i-Ungheni, Moldova nu mai procur\u0103 gaze dintr-o singur\u0103 surs\u0103. Octavian Calm\u00eec a specificat c\u0103, de\u0219i volumul de gaze importate nu dep\u0103\u0219e\u0219te 1 la sut\u0103, timp de doi ani gazoductul Ia\u0219i-Ungheni va fi construit p\u00een\u0103 la Chi\u0219in\u0103u \u0219i volumul de gaze importate din Rom\u00e2nia va fi mult mai mare.<\/p>\n<p>Referindu-se la achizi\u021biile de energie electric\u0103, ministrul Economiei a men\u021bionat c\u0103 \u00een prezent Moldova se aprovizioneaz\u0103 cu energia electric\u0103 generat\u0103 de CTE Cuciurgan, care asigur\u0103 circa 75 la sut\u0103 din consumul intern, cealalt\u0103 parte find produs\u0103 de companiile Termoelectrica, CET-Nord \u0219i Nodul Hidroenergetic Coste\u0219ti.<\/p>\n","protected":false},"excerpt":{"rendered":"<p>Moldova ar putea majora considerabil volumul importului de gaze naturale din Rom\u00e2nia, dup\u0103 ce \u00een doi ani gazoductul Ia\u0219i-Ungheni va fi construit p\u00een\u0103 la Chi\u0219in\u0103u, informeaz\u0103 noi.md. Acest fapt a fost remarcat, \u00een cadrul unui interviu oferit presei rom\u00e2ne\u0219ti, de c\u0103tre vicepremierul, ministrul Economiei al Republicii Moldova, Octavian Calm\u00eec, care a trecut \u00een revist\u0103 ac\u021biunile [&hellip;]<\/p>\n","protected":false},"author":4,"featured_media":11296,"comment_status":"closed","ping_status":"closed","sticky":false,"template":"","format":"standard","meta":{"footnotes":""},"categories":[6369],"tags":[],"class_list":["post-11295","post","type-post","status-publish","format-standard","has-post-thumbnail","hentry","category-economie-ro"],"yoast_head":"<!-- This site is optimized with the Yoast SEO plugin v27.4 - https:\/\/yoast.com\/product\/yoast-seo-wordpress\/ -->\n<title>CALM\u00ceC: MOLDOVA AR PUTEA MAJORA IMPORTUL DE GAZE DIN ROM\u00c2NIA - BTV<\/title>\n<meta name=\"robots\" content=\"index, follow, max-snippet:-1, max-image-preview:large, max-video-preview:-1\" \/>\n<link rel=\"canonical\" href=\"https:\/\/www.btv.md\/ro\/calmic-moldova-ar-putea-majora-importul-de-gaze-din-romania\/\" \/>\n<meta property=\"og:locale\" content=\"ro_RO\" \/>\n<meta property=\"og:type\" content=\"article\" \/>\n<meta property=\"og:title\" content=\"CALM\u00ceC: MOLDOVA AR PUTEA MAJORA IMPORTUL DE GAZE DIN ROM\u00c2NIA - BTV\" \/>\n<meta property=\"og:description\" content=\"Moldova ar putea majora considerabil volumul importului de gaze naturale din Rom\u00e2nia, dup\u0103 ce \u00een doi ani gazoductul Ia\u0219i-Ungheni va fi construit p\u00een\u0103 la Chi\u0219in\u0103u, informeaz\u0103 noi.md. Acest fapt a fost remarcat, \u00een cadrul unui interviu oferit presei rom\u00e2ne\u0219ti, de c\u0103tre vicepremierul, ministrul Economiei al Republicii Moldova, Octavian Calm\u00eec, care a trecut \u00een revist\u0103 ac\u021biunile [&hellip;]\" \/>\n<meta property=\"og:url\" content=\"https:\/\/www.btv.md\/ro\/calmic-moldova-ar-putea-majora-importul-de-gaze-din-romania\/\" \/>\n<meta property=\"og:site_name\" content=\"BTV\" \/>\n<meta property=\"article:publisher\" content=\"https:\/\/www.facebook.com\/btvmoldova\/\" \/>\n<meta property=\"article:published_time\" content=\"2016-04-22T09:40:33+00:00\" \/>\n<meta property=\"og:image\" content=\"https:\/\/www.btv.md\/wp-content\/uploads\/2016\/04\/octavian_calmic88_ziarelive_ro.jpg\" \/>\n\t<meta property=\"og:image:width\" content=\"582\" \/>\n\t<meta property=\"og:image:height\" content=\"392\" \/>\n\t<meta property=\"og:image:type\" content=\"image\/jpeg\" \/>\n<meta name=\"author\" content=\"admin\" \/>\n<meta name=\"twitter:label1\" content=\"Scris de\" \/>\n\t<meta name=\"twitter:data1\" content=\"admin\" \/>\n\t<meta name=\"twitter:label2\" content=\"Timp estimat pentru citire\" \/>\n\t<meta name=\"twitter:data2\" content=\"1 minut\" \/>\n<script type=\"application\/ld+json\" class=\"yoast-schema-graph\">{\"@context\":\"https:\\\/\\\/schema.org\",\"@graph\":[{\"@type\":\"Article\",\"@id\":\"https:\\\/\\\/www.btv.md\\\/ro\\\/calmic-moldova-ar-putea-majora-importul-de-gaze-din-romania\\\/#article\",\"isPartOf\":{\"@id\":\"https:\\\/\\\/www.btv.md\\\/ro\\\/calmic-moldova-ar-putea-majora-importul-de-gaze-din-romania\\\/\"},\"author\":{\"name\":\"admin\",\"@id\":\"https:\\\/\\\/www.btv.md\\\/#\\\/schema\\\/person\\\/8fadce81561b3ce2c34c46dadc4ccbf2\"},\"headline\":\"CALM\u00ceC: MOLDOVA AR PUTEA MAJORA IMPORTUL DE GAZE DIN ROM\u00c2NIA\",\"datePublished\":\"2016-04-22T09:40:33+00:00\",\"mainEntityOfPage\":{\"@id\":\"https:\\\/\\\/www.btv.md\\\/ro\\\/calmic-moldova-ar-putea-majora-importul-de-gaze-din-romania\\\/\"},\"wordCount\":222,\"image\":{\"@id\":\"https:\\\/\\\/www.btv.md\\\/ro\\\/calmic-moldova-ar-putea-majora-importul-de-gaze-din-romania\\\/#primaryimage\"},\"thumbnailUrl\":\"https:\\\/\\\/www.btv.md\\\/wp-content\\\/uploads\\\/2016\\\/04\\\/octavian_calmic88_ziarelive_ro.jpg\",\"articleSection\":[\"Economie\"],\"inLanguage\":\"ro-RO\"},{\"@type\":\"WebPage\",\"@id\":\"https:\\\/\\\/www.btv.md\\\/ro\\\/calmic-moldova-ar-putea-majora-importul-de-gaze-din-romania\\\/\",\"url\":\"https:\\\/\\\/www.btv.md\\\/ro\\\/calmic-moldova-ar-putea-majora-importul-de-gaze-din-romania\\\/\",\"name\":\"CALM\u00ceC: MOLDOVA AR PUTEA MAJORA IMPORTUL DE GAZE DIN ROM\u00c2NIA - BTV\",\"isPartOf\":{\"@id\":\"https:\\\/\\\/www.btv.md\\\/#website\"},\"primaryImageOfPage\":{\"@id\":\"https:\\\/\\\/www.btv.md\\\/ro\\\/calmic-moldova-ar-putea-majora-importul-de-gaze-din-romania\\\/#primaryimage\"},\"image\":{\"@id\":\"https:\\\/\\\/www.btv.md\\\/ro\\\/calmic-moldova-ar-putea-majora-importul-de-gaze-din-romania\\\/#primaryimage\"},\"thumbnailUrl\":\"https:\\\/\\\/www.btv.md\\\/wp-content\\\/uploads\\\/2016\\\/04\\\/octavian_calmic88_ziarelive_ro.jpg\",\"datePublished\":\"2016-04-22T09:40:33+00:00\",\"author\":{\"@id\":\"https:\\\/\\\/www.btv.md\\\/#\\\/schema\\\/person\\\/8fadce81561b3ce2c34c46dadc4ccbf2\"},\"inLanguage\":\"ro-RO\",\"potentialAction\":[{\"@type\":\"ReadAction\",\"target\":[\"https:\\\/\\\/www.btv.md\\\/ro\\\/calmic-moldova-ar-putea-majora-importul-de-gaze-din-romania\\\/\"]}]},{\"@type\":\"ImageObject\",\"inLanguage\":\"ro-RO\",\"@id\":\"https:\\\/\\\/www.btv.md\\\/ro\\\/calmic-moldova-ar-putea-majora-importul-de-gaze-din-romania\\\/#primaryimage\",\"url\":\"https:\\\/\\\/www.btv.md\\\/wp-content\\\/uploads\\\/2016\\\/04\\\/octavian_calmic88_ziarelive_ro.jpg\",\"contentUrl\":\"https:\\\/\\\/www.btv.md\\\/wp-content\\\/uploads\\\/2016\\\/04\\\/octavian_calmic88_ziarelive_ro.jpg\",\"width\":582,\"height\":392,\"caption\":\"www.noi.md\"},{\"@type\":\"WebSite\",\"@id\":\"https:\\\/\\\/www.btv.md\\\/#website\",\"url\":\"https:\\\/\\\/www.btv.md\\\/\",\"name\":\"BTV\",\"description\":\"\u0411\u0435\u043b\u044c\u0446\u043a\u043e\u0435 \u0442\u0435\u043b\u0435\u0432\u0438\u0434\u0435\u043d\u0438\u0435\",\"potentialAction\":[{\"@type\":\"SearchAction\",\"target\":{\"@type\":\"EntryPoint\",\"urlTemplate\":\"https:\\\/\\\/www.btv.md\\\/?s={search_term_string}\"},\"query-input\":{\"@type\":\"PropertyValueSpecification\",\"valueRequired\":true,\"valueName\":\"search_term_string\"}}],\"inLanguage\":\"ro-RO\"},{\"@type\":\"Person\",\"@id\":\"https:\\\/\\\/www.btv.md\\\/#\\\/schema\\\/person\\\/8fadce81561b3ce2c34c46dadc4ccbf2\",\"name\":\"admin\"}]}<\/script>\n<!-- \/ Yoast SEO plugin. -->","yoast_head_json":{"title":"CALM\u00ceC: MOLDOVA AR PUTEA MAJORA IMPORTUL DE GAZE DIN ROM\u00c2NIA - BTV","robots":{"index":"index","follow":"follow","max-snippet":"max-snippet:-1","max-image-preview":"max-image-preview:large","max-video-preview":"max-video-preview:-1"},"canonical":"https:\/\/www.btv.md\/ro\/calmic-moldova-ar-putea-majora-importul-de-gaze-din-romania\/","og_locale":"ro_RO","og_type":"article","og_title":"CALM\u00ceC: MOLDOVA AR PUTEA MAJORA IMPORTUL DE GAZE DIN ROM\u00c2NIA - BTV","og_description":"Moldova ar putea majora considerabil volumul importului de gaze naturale din Rom\u00e2nia, dup\u0103 ce \u00een doi ani gazoductul Ia\u0219i-Ungheni va fi construit p\u00een\u0103 la Chi\u0219in\u0103u, informeaz\u0103 noi.md. Acest fapt a fost remarcat, \u00een cadrul unui interviu oferit presei rom\u00e2ne\u0219ti, de c\u0103tre vicepremierul, ministrul Economiei al Republicii Moldova, Octavian Calm\u00eec, care a trecut \u00een revist\u0103 ac\u021biunile [&hellip;]","og_url":"https:\/\/www.btv.md\/ro\/calmic-moldova-ar-putea-majora-importul-de-gaze-din-romania\/","og_site_name":"BTV","article_publisher":"https:\/\/www.facebook.com\/btvmoldova\/","article_published_time":"2016-04-22T09:40:33+00:00","og_image":[{"width":582,"height":392,"url":"https:\/\/www.btv.md\/wp-content\/uploads\/2016\/04\/octavian_calmic88_ziarelive_ro.jpg","type":"image\/jpeg"}],"author":"admin","twitter_misc":{"Scris de":"admin","Timp estimat pentru citire":"1 minut"},"schema":{"@context":"https:\/\/schema.org","@graph":[{"@type":"Article","@id":"https:\/\/www.btv.md\/ro\/calmic-moldova-ar-putea-majora-importul-de-gaze-din-romania\/#article","isPartOf":{"@id":"https:\/\/www.btv.md\/ro\/calmic-moldova-ar-putea-majora-importul-de-gaze-din-romania\/"},"author":{"name":"admin","@id":"https:\/\/www.btv.md\/#\/schema\/person\/8fadce81561b3ce2c34c46dadc4ccbf2"},"headline":"CALM\u00ceC: MOLDOVA AR PUTEA MAJORA IMPORTUL DE GAZE DIN ROM\u00c2NIA","datePublished":"2016-04-22T09:40:33+00:00","mainEntityOfPage":{"@id":"https:\/\/www.btv.md\/ro\/calmic-moldova-ar-putea-majora-importul-de-gaze-din-romania\/"},"wordCount":222,"image":{"@id":"https:\/\/www.btv.md\/ro\/calmic-moldova-ar-putea-majora-importul-de-gaze-din-romania\/#primaryimage"},"thumbnailUrl":"https:\/\/www.btv.md\/wp-content\/uploads\/2016\/04\/octavian_calmic88_ziarelive_ro.jpg","articleSection":["Economie"],"inLanguage":"ro-RO"},{"@type":"WebPage","@id":"https:\/\/www.btv.md\/ro\/calmic-moldova-ar-putea-majora-importul-de-gaze-din-romania\/","url":"https:\/\/www.btv.md\/ro\/calmic-moldova-ar-putea-majora-importul-de-gaze-din-romania\/","name":"CALM\u00ceC: MOLDOVA AR PUTEA MAJORA IMPORTUL DE GAZE DIN ROM\u00c2NIA - BTV","isPartOf":{"@id":"https:\/\/www.btv.md\/#website"},"primaryImageOfPage":{"@id":"https:\/\/www.btv.md\/ro\/calmic-moldova-ar-putea-majora-importul-de-gaze-din-romania\/#primaryimage"},"image":{"@id":"https:\/\/www.btv.md\/ro\/calmic-moldova-ar-putea-majora-importul-de-gaze-din-romania\/#primaryimage"},"thumbnailUrl":"https:\/\/www.btv.md\/wp-content\/uploads\/2016\/04\/octavian_calmic88_ziarelive_ro.jpg","datePublished":"2016-04-22T09:40:33+00:00","author":{"@id":"https:\/\/www.btv.md\/#\/schema\/person\/8fadce81561b3ce2c34c46dadc4ccbf2"},"inLanguage":"ro-RO","potentialAction":[{"@type":"ReadAction","target":["https:\/\/www.btv.md\/ro\/calmic-moldova-ar-putea-majora-importul-de-gaze-din-romania\/"]}]},{"@type":"ImageObject","inLanguage":"ro-RO","@id":"https:\/\/www.btv.md\/ro\/calmic-moldova-ar-putea-majora-importul-de-gaze-din-romania\/#primaryimage","url":"https:\/\/www.btv.md\/wp-content\/uploads\/2016\/04\/octavian_calmic88_ziarelive_ro.jpg","contentUrl":"https:\/\/www.btv.md\/wp-content\/uploads\/2016\/04\/octavian_calmic88_ziarelive_ro.jpg","width":582,"height":392,"caption":"www.noi.md"},{"@type":"WebSite","@id":"https:\/\/www.btv.md\/#website","url":"https:\/\/www.btv.md\/","name":"BTV","description":"\u0411\u0435\u043b\u044c\u0446\u043a\u043e\u0435 \u0442\u0435\u043b\u0435\u0432\u0438\u0434\u0435\u043d\u0438\u0435","potentialAction":[{"@type":"SearchAction","target":{"@type":"EntryPoint","urlTemplate":"https:\/\/www.btv.md\/?s={search_term_string}"},"query-input":{"@type":"PropertyValueSpecification","valueRequired":true,"valueName":"search_term_string"}}],"inLanguage":"ro-RO"},{"@type":"Person","@id":"https:\/\/www.btv.md\/#\/schema\/person\/8fadce81561b3ce2c34c46dadc4ccbf2","name":"admin"}]}},"_links":{"self":[{"href":"https:\/\/www.btv.md\/ro\/wp-json\/wp\/v2\/posts\/11295","targetHints":{"allow":["GET"]}}],"collection":[{"href":"https:\/\/www.btv.md\/ro\/wp-json\/wp\/v2\/posts"}],"about":[{"href":"https:\/\/www.btv.md\/ro\/wp-json\/wp\/v2\/types\/post"}],"author":[{"embeddable":true,"href":"https:\/\/www.btv.md\/ro\/wp-json\/wp\/v2\/users\/4"}],"replies":[{"embeddable":true,"href":"https:\/\/www.btv.md\/ro\/wp-json\/wp\/v2\/comments?post=11295"}],"version-history":[{"count":0,"href":"https:\/\/www.btv.md\/ro\/wp-json\/wp\/v2\/posts\/11295\/revisions"}],"wp:featuredmedia":[{"embeddable":true,"href":"https:\/\/www.btv.md\/ro\/wp-json\/wp\/v2\/media\/11296"}],"wp:attachment":[{"href":"https:\/\/www.btv.md\/ro\/wp-json\/wp\/v2\/media?parent=11295"}],"wp:term":[{"taxonomy":"category","embeddable":true,"href":"https:\/\/www.btv.md\/ro\/wp-json\/wp\/v2\/categories?post=11295"},{"taxonomy":"post_tag","embeddable":true,"href":"https:\/\/www.btv.md\/ro\/wp-json\/wp\/v2\/tags?post=11295"}],"curies":[{"name":"wp","href":"https:\/\/api.w.org\/{rel}","templated":true}]}}