{"id":11298,"date":"2016-04-22T12:57:18","date_gmt":"2016-04-22T09:57:18","guid":{"rendered":"http:\/\/btv.md\/?p=11298"},"modified":"2016-04-22T12:57:18","modified_gmt":"2016-04-22T09:57:18","slug":"parlamentul-a-marit-amenzile-pentru-distrugerea-monumentelor-istorice","status":"publish","type":"post","link":"https:\/\/www.btv.md\/ro\/parlamentul-a-marit-amenzile-pentru-distrugerea-monumentelor-istorice\/","title":{"rendered":"PARLAMENTUL A  M\u0102RIT  AMENZILE  PENTRU  DISTRUGEREA  MONUMENTELOR  ISTORICE"},"content":{"rendered":"<p><strong>Potrivit documentului aprobat la \u0219edin\u021ba  Parlamentului \u00een a doua lectur\u0103, obiectele de patrimoniu cultural vor fi protejate de deteriorare \u0219i distrugere prin amenzi. Urm\u0103torul pas al lmodific\u0103rilor legislativ este promulgarea de c\u0103tre pre\u0219edinte \u0219i \u00een final publicarea \u00een monitorul oficial, noteaz\u0103 <a href=\"http:\/\/agora.md\/stiri\/18448\/parlamentul-a-marit-amenzile-pentru-distrugerea-monumentelor-istorice\" target=\"_blank\">agora.md<\/a>.<\/strong><\/p>\n<p>Deteriorarea obiectelor de patrimoniu cultural cu rea-inten\u021bie se va pedepsi cu amend\u0103 de la 500 la 1000 de unit\u0103\u0163i conven\u0163ionale sau cu \u00eenchisoare pe un termen de p\u00een\u0103 la 1 an pentru persoanele fizice. Pentru persoanele juridice  amenda va fi  de la 1000 la 3000 de unit\u0103\u0163i conven\u0163ionale sau cu privarea de dreptul de a exercita o anumit\u0103 activitate pe un termen de la 1 la 3 ani.<\/p>\n<p>\u00cen acela\u0219i timp, distrugerea acestora se va pedepsi cu amend\u0103 \u00een m\u0103rime de la 3000 la 6000 de unit\u0103\u0163i conven\u0163ionale sau cu \u00eenchisoare pe un termen de la 1 la 3 ani, cu amend\u0103, aplicat\u0103 persoanei juridice, de la 6000 la 10000 de unit\u0103\u0163i conven\u0163ionale sau cu lichidarea persoanei juridice.<\/p>\n<p>Totodat\u0103 vor fi sanc\u021bionate inclusiv \u0219i distrugerea monumentelor funerare.<\/p>\n","protected":false},"excerpt":{"rendered":"<p>Potrivit documentului aprobat la \u0219edin\u021ba Parlamentului \u00een a doua lectur\u0103, obiectele de patrimoniu cultural vor fi protejate de deteriorare \u0219i distrugere prin amenzi. Urm\u0103torul pas al lmodific\u0103rilor legislativ este promulgarea de c\u0103tre pre\u0219edinte \u0219i \u00een final publicarea \u00een monitorul oficial, noteaz\u0103 agora.md. Deteriorarea obiectelor de patrimoniu cultural cu rea-inten\u021bie se va pedepsi cu amend\u0103 de [&hellip;]<\/p>\n","protected":false},"author":4,"featured_media":11299,"comment_status":"closed","ping_status":"closed","sticky":false,"template":"","format":"standard","meta":{"footnotes":""},"categories":[6349],"tags":[],"class_list":["post-11298","post","type-post","status-publish","format-standard","has-post-thumbnail","hentry","category-social"],"yoast_head":"<!-- This site is optimized with the Yoast SEO plugin v27.4 - https:\/\/yoast.com\/product\/yoast-seo-wordpress\/ -->\n<title>PARLAMENTUL A M\u0102RIT AMENZILE PENTRU DISTRUGEREA MONUMENTELOR ISTORICE - BTV<\/title>\n<meta name=\"robots\" content=\"index, follow, max-snippet:-1, max-image-preview:large, max-video-preview:-1\" \/>\n<link rel=\"canonical\" href=\"https:\/\/www.btv.md\/ro\/parlamentul-a-marit-amenzile-pentru-distrugerea-monumentelor-istorice\/\" \/>\n<meta property=\"og:locale\" content=\"ro_RO\" \/>\n<meta property=\"og:type\" content=\"article\" \/>\n<meta property=\"og:title\" content=\"PARLAMENTUL A M\u0102RIT AMENZILE PENTRU DISTRUGEREA MONUMENTELOR ISTORICE - BTV\" \/>\n<meta property=\"og:description\" content=\"Potrivit documentului aprobat la \u0219edin\u021ba Parlamentului \u00een a doua lectur\u0103, obiectele de patrimoniu cultural vor fi protejate de deteriorare \u0219i distrugere prin amenzi. Urm\u0103torul pas al lmodific\u0103rilor legislativ este promulgarea de c\u0103tre pre\u0219edinte \u0219i \u00een final publicarea \u00een monitorul oficial, noteaz\u0103 agora.md. Deteriorarea obiectelor de patrimoniu cultural cu rea-inten\u021bie se va pedepsi cu amend\u0103 de [&hellip;]\" \/>\n<meta property=\"og:url\" content=\"https:\/\/www.btv.md\/ro\/parlamentul-a-marit-amenzile-pentru-distrugerea-monumentelor-istorice\/\" \/>\n<meta property=\"og:site_name\" content=\"BTV\" \/>\n<meta property=\"article:publisher\" content=\"https:\/\/www.facebook.com\/btvmoldova\/\" \/>\n<meta property=\"article:published_time\" content=\"2016-04-22T09:57:18+00:00\" \/>\n<meta property=\"og:image\" content=\"https:\/\/www.btv.md\/wp-content\/uploads\/2016\/04\/IMG_9482.jpg\" \/>\n\t<meta property=\"og:image:width\" content=\"1200\" \/>\n\t<meta property=\"og:image:height\" content=\"800\" \/>\n\t<meta property=\"og:image:type\" content=\"image\/jpeg\" \/>\n<meta name=\"author\" content=\"admin\" \/>\n<meta name=\"twitter:label1\" content=\"Scris de\" \/>\n\t<meta name=\"twitter:data1\" content=\"admin\" \/>\n\t<meta name=\"twitter:label2\" content=\"Timp estimat pentru citire\" \/>\n\t<meta name=\"twitter:data2\" content=\"1 minut\" \/>\n<script type=\"application\/ld+json\" class=\"yoast-schema-graph\">{\"@context\":\"https:\\\/\\\/schema.org\",\"@graph\":[{\"@type\":\"Article\",\"@id\":\"https:\\\/\\\/www.btv.md\\\/ro\\\/parlamentul-a-marit-amenzile-pentru-distrugerea-monumentelor-istorice\\\/#article\",\"isPartOf\":{\"@id\":\"https:\\\/\\\/www.btv.md\\\/ro\\\/parlamentul-a-marit-amenzile-pentru-distrugerea-monumentelor-istorice\\\/\"},\"author\":{\"name\":\"admin\",\"@id\":\"https:\\\/\\\/www.btv.md\\\/#\\\/schema\\\/person\\\/8fadce81561b3ce2c34c46dadc4ccbf2\"},\"headline\":\"PARLAMENTUL A M\u0102RIT AMENZILE PENTRU DISTRUGEREA MONUMENTELOR ISTORICE\",\"datePublished\":\"2016-04-22T09:57:18+00:00\",\"mainEntityOfPage\":{\"@id\":\"https:\\\/\\\/www.btv.md\\\/ro\\\/parlamentul-a-marit-amenzile-pentru-distrugerea-monumentelor-istorice\\\/\"},\"wordCount\":184,\"image\":{\"@id\":\"https:\\\/\\\/www.btv.md\\\/ro\\\/parlamentul-a-marit-amenzile-pentru-distrugerea-monumentelor-istorice\\\/#primaryimage\"},\"thumbnailUrl\":\"https:\\\/\\\/www.btv.md\\\/wp-content\\\/uploads\\\/2016\\\/04\\\/IMG_9482.jpg\",\"articleSection\":[\"Social\"],\"inLanguage\":\"ro-RO\"},{\"@type\":\"WebPage\",\"@id\":\"https:\\\/\\\/www.btv.md\\\/ro\\\/parlamentul-a-marit-amenzile-pentru-distrugerea-monumentelor-istorice\\\/\",\"url\":\"https:\\\/\\\/www.btv.md\\\/ro\\\/parlamentul-a-marit-amenzile-pentru-distrugerea-monumentelor-istorice\\\/\",\"name\":\"PARLAMENTUL A M\u0102RIT AMENZILE PENTRU DISTRUGEREA MONUMENTELOR ISTORICE - BTV\",\"isPartOf\":{\"@id\":\"https:\\\/\\\/www.btv.md\\\/#website\"},\"primaryImageOfPage\":{\"@id\":\"https:\\\/\\\/www.btv.md\\\/ro\\\/parlamentul-a-marit-amenzile-pentru-distrugerea-monumentelor-istorice\\\/#primaryimage\"},\"image\":{\"@id\":\"https:\\\/\\\/www.btv.md\\\/ro\\\/parlamentul-a-marit-amenzile-pentru-distrugerea-monumentelor-istorice\\\/#primaryimage\"},\"thumbnailUrl\":\"https:\\\/\\\/www.btv.md\\\/wp-content\\\/uploads\\\/2016\\\/04\\\/IMG_9482.jpg\",\"datePublished\":\"2016-04-22T09:57:18+00:00\",\"author\":{\"@id\":\"https:\\\/\\\/www.btv.md\\\/#\\\/schema\\\/person\\\/8fadce81561b3ce2c34c46dadc4ccbf2\"},\"inLanguage\":\"ro-RO\",\"potentialAction\":[{\"@type\":\"ReadAction\",\"target\":[\"https:\\\/\\\/www.btv.md\\\/ro\\\/parlamentul-a-marit-amenzile-pentru-distrugerea-monumentelor-istorice\\\/\"]}]},{\"@type\":\"ImageObject\",\"inLanguage\":\"ro-RO\",\"@id\":\"https:\\\/\\\/www.btv.md\\\/ro\\\/parlamentul-a-marit-amenzile-pentru-distrugerea-monumentelor-istorice\\\/#primaryimage\",\"url\":\"https:\\\/\\\/www.btv.md\\\/wp-content\\\/uploads\\\/2016\\\/04\\\/IMG_9482.jpg\",\"contentUrl\":\"https:\\\/\\\/www.btv.md\\\/wp-content\\\/uploads\\\/2016\\\/04\\\/IMG_9482.jpg\",\"width\":1200,\"height\":800,\"caption\":\"moldova-today.com\"},{\"@type\":\"WebSite\",\"@id\":\"https:\\\/\\\/www.btv.md\\\/#website\",\"url\":\"https:\\\/\\\/www.btv.md\\\/\",\"name\":\"BTV\",\"description\":\"\u0411\u0435\u043b\u044c\u0446\u043a\u043e\u0435 \u0442\u0435\u043b\u0435\u0432\u0438\u0434\u0435\u043d\u0438\u0435\",\"potentialAction\":[{\"@type\":\"SearchAction\",\"target\":{\"@type\":\"EntryPoint\",\"urlTemplate\":\"https:\\\/\\\/www.btv.md\\\/?s={search_term_string}\"},\"query-input\":{\"@type\":\"PropertyValueSpecification\",\"valueRequired\":true,\"valueName\":\"search_term_string\"}}],\"inLanguage\":\"ro-RO\"},{\"@type\":\"Person\",\"@id\":\"https:\\\/\\\/www.btv.md\\\/#\\\/schema\\\/person\\\/8fadce81561b3ce2c34c46dadc4ccbf2\",\"name\":\"admin\"}]}<\/script>\n<!-- \/ Yoast SEO plugin. -->","yoast_head_json":{"title":"PARLAMENTUL A M\u0102RIT AMENZILE PENTRU DISTRUGEREA MONUMENTELOR ISTORICE - BTV","robots":{"index":"index","follow":"follow","max-snippet":"max-snippet:-1","max-image-preview":"max-image-preview:large","max-video-preview":"max-video-preview:-1"},"canonical":"https:\/\/www.btv.md\/ro\/parlamentul-a-marit-amenzile-pentru-distrugerea-monumentelor-istorice\/","og_locale":"ro_RO","og_type":"article","og_title":"PARLAMENTUL A M\u0102RIT AMENZILE PENTRU DISTRUGEREA MONUMENTELOR ISTORICE - BTV","og_description":"Potrivit documentului aprobat la \u0219edin\u021ba Parlamentului \u00een a doua lectur\u0103, obiectele de patrimoniu cultural vor fi protejate de deteriorare \u0219i distrugere prin amenzi. Urm\u0103torul pas al lmodific\u0103rilor legislativ este promulgarea de c\u0103tre pre\u0219edinte \u0219i \u00een final publicarea \u00een monitorul oficial, noteaz\u0103 agora.md. Deteriorarea obiectelor de patrimoniu cultural cu rea-inten\u021bie se va pedepsi cu amend\u0103 de [&hellip;]","og_url":"https:\/\/www.btv.md\/ro\/parlamentul-a-marit-amenzile-pentru-distrugerea-monumentelor-istorice\/","og_site_name":"BTV","article_publisher":"https:\/\/www.facebook.com\/btvmoldova\/","article_published_time":"2016-04-22T09:57:18+00:00","og_image":[{"width":1200,"height":800,"url":"https:\/\/www.btv.md\/wp-content\/uploads\/2016\/04\/IMG_9482.jpg","type":"image\/jpeg"}],"author":"admin","twitter_misc":{"Scris de":"admin","Timp estimat pentru citire":"1 minut"},"schema":{"@context":"https:\/\/schema.org","@graph":[{"@type":"Article","@id":"https:\/\/www.btv.md\/ro\/parlamentul-a-marit-amenzile-pentru-distrugerea-monumentelor-istorice\/#article","isPartOf":{"@id":"https:\/\/www.btv.md\/ro\/parlamentul-a-marit-amenzile-pentru-distrugerea-monumentelor-istorice\/"},"author":{"name":"admin","@id":"https:\/\/www.btv.md\/#\/schema\/person\/8fadce81561b3ce2c34c46dadc4ccbf2"},"headline":"PARLAMENTUL A M\u0102RIT AMENZILE PENTRU DISTRUGEREA MONUMENTELOR ISTORICE","datePublished":"2016-04-22T09:57:18+00:00","mainEntityOfPage":{"@id":"https:\/\/www.btv.md\/ro\/parlamentul-a-marit-amenzile-pentru-distrugerea-monumentelor-istorice\/"},"wordCount":184,"image":{"@id":"https:\/\/www.btv.md\/ro\/parlamentul-a-marit-amenzile-pentru-distrugerea-monumentelor-istorice\/#primaryimage"},"thumbnailUrl":"https:\/\/www.btv.md\/wp-content\/uploads\/2016\/04\/IMG_9482.jpg","articleSection":["Social"],"inLanguage":"ro-RO"},{"@type":"WebPage","@id":"https:\/\/www.btv.md\/ro\/parlamentul-a-marit-amenzile-pentru-distrugerea-monumentelor-istorice\/","url":"https:\/\/www.btv.md\/ro\/parlamentul-a-marit-amenzile-pentru-distrugerea-monumentelor-istorice\/","name":"PARLAMENTUL A M\u0102RIT AMENZILE PENTRU DISTRUGEREA MONUMENTELOR ISTORICE - BTV","isPartOf":{"@id":"https:\/\/www.btv.md\/#website"},"primaryImageOfPage":{"@id":"https:\/\/www.btv.md\/ro\/parlamentul-a-marit-amenzile-pentru-distrugerea-monumentelor-istorice\/#primaryimage"},"image":{"@id":"https:\/\/www.btv.md\/ro\/parlamentul-a-marit-amenzile-pentru-distrugerea-monumentelor-istorice\/#primaryimage"},"thumbnailUrl":"https:\/\/www.btv.md\/wp-content\/uploads\/2016\/04\/IMG_9482.jpg","datePublished":"2016-04-22T09:57:18+00:00","author":{"@id":"https:\/\/www.btv.md\/#\/schema\/person\/8fadce81561b3ce2c34c46dadc4ccbf2"},"inLanguage":"ro-RO","potentialAction":[{"@type":"ReadAction","target":["https:\/\/www.btv.md\/ro\/parlamentul-a-marit-amenzile-pentru-distrugerea-monumentelor-istorice\/"]}]},{"@type":"ImageObject","inLanguage":"ro-RO","@id":"https:\/\/www.btv.md\/ro\/parlamentul-a-marit-amenzile-pentru-distrugerea-monumentelor-istorice\/#primaryimage","url":"https:\/\/www.btv.md\/wp-content\/uploads\/2016\/04\/IMG_9482.jpg","contentUrl":"https:\/\/www.btv.md\/wp-content\/uploads\/2016\/04\/IMG_9482.jpg","width":1200,"height":800,"caption":"moldova-today.com"},{"@type":"WebSite","@id":"https:\/\/www.btv.md\/#website","url":"https:\/\/www.btv.md\/","name":"BTV","description":"\u0411\u0435\u043b\u044c\u0446\u043a\u043e\u0435 \u0442\u0435\u043b\u0435\u0432\u0438\u0434\u0435\u043d\u0438\u0435","potentialAction":[{"@type":"SearchAction","target":{"@type":"EntryPoint","urlTemplate":"https:\/\/www.btv.md\/?s={search_term_string}"},"query-input":{"@type":"PropertyValueSpecification","valueRequired":true,"valueName":"search_term_string"}}],"inLanguage":"ro-RO"},{"@type":"Person","@id":"https:\/\/www.btv.md\/#\/schema\/person\/8fadce81561b3ce2c34c46dadc4ccbf2","name":"admin"}]}},"_links":{"self":[{"href":"https:\/\/www.btv.md\/ro\/wp-json\/wp\/v2\/posts\/11298","targetHints":{"allow":["GET"]}}],"collection":[{"href":"https:\/\/www.btv.md\/ro\/wp-json\/wp\/v2\/posts"}],"about":[{"href":"https:\/\/www.btv.md\/ro\/wp-json\/wp\/v2\/types\/post"}],"author":[{"embeddable":true,"href":"https:\/\/www.btv.md\/ro\/wp-json\/wp\/v2\/users\/4"}],"replies":[{"embeddable":true,"href":"https:\/\/www.btv.md\/ro\/wp-json\/wp\/v2\/comments?post=11298"}],"version-history":[{"count":0,"href":"https:\/\/www.btv.md\/ro\/wp-json\/wp\/v2\/posts\/11298\/revisions"}],"wp:featuredmedia":[{"embeddable":true,"href":"https:\/\/www.btv.md\/ro\/wp-json\/wp\/v2\/media\/11299"}],"wp:attachment":[{"href":"https:\/\/www.btv.md\/ro\/wp-json\/wp\/v2\/media?parent=11298"}],"wp:term":[{"taxonomy":"category","embeddable":true,"href":"https:\/\/www.btv.md\/ro\/wp-json\/wp\/v2\/categories?post=11298"},{"taxonomy":"post_tag","embeddable":true,"href":"https:\/\/www.btv.md\/ro\/wp-json\/wp\/v2\/tags?post=11298"}],"curies":[{"name":"wp","href":"https:\/\/api.w.org\/{rel}","templated":true}]}}