{"id":11301,"date":"2016-04-22T13:00:23","date_gmt":"2016-04-22T10:00:23","guid":{"rendered":"http:\/\/btv.md\/?p=11301"},"modified":"2016-04-22T13:00:23","modified_gmt":"2016-04-22T10:00:23","slug":"pldm-anunta-ca-se-alatura-protestului-din-24-aprilie","status":"publish","type":"post","link":"https:\/\/www.btv.md\/ro\/pldm-anunta-ca-se-alatura-protestului-din-24-aprilie\/","title":{"rendered":"PLDM  ANUN\u021a\u0102  C\u0102  SE  AL\u0102TUR\u0102  PROTESTULUI  DIN  24  APRILIE"},"content":{"rendered":"<p><strong>Liberal-democra\u0163ii vor ie\u015fi la protest pe 24 aprilie. Anun\u0163ul a fost f\u0103cut printr-un comunicat de pres\u0103 \u00een care se spune c\u0103 guvernarea continu\u0103 acapararea puterii \u00een Republica Moldova, iar situa\u0163ia \u00een \u0163ar\u0103 continu\u0103 s\u0103 se agraveze la toate capitolele, scrie <a href=\"http:\/\/www.jurnal.md\/ro\/politic\/2016\/4\/21\/pldm-anunta-ca-se-alatura-protestului-din-24-aprilie-situatia-in-republica-moldova-continua-sa-se-agraveze-la-toate-capitolele\/\" target=\"_blank\">jurnal.md<\/a>.<\/strong><\/p>\n<p>\u201e<em>Membrii \u015fi simpatizan\u0163ii PLDM vor participa la protestul preconizat pentru duminic\u0103, 24 aprilie. Dup\u0103 trei luni de activitate, actuala guvernare \u015fi majoritate parlamentar\u0103 \u015fi-au demonstrat nelegitimitatea. Sub paravanul unei retorici pro-europene, situa\u0163ia \u00een Republica Moldova continu\u0103 s\u0103 se agraveze la toate capitolele vie\u0163ii publice. Suntem martori oculari cum aceast\u0103 guvernare nepopular\u0103, \u00een loc de reforme, continu\u0103 acapararea puterii \u015fi sfidarea legii, a libert\u0103\u0163ilor \u015fi drepturilor cet\u0103\u0163enilor Republicii Moldova. Reprezentan\u0163ii partidelor de opozi\u0163ie, membrii PLDM din toat\u0103 \u0163ara sunt supu\u015fi \u015fantajului \u015fi unei presiuni f\u0103r\u0103 precedent<\/em>\u201d, se spune \u00een comunicat.<\/p>\n<p>Totodat\u0103, PLDM face apel c\u0103tre to\u0163i participan\u0163ii la protest s\u0103 respecte ordinea public\u0103 \u015fi s\u0103 nu admit\u0103 provoc\u0103ri de niciun fel. \u201e<em>Suntem con\u015ftien\u0163i de faptul c\u0103, doar prin proteste pa\u015fnice, uni\u0163i \u00een numele unui stat liber \u015fi democratic, cet\u0103\u0163enii pot opri capturarea total\u0103 a Republicii Moldova\u201d<\/em>, conchide PLDM.<\/p>\n","protected":false},"excerpt":{"rendered":"<p>Liberal-democra\u0163ii vor ie\u015fi la protest pe 24 aprilie. Anun\u0163ul a fost f\u0103cut printr-un comunicat de pres\u0103 \u00een care se spune c\u0103 guvernarea continu\u0103 acapararea puterii \u00een Republica Moldova, iar situa\u0163ia \u00een \u0163ar\u0103 continu\u0103 s\u0103 se agraveze la toate capitolele, scrie jurnal.md. \u201eMembrii \u015fi simpatizan\u0163ii PLDM vor participa la protestul preconizat pentru duminic\u0103, 24 aprilie. Dup\u0103 [&hellip;]<\/p>\n","protected":false},"author":4,"featured_media":11302,"comment_status":"closed","ping_status":"closed","sticky":false,"template":"","format":"standard","meta":{"footnotes":""},"categories":[11],"tags":[],"class_list":["post-11301","post","type-post","status-publish","format-standard","has-post-thumbnail","hentry","category-politica"],"yoast_head":"<!-- This site is optimized with the Yoast SEO plugin v27.4 - https:\/\/yoast.com\/product\/yoast-seo-wordpress\/ -->\n<title>PLDM ANUN\u021a\u0102 C\u0102 SE AL\u0102TUR\u0102 PROTESTULUI DIN 24 APRILIE - BTV<\/title>\n<meta name=\"robots\" content=\"index, follow, max-snippet:-1, max-image-preview:large, max-video-preview:-1\" \/>\n<link rel=\"canonical\" href=\"https:\/\/www.btv.md\/ro\/pldm-anunta-ca-se-alatura-protestului-din-24-aprilie\/\" \/>\n<meta property=\"og:locale\" content=\"ro_RO\" \/>\n<meta property=\"og:type\" content=\"article\" \/>\n<meta property=\"og:title\" content=\"PLDM ANUN\u021a\u0102 C\u0102 SE AL\u0102TUR\u0102 PROTESTULUI DIN 24 APRILIE - BTV\" \/>\n<meta property=\"og:description\" content=\"Liberal-democra\u0163ii vor ie\u015fi la protest pe 24 aprilie. Anun\u0163ul a fost f\u0103cut printr-un comunicat de pres\u0103 \u00een care se spune c\u0103 guvernarea continu\u0103 acapararea puterii \u00een Republica Moldova, iar situa\u0163ia \u00een \u0163ar\u0103 continu\u0103 s\u0103 se agraveze la toate capitolele, scrie jurnal.md. \u201eMembrii \u015fi simpatizan\u0163ii PLDM vor participa la protestul preconizat pentru duminic\u0103, 24 aprilie. Dup\u0103 [&hellip;]\" \/>\n<meta property=\"og:url\" content=\"https:\/\/www.btv.md\/ro\/pldm-anunta-ca-se-alatura-protestului-din-24-aprilie\/\" \/>\n<meta property=\"og:site_name\" content=\"BTV\" \/>\n<meta property=\"article:publisher\" content=\"https:\/\/www.facebook.com\/btvmoldova\/\" \/>\n<meta property=\"article:published_time\" content=\"2016-04-22T10:00:23+00:00\" \/>\n<meta property=\"og:image\" content=\"https:\/\/www.btv.md\/wp-content\/uploads\/2016\/04\/live-briefing-urgent-la-pldm-1361368401.jpg\" \/>\n\t<meta property=\"og:image:width\" content=\"700\" \/>\n\t<meta property=\"og:image:height\" content=\"467\" \/>\n\t<meta property=\"og:image:type\" content=\"image\/jpeg\" \/>\n<meta name=\"author\" content=\"admin\" \/>\n<meta name=\"twitter:label1\" content=\"Scris de\" \/>\n\t<meta name=\"twitter:data1\" content=\"admin\" \/>\n\t<meta name=\"twitter:label2\" content=\"Timp estimat pentru citire\" \/>\n\t<meta name=\"twitter:data2\" content=\"1 minut\" \/>\n<script type=\"application\/ld+json\" class=\"yoast-schema-graph\">{\"@context\":\"https:\\\/\\\/schema.org\",\"@graph\":[{\"@type\":\"Article\",\"@id\":\"https:\\\/\\\/www.btv.md\\\/ro\\\/pldm-anunta-ca-se-alatura-protestului-din-24-aprilie\\\/#article\",\"isPartOf\":{\"@id\":\"https:\\\/\\\/www.btv.md\\\/ro\\\/pldm-anunta-ca-se-alatura-protestului-din-24-aprilie\\\/\"},\"author\":{\"name\":\"admin\",\"@id\":\"https:\\\/\\\/www.btv.md\\\/#\\\/schema\\\/person\\\/8fadce81561b3ce2c34c46dadc4ccbf2\"},\"headline\":\"PLDM ANUN\u021a\u0102 C\u0102 SE AL\u0102TUR\u0102 PROTESTULUI DIN 24 APRILIE\",\"datePublished\":\"2016-04-22T10:00:23+00:00\",\"mainEntityOfPage\":{\"@id\":\"https:\\\/\\\/www.btv.md\\\/ro\\\/pldm-anunta-ca-se-alatura-protestului-din-24-aprilie\\\/\"},\"wordCount\":209,\"image\":{\"@id\":\"https:\\\/\\\/www.btv.md\\\/ro\\\/pldm-anunta-ca-se-alatura-protestului-din-24-aprilie\\\/#primaryimage\"},\"thumbnailUrl\":\"https:\\\/\\\/www.btv.md\\\/wp-content\\\/uploads\\\/2016\\\/04\\\/live-briefing-urgent-la-pldm-1361368401.jpg\",\"articleSection\":[\"\u041f\u043e\u043b\u0438\u0442\u0438\u043a\u0430\"],\"inLanguage\":\"ro-RO\"},{\"@type\":\"WebPage\",\"@id\":\"https:\\\/\\\/www.btv.md\\\/ro\\\/pldm-anunta-ca-se-alatura-protestului-din-24-aprilie\\\/\",\"url\":\"https:\\\/\\\/www.btv.md\\\/ro\\\/pldm-anunta-ca-se-alatura-protestului-din-24-aprilie\\\/\",\"name\":\"PLDM ANUN\u021a\u0102 C\u0102 SE AL\u0102TUR\u0102 PROTESTULUI DIN 24 APRILIE - BTV\",\"isPartOf\":{\"@id\":\"https:\\\/\\\/www.btv.md\\\/#website\"},\"primaryImageOfPage\":{\"@id\":\"https:\\\/\\\/www.btv.md\\\/ro\\\/pldm-anunta-ca-se-alatura-protestului-din-24-aprilie\\\/#primaryimage\"},\"image\":{\"@id\":\"https:\\\/\\\/www.btv.md\\\/ro\\\/pldm-anunta-ca-se-alatura-protestului-din-24-aprilie\\\/#primaryimage\"},\"thumbnailUrl\":\"https:\\\/\\\/www.btv.md\\\/wp-content\\\/uploads\\\/2016\\\/04\\\/live-briefing-urgent-la-pldm-1361368401.jpg\",\"datePublished\":\"2016-04-22T10:00:23+00:00\",\"author\":{\"@id\":\"https:\\\/\\\/www.btv.md\\\/#\\\/schema\\\/person\\\/8fadce81561b3ce2c34c46dadc4ccbf2\"},\"inLanguage\":\"ro-RO\",\"potentialAction\":[{\"@type\":\"ReadAction\",\"target\":[\"https:\\\/\\\/www.btv.md\\\/ro\\\/pldm-anunta-ca-se-alatura-protestului-din-24-aprilie\\\/\"]}]},{\"@type\":\"ImageObject\",\"inLanguage\":\"ro-RO\",\"@id\":\"https:\\\/\\\/www.btv.md\\\/ro\\\/pldm-anunta-ca-se-alatura-protestului-din-24-aprilie\\\/#primaryimage\",\"url\":\"https:\\\/\\\/www.btv.md\\\/wp-content\\\/uploads\\\/2016\\\/04\\\/live-briefing-urgent-la-pldm-1361368401.jpg\",\"contentUrl\":\"https:\\\/\\\/www.btv.md\\\/wp-content\\\/uploads\\\/2016\\\/04\\\/live-briefing-urgent-la-pldm-1361368401.jpg\",\"width\":700,\"height\":467,\"caption\":\"unimedia.info\"},{\"@type\":\"WebSite\",\"@id\":\"https:\\\/\\\/www.btv.md\\\/#website\",\"url\":\"https:\\\/\\\/www.btv.md\\\/\",\"name\":\"BTV\",\"description\":\"\u0411\u0435\u043b\u044c\u0446\u043a\u043e\u0435 \u0442\u0435\u043b\u0435\u0432\u0438\u0434\u0435\u043d\u0438\u0435\",\"potentialAction\":[{\"@type\":\"SearchAction\",\"target\":{\"@type\":\"EntryPoint\",\"urlTemplate\":\"https:\\\/\\\/www.btv.md\\\/?s={search_term_string}\"},\"query-input\":{\"@type\":\"PropertyValueSpecification\",\"valueRequired\":true,\"valueName\":\"search_term_string\"}}],\"inLanguage\":\"ro-RO\"},{\"@type\":\"Person\",\"@id\":\"https:\\\/\\\/www.btv.md\\\/#\\\/schema\\\/person\\\/8fadce81561b3ce2c34c46dadc4ccbf2\",\"name\":\"admin\"}]}<\/script>\n<!-- \/ Yoast SEO plugin. -->","yoast_head_json":{"title":"PLDM ANUN\u021a\u0102 C\u0102 SE AL\u0102TUR\u0102 PROTESTULUI DIN 24 APRILIE - BTV","robots":{"index":"index","follow":"follow","max-snippet":"max-snippet:-1","max-image-preview":"max-image-preview:large","max-video-preview":"max-video-preview:-1"},"canonical":"https:\/\/www.btv.md\/ro\/pldm-anunta-ca-se-alatura-protestului-din-24-aprilie\/","og_locale":"ro_RO","og_type":"article","og_title":"PLDM ANUN\u021a\u0102 C\u0102 SE AL\u0102TUR\u0102 PROTESTULUI DIN 24 APRILIE - BTV","og_description":"Liberal-democra\u0163ii vor ie\u015fi la protest pe 24 aprilie. Anun\u0163ul a fost f\u0103cut printr-un comunicat de pres\u0103 \u00een care se spune c\u0103 guvernarea continu\u0103 acapararea puterii \u00een Republica Moldova, iar situa\u0163ia \u00een \u0163ar\u0103 continu\u0103 s\u0103 se agraveze la toate capitolele, scrie jurnal.md. \u201eMembrii \u015fi simpatizan\u0163ii PLDM vor participa la protestul preconizat pentru duminic\u0103, 24 aprilie. Dup\u0103 [&hellip;]","og_url":"https:\/\/www.btv.md\/ro\/pldm-anunta-ca-se-alatura-protestului-din-24-aprilie\/","og_site_name":"BTV","article_publisher":"https:\/\/www.facebook.com\/btvmoldova\/","article_published_time":"2016-04-22T10:00:23+00:00","og_image":[{"width":700,"height":467,"url":"https:\/\/www.btv.md\/wp-content\/uploads\/2016\/04\/live-briefing-urgent-la-pldm-1361368401.jpg","type":"image\/jpeg"}],"author":"admin","twitter_misc":{"Scris de":"admin","Timp estimat pentru citire":"1 minut"},"schema":{"@context":"https:\/\/schema.org","@graph":[{"@type":"Article","@id":"https:\/\/www.btv.md\/ro\/pldm-anunta-ca-se-alatura-protestului-din-24-aprilie\/#article","isPartOf":{"@id":"https:\/\/www.btv.md\/ro\/pldm-anunta-ca-se-alatura-protestului-din-24-aprilie\/"},"author":{"name":"admin","@id":"https:\/\/www.btv.md\/#\/schema\/person\/8fadce81561b3ce2c34c46dadc4ccbf2"},"headline":"PLDM ANUN\u021a\u0102 C\u0102 SE AL\u0102TUR\u0102 PROTESTULUI DIN 24 APRILIE","datePublished":"2016-04-22T10:00:23+00:00","mainEntityOfPage":{"@id":"https:\/\/www.btv.md\/ro\/pldm-anunta-ca-se-alatura-protestului-din-24-aprilie\/"},"wordCount":209,"image":{"@id":"https:\/\/www.btv.md\/ro\/pldm-anunta-ca-se-alatura-protestului-din-24-aprilie\/#primaryimage"},"thumbnailUrl":"https:\/\/www.btv.md\/wp-content\/uploads\/2016\/04\/live-briefing-urgent-la-pldm-1361368401.jpg","articleSection":["\u041f\u043e\u043b\u0438\u0442\u0438\u043a\u0430"],"inLanguage":"ro-RO"},{"@type":"WebPage","@id":"https:\/\/www.btv.md\/ro\/pldm-anunta-ca-se-alatura-protestului-din-24-aprilie\/","url":"https:\/\/www.btv.md\/ro\/pldm-anunta-ca-se-alatura-protestului-din-24-aprilie\/","name":"PLDM ANUN\u021a\u0102 C\u0102 SE AL\u0102TUR\u0102 PROTESTULUI DIN 24 APRILIE - BTV","isPartOf":{"@id":"https:\/\/www.btv.md\/#website"},"primaryImageOfPage":{"@id":"https:\/\/www.btv.md\/ro\/pldm-anunta-ca-se-alatura-protestului-din-24-aprilie\/#primaryimage"},"image":{"@id":"https:\/\/www.btv.md\/ro\/pldm-anunta-ca-se-alatura-protestului-din-24-aprilie\/#primaryimage"},"thumbnailUrl":"https:\/\/www.btv.md\/wp-content\/uploads\/2016\/04\/live-briefing-urgent-la-pldm-1361368401.jpg","datePublished":"2016-04-22T10:00:23+00:00","author":{"@id":"https:\/\/www.btv.md\/#\/schema\/person\/8fadce81561b3ce2c34c46dadc4ccbf2"},"inLanguage":"ro-RO","potentialAction":[{"@type":"ReadAction","target":["https:\/\/www.btv.md\/ro\/pldm-anunta-ca-se-alatura-protestului-din-24-aprilie\/"]}]},{"@type":"ImageObject","inLanguage":"ro-RO","@id":"https:\/\/www.btv.md\/ro\/pldm-anunta-ca-se-alatura-protestului-din-24-aprilie\/#primaryimage","url":"https:\/\/www.btv.md\/wp-content\/uploads\/2016\/04\/live-briefing-urgent-la-pldm-1361368401.jpg","contentUrl":"https:\/\/www.btv.md\/wp-content\/uploads\/2016\/04\/live-briefing-urgent-la-pldm-1361368401.jpg","width":700,"height":467,"caption":"unimedia.info"},{"@type":"WebSite","@id":"https:\/\/www.btv.md\/#website","url":"https:\/\/www.btv.md\/","name":"BTV","description":"\u0411\u0435\u043b\u044c\u0446\u043a\u043e\u0435 \u0442\u0435\u043b\u0435\u0432\u0438\u0434\u0435\u043d\u0438\u0435","potentialAction":[{"@type":"SearchAction","target":{"@type":"EntryPoint","urlTemplate":"https:\/\/www.btv.md\/?s={search_term_string}"},"query-input":{"@type":"PropertyValueSpecification","valueRequired":true,"valueName":"search_term_string"}}],"inLanguage":"ro-RO"},{"@type":"Person","@id":"https:\/\/www.btv.md\/#\/schema\/person\/8fadce81561b3ce2c34c46dadc4ccbf2","name":"admin"}]}},"_links":{"self":[{"href":"https:\/\/www.btv.md\/ro\/wp-json\/wp\/v2\/posts\/11301","targetHints":{"allow":["GET"]}}],"collection":[{"href":"https:\/\/www.btv.md\/ro\/wp-json\/wp\/v2\/posts"}],"about":[{"href":"https:\/\/www.btv.md\/ro\/wp-json\/wp\/v2\/types\/post"}],"author":[{"embeddable":true,"href":"https:\/\/www.btv.md\/ro\/wp-json\/wp\/v2\/users\/4"}],"replies":[{"embeddable":true,"href":"https:\/\/www.btv.md\/ro\/wp-json\/wp\/v2\/comments?post=11301"}],"version-history":[{"count":0,"href":"https:\/\/www.btv.md\/ro\/wp-json\/wp\/v2\/posts\/11301\/revisions"}],"wp:featuredmedia":[{"embeddable":true,"href":"https:\/\/www.btv.md\/ro\/wp-json\/wp\/v2\/media\/11302"}],"wp:attachment":[{"href":"https:\/\/www.btv.md\/ro\/wp-json\/wp\/v2\/media?parent=11301"}],"wp:term":[{"taxonomy":"category","embeddable":true,"href":"https:\/\/www.btv.md\/ro\/wp-json\/wp\/v2\/categories?post=11301"},{"taxonomy":"post_tag","embeddable":true,"href":"https:\/\/www.btv.md\/ro\/wp-json\/wp\/v2\/tags?post=11301"}],"curies":[{"name":"wp","href":"https:\/\/api.w.org\/{rel}","templated":true}]}}