{"id":11304,"date":"2016-04-22T13:06:08","date_gmt":"2016-04-22T10:06:08","guid":{"rendered":"http:\/\/btv.md\/?p=11304"},"modified":"2016-04-22T13:06:08","modified_gmt":"2016-04-22T10:06:08","slug":"tragedie-intr-o-familie-din-calarasi-doi-copii-au-murit","status":"publish","type":"post","link":"https:\/\/www.btv.md\/ro\/tragedie-intr-o-familie-din-calarasi-doi-copii-au-murit\/","title":{"rendered":"TRAGEDIE  \u00ceNTR-O  FAMILIE  DIN  C\u0102L\u0102RA\u0218I: DOI  COPII AU  MURIT"},"content":{"rendered":"<p><strong>Doi copii de patru \u015fi doi ani din satul Buda, C\u0103l\u0103ra\u015fi, au murit intoxica\u0163i cu monoxid de carbon, scrie <a href=\"http:\/\/jurnal.md\/ro\/social\/2016\/4\/21\/tragedie-intr-o-familie-din-calarasi-doi-copii-de-patru-si-doi-ani-au-murit-intoxicati-cu-monoxid-de-carbon\/\" target=\"_blank\">jurnal.md<\/a>.<\/strong><\/p>\n<p>Potrivit serviciului de pres\u0103 a Poli\u0163iei C\u0103l\u0103ra\u015fi, mama micu\u0163ilor a f\u0103cut focul \u015fi i-a l\u0103sat pe copii singuri \u00een cas\u0103, \u00een timp ce ea a plecat dup\u0103 ap\u0103.<\/p>\n<p>C\u00e2nd s-a \u00eentors i-a g\u0103sit f\u0103r\u0103 suflare.<\/p>\n<p>Ofi\u0163erul de pres\u0103 a Serviciul Protec\u0163iei Civile \u015fi Situa\u0163ii Excep\u0163ionale, a men\u021bionat c\u0103 cel mai probabil un j\u0103ratic din sob\u0103 ar fi c\u0103zut pe podeaua de lemn, \u00eentruc\u00e2t pompierii au depistat c\u0103 o por\u0163iune a pardoselii din jurul plitei era ars\u0103.<\/p>\n","protected":false},"excerpt":{"rendered":"<p>Doi copii de patru \u015fi doi ani din satul Buda, C\u0103l\u0103ra\u015fi, au murit intoxica\u0163i cu monoxid de carbon, scrie jurnal.md. Potrivit serviciului de pres\u0103 a Poli\u0163iei C\u0103l\u0103ra\u015fi, mama micu\u0163ilor a f\u0103cut focul \u015fi i-a l\u0103sat pe copii singuri \u00een cas\u0103, \u00een timp ce ea a plecat dup\u0103 ap\u0103. C\u00e2nd s-a \u00eentors i-a g\u0103sit f\u0103r\u0103 suflare. [&hellip;]<\/p>\n","protected":false},"author":4,"featured_media":11305,"comment_status":"closed","ping_status":"closed","sticky":false,"template":"","format":"standard","meta":{"footnotes":""},"categories":[6349],"tags":[],"class_list":["post-11304","post","type-post","status-publish","format-standard","has-post-thumbnail","hentry","category-social"],"yoast_head":"<!-- This site is optimized with the Yoast SEO plugin v27.4 - https:\/\/yoast.com\/product\/yoast-seo-wordpress\/ -->\n<title>TRAGEDIE \u00ceNTR-O FAMILIE DIN C\u0102L\u0102RA\u0218I: DOI COPII AU MURIT - BTV<\/title>\n<meta name=\"robots\" content=\"index, follow, max-snippet:-1, max-image-preview:large, max-video-preview:-1\" \/>\n<link rel=\"canonical\" href=\"https:\/\/www.btv.md\/ro\/tragedie-intr-o-familie-din-calarasi-doi-copii-au-murit\/\" \/>\n<meta property=\"og:locale\" content=\"ro_RO\" \/>\n<meta property=\"og:type\" content=\"article\" \/>\n<meta property=\"og:title\" content=\"TRAGEDIE \u00ceNTR-O FAMILIE DIN C\u0102L\u0102RA\u0218I: DOI COPII AU MURIT - BTV\" \/>\n<meta property=\"og:description\" content=\"Doi copii de patru \u015fi doi ani din satul Buda, C\u0103l\u0103ra\u015fi, au murit intoxica\u0163i cu monoxid de carbon, scrie jurnal.md. Potrivit serviciului de pres\u0103 a Poli\u0163iei C\u0103l\u0103ra\u015fi, mama micu\u0163ilor a f\u0103cut focul \u015fi i-a l\u0103sat pe copii singuri \u00een cas\u0103, \u00een timp ce ea a plecat dup\u0103 ap\u0103. C\u00e2nd s-a \u00eentors i-a g\u0103sit f\u0103r\u0103 suflare. [&hellip;]\" \/>\n<meta property=\"og:url\" content=\"https:\/\/www.btv.md\/ro\/tragedie-intr-o-familie-din-calarasi-doi-copii-au-murit\/\" \/>\n<meta property=\"og:site_name\" content=\"BTV\" \/>\n<meta property=\"article:publisher\" content=\"https:\/\/www.facebook.com\/btvmoldova\/\" \/>\n<meta property=\"article:published_time\" content=\"2016-04-22T10:06:08+00:00\" \/>\n<meta property=\"og:image\" content=\"https:\/\/www.btv.md\/wp-content\/uploads\/2016\/04\/646x404-4.jpg\" \/>\n\t<meta property=\"og:image:width\" content=\"646\" \/>\n\t<meta property=\"og:image:height\" content=\"404\" \/>\n\t<meta property=\"og:image:type\" content=\"image\/jpeg\" \/>\n<meta name=\"author\" content=\"admin\" \/>\n<meta name=\"twitter:label1\" content=\"Scris de\" \/>\n\t<meta name=\"twitter:data1\" content=\"admin\" \/>\n\t<meta name=\"twitter:label2\" content=\"Timp estimat pentru citire\" \/>\n\t<meta name=\"twitter:data2\" content=\"1 minut\" \/>\n<script type=\"application\/ld+json\" class=\"yoast-schema-graph\">{\"@context\":\"https:\\\/\\\/schema.org\",\"@graph\":[{\"@type\":\"Article\",\"@id\":\"https:\\\/\\\/www.btv.md\\\/ro\\\/tragedie-intr-o-familie-din-calarasi-doi-copii-au-murit\\\/#article\",\"isPartOf\":{\"@id\":\"https:\\\/\\\/www.btv.md\\\/ro\\\/tragedie-intr-o-familie-din-calarasi-doi-copii-au-murit\\\/\"},\"author\":{\"name\":\"admin\",\"@id\":\"https:\\\/\\\/www.btv.md\\\/#\\\/schema\\\/person\\\/8fadce81561b3ce2c34c46dadc4ccbf2\"},\"headline\":\"TRAGEDIE \u00ceNTR-O FAMILIE DIN C\u0102L\u0102RA\u0218I: DOI COPII AU MURIT\",\"datePublished\":\"2016-04-22T10:06:08+00:00\",\"mainEntityOfPage\":{\"@id\":\"https:\\\/\\\/www.btv.md\\\/ro\\\/tragedie-intr-o-familie-din-calarasi-doi-copii-au-murit\\\/\"},\"wordCount\":132,\"image\":{\"@id\":\"https:\\\/\\\/www.btv.md\\\/ro\\\/tragedie-intr-o-familie-din-calarasi-doi-copii-au-murit\\\/#primaryimage\"},\"thumbnailUrl\":\"https:\\\/\\\/www.btv.md\\\/wp-content\\\/uploads\\\/2016\\\/04\\\/646x404-4.jpg\",\"articleSection\":[\"Social\"],\"inLanguage\":\"ro-RO\"},{\"@type\":\"WebPage\",\"@id\":\"https:\\\/\\\/www.btv.md\\\/ro\\\/tragedie-intr-o-familie-din-calarasi-doi-copii-au-murit\\\/\",\"url\":\"https:\\\/\\\/www.btv.md\\\/ro\\\/tragedie-intr-o-familie-din-calarasi-doi-copii-au-murit\\\/\",\"name\":\"TRAGEDIE \u00ceNTR-O FAMILIE DIN C\u0102L\u0102RA\u0218I: DOI COPII AU MURIT - BTV\",\"isPartOf\":{\"@id\":\"https:\\\/\\\/www.btv.md\\\/#website\"},\"primaryImageOfPage\":{\"@id\":\"https:\\\/\\\/www.btv.md\\\/ro\\\/tragedie-intr-o-familie-din-calarasi-doi-copii-au-murit\\\/#primaryimage\"},\"image\":{\"@id\":\"https:\\\/\\\/www.btv.md\\\/ro\\\/tragedie-intr-o-familie-din-calarasi-doi-copii-au-murit\\\/#primaryimage\"},\"thumbnailUrl\":\"https:\\\/\\\/www.btv.md\\\/wp-content\\\/uploads\\\/2016\\\/04\\\/646x404-4.jpg\",\"datePublished\":\"2016-04-22T10:06:08+00:00\",\"author\":{\"@id\":\"https:\\\/\\\/www.btv.md\\\/#\\\/schema\\\/person\\\/8fadce81561b3ce2c34c46dadc4ccbf2\"},\"inLanguage\":\"ro-RO\",\"potentialAction\":[{\"@type\":\"ReadAction\",\"target\":[\"https:\\\/\\\/www.btv.md\\\/ro\\\/tragedie-intr-o-familie-din-calarasi-doi-copii-au-murit\\\/\"]}]},{\"@type\":\"ImageObject\",\"inLanguage\":\"ro-RO\",\"@id\":\"https:\\\/\\\/www.btv.md\\\/ro\\\/tragedie-intr-o-familie-din-calarasi-doi-copii-au-murit\\\/#primaryimage\",\"url\":\"https:\\\/\\\/www.btv.md\\\/wp-content\\\/uploads\\\/2016\\\/04\\\/646x404-4.jpg\",\"contentUrl\":\"https:\\\/\\\/www.btv.md\\\/wp-content\\\/uploads\\\/2016\\\/04\\\/646x404-4.jpg\",\"width\":646,\"height\":404,\"caption\":\"adevarul.ro\"},{\"@type\":\"WebSite\",\"@id\":\"https:\\\/\\\/www.btv.md\\\/#website\",\"url\":\"https:\\\/\\\/www.btv.md\\\/\",\"name\":\"BTV\",\"description\":\"\u0411\u0435\u043b\u044c\u0446\u043a\u043e\u0435 \u0442\u0435\u043b\u0435\u0432\u0438\u0434\u0435\u043d\u0438\u0435\",\"potentialAction\":[{\"@type\":\"SearchAction\",\"target\":{\"@type\":\"EntryPoint\",\"urlTemplate\":\"https:\\\/\\\/www.btv.md\\\/?s={search_term_string}\"},\"query-input\":{\"@type\":\"PropertyValueSpecification\",\"valueRequired\":true,\"valueName\":\"search_term_string\"}}],\"inLanguage\":\"ro-RO\"},{\"@type\":\"Person\",\"@id\":\"https:\\\/\\\/www.btv.md\\\/#\\\/schema\\\/person\\\/8fadce81561b3ce2c34c46dadc4ccbf2\",\"name\":\"admin\"}]}<\/script>\n<!-- \/ Yoast SEO plugin. -->","yoast_head_json":{"title":"TRAGEDIE \u00ceNTR-O FAMILIE DIN C\u0102L\u0102RA\u0218I: DOI COPII AU MURIT - BTV","robots":{"index":"index","follow":"follow","max-snippet":"max-snippet:-1","max-image-preview":"max-image-preview:large","max-video-preview":"max-video-preview:-1"},"canonical":"https:\/\/www.btv.md\/ro\/tragedie-intr-o-familie-din-calarasi-doi-copii-au-murit\/","og_locale":"ro_RO","og_type":"article","og_title":"TRAGEDIE \u00ceNTR-O FAMILIE DIN C\u0102L\u0102RA\u0218I: DOI COPII AU MURIT - BTV","og_description":"Doi copii de patru \u015fi doi ani din satul Buda, C\u0103l\u0103ra\u015fi, au murit intoxica\u0163i cu monoxid de carbon, scrie jurnal.md. Potrivit serviciului de pres\u0103 a Poli\u0163iei C\u0103l\u0103ra\u015fi, mama micu\u0163ilor a f\u0103cut focul \u015fi i-a l\u0103sat pe copii singuri \u00een cas\u0103, \u00een timp ce ea a plecat dup\u0103 ap\u0103. C\u00e2nd s-a \u00eentors i-a g\u0103sit f\u0103r\u0103 suflare. [&hellip;]","og_url":"https:\/\/www.btv.md\/ro\/tragedie-intr-o-familie-din-calarasi-doi-copii-au-murit\/","og_site_name":"BTV","article_publisher":"https:\/\/www.facebook.com\/btvmoldova\/","article_published_time":"2016-04-22T10:06:08+00:00","og_image":[{"width":646,"height":404,"url":"https:\/\/www.btv.md\/wp-content\/uploads\/2016\/04\/646x404-4.jpg","type":"image\/jpeg"}],"author":"admin","twitter_misc":{"Scris de":"admin","Timp estimat pentru citire":"1 minut"},"schema":{"@context":"https:\/\/schema.org","@graph":[{"@type":"Article","@id":"https:\/\/www.btv.md\/ro\/tragedie-intr-o-familie-din-calarasi-doi-copii-au-murit\/#article","isPartOf":{"@id":"https:\/\/www.btv.md\/ro\/tragedie-intr-o-familie-din-calarasi-doi-copii-au-murit\/"},"author":{"name":"admin","@id":"https:\/\/www.btv.md\/#\/schema\/person\/8fadce81561b3ce2c34c46dadc4ccbf2"},"headline":"TRAGEDIE \u00ceNTR-O FAMILIE DIN C\u0102L\u0102RA\u0218I: DOI COPII AU MURIT","datePublished":"2016-04-22T10:06:08+00:00","mainEntityOfPage":{"@id":"https:\/\/www.btv.md\/ro\/tragedie-intr-o-familie-din-calarasi-doi-copii-au-murit\/"},"wordCount":132,"image":{"@id":"https:\/\/www.btv.md\/ro\/tragedie-intr-o-familie-din-calarasi-doi-copii-au-murit\/#primaryimage"},"thumbnailUrl":"https:\/\/www.btv.md\/wp-content\/uploads\/2016\/04\/646x404-4.jpg","articleSection":["Social"],"inLanguage":"ro-RO"},{"@type":"WebPage","@id":"https:\/\/www.btv.md\/ro\/tragedie-intr-o-familie-din-calarasi-doi-copii-au-murit\/","url":"https:\/\/www.btv.md\/ro\/tragedie-intr-o-familie-din-calarasi-doi-copii-au-murit\/","name":"TRAGEDIE \u00ceNTR-O FAMILIE DIN C\u0102L\u0102RA\u0218I: DOI COPII AU MURIT - BTV","isPartOf":{"@id":"https:\/\/www.btv.md\/#website"},"primaryImageOfPage":{"@id":"https:\/\/www.btv.md\/ro\/tragedie-intr-o-familie-din-calarasi-doi-copii-au-murit\/#primaryimage"},"image":{"@id":"https:\/\/www.btv.md\/ro\/tragedie-intr-o-familie-din-calarasi-doi-copii-au-murit\/#primaryimage"},"thumbnailUrl":"https:\/\/www.btv.md\/wp-content\/uploads\/2016\/04\/646x404-4.jpg","datePublished":"2016-04-22T10:06:08+00:00","author":{"@id":"https:\/\/www.btv.md\/#\/schema\/person\/8fadce81561b3ce2c34c46dadc4ccbf2"},"inLanguage":"ro-RO","potentialAction":[{"@type":"ReadAction","target":["https:\/\/www.btv.md\/ro\/tragedie-intr-o-familie-din-calarasi-doi-copii-au-murit\/"]}]},{"@type":"ImageObject","inLanguage":"ro-RO","@id":"https:\/\/www.btv.md\/ro\/tragedie-intr-o-familie-din-calarasi-doi-copii-au-murit\/#primaryimage","url":"https:\/\/www.btv.md\/wp-content\/uploads\/2016\/04\/646x404-4.jpg","contentUrl":"https:\/\/www.btv.md\/wp-content\/uploads\/2016\/04\/646x404-4.jpg","width":646,"height":404,"caption":"adevarul.ro"},{"@type":"WebSite","@id":"https:\/\/www.btv.md\/#website","url":"https:\/\/www.btv.md\/","name":"BTV","description":"\u0411\u0435\u043b\u044c\u0446\u043a\u043e\u0435 \u0442\u0435\u043b\u0435\u0432\u0438\u0434\u0435\u043d\u0438\u0435","potentialAction":[{"@type":"SearchAction","target":{"@type":"EntryPoint","urlTemplate":"https:\/\/www.btv.md\/?s={search_term_string}"},"query-input":{"@type":"PropertyValueSpecification","valueRequired":true,"valueName":"search_term_string"}}],"inLanguage":"ro-RO"},{"@type":"Person","@id":"https:\/\/www.btv.md\/#\/schema\/person\/8fadce81561b3ce2c34c46dadc4ccbf2","name":"admin"}]}},"_links":{"self":[{"href":"https:\/\/www.btv.md\/ro\/wp-json\/wp\/v2\/posts\/11304","targetHints":{"allow":["GET"]}}],"collection":[{"href":"https:\/\/www.btv.md\/ro\/wp-json\/wp\/v2\/posts"}],"about":[{"href":"https:\/\/www.btv.md\/ro\/wp-json\/wp\/v2\/types\/post"}],"author":[{"embeddable":true,"href":"https:\/\/www.btv.md\/ro\/wp-json\/wp\/v2\/users\/4"}],"replies":[{"embeddable":true,"href":"https:\/\/www.btv.md\/ro\/wp-json\/wp\/v2\/comments?post=11304"}],"version-history":[{"count":0,"href":"https:\/\/www.btv.md\/ro\/wp-json\/wp\/v2\/posts\/11304\/revisions"}],"wp:featuredmedia":[{"embeddable":true,"href":"https:\/\/www.btv.md\/ro\/wp-json\/wp\/v2\/media\/11305"}],"wp:attachment":[{"href":"https:\/\/www.btv.md\/ro\/wp-json\/wp\/v2\/media?parent=11304"}],"wp:term":[{"taxonomy":"category","embeddable":true,"href":"https:\/\/www.btv.md\/ro\/wp-json\/wp\/v2\/categories?post=11304"},{"taxonomy":"post_tag","embeddable":true,"href":"https:\/\/www.btv.md\/ro\/wp-json\/wp\/v2\/tags?post=11304"}],"curies":[{"name":"wp","href":"https:\/\/api.w.org\/{rel}","templated":true}]}}