{"id":11329,"date":"2016-04-22T16:57:51","date_gmt":"2016-04-22T13:57:51","guid":{"rendered":"http:\/\/btv.md\/?p=11329"},"modified":"2016-04-22T16:57:51","modified_gmt":"2016-04-22T13:57:51","slug":"picii-din-balti-s-au-familiarizat-cu-traditiile-sarbatorilor-de-pasti","status":"publish","type":"post","link":"https:\/\/www.btv.md\/ro\/picii-din-balti-s-au-familiarizat-cu-traditiile-sarbatorilor-de-pasti\/","title":{"rendered":"PICII DIN B\u0102L\u021aI S-AU FAMILIARIZAT CU TRADI\u021aIILE S\u0102RB\u0102TORILOR DE  PA\u0218TI"},"content":{"rendered":"<p><strong>\u00cen ajunul S\u0103rb\u0103torilor Pascale, micu\u021bii de la Gr\u0103dini\u021ba num\u0103rul \u0219apte din municipiul B\u0103l\u021bi, au participat la \u0219edin\u021b\u0103 \u201eDecelu\u0219ilor Internau\u021bi\u201d unde s-au familiariza\u021bi cu obiceiurile \u0219i tradi\u021biile acestei s\u0103rb\u0103tori cre\u0219tine. Copiii au confec\u021bionat din h\u00e2rtie colorat\u0103 ou\u0103 \u0219i au privit un film animat cu  iepura\u0219ul de Pa\u0219ti. <\/strong><\/p>\n<p>Educ\u0103toarea de la Gr\u0103dini\u021ba num\u0103rul \u0219apte din municipiul B\u0103l\u021bi, Angela  Savca spune c\u0103  aceste activit\u0103\u021bi sunt binevenite pentru dezvoltarea cognitiv\u0103 a copiilor.<\/p>\n<p>Potrivit directoarei bibliotecei municipale \u201eEugeniu Co\u0219eriu\u201d Ludmila Ou\u0219, scopul acestor activit\u0103\u021bi este informarea copiilor despre mediul \u00eenconjur\u0103tor prin intermediul tehnologiilor informa\u021bionale.<\/p>\n<p>La final micu\u021bii au primit \u00een dar ou\u0103 din ciocolate. <\/p>\n<p>\u00cen cadrul evenimentului au participat peste dou\u0103zeci de copii. <\/p>\n<p>REPORTER:  IRINA  BAXAN<br \/>\nOPERATOR:  PAVEL LUCHIAN<br \/>\nMONTAJ: IURIE BOLD<\/p>\n<p><iframe width=\"420\" height=\"315\" data-src=\"https:\/\/www.youtube.com\/embed\/BqKAT3F2BAw\" frameborder=\"0\" allowfullscreen src=\"data:image\/svg+xml;base64,PHN2ZyB3aWR0aD0iMSIgaGVpZ2h0PSIxIiB4bWxucz0iaHR0cDovL3d3dy53My5vcmcvMjAwMC9zdmciPjwvc3ZnPg==\" class=\"lazyload\" data-load-mode=\"1\"><\/iframe><\/p>\n","protected":false},"excerpt":{"rendered":"<p>\u00cen ajunul S\u0103rb\u0103torilor Pascale, micu\u021bii de la Gr\u0103dini\u021ba num\u0103rul \u0219apte din municipiul B\u0103l\u021bi, au participat la \u0219edin\u021b\u0103 \u201eDecelu\u0219ilor Internau\u021bi\u201d unde s-au familiariza\u021bi cu obiceiurile \u0219i tradi\u021biile acestei s\u0103rb\u0103tori cre\u0219tine. Copiii au confec\u021bionat din h\u00e2rtie colorat\u0103 ou\u0103 \u0219i au privit un film animat cu iepura\u0219ul de Pa\u0219ti. Educ\u0103toarea de la Gr\u0103dini\u021ba num\u0103rul \u0219apte din municipiul B\u0103l\u021bi, [&hellip;]<\/p>\n","protected":false},"author":4,"featured_media":11330,"comment_status":"closed","ping_status":"closed","sticky":false,"template":"","format":"standard","meta":{"footnotes":""},"categories":[6353],"tags":[],"class_list":["post-11329","post","type-post","status-publish","format-standard","has-post-thumbnail","hentry","category-oras"],"yoast_head":"<!-- This site is optimized with the Yoast SEO plugin v27.4 - https:\/\/yoast.com\/product\/yoast-seo-wordpress\/ -->\n<title>PICII DIN B\u0102L\u021aI S-AU FAMILIARIZAT CU TRADI\u021aIILE S\u0102RB\u0102TORILOR DE PA\u0218TI  - BTV<\/title>\n<meta name=\"robots\" content=\"index, follow, max-snippet:-1, max-image-preview:large, max-video-preview:-1\" \/>\n<link rel=\"canonical\" href=\"https:\/\/www.btv.md\/ro\/picii-din-balti-s-au-familiarizat-cu-traditiile-sarbatorilor-de-pasti\/\" \/>\n<meta property=\"og:locale\" content=\"ro_RO\" \/>\n<meta property=\"og:type\" content=\"article\" \/>\n<meta property=\"og:title\" content=\"PICII DIN B\u0102L\u021aI S-AU FAMILIARIZAT CU TRADI\u021aIILE S\u0102RB\u0102TORILOR DE PA\u0218TI  - BTV\" \/>\n<meta property=\"og:description\" content=\"\u00cen ajunul S\u0103rb\u0103torilor Pascale, micu\u021bii de la Gr\u0103dini\u021ba num\u0103rul \u0219apte din municipiul B\u0103l\u021bi, au participat la \u0219edin\u021b\u0103 \u201eDecelu\u0219ilor Internau\u021bi\u201d unde s-au familiariza\u021bi cu obiceiurile \u0219i tradi\u021biile acestei s\u0103rb\u0103tori cre\u0219tine. Copiii au confec\u021bionat din h\u00e2rtie colorat\u0103 ou\u0103 \u0219i au privit un film animat cu iepura\u0219ul de Pa\u0219ti. Educ\u0103toarea de la Gr\u0103dini\u021ba num\u0103rul \u0219apte din municipiul B\u0103l\u021bi, [&hellip;]\" \/>\n<meta property=\"og:url\" content=\"https:\/\/www.btv.md\/ro\/picii-din-balti-s-au-familiarizat-cu-traditiile-sarbatorilor-de-pasti\/\" \/>\n<meta property=\"og:site_name\" content=\"BTV\" \/>\n<meta property=\"article:publisher\" content=\"https:\/\/www.facebook.com\/btvmoldova\/\" \/>\n<meta property=\"article:published_time\" content=\"2016-04-22T13:57:51+00:00\" \/>\n<meta property=\"og:image\" content=\"https:\/\/www.btv.md\/wp-content\/uploads\/2016\/04\/copii-biblioteca.png\" \/>\n\t<meta property=\"og:image:width\" content=\"986\" \/>\n\t<meta property=\"og:image:height\" content=\"593\" \/>\n\t<meta property=\"og:image:type\" content=\"image\/png\" \/>\n<meta name=\"author\" content=\"admin\" \/>\n<meta name=\"twitter:label1\" content=\"Scris de\" \/>\n\t<meta name=\"twitter:data1\" content=\"admin\" \/>\n\t<meta name=\"twitter:label2\" content=\"Timp estimat pentru citire\" \/>\n\t<meta name=\"twitter:data2\" content=\"1 minut\" \/>\n<script type=\"application\/ld+json\" class=\"yoast-schema-graph\">{\"@context\":\"https:\\\/\\\/schema.org\",\"@graph\":[{\"@type\":\"Article\",\"@id\":\"https:\\\/\\\/www.btv.md\\\/ro\\\/picii-din-balti-s-au-familiarizat-cu-traditiile-sarbatorilor-de-pasti\\\/#article\",\"isPartOf\":{\"@id\":\"https:\\\/\\\/www.btv.md\\\/ro\\\/picii-din-balti-s-au-familiarizat-cu-traditiile-sarbatorilor-de-pasti\\\/\"},\"author\":{\"name\":\"admin\",\"@id\":\"https:\\\/\\\/www.btv.md\\\/#\\\/schema\\\/person\\\/8fadce81561b3ce2c34c46dadc4ccbf2\"},\"headline\":\"PICII DIN B\u0102L\u021aI S-AU FAMILIARIZAT CU TRADI\u021aIILE S\u0102RB\u0102TORILOR DE PA\u0218TI\",\"datePublished\":\"2016-04-22T13:57:51+00:00\",\"mainEntityOfPage\":{\"@id\":\"https:\\\/\\\/www.btv.md\\\/ro\\\/picii-din-balti-s-au-familiarizat-cu-traditiile-sarbatorilor-de-pasti\\\/\"},\"wordCount\":165,\"image\":{\"@id\":\"https:\\\/\\\/www.btv.md\\\/ro\\\/picii-din-balti-s-au-familiarizat-cu-traditiile-sarbatorilor-de-pasti\\\/#primaryimage\"},\"thumbnailUrl\":\"https:\\\/\\\/www.btv.md\\\/wp-content\\\/uploads\\\/2016\\\/04\\\/copii-biblioteca.png\",\"articleSection\":[\"Ora\u0219\"],\"inLanguage\":\"ro-RO\"},{\"@type\":\"WebPage\",\"@id\":\"https:\\\/\\\/www.btv.md\\\/ro\\\/picii-din-balti-s-au-familiarizat-cu-traditiile-sarbatorilor-de-pasti\\\/\",\"url\":\"https:\\\/\\\/www.btv.md\\\/ro\\\/picii-din-balti-s-au-familiarizat-cu-traditiile-sarbatorilor-de-pasti\\\/\",\"name\":\"PICII DIN B\u0102L\u021aI S-AU FAMILIARIZAT CU TRADI\u021aIILE S\u0102RB\u0102TORILOR DE PA\u0218TI - BTV\",\"isPartOf\":{\"@id\":\"https:\\\/\\\/www.btv.md\\\/#website\"},\"primaryImageOfPage\":{\"@id\":\"https:\\\/\\\/www.btv.md\\\/ro\\\/picii-din-balti-s-au-familiarizat-cu-traditiile-sarbatorilor-de-pasti\\\/#primaryimage\"},\"image\":{\"@id\":\"https:\\\/\\\/www.btv.md\\\/ro\\\/picii-din-balti-s-au-familiarizat-cu-traditiile-sarbatorilor-de-pasti\\\/#primaryimage\"},\"thumbnailUrl\":\"https:\\\/\\\/www.btv.md\\\/wp-content\\\/uploads\\\/2016\\\/04\\\/copii-biblioteca.png\",\"datePublished\":\"2016-04-22T13:57:51+00:00\",\"author\":{\"@id\":\"https:\\\/\\\/www.btv.md\\\/#\\\/schema\\\/person\\\/8fadce81561b3ce2c34c46dadc4ccbf2\"},\"inLanguage\":\"ro-RO\",\"potentialAction\":[{\"@type\":\"ReadAction\",\"target\":[\"https:\\\/\\\/www.btv.md\\\/ro\\\/picii-din-balti-s-au-familiarizat-cu-traditiile-sarbatorilor-de-pasti\\\/\"]}]},{\"@type\":\"ImageObject\",\"inLanguage\":\"ro-RO\",\"@id\":\"https:\\\/\\\/www.btv.md\\\/ro\\\/picii-din-balti-s-au-familiarizat-cu-traditiile-sarbatorilor-de-pasti\\\/#primaryimage\",\"url\":\"https:\\\/\\\/www.btv.md\\\/wp-content\\\/uploads\\\/2016\\\/04\\\/copii-biblioteca.png\",\"contentUrl\":\"https:\\\/\\\/www.btv.md\\\/wp-content\\\/uploads\\\/2016\\\/04\\\/copii-biblioteca.png\",\"width\":986,\"height\":593},{\"@type\":\"WebSite\",\"@id\":\"https:\\\/\\\/www.btv.md\\\/#website\",\"url\":\"https:\\\/\\\/www.btv.md\\\/\",\"name\":\"BTV\",\"description\":\"\u0411\u0435\u043b\u044c\u0446\u043a\u043e\u0435 \u0442\u0435\u043b\u0435\u0432\u0438\u0434\u0435\u043d\u0438\u0435\",\"potentialAction\":[{\"@type\":\"SearchAction\",\"target\":{\"@type\":\"EntryPoint\",\"urlTemplate\":\"https:\\\/\\\/www.btv.md\\\/?s={search_term_string}\"},\"query-input\":{\"@type\":\"PropertyValueSpecification\",\"valueRequired\":true,\"valueName\":\"search_term_string\"}}],\"inLanguage\":\"ro-RO\"},{\"@type\":\"Person\",\"@id\":\"https:\\\/\\\/www.btv.md\\\/#\\\/schema\\\/person\\\/8fadce81561b3ce2c34c46dadc4ccbf2\",\"name\":\"admin\"}]}<\/script>\n<!-- \/ Yoast SEO plugin. -->","yoast_head_json":{"title":"PICII DIN B\u0102L\u021aI S-AU FAMILIARIZAT CU TRADI\u021aIILE S\u0102RB\u0102TORILOR DE PA\u0218TI  - BTV","robots":{"index":"index","follow":"follow","max-snippet":"max-snippet:-1","max-image-preview":"max-image-preview:large","max-video-preview":"max-video-preview:-1"},"canonical":"https:\/\/www.btv.md\/ro\/picii-din-balti-s-au-familiarizat-cu-traditiile-sarbatorilor-de-pasti\/","og_locale":"ro_RO","og_type":"article","og_title":"PICII DIN B\u0102L\u021aI S-AU FAMILIARIZAT CU TRADI\u021aIILE S\u0102RB\u0102TORILOR DE PA\u0218TI  - BTV","og_description":"\u00cen ajunul S\u0103rb\u0103torilor Pascale, micu\u021bii de la Gr\u0103dini\u021ba num\u0103rul \u0219apte din municipiul B\u0103l\u021bi, au participat la \u0219edin\u021b\u0103 \u201eDecelu\u0219ilor Internau\u021bi\u201d unde s-au familiariza\u021bi cu obiceiurile \u0219i tradi\u021biile acestei s\u0103rb\u0103tori cre\u0219tine. Copiii au confec\u021bionat din h\u00e2rtie colorat\u0103 ou\u0103 \u0219i au privit un film animat cu iepura\u0219ul de Pa\u0219ti. Educ\u0103toarea de la Gr\u0103dini\u021ba num\u0103rul \u0219apte din municipiul B\u0103l\u021bi, [&hellip;]","og_url":"https:\/\/www.btv.md\/ro\/picii-din-balti-s-au-familiarizat-cu-traditiile-sarbatorilor-de-pasti\/","og_site_name":"BTV","article_publisher":"https:\/\/www.facebook.com\/btvmoldova\/","article_published_time":"2016-04-22T13:57:51+00:00","og_image":[{"width":986,"height":593,"url":"https:\/\/www.btv.md\/wp-content\/uploads\/2016\/04\/copii-biblioteca.png","type":"image\/png"}],"author":"admin","twitter_misc":{"Scris de":"admin","Timp estimat pentru citire":"1 minut"},"schema":{"@context":"https:\/\/schema.org","@graph":[{"@type":"Article","@id":"https:\/\/www.btv.md\/ro\/picii-din-balti-s-au-familiarizat-cu-traditiile-sarbatorilor-de-pasti\/#article","isPartOf":{"@id":"https:\/\/www.btv.md\/ro\/picii-din-balti-s-au-familiarizat-cu-traditiile-sarbatorilor-de-pasti\/"},"author":{"name":"admin","@id":"https:\/\/www.btv.md\/#\/schema\/person\/8fadce81561b3ce2c34c46dadc4ccbf2"},"headline":"PICII DIN B\u0102L\u021aI S-AU FAMILIARIZAT CU TRADI\u021aIILE S\u0102RB\u0102TORILOR DE PA\u0218TI","datePublished":"2016-04-22T13:57:51+00:00","mainEntityOfPage":{"@id":"https:\/\/www.btv.md\/ro\/picii-din-balti-s-au-familiarizat-cu-traditiile-sarbatorilor-de-pasti\/"},"wordCount":165,"image":{"@id":"https:\/\/www.btv.md\/ro\/picii-din-balti-s-au-familiarizat-cu-traditiile-sarbatorilor-de-pasti\/#primaryimage"},"thumbnailUrl":"https:\/\/www.btv.md\/wp-content\/uploads\/2016\/04\/copii-biblioteca.png","articleSection":["Ora\u0219"],"inLanguage":"ro-RO"},{"@type":"WebPage","@id":"https:\/\/www.btv.md\/ro\/picii-din-balti-s-au-familiarizat-cu-traditiile-sarbatorilor-de-pasti\/","url":"https:\/\/www.btv.md\/ro\/picii-din-balti-s-au-familiarizat-cu-traditiile-sarbatorilor-de-pasti\/","name":"PICII DIN B\u0102L\u021aI S-AU FAMILIARIZAT CU TRADI\u021aIILE S\u0102RB\u0102TORILOR DE PA\u0218TI - BTV","isPartOf":{"@id":"https:\/\/www.btv.md\/#website"},"primaryImageOfPage":{"@id":"https:\/\/www.btv.md\/ro\/picii-din-balti-s-au-familiarizat-cu-traditiile-sarbatorilor-de-pasti\/#primaryimage"},"image":{"@id":"https:\/\/www.btv.md\/ro\/picii-din-balti-s-au-familiarizat-cu-traditiile-sarbatorilor-de-pasti\/#primaryimage"},"thumbnailUrl":"https:\/\/www.btv.md\/wp-content\/uploads\/2016\/04\/copii-biblioteca.png","datePublished":"2016-04-22T13:57:51+00:00","author":{"@id":"https:\/\/www.btv.md\/#\/schema\/person\/8fadce81561b3ce2c34c46dadc4ccbf2"},"inLanguage":"ro-RO","potentialAction":[{"@type":"ReadAction","target":["https:\/\/www.btv.md\/ro\/picii-din-balti-s-au-familiarizat-cu-traditiile-sarbatorilor-de-pasti\/"]}]},{"@type":"ImageObject","inLanguage":"ro-RO","@id":"https:\/\/www.btv.md\/ro\/picii-din-balti-s-au-familiarizat-cu-traditiile-sarbatorilor-de-pasti\/#primaryimage","url":"https:\/\/www.btv.md\/wp-content\/uploads\/2016\/04\/copii-biblioteca.png","contentUrl":"https:\/\/www.btv.md\/wp-content\/uploads\/2016\/04\/copii-biblioteca.png","width":986,"height":593},{"@type":"WebSite","@id":"https:\/\/www.btv.md\/#website","url":"https:\/\/www.btv.md\/","name":"BTV","description":"\u0411\u0435\u043b\u044c\u0446\u043a\u043e\u0435 \u0442\u0435\u043b\u0435\u0432\u0438\u0434\u0435\u043d\u0438\u0435","potentialAction":[{"@type":"SearchAction","target":{"@type":"EntryPoint","urlTemplate":"https:\/\/www.btv.md\/?s={search_term_string}"},"query-input":{"@type":"PropertyValueSpecification","valueRequired":true,"valueName":"search_term_string"}}],"inLanguage":"ro-RO"},{"@type":"Person","@id":"https:\/\/www.btv.md\/#\/schema\/person\/8fadce81561b3ce2c34c46dadc4ccbf2","name":"admin"}]}},"_links":{"self":[{"href":"https:\/\/www.btv.md\/ro\/wp-json\/wp\/v2\/posts\/11329","targetHints":{"allow":["GET"]}}],"collection":[{"href":"https:\/\/www.btv.md\/ro\/wp-json\/wp\/v2\/posts"}],"about":[{"href":"https:\/\/www.btv.md\/ro\/wp-json\/wp\/v2\/types\/post"}],"author":[{"embeddable":true,"href":"https:\/\/www.btv.md\/ro\/wp-json\/wp\/v2\/users\/4"}],"replies":[{"embeddable":true,"href":"https:\/\/www.btv.md\/ro\/wp-json\/wp\/v2\/comments?post=11329"}],"version-history":[{"count":0,"href":"https:\/\/www.btv.md\/ro\/wp-json\/wp\/v2\/posts\/11329\/revisions"}],"wp:featuredmedia":[{"embeddable":true,"href":"https:\/\/www.btv.md\/ro\/wp-json\/wp\/v2\/media\/11330"}],"wp:attachment":[{"href":"https:\/\/www.btv.md\/ro\/wp-json\/wp\/v2\/media?parent=11329"}],"wp:term":[{"taxonomy":"category","embeddable":true,"href":"https:\/\/www.btv.md\/ro\/wp-json\/wp\/v2\/categories?post=11329"},{"taxonomy":"post_tag","embeddable":true,"href":"https:\/\/www.btv.md\/ro\/wp-json\/wp\/v2\/tags?post=11329"}],"curies":[{"name":"wp","href":"https:\/\/api.w.org\/{rel}","templated":true}]}}