{"id":11354,"date":"2016-04-22T18:00:12","date_gmt":"2016-04-22T15:00:12","guid":{"rendered":"http:\/\/btv.md\/?p=11354"},"modified":"2016-04-22T18:00:12","modified_gmt":"2016-04-22T15:00:12","slug":"gestul-inexplicabil-a-unor-balteni-dupa-noi-macar-gunoi","status":"publish","type":"post","link":"https:\/\/www.btv.md\/ro\/gestul-inexplicabil-a-unor-balteni-dupa-noi-macar-gunoi\/","title":{"rendered":"GESTUL INEXPLICABIL A UNOR  B\u0102L\u021aENI:  DUP\u0102  NOI  M\u0102CAR  GUNOI"},"content":{"rendered":"<p><strong>\u0218i-au salubrizat curtea din fa\u021ba blocului, iar gunoiul adunat la-u aruncat \u00eentr-o f\u00e2\u0219ie forestier\u0103. Este gestul inexplicabil a unor locuitori din municipiul B\u0103l\u021bi.<\/strong><\/p>\n<p>\u00cen apropiere de groapa de gunoi neautorizat\u0103 se afl\u0103 caminului de medicin\u0103 \u201eLuceaf\u0103rul\u201d Intendenta acestuia, Tcaci Valentina spune c\u0103 deja a obosit s\u0103 salubrizeze teritoriul din preajma c\u0103minului, c\u0103ci locatarii anunc\u0103 gunoiul pe unde apuc\u0103.<\/p>\n<p>Ecologi\u0219tii sosi\u021bi la fa\u021ba locului au chemat o autospecial\u0103 pentru evacuarea de\u0219eurilor.<\/p>\n<p>Men\u021bion\u0103m c\u0103 acum Agen\u021bia Ecologic\u0103 din municipiul B\u0103l\u021bi efectueaz\u0103 mai multe razii de salubrizare a municipiului B\u0103l\u021bi.<\/p>\n<p>Irina Baxan<br \/>\nCorneliu Vieru<br \/>\nChira Batranac<\/p>\n<p><iframe width=\"420\" height=\"315\" data-src=\"https:\/\/www.youtube.com\/embed\/cuDSjh6I6G0\" frameborder=\"0\" allowfullscreen src=\"data:image\/svg+xml;base64,PHN2ZyB3aWR0aD0iMSIgaGVpZ2h0PSIxIiB4bWxucz0iaHR0cDovL3d3dy53My5vcmcvMjAwMC9zdmciPjwvc3ZnPg==\" class=\"lazyload\" data-load-mode=\"1\"><\/iframe><\/p>\n","protected":false},"excerpt":{"rendered":"<p>\u0218i-au salubrizat curtea din fa\u021ba blocului, iar gunoiul adunat la-u aruncat \u00eentr-o f\u00e2\u0219ie forestier\u0103. Este gestul inexplicabil a unor locuitori din municipiul B\u0103l\u021bi. \u00cen apropiere de groapa de gunoi neautorizat\u0103 se afl\u0103 caminului de medicin\u0103 \u201eLuceaf\u0103rul\u201d Intendenta acestuia, Tcaci Valentina spune c\u0103 deja a obosit s\u0103 salubrizeze teritoriul din preajma c\u0103minului, c\u0103ci locatarii anunc\u0103 gunoiul [&hellip;]<\/p>\n","protected":false},"author":4,"featured_media":11355,"comment_status":"closed","ping_status":"closed","sticky":false,"template":"","format":"standard","meta":{"footnotes":""},"categories":[6353],"tags":[],"class_list":["post-11354","post","type-post","status-publish","format-standard","has-post-thumbnail","hentry","category-oras"],"yoast_head":"<!-- This site is optimized with the Yoast SEO plugin v27.4 - https:\/\/yoast.com\/product\/yoast-seo-wordpress\/ -->\n<title>GESTUL INEXPLICABIL A UNOR B\u0102L\u021aENI: DUP\u0102 NOI M\u0102CAR GUNOI - BTV<\/title>\n<meta name=\"robots\" content=\"index, follow, max-snippet:-1, max-image-preview:large, max-video-preview:-1\" \/>\n<link rel=\"canonical\" href=\"https:\/\/www.btv.md\/ro\/gestul-inexplicabil-a-unor-balteni-dupa-noi-macar-gunoi\/\" \/>\n<meta property=\"og:locale\" content=\"ro_RO\" \/>\n<meta property=\"og:type\" content=\"article\" \/>\n<meta property=\"og:title\" content=\"GESTUL INEXPLICABIL A UNOR B\u0102L\u021aENI: DUP\u0102 NOI M\u0102CAR GUNOI - BTV\" \/>\n<meta property=\"og:description\" content=\"\u0218i-au salubrizat curtea din fa\u021ba blocului, iar gunoiul adunat la-u aruncat \u00eentr-o f\u00e2\u0219ie forestier\u0103. Este gestul inexplicabil a unor locuitori din municipiul B\u0103l\u021bi. \u00cen apropiere de groapa de gunoi neautorizat\u0103 se afl\u0103 caminului de medicin\u0103 \u201eLuceaf\u0103rul\u201d Intendenta acestuia, Tcaci Valentina spune c\u0103 deja a obosit s\u0103 salubrizeze teritoriul din preajma c\u0103minului, c\u0103ci locatarii anunc\u0103 gunoiul [&hellip;]\" \/>\n<meta property=\"og:url\" content=\"https:\/\/www.btv.md\/ro\/gestul-inexplicabil-a-unor-balteni-dupa-noi-macar-gunoi\/\" \/>\n<meta property=\"og:site_name\" content=\"BTV\" \/>\n<meta property=\"article:publisher\" content=\"https:\/\/www.facebook.com\/btvmoldova\/\" \/>\n<meta property=\"article:published_time\" content=\"2016-04-22T15:00:12+00:00\" \/>\n<meta property=\"og:image\" content=\"https:\/\/www.btv.md\/wp-content\/uploads\/2016\/04\/gunoi.png\" \/>\n\t<meta property=\"og:image:width\" content=\"1001\" \/>\n\t<meta property=\"og:image:height\" content=\"581\" \/>\n\t<meta property=\"og:image:type\" content=\"image\/png\" \/>\n<meta name=\"author\" content=\"admin\" \/>\n<meta name=\"twitter:label1\" content=\"Scris de\" \/>\n\t<meta name=\"twitter:data1\" content=\"admin\" \/>\n\t<meta name=\"twitter:label2\" content=\"Timp estimat pentru citire\" \/>\n\t<meta name=\"twitter:data2\" content=\"1 minut\" \/>\n<script type=\"application\/ld+json\" class=\"yoast-schema-graph\">{\"@context\":\"https:\\\/\\\/schema.org\",\"@graph\":[{\"@type\":\"Article\",\"@id\":\"https:\\\/\\\/www.btv.md\\\/ro\\\/gestul-inexplicabil-a-unor-balteni-dupa-noi-macar-gunoi\\\/#article\",\"isPartOf\":{\"@id\":\"https:\\\/\\\/www.btv.md\\\/ro\\\/gestul-inexplicabil-a-unor-balteni-dupa-noi-macar-gunoi\\\/\"},\"author\":{\"name\":\"admin\",\"@id\":\"https:\\\/\\\/www.btv.md\\\/#\\\/schema\\\/person\\\/8fadce81561b3ce2c34c46dadc4ccbf2\"},\"headline\":\"GESTUL INEXPLICABIL A UNOR B\u0102L\u021aENI: DUP\u0102 NOI M\u0102CAR GUNOI\",\"datePublished\":\"2016-04-22T15:00:12+00:00\",\"mainEntityOfPage\":{\"@id\":\"https:\\\/\\\/www.btv.md\\\/ro\\\/gestul-inexplicabil-a-unor-balteni-dupa-noi-macar-gunoi\\\/\"},\"wordCount\":123,\"image\":{\"@id\":\"https:\\\/\\\/www.btv.md\\\/ro\\\/gestul-inexplicabil-a-unor-balteni-dupa-noi-macar-gunoi\\\/#primaryimage\"},\"thumbnailUrl\":\"https:\\\/\\\/www.btv.md\\\/wp-content\\\/uploads\\\/2016\\\/04\\\/gunoi.png\",\"articleSection\":[\"Ora\u0219\"],\"inLanguage\":\"ro-RO\"},{\"@type\":\"WebPage\",\"@id\":\"https:\\\/\\\/www.btv.md\\\/ro\\\/gestul-inexplicabil-a-unor-balteni-dupa-noi-macar-gunoi\\\/\",\"url\":\"https:\\\/\\\/www.btv.md\\\/ro\\\/gestul-inexplicabil-a-unor-balteni-dupa-noi-macar-gunoi\\\/\",\"name\":\"GESTUL INEXPLICABIL A UNOR B\u0102L\u021aENI: DUP\u0102 NOI M\u0102CAR GUNOI - BTV\",\"isPartOf\":{\"@id\":\"https:\\\/\\\/www.btv.md\\\/#website\"},\"primaryImageOfPage\":{\"@id\":\"https:\\\/\\\/www.btv.md\\\/ro\\\/gestul-inexplicabil-a-unor-balteni-dupa-noi-macar-gunoi\\\/#primaryimage\"},\"image\":{\"@id\":\"https:\\\/\\\/www.btv.md\\\/ro\\\/gestul-inexplicabil-a-unor-balteni-dupa-noi-macar-gunoi\\\/#primaryimage\"},\"thumbnailUrl\":\"https:\\\/\\\/www.btv.md\\\/wp-content\\\/uploads\\\/2016\\\/04\\\/gunoi.png\",\"datePublished\":\"2016-04-22T15:00:12+00:00\",\"author\":{\"@id\":\"https:\\\/\\\/www.btv.md\\\/#\\\/schema\\\/person\\\/8fadce81561b3ce2c34c46dadc4ccbf2\"},\"inLanguage\":\"ro-RO\",\"potentialAction\":[{\"@type\":\"ReadAction\",\"target\":[\"https:\\\/\\\/www.btv.md\\\/ro\\\/gestul-inexplicabil-a-unor-balteni-dupa-noi-macar-gunoi\\\/\"]}]},{\"@type\":\"ImageObject\",\"inLanguage\":\"ro-RO\",\"@id\":\"https:\\\/\\\/www.btv.md\\\/ro\\\/gestul-inexplicabil-a-unor-balteni-dupa-noi-macar-gunoi\\\/#primaryimage\",\"url\":\"https:\\\/\\\/www.btv.md\\\/wp-content\\\/uploads\\\/2016\\\/04\\\/gunoi.png\",\"contentUrl\":\"https:\\\/\\\/www.btv.md\\\/wp-content\\\/uploads\\\/2016\\\/04\\\/gunoi.png\",\"width\":1001,\"height\":581},{\"@type\":\"WebSite\",\"@id\":\"https:\\\/\\\/www.btv.md\\\/#website\",\"url\":\"https:\\\/\\\/www.btv.md\\\/\",\"name\":\"BTV\",\"description\":\"\u0411\u0435\u043b\u044c\u0446\u043a\u043e\u0435 \u0442\u0435\u043b\u0435\u0432\u0438\u0434\u0435\u043d\u0438\u0435\",\"potentialAction\":[{\"@type\":\"SearchAction\",\"target\":{\"@type\":\"EntryPoint\",\"urlTemplate\":\"https:\\\/\\\/www.btv.md\\\/?s={search_term_string}\"},\"query-input\":{\"@type\":\"PropertyValueSpecification\",\"valueRequired\":true,\"valueName\":\"search_term_string\"}}],\"inLanguage\":\"ro-RO\"},{\"@type\":\"Person\",\"@id\":\"https:\\\/\\\/www.btv.md\\\/#\\\/schema\\\/person\\\/8fadce81561b3ce2c34c46dadc4ccbf2\",\"name\":\"admin\"}]}<\/script>\n<!-- \/ Yoast SEO plugin. -->","yoast_head_json":{"title":"GESTUL INEXPLICABIL A UNOR B\u0102L\u021aENI: DUP\u0102 NOI M\u0102CAR GUNOI - BTV","robots":{"index":"index","follow":"follow","max-snippet":"max-snippet:-1","max-image-preview":"max-image-preview:large","max-video-preview":"max-video-preview:-1"},"canonical":"https:\/\/www.btv.md\/ro\/gestul-inexplicabil-a-unor-balteni-dupa-noi-macar-gunoi\/","og_locale":"ro_RO","og_type":"article","og_title":"GESTUL INEXPLICABIL A UNOR B\u0102L\u021aENI: DUP\u0102 NOI M\u0102CAR GUNOI - BTV","og_description":"\u0218i-au salubrizat curtea din fa\u021ba blocului, iar gunoiul adunat la-u aruncat \u00eentr-o f\u00e2\u0219ie forestier\u0103. Este gestul inexplicabil a unor locuitori din municipiul B\u0103l\u021bi. \u00cen apropiere de groapa de gunoi neautorizat\u0103 se afl\u0103 caminului de medicin\u0103 \u201eLuceaf\u0103rul\u201d Intendenta acestuia, Tcaci Valentina spune c\u0103 deja a obosit s\u0103 salubrizeze teritoriul din preajma c\u0103minului, c\u0103ci locatarii anunc\u0103 gunoiul [&hellip;]","og_url":"https:\/\/www.btv.md\/ro\/gestul-inexplicabil-a-unor-balteni-dupa-noi-macar-gunoi\/","og_site_name":"BTV","article_publisher":"https:\/\/www.facebook.com\/btvmoldova\/","article_published_time":"2016-04-22T15:00:12+00:00","og_image":[{"width":1001,"height":581,"url":"https:\/\/www.btv.md\/wp-content\/uploads\/2016\/04\/gunoi.png","type":"image\/png"}],"author":"admin","twitter_misc":{"Scris de":"admin","Timp estimat pentru citire":"1 minut"},"schema":{"@context":"https:\/\/schema.org","@graph":[{"@type":"Article","@id":"https:\/\/www.btv.md\/ro\/gestul-inexplicabil-a-unor-balteni-dupa-noi-macar-gunoi\/#article","isPartOf":{"@id":"https:\/\/www.btv.md\/ro\/gestul-inexplicabil-a-unor-balteni-dupa-noi-macar-gunoi\/"},"author":{"name":"admin","@id":"https:\/\/www.btv.md\/#\/schema\/person\/8fadce81561b3ce2c34c46dadc4ccbf2"},"headline":"GESTUL INEXPLICABIL A UNOR B\u0102L\u021aENI: DUP\u0102 NOI M\u0102CAR GUNOI","datePublished":"2016-04-22T15:00:12+00:00","mainEntityOfPage":{"@id":"https:\/\/www.btv.md\/ro\/gestul-inexplicabil-a-unor-balteni-dupa-noi-macar-gunoi\/"},"wordCount":123,"image":{"@id":"https:\/\/www.btv.md\/ro\/gestul-inexplicabil-a-unor-balteni-dupa-noi-macar-gunoi\/#primaryimage"},"thumbnailUrl":"https:\/\/www.btv.md\/wp-content\/uploads\/2016\/04\/gunoi.png","articleSection":["Ora\u0219"],"inLanguage":"ro-RO"},{"@type":"WebPage","@id":"https:\/\/www.btv.md\/ro\/gestul-inexplicabil-a-unor-balteni-dupa-noi-macar-gunoi\/","url":"https:\/\/www.btv.md\/ro\/gestul-inexplicabil-a-unor-balteni-dupa-noi-macar-gunoi\/","name":"GESTUL INEXPLICABIL A UNOR B\u0102L\u021aENI: DUP\u0102 NOI M\u0102CAR GUNOI - BTV","isPartOf":{"@id":"https:\/\/www.btv.md\/#website"},"primaryImageOfPage":{"@id":"https:\/\/www.btv.md\/ro\/gestul-inexplicabil-a-unor-balteni-dupa-noi-macar-gunoi\/#primaryimage"},"image":{"@id":"https:\/\/www.btv.md\/ro\/gestul-inexplicabil-a-unor-balteni-dupa-noi-macar-gunoi\/#primaryimage"},"thumbnailUrl":"https:\/\/www.btv.md\/wp-content\/uploads\/2016\/04\/gunoi.png","datePublished":"2016-04-22T15:00:12+00:00","author":{"@id":"https:\/\/www.btv.md\/#\/schema\/person\/8fadce81561b3ce2c34c46dadc4ccbf2"},"inLanguage":"ro-RO","potentialAction":[{"@type":"ReadAction","target":["https:\/\/www.btv.md\/ro\/gestul-inexplicabil-a-unor-balteni-dupa-noi-macar-gunoi\/"]}]},{"@type":"ImageObject","inLanguage":"ro-RO","@id":"https:\/\/www.btv.md\/ro\/gestul-inexplicabil-a-unor-balteni-dupa-noi-macar-gunoi\/#primaryimage","url":"https:\/\/www.btv.md\/wp-content\/uploads\/2016\/04\/gunoi.png","contentUrl":"https:\/\/www.btv.md\/wp-content\/uploads\/2016\/04\/gunoi.png","width":1001,"height":581},{"@type":"WebSite","@id":"https:\/\/www.btv.md\/#website","url":"https:\/\/www.btv.md\/","name":"BTV","description":"\u0411\u0435\u043b\u044c\u0446\u043a\u043e\u0435 \u0442\u0435\u043b\u0435\u0432\u0438\u0434\u0435\u043d\u0438\u0435","potentialAction":[{"@type":"SearchAction","target":{"@type":"EntryPoint","urlTemplate":"https:\/\/www.btv.md\/?s={search_term_string}"},"query-input":{"@type":"PropertyValueSpecification","valueRequired":true,"valueName":"search_term_string"}}],"inLanguage":"ro-RO"},{"@type":"Person","@id":"https:\/\/www.btv.md\/#\/schema\/person\/8fadce81561b3ce2c34c46dadc4ccbf2","name":"admin"}]}},"_links":{"self":[{"href":"https:\/\/www.btv.md\/ro\/wp-json\/wp\/v2\/posts\/11354","targetHints":{"allow":["GET"]}}],"collection":[{"href":"https:\/\/www.btv.md\/ro\/wp-json\/wp\/v2\/posts"}],"about":[{"href":"https:\/\/www.btv.md\/ro\/wp-json\/wp\/v2\/types\/post"}],"author":[{"embeddable":true,"href":"https:\/\/www.btv.md\/ro\/wp-json\/wp\/v2\/users\/4"}],"replies":[{"embeddable":true,"href":"https:\/\/www.btv.md\/ro\/wp-json\/wp\/v2\/comments?post=11354"}],"version-history":[{"count":0,"href":"https:\/\/www.btv.md\/ro\/wp-json\/wp\/v2\/posts\/11354\/revisions"}],"wp:featuredmedia":[{"embeddable":true,"href":"https:\/\/www.btv.md\/ro\/wp-json\/wp\/v2\/media\/11355"}],"wp:attachment":[{"href":"https:\/\/www.btv.md\/ro\/wp-json\/wp\/v2\/media?parent=11354"}],"wp:term":[{"taxonomy":"category","embeddable":true,"href":"https:\/\/www.btv.md\/ro\/wp-json\/wp\/v2\/categories?post=11354"},{"taxonomy":"post_tag","embeddable":true,"href":"https:\/\/www.btv.md\/ro\/wp-json\/wp\/v2\/tags?post=11354"}],"curies":[{"name":"wp","href":"https:\/\/api.w.org\/{rel}","templated":true}]}}