{"id":11360,"date":"2016-04-25T11:18:29","date_gmt":"2016-04-25T08:18:29","guid":{"rendered":"http:\/\/btv.md\/?p=11360"},"modified":"2016-04-25T11:18:29","modified_gmt":"2016-04-25T08:18:29","slug":"evaluare-externa-a-anre","status":"publish","type":"post","link":"https:\/\/www.btv.md\/ro\/evaluare-externa-a-anre\/","title":{"rendered":"EVALUARE  EXTERN\u0102 A ANRE"},"content":{"rendered":"<p><strong>Autorit\u0103\u0163ile se pare c\u0103 sunt decise s\u0103 duc\u0103 p\u00e2n\u0103 la cap\u0103t planul de subordonare complet\u0103 a Agen\u0163iei Na\u0163ionale de Reglementare \u00een Energetic\u0103 (ANRE), care \u00een ultimul an \u015fi-a pierdut \u015fi ultimele elemente de independen\u0163\u0103, scrie <a href=\"http:\/\/www.jurnal.md\/ro\/economic\/2016\/4\/24\/se-cauta-o-noua-conducere-la-anre-sau-ce-ascunde-initiativa-lui-candu\/\" target=\"_blank\">jurnal.md<\/a>.<\/strong><\/p>\n<p>Una din etape s-a consumat chiar s\u0103pt\u0103m\u00e2na trecut\u0103 c\u00e2nd s-a anun\u0163at c\u0103 pre\u015fedintele Parlamentului Andrian Candu \u015fi prim-ministrul Pavel Filip au semnat un demers la adresa Comunit\u0103\u0163ii Energetice, prin care solicit\u0103 sprijin \u00een evaluarea independent\u0103 extern\u0103 a ANRE.<\/p>\n<p><strong>Parlamentul \u015fi Guvernul vor s\u0103 regleze toate tarifele <\/strong><\/p>\n<p>Un comunicat de pres\u0103 al Parlamentului preciza c\u0103 pe aceast\u0103 cale, Legislativul \u015fi Executivul se angajeaz\u0103 s\u0103 dezvolte sectorul energetic, s\u0103 asigure eficien\u0163a mijloacelor de distribu\u0163ie a energiei \u015fi s\u0103 modernizeze acest sector conform standardelor europene.<\/p>\n<p>\u201e<em>Sporirea transparen\u0163ei \u015fi condi\u0163iilor investi\u0163ionale \u00een sectorul energetic este un punct-cheie \u00een parcursul stabiliz\u0103rii pozitive a \u0163\u0103rii, iar acest lucru se poate face doar cu transparentizarea \u015fi \u00eent\u0103rirea capacit\u0103\u0163ilor ANRE. \u00cen acest sens, avem o colaborare str\u00e2ns\u0103 cu Guvernul \u015fi vom continua stabilizarea pre\u0163ului energiei \u015fi reglarea tuturor tarifelor \u00een func\u0163ie de puterea de cump\u0103rare a cet\u0103\u0163enilor Republicii Moldova<\/em>&#8222;, a anun\u0163at Andrian<br \/>\nCandu, pre\u015fedintele Parlamentului. <\/p>\n<p>Totodat\u0103 el a sus\u0163inut c\u0103 o mai bun\u0103 transparen\u0163\u0103 \u015fi eficientizare la nivelul ANRE &#8222;<em>se va traduce \u00eentr-o stabilitate energetic\u0103 a \u0163\u0103rii din punct de vedere tarifar \u015fi va asigura independen\u0163a Republicii Moldova \u00een acest sector crucial<\/em>\u201d.<\/p>\n<p>Pre\u015fedintele Parlamentului a exprimat \u015fi gratitudine Comunit\u0103\u0163ii Energetice \u015fi partenerilor de dezvoltare pentru sprijinul acordat \u00een implementarea reformei sectorului energetic.<\/p>\n","protected":false},"excerpt":{"rendered":"<p>Autorit\u0103\u0163ile se pare c\u0103 sunt decise s\u0103 duc\u0103 p\u00e2n\u0103 la cap\u0103t planul de subordonare complet\u0103 a Agen\u0163iei Na\u0163ionale de Reglementare \u00een Energetic\u0103 (ANRE), care \u00een ultimul an \u015fi-a pierdut \u015fi ultimele elemente de independen\u0163\u0103, scrie jurnal.md. Una din etape s-a consumat chiar s\u0103pt\u0103m\u00e2na trecut\u0103 c\u00e2nd s-a anun\u0163at c\u0103 pre\u015fedintele Parlamentului Andrian Candu \u015fi prim-ministrul Pavel [&hellip;]<\/p>\n","protected":false},"author":4,"featured_media":11361,"comment_status":"closed","ping_status":"closed","sticky":false,"template":"","format":"standard","meta":{"footnotes":""},"categories":[6369],"tags":[],"class_list":["post-11360","post","type-post","status-publish","format-standard","has-post-thumbnail","hentry","category-economie-ro"],"yoast_head":"<!-- This site is optimized with the Yoast SEO plugin v27.4 - https:\/\/yoast.com\/product\/yoast-seo-wordpress\/ -->\n<title>EVALUARE EXTERN\u0102 A ANRE - BTV<\/title>\n<meta name=\"robots\" content=\"index, follow, max-snippet:-1, max-image-preview:large, max-video-preview:-1\" \/>\n<link rel=\"canonical\" href=\"https:\/\/www.btv.md\/ro\/evaluare-externa-a-anre\/\" \/>\n<meta property=\"og:locale\" content=\"ro_RO\" \/>\n<meta property=\"og:type\" content=\"article\" \/>\n<meta property=\"og:title\" content=\"EVALUARE EXTERN\u0102 A ANRE - BTV\" \/>\n<meta property=\"og:description\" content=\"Autorit\u0103\u0163ile se pare c\u0103 sunt decise s\u0103 duc\u0103 p\u00e2n\u0103 la cap\u0103t planul de subordonare complet\u0103 a Agen\u0163iei Na\u0163ionale de Reglementare \u00een Energetic\u0103 (ANRE), care \u00een ultimul an \u015fi-a pierdut \u015fi ultimele elemente de independen\u0163\u0103, scrie jurnal.md. Una din etape s-a consumat chiar s\u0103pt\u0103m\u00e2na trecut\u0103 c\u00e2nd s-a anun\u0163at c\u0103 pre\u015fedintele Parlamentului Andrian Candu \u015fi prim-ministrul Pavel [&hellip;]\" \/>\n<meta property=\"og:url\" content=\"https:\/\/www.btv.md\/ro\/evaluare-externa-a-anre\/\" \/>\n<meta property=\"og:site_name\" content=\"BTV\" \/>\n<meta property=\"article:publisher\" content=\"https:\/\/www.facebook.com\/btvmoldova\/\" \/>\n<meta property=\"article:published_time\" content=\"2016-04-25T08:18:29+00:00\" \/>\n<meta property=\"og:image\" content=\"https:\/\/www.btv.md\/wp-content\/uploads\/2016\/04\/big-anre-se-convoaca-in-edin-a-privind-majorarea-tarifelor-la-gazele-naturale.jpg\" \/>\n\t<meta property=\"og:image:width\" content=\"496\" \/>\n\t<meta property=\"og:image:height\" content=\"310\" \/>\n\t<meta property=\"og:image:type\" content=\"image\/jpeg\" \/>\n<meta name=\"author\" content=\"admin\" \/>\n<meta name=\"twitter:label1\" content=\"Scris de\" \/>\n\t<meta name=\"twitter:data1\" content=\"admin\" \/>\n\t<meta name=\"twitter:label2\" content=\"Timp estimat pentru citire\" \/>\n\t<meta name=\"twitter:data2\" content=\"1 minut\" \/>\n<script type=\"application\/ld+json\" class=\"yoast-schema-graph\">{\"@context\":\"https:\\\/\\\/schema.org\",\"@graph\":[{\"@type\":\"Article\",\"@id\":\"https:\\\/\\\/www.btv.md\\\/ro\\\/evaluare-externa-a-anre\\\/#article\",\"isPartOf\":{\"@id\":\"https:\\\/\\\/www.btv.md\\\/ro\\\/evaluare-externa-a-anre\\\/\"},\"author\":{\"name\":\"admin\",\"@id\":\"https:\\\/\\\/www.btv.md\\\/#\\\/schema\\\/person\\\/8fadce81561b3ce2c34c46dadc4ccbf2\"},\"headline\":\"EVALUARE EXTERN\u0102 A ANRE\",\"datePublished\":\"2016-04-25T08:18:29+00:00\",\"mainEntityOfPage\":{\"@id\":\"https:\\\/\\\/www.btv.md\\\/ro\\\/evaluare-externa-a-anre\\\/\"},\"wordCount\":276,\"image\":{\"@id\":\"https:\\\/\\\/www.btv.md\\\/ro\\\/evaluare-externa-a-anre\\\/#primaryimage\"},\"thumbnailUrl\":\"https:\\\/\\\/www.btv.md\\\/wp-content\\\/uploads\\\/2016\\\/04\\\/big-anre-se-convoaca-in-edin-a-privind-majorarea-tarifelor-la-gazele-naturale.jpg\",\"articleSection\":[\"Economie\"],\"inLanguage\":\"ro-RO\"},{\"@type\":\"WebPage\",\"@id\":\"https:\\\/\\\/www.btv.md\\\/ro\\\/evaluare-externa-a-anre\\\/\",\"url\":\"https:\\\/\\\/www.btv.md\\\/ro\\\/evaluare-externa-a-anre\\\/\",\"name\":\"EVALUARE EXTERN\u0102 A ANRE - BTV\",\"isPartOf\":{\"@id\":\"https:\\\/\\\/www.btv.md\\\/#website\"},\"primaryImageOfPage\":{\"@id\":\"https:\\\/\\\/www.btv.md\\\/ro\\\/evaluare-externa-a-anre\\\/#primaryimage\"},\"image\":{\"@id\":\"https:\\\/\\\/www.btv.md\\\/ro\\\/evaluare-externa-a-anre\\\/#primaryimage\"},\"thumbnailUrl\":\"https:\\\/\\\/www.btv.md\\\/wp-content\\\/uploads\\\/2016\\\/04\\\/big-anre-se-convoaca-in-edin-a-privind-majorarea-tarifelor-la-gazele-naturale.jpg\",\"datePublished\":\"2016-04-25T08:18:29+00:00\",\"author\":{\"@id\":\"https:\\\/\\\/www.btv.md\\\/#\\\/schema\\\/person\\\/8fadce81561b3ce2c34c46dadc4ccbf2\"},\"inLanguage\":\"ro-RO\",\"potentialAction\":[{\"@type\":\"ReadAction\",\"target\":[\"https:\\\/\\\/www.btv.md\\\/ro\\\/evaluare-externa-a-anre\\\/\"]}]},{\"@type\":\"ImageObject\",\"inLanguage\":\"ro-RO\",\"@id\":\"https:\\\/\\\/www.btv.md\\\/ro\\\/evaluare-externa-a-anre\\\/#primaryimage\",\"url\":\"https:\\\/\\\/www.btv.md\\\/wp-content\\\/uploads\\\/2016\\\/04\\\/big-anre-se-convoaca-in-edin-a-privind-majorarea-tarifelor-la-gazele-naturale.jpg\",\"contentUrl\":\"https:\\\/\\\/www.btv.md\\\/wp-content\\\/uploads\\\/2016\\\/04\\\/big-anre-se-convoaca-in-edin-a-privind-majorarea-tarifelor-la-gazele-naturale.jpg\",\"width\":496,\"height\":310,\"caption\":\"www.trm.md\"},{\"@type\":\"WebSite\",\"@id\":\"https:\\\/\\\/www.btv.md\\\/#website\",\"url\":\"https:\\\/\\\/www.btv.md\\\/\",\"name\":\"BTV\",\"description\":\"\u0411\u0435\u043b\u044c\u0446\u043a\u043e\u0435 \u0442\u0435\u043b\u0435\u0432\u0438\u0434\u0435\u043d\u0438\u0435\",\"potentialAction\":[{\"@type\":\"SearchAction\",\"target\":{\"@type\":\"EntryPoint\",\"urlTemplate\":\"https:\\\/\\\/www.btv.md\\\/?s={search_term_string}\"},\"query-input\":{\"@type\":\"PropertyValueSpecification\",\"valueRequired\":true,\"valueName\":\"search_term_string\"}}],\"inLanguage\":\"ro-RO\"},{\"@type\":\"Person\",\"@id\":\"https:\\\/\\\/www.btv.md\\\/#\\\/schema\\\/person\\\/8fadce81561b3ce2c34c46dadc4ccbf2\",\"name\":\"admin\"}]}<\/script>\n<!-- \/ Yoast SEO plugin. -->","yoast_head_json":{"title":"EVALUARE EXTERN\u0102 A ANRE - BTV","robots":{"index":"index","follow":"follow","max-snippet":"max-snippet:-1","max-image-preview":"max-image-preview:large","max-video-preview":"max-video-preview:-1"},"canonical":"https:\/\/www.btv.md\/ro\/evaluare-externa-a-anre\/","og_locale":"ro_RO","og_type":"article","og_title":"EVALUARE EXTERN\u0102 A ANRE - BTV","og_description":"Autorit\u0103\u0163ile se pare c\u0103 sunt decise s\u0103 duc\u0103 p\u00e2n\u0103 la cap\u0103t planul de subordonare complet\u0103 a Agen\u0163iei Na\u0163ionale de Reglementare \u00een Energetic\u0103 (ANRE), care \u00een ultimul an \u015fi-a pierdut \u015fi ultimele elemente de independen\u0163\u0103, scrie jurnal.md. Una din etape s-a consumat chiar s\u0103pt\u0103m\u00e2na trecut\u0103 c\u00e2nd s-a anun\u0163at c\u0103 pre\u015fedintele Parlamentului Andrian Candu \u015fi prim-ministrul Pavel [&hellip;]","og_url":"https:\/\/www.btv.md\/ro\/evaluare-externa-a-anre\/","og_site_name":"BTV","article_publisher":"https:\/\/www.facebook.com\/btvmoldova\/","article_published_time":"2016-04-25T08:18:29+00:00","og_image":[{"width":496,"height":310,"url":"https:\/\/www.btv.md\/wp-content\/uploads\/2016\/04\/big-anre-se-convoaca-in-edin-a-privind-majorarea-tarifelor-la-gazele-naturale.jpg","type":"image\/jpeg"}],"author":"admin","twitter_misc":{"Scris de":"admin","Timp estimat pentru citire":"1 minut"},"schema":{"@context":"https:\/\/schema.org","@graph":[{"@type":"Article","@id":"https:\/\/www.btv.md\/ro\/evaluare-externa-a-anre\/#article","isPartOf":{"@id":"https:\/\/www.btv.md\/ro\/evaluare-externa-a-anre\/"},"author":{"name":"admin","@id":"https:\/\/www.btv.md\/#\/schema\/person\/8fadce81561b3ce2c34c46dadc4ccbf2"},"headline":"EVALUARE EXTERN\u0102 A ANRE","datePublished":"2016-04-25T08:18:29+00:00","mainEntityOfPage":{"@id":"https:\/\/www.btv.md\/ro\/evaluare-externa-a-anre\/"},"wordCount":276,"image":{"@id":"https:\/\/www.btv.md\/ro\/evaluare-externa-a-anre\/#primaryimage"},"thumbnailUrl":"https:\/\/www.btv.md\/wp-content\/uploads\/2016\/04\/big-anre-se-convoaca-in-edin-a-privind-majorarea-tarifelor-la-gazele-naturale.jpg","articleSection":["Economie"],"inLanguage":"ro-RO"},{"@type":"WebPage","@id":"https:\/\/www.btv.md\/ro\/evaluare-externa-a-anre\/","url":"https:\/\/www.btv.md\/ro\/evaluare-externa-a-anre\/","name":"EVALUARE EXTERN\u0102 A ANRE - BTV","isPartOf":{"@id":"https:\/\/www.btv.md\/#website"},"primaryImageOfPage":{"@id":"https:\/\/www.btv.md\/ro\/evaluare-externa-a-anre\/#primaryimage"},"image":{"@id":"https:\/\/www.btv.md\/ro\/evaluare-externa-a-anre\/#primaryimage"},"thumbnailUrl":"https:\/\/www.btv.md\/wp-content\/uploads\/2016\/04\/big-anre-se-convoaca-in-edin-a-privind-majorarea-tarifelor-la-gazele-naturale.jpg","datePublished":"2016-04-25T08:18:29+00:00","author":{"@id":"https:\/\/www.btv.md\/#\/schema\/person\/8fadce81561b3ce2c34c46dadc4ccbf2"},"inLanguage":"ro-RO","potentialAction":[{"@type":"ReadAction","target":["https:\/\/www.btv.md\/ro\/evaluare-externa-a-anre\/"]}]},{"@type":"ImageObject","inLanguage":"ro-RO","@id":"https:\/\/www.btv.md\/ro\/evaluare-externa-a-anre\/#primaryimage","url":"https:\/\/www.btv.md\/wp-content\/uploads\/2016\/04\/big-anre-se-convoaca-in-edin-a-privind-majorarea-tarifelor-la-gazele-naturale.jpg","contentUrl":"https:\/\/www.btv.md\/wp-content\/uploads\/2016\/04\/big-anre-se-convoaca-in-edin-a-privind-majorarea-tarifelor-la-gazele-naturale.jpg","width":496,"height":310,"caption":"www.trm.md"},{"@type":"WebSite","@id":"https:\/\/www.btv.md\/#website","url":"https:\/\/www.btv.md\/","name":"BTV","description":"\u0411\u0435\u043b\u044c\u0446\u043a\u043e\u0435 \u0442\u0435\u043b\u0435\u0432\u0438\u0434\u0435\u043d\u0438\u0435","potentialAction":[{"@type":"SearchAction","target":{"@type":"EntryPoint","urlTemplate":"https:\/\/www.btv.md\/?s={search_term_string}"},"query-input":{"@type":"PropertyValueSpecification","valueRequired":true,"valueName":"search_term_string"}}],"inLanguage":"ro-RO"},{"@type":"Person","@id":"https:\/\/www.btv.md\/#\/schema\/person\/8fadce81561b3ce2c34c46dadc4ccbf2","name":"admin"}]}},"_links":{"self":[{"href":"https:\/\/www.btv.md\/ro\/wp-json\/wp\/v2\/posts\/11360","targetHints":{"allow":["GET"]}}],"collection":[{"href":"https:\/\/www.btv.md\/ro\/wp-json\/wp\/v2\/posts"}],"about":[{"href":"https:\/\/www.btv.md\/ro\/wp-json\/wp\/v2\/types\/post"}],"author":[{"embeddable":true,"href":"https:\/\/www.btv.md\/ro\/wp-json\/wp\/v2\/users\/4"}],"replies":[{"embeddable":true,"href":"https:\/\/www.btv.md\/ro\/wp-json\/wp\/v2\/comments?post=11360"}],"version-history":[{"count":0,"href":"https:\/\/www.btv.md\/ro\/wp-json\/wp\/v2\/posts\/11360\/revisions"}],"wp:featuredmedia":[{"embeddable":true,"href":"https:\/\/www.btv.md\/ro\/wp-json\/wp\/v2\/media\/11361"}],"wp:attachment":[{"href":"https:\/\/www.btv.md\/ro\/wp-json\/wp\/v2\/media?parent=11360"}],"wp:term":[{"taxonomy":"category","embeddable":true,"href":"https:\/\/www.btv.md\/ro\/wp-json\/wp\/v2\/categories?post=11360"},{"taxonomy":"post_tag","embeddable":true,"href":"https:\/\/www.btv.md\/ro\/wp-json\/wp\/v2\/tags?post=11360"}],"curies":[{"name":"wp","href":"https:\/\/api.w.org\/{rel}","templated":true}]}}