{"id":11366,"date":"2016-04-25T11:26:05","date_gmt":"2016-04-25T08:26:05","guid":{"rendered":"http:\/\/btv.md\/?p=11366"},"modified":"2016-04-25T11:26:05","modified_gmt":"2016-04-25T08:26:05","slug":"crestinii-ortodocsii-au-intrat-in-saptamana-patimilor","status":"publish","type":"post","link":"https:\/\/www.btv.md\/ro\/crestinii-ortodocsii-au-intrat-in-saptamana-patimilor\/","title":{"rendered":"CRE\u0218TINII  ORTODOC\u0218II AU  INTRAT  \u00ceN  S\u0102PT\u0102M\u00c2NA  PATIMILOR"},"content":{"rendered":"<p><strong>De luni, cre\u015ftinii ortodoc\u015fi intr\u0103 \u00een S\u0103pt\u0103m\u00e2na Patimilor, numit\u0103 \u015fi S\u0103pt\u0103m\u00e2na Mare, ultima din Postul Pa\u015ftelui. \u00cen aceast\u0103 perioad\u0103, credincio\u015fii se preg\u0103tesc de s\u0103rb\u0103toarea \u00cenvierii lui Hristos prin rug\u0103ciune, scrie <a href=\"http:\/\/www.noi.md\/md\/news_id\/83137\" target=\"_blank\">noi.md<\/a>.<\/strong><\/p>\n<p>Tradi\u0163ia spune c\u0103 \u00een urm\u0103toarele zile se \u0163ine post aspru \u015fi se m\u0103n\u00e2nc\u0103 abia dup\u0103 asfin\u0163itul soarelui. \u00cen Lunea Mare, credincio\u015fii m\u0103n\u00e2nc\u0103 produse f\u0103r\u0103 ulei.<\/p>\n<p>\u00cen Mar\u0163ea Seac\u0103, gospodinele nu muncesc din greu, iar b\u0103rba\u0163ilor le sunt permise, p\u00e2n\u0103 \u00een Miercurea Mare, lucr\u0103rile agricole.<\/p>\n<p>\u00cen a treia zi din s\u0103pt\u0103m\u00e2n\u0103, credincio\u015fii \u00ee\u015fi amintesc de p\u0103c\u0103toasa care se poc\u0103ie\u015fte \u00een fa\u0163a Domnului \u015fi de Iuda, ucenicul care l-a v\u00e2ndut pe Hristos.Biserica permite s\u0103 se bea vin cu pelin.<\/p>\n<p>Iar \u00een Joia Mare, \u00een biserici are loc Denia celor 12 Evanghelii \u015fi se aminte\u015fte despre sp\u0103larea picioarelor Apostolilor de c\u0103tre M\u00e2ntuitorul Hristos \u015fi Cina cea de Tain\u0103.<\/p>\n<p>Gospodinele coc pasc\u0103 \u015fi vopsesc ou\u0103le. Tradi\u0163ia spune c\u0103 \u00een aceast\u0103 zi, mor\u0163ii se \u00eentorc la casele lor.<\/p>\n<p>\u00cen cimitire se aprind focuri, iar cre\u015ftinii duc la biseric\u0103 vin \u015fi colaci \u015fi le dau de poman\u0103.<\/p>\n<p>\u00cen Vinerea Patimilor, cunoscut\u0103 \u015fi ca Vinerea Neagr\u0103, \u00een l\u0103ca\u015fele de cult nu se oficiaz\u0103 Sf\u00e2nta Liturghie. Este ziua \u00een care Hristos a fost r\u0103stignit \u015fi a murit pe cruce pentru m\u00e2ntuirea neamului.<\/p>\n<p>Este o zi de post negru, \u00een care nu se bea \u015fi nu se m\u0103n\u00e2nc\u0103 nimic, p\u00e2n\u0103 nu se scoate din biseric\u0103 Sf\u00e2ntul Aer.<\/p>\n<p>S\u00e2mb\u0103t\u0103 se sacrific\u0103 mielul \u015fi se fac ultimele preg\u0103tiri de Pa\u015fte.<\/p>\n<p>\u00cenainte s\u0103 mearg\u0103 la slujba de \u00cenviere, fiecare gospodin\u0103 \u00ee\u015fi preg\u0103te\u015fte cu grij\u0103 co\u015ful ce urmeaz\u0103 a fi dus la biseric\u0103, pentru sfin\u0163ire. <\/p>\n","protected":false},"excerpt":{"rendered":"<p>De luni, cre\u015ftinii ortodoc\u015fi intr\u0103 \u00een S\u0103pt\u0103m\u00e2na Patimilor, numit\u0103 \u015fi S\u0103pt\u0103m\u00e2na Mare, ultima din Postul Pa\u015ftelui. \u00cen aceast\u0103 perioad\u0103, credincio\u015fii se preg\u0103tesc de s\u0103rb\u0103toarea \u00cenvierii lui Hristos prin rug\u0103ciune, scrie noi.md. Tradi\u0163ia spune c\u0103 \u00een urm\u0103toarele zile se \u0163ine post aspru \u015fi se m\u0103n\u00e2nc\u0103 abia dup\u0103 asfin\u0163itul soarelui. \u00cen Lunea Mare, credincio\u015fii m\u0103n\u00e2nc\u0103 produse f\u0103r\u0103 [&hellip;]<\/p>\n","protected":false},"author":4,"featured_media":11367,"comment_status":"closed","ping_status":"closed","sticky":false,"template":"","format":"standard","meta":{"footnotes":""},"categories":[8],"tags":[],"class_list":["post-11366","post","type-post","status-publish","format-standard","has-post-thumbnail","hentry","category-obshestvo"],"yoast_head":"<!-- This site is optimized with the Yoast SEO plugin v27.4 - https:\/\/yoast.com\/product\/yoast-seo-wordpress\/ -->\n<title>CRE\u0218TINII ORTODOC\u0218II AU INTRAT \u00ceN S\u0102PT\u0102M\u00c2NA PATIMILOR  - BTV<\/title>\n<meta name=\"robots\" content=\"index, follow, max-snippet:-1, max-image-preview:large, max-video-preview:-1\" \/>\n<link rel=\"canonical\" href=\"https:\/\/www.btv.md\/ro\/crestinii-ortodocsii-au-intrat-in-saptamana-patimilor\/\" \/>\n<meta property=\"og:locale\" content=\"ro_RO\" \/>\n<meta property=\"og:type\" content=\"article\" \/>\n<meta property=\"og:title\" content=\"CRE\u0218TINII ORTODOC\u0218II AU INTRAT \u00ceN S\u0102PT\u0102M\u00c2NA PATIMILOR  - BTV\" \/>\n<meta property=\"og:description\" content=\"De luni, cre\u015ftinii ortodoc\u015fi intr\u0103 \u00een S\u0103pt\u0103m\u00e2na Patimilor, numit\u0103 \u015fi S\u0103pt\u0103m\u00e2na Mare, ultima din Postul Pa\u015ftelui. \u00cen aceast\u0103 perioad\u0103, credincio\u015fii se preg\u0103tesc de s\u0103rb\u0103toarea \u00cenvierii lui Hristos prin rug\u0103ciune, scrie noi.md. Tradi\u0163ia spune c\u0103 \u00een urm\u0103toarele zile se \u0163ine post aspru \u015fi se m\u0103n\u00e2nc\u0103 abia dup\u0103 asfin\u0163itul soarelui. \u00cen Lunea Mare, credincio\u015fii m\u0103n\u00e2nc\u0103 produse f\u0103r\u0103 [&hellip;]\" \/>\n<meta property=\"og:url\" content=\"https:\/\/www.btv.md\/ro\/crestinii-ortodocsii-au-intrat-in-saptamana-patimilor\/\" \/>\n<meta property=\"og:site_name\" content=\"BTV\" \/>\n<meta property=\"article:publisher\" content=\"https:\/\/www.facebook.com\/btvmoldova\/\" \/>\n<meta property=\"article:published_time\" content=\"2016-04-25T08:26:05+00:00\" \/>\n<meta property=\"og:image\" content=\"https:\/\/www.btv.md\/wp-content\/uploads\/2016\/04\/luminari-520x330.jpg\" \/>\n\t<meta property=\"og:image:width\" content=\"520\" \/>\n\t<meta property=\"og:image:height\" content=\"330\" \/>\n\t<meta property=\"og:image:type\" content=\"image\/jpeg\" \/>\n<meta name=\"author\" content=\"admin\" \/>\n<meta name=\"twitter:label1\" content=\"Scris de\" \/>\n\t<meta name=\"twitter:data1\" content=\"admin\" \/>\n\t<meta name=\"twitter:label2\" content=\"Timp estimat pentru citire\" \/>\n\t<meta name=\"twitter:data2\" content=\"2 minute\" \/>\n<script type=\"application\/ld+json\" class=\"yoast-schema-graph\">{\"@context\":\"https:\\\/\\\/schema.org\",\"@graph\":[{\"@type\":\"Article\",\"@id\":\"https:\\\/\\\/www.btv.md\\\/ro\\\/crestinii-ortodocsii-au-intrat-in-saptamana-patimilor\\\/#article\",\"isPartOf\":{\"@id\":\"https:\\\/\\\/www.btv.md\\\/ro\\\/crestinii-ortodocsii-au-intrat-in-saptamana-patimilor\\\/\"},\"author\":{\"name\":\"admin\",\"@id\":\"https:\\\/\\\/www.btv.md\\\/#\\\/schema\\\/person\\\/8fadce81561b3ce2c34c46dadc4ccbf2\"},\"headline\":\"CRE\u0218TINII ORTODOC\u0218II AU INTRAT \u00ceN S\u0102PT\u0102M\u00c2NA PATIMILOR\",\"datePublished\":\"2016-04-25T08:26:05+00:00\",\"mainEntityOfPage\":{\"@id\":\"https:\\\/\\\/www.btv.md\\\/ro\\\/crestinii-ortodocsii-au-intrat-in-saptamana-patimilor\\\/\"},\"wordCount\":339,\"image\":{\"@id\":\"https:\\\/\\\/www.btv.md\\\/ro\\\/crestinii-ortodocsii-au-intrat-in-saptamana-patimilor\\\/#primaryimage\"},\"thumbnailUrl\":\"https:\\\/\\\/www.btv.md\\\/wp-content\\\/uploads\\\/2016\\\/04\\\/luminari-520x330.jpg\",\"articleSection\":[\"\u041e\u0431\u0449\u0435\u0441\u0442\u0432\u043e\"],\"inLanguage\":\"ro-RO\"},{\"@type\":\"WebPage\",\"@id\":\"https:\\\/\\\/www.btv.md\\\/ro\\\/crestinii-ortodocsii-au-intrat-in-saptamana-patimilor\\\/\",\"url\":\"https:\\\/\\\/www.btv.md\\\/ro\\\/crestinii-ortodocsii-au-intrat-in-saptamana-patimilor\\\/\",\"name\":\"CRE\u0218TINII ORTODOC\u0218II AU INTRAT \u00ceN S\u0102PT\u0102M\u00c2NA PATIMILOR - BTV\",\"isPartOf\":{\"@id\":\"https:\\\/\\\/www.btv.md\\\/#website\"},\"primaryImageOfPage\":{\"@id\":\"https:\\\/\\\/www.btv.md\\\/ro\\\/crestinii-ortodocsii-au-intrat-in-saptamana-patimilor\\\/#primaryimage\"},\"image\":{\"@id\":\"https:\\\/\\\/www.btv.md\\\/ro\\\/crestinii-ortodocsii-au-intrat-in-saptamana-patimilor\\\/#primaryimage\"},\"thumbnailUrl\":\"https:\\\/\\\/www.btv.md\\\/wp-content\\\/uploads\\\/2016\\\/04\\\/luminari-520x330.jpg\",\"datePublished\":\"2016-04-25T08:26:05+00:00\",\"author\":{\"@id\":\"https:\\\/\\\/www.btv.md\\\/#\\\/schema\\\/person\\\/8fadce81561b3ce2c34c46dadc4ccbf2\"},\"inLanguage\":\"ro-RO\",\"potentialAction\":[{\"@type\":\"ReadAction\",\"target\":[\"https:\\\/\\\/www.btv.md\\\/ro\\\/crestinii-ortodocsii-au-intrat-in-saptamana-patimilor\\\/\"]}]},{\"@type\":\"ImageObject\",\"inLanguage\":\"ro-RO\",\"@id\":\"https:\\\/\\\/www.btv.md\\\/ro\\\/crestinii-ortodocsii-au-intrat-in-saptamana-patimilor\\\/#primaryimage\",\"url\":\"https:\\\/\\\/www.btv.md\\\/wp-content\\\/uploads\\\/2016\\\/04\\\/luminari-520x330.jpg\",\"contentUrl\":\"https:\\\/\\\/www.btv.md\\\/wp-content\\\/uploads\\\/2016\\\/04\\\/luminari-520x330.jpg\",\"width\":520,\"height\":330,\"caption\":\"moldova24.info\"},{\"@type\":\"WebSite\",\"@id\":\"https:\\\/\\\/www.btv.md\\\/#website\",\"url\":\"https:\\\/\\\/www.btv.md\\\/\",\"name\":\"BTV\",\"description\":\"\u0411\u0435\u043b\u044c\u0446\u043a\u043e\u0435 \u0442\u0435\u043b\u0435\u0432\u0438\u0434\u0435\u043d\u0438\u0435\",\"potentialAction\":[{\"@type\":\"SearchAction\",\"target\":{\"@type\":\"EntryPoint\",\"urlTemplate\":\"https:\\\/\\\/www.btv.md\\\/?s={search_term_string}\"},\"query-input\":{\"@type\":\"PropertyValueSpecification\",\"valueRequired\":true,\"valueName\":\"search_term_string\"}}],\"inLanguage\":\"ro-RO\"},{\"@type\":\"Person\",\"@id\":\"https:\\\/\\\/www.btv.md\\\/#\\\/schema\\\/person\\\/8fadce81561b3ce2c34c46dadc4ccbf2\",\"name\":\"admin\"}]}<\/script>\n<!-- \/ Yoast SEO plugin. -->","yoast_head_json":{"title":"CRE\u0218TINII ORTODOC\u0218II AU INTRAT \u00ceN S\u0102PT\u0102M\u00c2NA PATIMILOR  - BTV","robots":{"index":"index","follow":"follow","max-snippet":"max-snippet:-1","max-image-preview":"max-image-preview:large","max-video-preview":"max-video-preview:-1"},"canonical":"https:\/\/www.btv.md\/ro\/crestinii-ortodocsii-au-intrat-in-saptamana-patimilor\/","og_locale":"ro_RO","og_type":"article","og_title":"CRE\u0218TINII ORTODOC\u0218II AU INTRAT \u00ceN S\u0102PT\u0102M\u00c2NA PATIMILOR  - BTV","og_description":"De luni, cre\u015ftinii ortodoc\u015fi intr\u0103 \u00een S\u0103pt\u0103m\u00e2na Patimilor, numit\u0103 \u015fi S\u0103pt\u0103m\u00e2na Mare, ultima din Postul Pa\u015ftelui. \u00cen aceast\u0103 perioad\u0103, credincio\u015fii se preg\u0103tesc de s\u0103rb\u0103toarea \u00cenvierii lui Hristos prin rug\u0103ciune, scrie noi.md. Tradi\u0163ia spune c\u0103 \u00een urm\u0103toarele zile se \u0163ine post aspru \u015fi se m\u0103n\u00e2nc\u0103 abia dup\u0103 asfin\u0163itul soarelui. \u00cen Lunea Mare, credincio\u015fii m\u0103n\u00e2nc\u0103 produse f\u0103r\u0103 [&hellip;]","og_url":"https:\/\/www.btv.md\/ro\/crestinii-ortodocsii-au-intrat-in-saptamana-patimilor\/","og_site_name":"BTV","article_publisher":"https:\/\/www.facebook.com\/btvmoldova\/","article_published_time":"2016-04-25T08:26:05+00:00","og_image":[{"width":520,"height":330,"url":"https:\/\/www.btv.md\/wp-content\/uploads\/2016\/04\/luminari-520x330.jpg","type":"image\/jpeg"}],"author":"admin","twitter_misc":{"Scris de":"admin","Timp estimat pentru citire":"2 minute"},"schema":{"@context":"https:\/\/schema.org","@graph":[{"@type":"Article","@id":"https:\/\/www.btv.md\/ro\/crestinii-ortodocsii-au-intrat-in-saptamana-patimilor\/#article","isPartOf":{"@id":"https:\/\/www.btv.md\/ro\/crestinii-ortodocsii-au-intrat-in-saptamana-patimilor\/"},"author":{"name":"admin","@id":"https:\/\/www.btv.md\/#\/schema\/person\/8fadce81561b3ce2c34c46dadc4ccbf2"},"headline":"CRE\u0218TINII ORTODOC\u0218II AU INTRAT \u00ceN S\u0102PT\u0102M\u00c2NA PATIMILOR","datePublished":"2016-04-25T08:26:05+00:00","mainEntityOfPage":{"@id":"https:\/\/www.btv.md\/ro\/crestinii-ortodocsii-au-intrat-in-saptamana-patimilor\/"},"wordCount":339,"image":{"@id":"https:\/\/www.btv.md\/ro\/crestinii-ortodocsii-au-intrat-in-saptamana-patimilor\/#primaryimage"},"thumbnailUrl":"https:\/\/www.btv.md\/wp-content\/uploads\/2016\/04\/luminari-520x330.jpg","articleSection":["\u041e\u0431\u0449\u0435\u0441\u0442\u0432\u043e"],"inLanguage":"ro-RO"},{"@type":"WebPage","@id":"https:\/\/www.btv.md\/ro\/crestinii-ortodocsii-au-intrat-in-saptamana-patimilor\/","url":"https:\/\/www.btv.md\/ro\/crestinii-ortodocsii-au-intrat-in-saptamana-patimilor\/","name":"CRE\u0218TINII ORTODOC\u0218II AU INTRAT \u00ceN S\u0102PT\u0102M\u00c2NA PATIMILOR - BTV","isPartOf":{"@id":"https:\/\/www.btv.md\/#website"},"primaryImageOfPage":{"@id":"https:\/\/www.btv.md\/ro\/crestinii-ortodocsii-au-intrat-in-saptamana-patimilor\/#primaryimage"},"image":{"@id":"https:\/\/www.btv.md\/ro\/crestinii-ortodocsii-au-intrat-in-saptamana-patimilor\/#primaryimage"},"thumbnailUrl":"https:\/\/www.btv.md\/wp-content\/uploads\/2016\/04\/luminari-520x330.jpg","datePublished":"2016-04-25T08:26:05+00:00","author":{"@id":"https:\/\/www.btv.md\/#\/schema\/person\/8fadce81561b3ce2c34c46dadc4ccbf2"},"inLanguage":"ro-RO","potentialAction":[{"@type":"ReadAction","target":["https:\/\/www.btv.md\/ro\/crestinii-ortodocsii-au-intrat-in-saptamana-patimilor\/"]}]},{"@type":"ImageObject","inLanguage":"ro-RO","@id":"https:\/\/www.btv.md\/ro\/crestinii-ortodocsii-au-intrat-in-saptamana-patimilor\/#primaryimage","url":"https:\/\/www.btv.md\/wp-content\/uploads\/2016\/04\/luminari-520x330.jpg","contentUrl":"https:\/\/www.btv.md\/wp-content\/uploads\/2016\/04\/luminari-520x330.jpg","width":520,"height":330,"caption":"moldova24.info"},{"@type":"WebSite","@id":"https:\/\/www.btv.md\/#website","url":"https:\/\/www.btv.md\/","name":"BTV","description":"\u0411\u0435\u043b\u044c\u0446\u043a\u043e\u0435 \u0442\u0435\u043b\u0435\u0432\u0438\u0434\u0435\u043d\u0438\u0435","potentialAction":[{"@type":"SearchAction","target":{"@type":"EntryPoint","urlTemplate":"https:\/\/www.btv.md\/?s={search_term_string}"},"query-input":{"@type":"PropertyValueSpecification","valueRequired":true,"valueName":"search_term_string"}}],"inLanguage":"ro-RO"},{"@type":"Person","@id":"https:\/\/www.btv.md\/#\/schema\/person\/8fadce81561b3ce2c34c46dadc4ccbf2","name":"admin"}]}},"_links":{"self":[{"href":"https:\/\/www.btv.md\/ro\/wp-json\/wp\/v2\/posts\/11366","targetHints":{"allow":["GET"]}}],"collection":[{"href":"https:\/\/www.btv.md\/ro\/wp-json\/wp\/v2\/posts"}],"about":[{"href":"https:\/\/www.btv.md\/ro\/wp-json\/wp\/v2\/types\/post"}],"author":[{"embeddable":true,"href":"https:\/\/www.btv.md\/ro\/wp-json\/wp\/v2\/users\/4"}],"replies":[{"embeddable":true,"href":"https:\/\/www.btv.md\/ro\/wp-json\/wp\/v2\/comments?post=11366"}],"version-history":[{"count":0,"href":"https:\/\/www.btv.md\/ro\/wp-json\/wp\/v2\/posts\/11366\/revisions"}],"wp:featuredmedia":[{"embeddable":true,"href":"https:\/\/www.btv.md\/ro\/wp-json\/wp\/v2\/media\/11367"}],"wp:attachment":[{"href":"https:\/\/www.btv.md\/ro\/wp-json\/wp\/v2\/media?parent=11366"}],"wp:term":[{"taxonomy":"category","embeddable":true,"href":"https:\/\/www.btv.md\/ro\/wp-json\/wp\/v2\/categories?post=11366"},{"taxonomy":"post_tag","embeddable":true,"href":"https:\/\/www.btv.md\/ro\/wp-json\/wp\/v2\/tags?post=11366"}],"curies":[{"name":"wp","href":"https:\/\/api.w.org\/{rel}","templated":true}]}}