{"id":11369,"date":"2016-04-25T11:28:23","date_gmt":"2016-04-25T08:28:23","guid":{"rendered":"http:\/\/btv.md\/?p=11369"},"modified":"2016-04-25T11:28:23","modified_gmt":"2016-04-25T08:28:23","slug":"vaccin-nou-contra-poliomielitei-in-moldova","status":"publish","type":"post","link":"https:\/\/www.btv.md\/ro\/vaccin-nou-contra-poliomielitei-in-moldova\/","title":{"rendered":"VACCIN  NOU  CONTRA  POLIOMIELITEI, \u00ceN MOLDOVA"},"content":{"rendered":"<p>Din luna mai, Republica Moldova, de r\u00e2nd cu alte 152 de \u021b\u0103ri, va trece la imunizarea contra poliomielitei prin intermediul unui vaccin de tip nou, administrat pe cale oral\u0103, informeaz\u0103 <a href=\"http:\/\/www.realitatea.md\/vaccin-nou-contra-poliomielitei-in-moldova-loturile-vechi-vor-fi-distruse_38128.html\" target=\"_blank\">realitatea.md<\/a><\/p>\n<p>Vaccinul poliomielitic oral trivalent (tVPO) va fi \u00eenlocuit cu la vaccinul poliomielitic oral bivalent (bVPO). Ac\u021biunea se \u00eencadreaz\u0103 \u00een Planul Global de eradicare a poliomielitei la etapa final\u0103 pentru anii 2013-2018. Prin urmare, producerea vaccinurilor tVPO deja a fost suspendat\u0103, iar p\u00e2n\u0103 la 30 aprilie, ultima zi de folosire a vaccinului tVPO, \u021b\u0103rile trebuie s\u0103-\u0219i utilizeze ra\u021bional toate rezervele, cu imunizarea maxim\u0103 a persoanelor eligibile.<\/p>\n<p>\u00cen context, Ministerul S\u0103n\u0103t\u0103\u021bii anun\u021b\u0103 c\u0103, \u00een perioada 21 \u2013 28 aprilie, noul tip vaccin  va fi livrat la toate Centrele de S\u0103n\u0103tate Public\u0103 (CSP) teritoriale. Totodat\u0103, \u00een ziua de 30 aprilie 2016, \u00een toate institu\u021biile medicale care presteaz\u0103 servicii de imuniz\u0103ri antipoliomielitice, independent de forma de proprietate, precum \u0219i \u00een toate CSP teritoriale, se vor extrage din lan\u021bul frig toate cantit\u0103\u021bile r\u0103mase de tVPO \u0219i ulterior vor fi nimicite, cu documentarea de rigoare a procedurilor.<\/p>\n<p>Poliomielita este o boal\u0103 infec\u021bioas\u0103 epidemic\u0103, contagioas\u0103 provocat\u0103 de un virus specific, care produce leziuni anatomice \u00een substan\u021ba cenu\u0219ie a m\u0103duvei spin\u0103rii, ating\u00e2nd celulele nervoase motorii. Boala se manifest\u0103 prin febr\u0103, tulbur\u0103ri digestive, somnolen\u021b\u0103 \u0219i dureri \u00een mu\u0219chii membrelor, urmate de paralizii localizate de obicei la membrele inferioare sau paralizii infantile. Vaccinarea anti-poliomielitic\u0103 a \u00eenceput \u00een anul 1955.<\/p>\n<p>Din anul 1993 \u00een \u0163ara noastr\u0103 nu au mai avut loc cazuri de poliomielit\u0103. <\/p>\n","protected":false},"excerpt":{"rendered":"<p>Din luna mai, Republica Moldova, de r\u00e2nd cu alte 152 de \u021b\u0103ri, va trece la imunizarea contra poliomielitei prin intermediul unui vaccin de tip nou, administrat pe cale oral\u0103, informeaz\u0103 realitatea.md Vaccinul poliomielitic oral trivalent (tVPO) va fi \u00eenlocuit cu la vaccinul poliomielitic oral bivalent (bVPO). Ac\u021biunea se \u00eencadreaz\u0103 \u00een Planul Global de eradicare a [&hellip;]<\/p>\n","protected":false},"author":4,"featured_media":11370,"comment_status":"closed","ping_status":"closed","sticky":false,"template":"","format":"standard","meta":{"footnotes":""},"categories":[6349],"tags":[],"class_list":["post-11369","post","type-post","status-publish","format-standard","has-post-thumbnail","hentry","category-social"],"yoast_head":"<!-- This site is optimized with the Yoast SEO plugin v27.4 - https:\/\/yoast.com\/product\/yoast-seo-wordpress\/ -->\n<title>VACCIN NOU CONTRA POLIOMIELITEI, \u00ceN MOLDOVA - BTV<\/title>\n<meta name=\"robots\" content=\"index, follow, max-snippet:-1, max-image-preview:large, max-video-preview:-1\" \/>\n<link rel=\"canonical\" href=\"https:\/\/www.btv.md\/ro\/vaccin-nou-contra-poliomielitei-in-moldova\/\" \/>\n<meta property=\"og:locale\" content=\"ro_RO\" \/>\n<meta property=\"og:type\" content=\"article\" \/>\n<meta property=\"og:title\" content=\"VACCIN NOU CONTRA POLIOMIELITEI, \u00ceN MOLDOVA - BTV\" \/>\n<meta property=\"og:description\" content=\"Din luna mai, Republica Moldova, de r\u00e2nd cu alte 152 de \u021b\u0103ri, va trece la imunizarea contra poliomielitei prin intermediul unui vaccin de tip nou, administrat pe cale oral\u0103, informeaz\u0103 realitatea.md Vaccinul poliomielitic oral trivalent (tVPO) va fi \u00eenlocuit cu la vaccinul poliomielitic oral bivalent (bVPO). Ac\u021biunea se \u00eencadreaz\u0103 \u00een Planul Global de eradicare a [&hellip;]\" \/>\n<meta property=\"og:url\" content=\"https:\/\/www.btv.md\/ro\/vaccin-nou-contra-poliomielitei-in-moldova\/\" \/>\n<meta property=\"og:site_name\" content=\"BTV\" \/>\n<meta property=\"article:publisher\" content=\"https:\/\/www.facebook.com\/btvmoldova\/\" \/>\n<meta property=\"article:published_time\" content=\"2016-04-25T08:28:23+00:00\" \/>\n<meta property=\"og:image\" content=\"https:\/\/www.btv.md\/wp-content\/uploads\/2016\/04\/vaccin_1-465x390.jpg\" \/>\n\t<meta property=\"og:image:width\" content=\"602\" \/>\n\t<meta property=\"og:image:height\" content=\"351\" \/>\n\t<meta property=\"og:image:type\" content=\"image\/jpeg\" \/>\n<meta name=\"author\" content=\"admin\" \/>\n<meta name=\"twitter:label1\" content=\"Scris de\" \/>\n\t<meta name=\"twitter:data1\" content=\"admin\" \/>\n\t<meta name=\"twitter:label2\" content=\"Timp estimat pentru citire\" \/>\n\t<meta name=\"twitter:data2\" content=\"1 minut\" \/>\n<script type=\"application\/ld+json\" class=\"yoast-schema-graph\">{\"@context\":\"https:\\\/\\\/schema.org\",\"@graph\":[{\"@type\":\"Article\",\"@id\":\"https:\\\/\\\/www.btv.md\\\/ro\\\/vaccin-nou-contra-poliomielitei-in-moldova\\\/#article\",\"isPartOf\":{\"@id\":\"https:\\\/\\\/www.btv.md\\\/ro\\\/vaccin-nou-contra-poliomielitei-in-moldova\\\/\"},\"author\":{\"name\":\"admin\",\"@id\":\"https:\\\/\\\/www.btv.md\\\/#\\\/schema\\\/person\\\/8fadce81561b3ce2c34c46dadc4ccbf2\"},\"headline\":\"VACCIN NOU CONTRA POLIOMIELITEI, \u00ceN MOLDOVA\",\"datePublished\":\"2016-04-25T08:28:23+00:00\",\"mainEntityOfPage\":{\"@id\":\"https:\\\/\\\/www.btv.md\\\/ro\\\/vaccin-nou-contra-poliomielitei-in-moldova\\\/\"},\"wordCount\":266,\"image\":{\"@id\":\"https:\\\/\\\/www.btv.md\\\/ro\\\/vaccin-nou-contra-poliomielitei-in-moldova\\\/#primaryimage\"},\"thumbnailUrl\":\"https:\\\/\\\/www.btv.md\\\/wp-content\\\/uploads\\\/2016\\\/04\\\/vaccin_1-465x390.jpg\",\"articleSection\":[\"Social\"],\"inLanguage\":\"ro-RO\"},{\"@type\":\"WebPage\",\"@id\":\"https:\\\/\\\/www.btv.md\\\/ro\\\/vaccin-nou-contra-poliomielitei-in-moldova\\\/\",\"url\":\"https:\\\/\\\/www.btv.md\\\/ro\\\/vaccin-nou-contra-poliomielitei-in-moldova\\\/\",\"name\":\"VACCIN NOU CONTRA POLIOMIELITEI, \u00ceN MOLDOVA - BTV\",\"isPartOf\":{\"@id\":\"https:\\\/\\\/www.btv.md\\\/#website\"},\"primaryImageOfPage\":{\"@id\":\"https:\\\/\\\/www.btv.md\\\/ro\\\/vaccin-nou-contra-poliomielitei-in-moldova\\\/#primaryimage\"},\"image\":{\"@id\":\"https:\\\/\\\/www.btv.md\\\/ro\\\/vaccin-nou-contra-poliomielitei-in-moldova\\\/#primaryimage\"},\"thumbnailUrl\":\"https:\\\/\\\/www.btv.md\\\/wp-content\\\/uploads\\\/2016\\\/04\\\/vaccin_1-465x390.jpg\",\"datePublished\":\"2016-04-25T08:28:23+00:00\",\"author\":{\"@id\":\"https:\\\/\\\/www.btv.md\\\/#\\\/schema\\\/person\\\/8fadce81561b3ce2c34c46dadc4ccbf2\"},\"inLanguage\":\"ro-RO\",\"potentialAction\":[{\"@type\":\"ReadAction\",\"target\":[\"https:\\\/\\\/www.btv.md\\\/ro\\\/vaccin-nou-contra-poliomielitei-in-moldova\\\/\"]}]},{\"@type\":\"ImageObject\",\"inLanguage\":\"ro-RO\",\"@id\":\"https:\\\/\\\/www.btv.md\\\/ro\\\/vaccin-nou-contra-poliomielitei-in-moldova\\\/#primaryimage\",\"url\":\"https:\\\/\\\/www.btv.md\\\/wp-content\\\/uploads\\\/2016\\\/04\\\/vaccin_1-465x390.jpg\",\"contentUrl\":\"https:\\\/\\\/www.btv.md\\\/wp-content\\\/uploads\\\/2016\\\/04\\\/vaccin_1-465x390.jpg\",\"width\":602,\"height\":351,\"caption\":\"www.evz.ro\"},{\"@type\":\"WebSite\",\"@id\":\"https:\\\/\\\/www.btv.md\\\/#website\",\"url\":\"https:\\\/\\\/www.btv.md\\\/\",\"name\":\"BTV\",\"description\":\"\u0411\u0435\u043b\u044c\u0446\u043a\u043e\u0435 \u0442\u0435\u043b\u0435\u0432\u0438\u0434\u0435\u043d\u0438\u0435\",\"potentialAction\":[{\"@type\":\"SearchAction\",\"target\":{\"@type\":\"EntryPoint\",\"urlTemplate\":\"https:\\\/\\\/www.btv.md\\\/?s={search_term_string}\"},\"query-input\":{\"@type\":\"PropertyValueSpecification\",\"valueRequired\":true,\"valueName\":\"search_term_string\"}}],\"inLanguage\":\"ro-RO\"},{\"@type\":\"Person\",\"@id\":\"https:\\\/\\\/www.btv.md\\\/#\\\/schema\\\/person\\\/8fadce81561b3ce2c34c46dadc4ccbf2\",\"name\":\"admin\"}]}<\/script>\n<!-- \/ Yoast SEO plugin. -->","yoast_head_json":{"title":"VACCIN NOU CONTRA POLIOMIELITEI, \u00ceN MOLDOVA - BTV","robots":{"index":"index","follow":"follow","max-snippet":"max-snippet:-1","max-image-preview":"max-image-preview:large","max-video-preview":"max-video-preview:-1"},"canonical":"https:\/\/www.btv.md\/ro\/vaccin-nou-contra-poliomielitei-in-moldova\/","og_locale":"ro_RO","og_type":"article","og_title":"VACCIN NOU CONTRA POLIOMIELITEI, \u00ceN MOLDOVA - BTV","og_description":"Din luna mai, Republica Moldova, de r\u00e2nd cu alte 152 de \u021b\u0103ri, va trece la imunizarea contra poliomielitei prin intermediul unui vaccin de tip nou, administrat pe cale oral\u0103, informeaz\u0103 realitatea.md Vaccinul poliomielitic oral trivalent (tVPO) va fi \u00eenlocuit cu la vaccinul poliomielitic oral bivalent (bVPO). Ac\u021biunea se \u00eencadreaz\u0103 \u00een Planul Global de eradicare a [&hellip;]","og_url":"https:\/\/www.btv.md\/ro\/vaccin-nou-contra-poliomielitei-in-moldova\/","og_site_name":"BTV","article_publisher":"https:\/\/www.facebook.com\/btvmoldova\/","article_published_time":"2016-04-25T08:28:23+00:00","og_image":[{"width":602,"height":351,"url":"https:\/\/www.btv.md\/wp-content\/uploads\/2016\/04\/vaccin_1-465x390.jpg","type":"image\/jpeg"}],"author":"admin","twitter_misc":{"Scris de":"admin","Timp estimat pentru citire":"1 minut"},"schema":{"@context":"https:\/\/schema.org","@graph":[{"@type":"Article","@id":"https:\/\/www.btv.md\/ro\/vaccin-nou-contra-poliomielitei-in-moldova\/#article","isPartOf":{"@id":"https:\/\/www.btv.md\/ro\/vaccin-nou-contra-poliomielitei-in-moldova\/"},"author":{"name":"admin","@id":"https:\/\/www.btv.md\/#\/schema\/person\/8fadce81561b3ce2c34c46dadc4ccbf2"},"headline":"VACCIN NOU CONTRA POLIOMIELITEI, \u00ceN MOLDOVA","datePublished":"2016-04-25T08:28:23+00:00","mainEntityOfPage":{"@id":"https:\/\/www.btv.md\/ro\/vaccin-nou-contra-poliomielitei-in-moldova\/"},"wordCount":266,"image":{"@id":"https:\/\/www.btv.md\/ro\/vaccin-nou-contra-poliomielitei-in-moldova\/#primaryimage"},"thumbnailUrl":"https:\/\/www.btv.md\/wp-content\/uploads\/2016\/04\/vaccin_1-465x390.jpg","articleSection":["Social"],"inLanguage":"ro-RO"},{"@type":"WebPage","@id":"https:\/\/www.btv.md\/ro\/vaccin-nou-contra-poliomielitei-in-moldova\/","url":"https:\/\/www.btv.md\/ro\/vaccin-nou-contra-poliomielitei-in-moldova\/","name":"VACCIN NOU CONTRA POLIOMIELITEI, \u00ceN MOLDOVA - BTV","isPartOf":{"@id":"https:\/\/www.btv.md\/#website"},"primaryImageOfPage":{"@id":"https:\/\/www.btv.md\/ro\/vaccin-nou-contra-poliomielitei-in-moldova\/#primaryimage"},"image":{"@id":"https:\/\/www.btv.md\/ro\/vaccin-nou-contra-poliomielitei-in-moldova\/#primaryimage"},"thumbnailUrl":"https:\/\/www.btv.md\/wp-content\/uploads\/2016\/04\/vaccin_1-465x390.jpg","datePublished":"2016-04-25T08:28:23+00:00","author":{"@id":"https:\/\/www.btv.md\/#\/schema\/person\/8fadce81561b3ce2c34c46dadc4ccbf2"},"inLanguage":"ro-RO","potentialAction":[{"@type":"ReadAction","target":["https:\/\/www.btv.md\/ro\/vaccin-nou-contra-poliomielitei-in-moldova\/"]}]},{"@type":"ImageObject","inLanguage":"ro-RO","@id":"https:\/\/www.btv.md\/ro\/vaccin-nou-contra-poliomielitei-in-moldova\/#primaryimage","url":"https:\/\/www.btv.md\/wp-content\/uploads\/2016\/04\/vaccin_1-465x390.jpg","contentUrl":"https:\/\/www.btv.md\/wp-content\/uploads\/2016\/04\/vaccin_1-465x390.jpg","width":602,"height":351,"caption":"www.evz.ro"},{"@type":"WebSite","@id":"https:\/\/www.btv.md\/#website","url":"https:\/\/www.btv.md\/","name":"BTV","description":"\u0411\u0435\u043b\u044c\u0446\u043a\u043e\u0435 \u0442\u0435\u043b\u0435\u0432\u0438\u0434\u0435\u043d\u0438\u0435","potentialAction":[{"@type":"SearchAction","target":{"@type":"EntryPoint","urlTemplate":"https:\/\/www.btv.md\/?s={search_term_string}"},"query-input":{"@type":"PropertyValueSpecification","valueRequired":true,"valueName":"search_term_string"}}],"inLanguage":"ro-RO"},{"@type":"Person","@id":"https:\/\/www.btv.md\/#\/schema\/person\/8fadce81561b3ce2c34c46dadc4ccbf2","name":"admin"}]}},"_links":{"self":[{"href":"https:\/\/www.btv.md\/ro\/wp-json\/wp\/v2\/posts\/11369","targetHints":{"allow":["GET"]}}],"collection":[{"href":"https:\/\/www.btv.md\/ro\/wp-json\/wp\/v2\/posts"}],"about":[{"href":"https:\/\/www.btv.md\/ro\/wp-json\/wp\/v2\/types\/post"}],"author":[{"embeddable":true,"href":"https:\/\/www.btv.md\/ro\/wp-json\/wp\/v2\/users\/4"}],"replies":[{"embeddable":true,"href":"https:\/\/www.btv.md\/ro\/wp-json\/wp\/v2\/comments?post=11369"}],"version-history":[{"count":0,"href":"https:\/\/www.btv.md\/ro\/wp-json\/wp\/v2\/posts\/11369\/revisions"}],"wp:featuredmedia":[{"embeddable":true,"href":"https:\/\/www.btv.md\/ro\/wp-json\/wp\/v2\/media\/11370"}],"wp:attachment":[{"href":"https:\/\/www.btv.md\/ro\/wp-json\/wp\/v2\/media?parent=11369"}],"wp:term":[{"taxonomy":"category","embeddable":true,"href":"https:\/\/www.btv.md\/ro\/wp-json\/wp\/v2\/categories?post=11369"},{"taxonomy":"post_tag","embeddable":true,"href":"https:\/\/www.btv.md\/ro\/wp-json\/wp\/v2\/tags?post=11369"}],"curies":[{"name":"wp","href":"https:\/\/api.w.org\/{rel}","templated":true}]}}