{"id":11372,"date":"2016-04-25T11:31:18","date_gmt":"2016-04-25T08:31:18","guid":{"rendered":"http:\/\/btv.md\/?p=11372"},"modified":"2016-04-25T11:31:18","modified_gmt":"2016-04-25T08:31:18","slug":"doua-zile-de-ploi-in-toata-tara","status":"publish","type":"post","link":"https:\/\/www.btv.md\/ro\/doua-zile-de-ploi-in-toata-tara\/","title":{"rendered":"DOU\u0102  ZILE  DE  PLOI  \u00ceN  TOAT\u0102  \u021aARA"},"content":{"rendered":"<p><strong>S\u0103pt\u0103m\u00e2na aceasta \u00eencepe cu ploi. Potrivit Serviciului Hidrometeorologic de Stat, ast\u0103zi \u015fi m\u00e2ine se prev\u0103d ploi \u00een toat\u0103 \u0163ara.<\/strong><\/p>\n<p>\u015ei dac\u0103 pentru ast\u0103zi sunt prognozate ploi slabe, atunci mar\u0163i vom avea ploi \u00een toat\u0103 legea, cu desc\u0103rc\u0103ri electrice.<\/p>\n<p>De miercuri, vremea va fi mai frumoas\u0103, iar temperatura va cre\u015fte p\u00e2n\u0103 la 25 de grade Celsius. Spre sf\u00e2r\u015fitul s\u0103pt\u0103m\u00e2nii, timpul se va r\u0103ci pu\u0163in, iar s\u00e2mb\u0103t\u0103 ar putea din nou ploua, \u00eens\u0103 doar la nord \u015fi \u00een centrul \u0163\u0103rii.<\/p>\n","protected":false},"excerpt":{"rendered":"<p>S\u0103pt\u0103m\u00e2na aceasta \u00eencepe cu ploi. Potrivit Serviciului Hidrometeorologic de Stat, ast\u0103zi \u015fi m\u00e2ine se prev\u0103d ploi \u00een toat\u0103 \u0163ara. \u015ei dac\u0103 pentru ast\u0103zi sunt prognozate ploi slabe, atunci mar\u0163i vom avea ploi \u00een toat\u0103 legea, cu desc\u0103rc\u0103ri electrice. De miercuri, vremea va fi mai frumoas\u0103, iar temperatura va cre\u015fte p\u00e2n\u0103 la 25 de grade Celsius. [&hellip;]<\/p>\n","protected":false},"author":4,"featured_media":11373,"comment_status":"closed","ping_status":"closed","sticky":false,"template":"","format":"standard","meta":{"footnotes":""},"categories":[6349],"tags":[],"class_list":["post-11372","post","type-post","status-publish","format-standard","has-post-thumbnail","hentry","category-social"],"yoast_head":"<!-- This site is optimized with the Yoast SEO plugin v27.4 - https:\/\/yoast.com\/product\/yoast-seo-wordpress\/ -->\n<title>DOU\u0102 ZILE DE PLOI \u00ceN TOAT\u0102 \u021aARA - BTV<\/title>\n<meta name=\"robots\" content=\"index, follow, max-snippet:-1, max-image-preview:large, max-video-preview:-1\" \/>\n<link rel=\"canonical\" href=\"https:\/\/www.btv.md\/ro\/doua-zile-de-ploi-in-toata-tara\/\" \/>\n<meta property=\"og:locale\" content=\"ro_RO\" \/>\n<meta property=\"og:type\" content=\"article\" \/>\n<meta property=\"og:title\" content=\"DOU\u0102 ZILE DE PLOI \u00ceN TOAT\u0102 \u021aARA - BTV\" \/>\n<meta property=\"og:description\" content=\"S\u0103pt\u0103m\u00e2na aceasta \u00eencepe cu ploi. Potrivit Serviciului Hidrometeorologic de Stat, ast\u0103zi \u015fi m\u00e2ine se prev\u0103d ploi \u00een toat\u0103 \u0163ara. \u015ei dac\u0103 pentru ast\u0103zi sunt prognozate ploi slabe, atunci mar\u0163i vom avea ploi \u00een toat\u0103 legea, cu desc\u0103rc\u0103ri electrice. De miercuri, vremea va fi mai frumoas\u0103, iar temperatura va cre\u015fte p\u00e2n\u0103 la 25 de grade Celsius. [&hellip;]\" \/>\n<meta property=\"og:url\" content=\"https:\/\/www.btv.md\/ro\/doua-zile-de-ploi-in-toata-tara\/\" \/>\n<meta property=\"og:site_name\" content=\"BTV\" \/>\n<meta property=\"article:publisher\" content=\"https:\/\/www.facebook.com\/btvmoldova\/\" \/>\n<meta property=\"article:published_time\" content=\"2016-04-25T08:31:18+00:00\" \/>\n<meta property=\"og:image\" content=\"https:\/\/www.btv.md\/wp-content\/uploads\/2016\/04\/Meteo-avertizare-600x400.jpg\" \/>\n\t<meta property=\"og:image:width\" content=\"600\" \/>\n\t<meta property=\"og:image:height\" content=\"400\" \/>\n\t<meta property=\"og:image:type\" content=\"image\/jpeg\" \/>\n<meta name=\"author\" content=\"admin\" \/>\n<meta name=\"twitter:label1\" content=\"Scris de\" \/>\n\t<meta name=\"twitter:data1\" content=\"admin\" \/>\n<script type=\"application\/ld+json\" class=\"yoast-schema-graph\">{\"@context\":\"https:\\\/\\\/schema.org\",\"@graph\":[{\"@type\":\"Article\",\"@id\":\"https:\\\/\\\/www.btv.md\\\/ro\\\/doua-zile-de-ploi-in-toata-tara\\\/#article\",\"isPartOf\":{\"@id\":\"https:\\\/\\\/www.btv.md\\\/ro\\\/doua-zile-de-ploi-in-toata-tara\\\/\"},\"author\":{\"name\":\"admin\",\"@id\":\"https:\\\/\\\/www.btv.md\\\/#\\\/schema\\\/person\\\/8fadce81561b3ce2c34c46dadc4ccbf2\"},\"headline\":\"DOU\u0102 ZILE DE PLOI \u00ceN TOAT\u0102 \u021aARA\",\"datePublished\":\"2016-04-25T08:31:18+00:00\",\"mainEntityOfPage\":{\"@id\":\"https:\\\/\\\/www.btv.md\\\/ro\\\/doua-zile-de-ploi-in-toata-tara\\\/\"},\"wordCount\":105,\"image\":{\"@id\":\"https:\\\/\\\/www.btv.md\\\/ro\\\/doua-zile-de-ploi-in-toata-tara\\\/#primaryimage\"},\"thumbnailUrl\":\"https:\\\/\\\/www.btv.md\\\/wp-content\\\/uploads\\\/2016\\\/04\\\/Meteo-avertizare-600x400.jpg\",\"articleSection\":[\"Social\"],\"inLanguage\":\"ro-RO\"},{\"@type\":\"WebPage\",\"@id\":\"https:\\\/\\\/www.btv.md\\\/ro\\\/doua-zile-de-ploi-in-toata-tara\\\/\",\"url\":\"https:\\\/\\\/www.btv.md\\\/ro\\\/doua-zile-de-ploi-in-toata-tara\\\/\",\"name\":\"DOU\u0102 ZILE DE PLOI \u00ceN TOAT\u0102 \u021aARA - BTV\",\"isPartOf\":{\"@id\":\"https:\\\/\\\/www.btv.md\\\/#website\"},\"primaryImageOfPage\":{\"@id\":\"https:\\\/\\\/www.btv.md\\\/ro\\\/doua-zile-de-ploi-in-toata-tara\\\/#primaryimage\"},\"image\":{\"@id\":\"https:\\\/\\\/www.btv.md\\\/ro\\\/doua-zile-de-ploi-in-toata-tara\\\/#primaryimage\"},\"thumbnailUrl\":\"https:\\\/\\\/www.btv.md\\\/wp-content\\\/uploads\\\/2016\\\/04\\\/Meteo-avertizare-600x400.jpg\",\"datePublished\":\"2016-04-25T08:31:18+00:00\",\"author\":{\"@id\":\"https:\\\/\\\/www.btv.md\\\/#\\\/schema\\\/person\\\/8fadce81561b3ce2c34c46dadc4ccbf2\"},\"inLanguage\":\"ro-RO\",\"potentialAction\":[{\"@type\":\"ReadAction\",\"target\":[\"https:\\\/\\\/www.btv.md\\\/ro\\\/doua-zile-de-ploi-in-toata-tara\\\/\"]}]},{\"@type\":\"ImageObject\",\"inLanguage\":\"ro-RO\",\"@id\":\"https:\\\/\\\/www.btv.md\\\/ro\\\/doua-zile-de-ploi-in-toata-tara\\\/#primaryimage\",\"url\":\"https:\\\/\\\/www.btv.md\\\/wp-content\\\/uploads\\\/2016\\\/04\\\/Meteo-avertizare-600x400.jpg\",\"contentUrl\":\"https:\\\/\\\/www.btv.md\\\/wp-content\\\/uploads\\\/2016\\\/04\\\/Meteo-avertizare-600x400.jpg\",\"width\":600,\"height\":400,\"caption\":\"www.fanatik.ro\"},{\"@type\":\"WebSite\",\"@id\":\"https:\\\/\\\/www.btv.md\\\/#website\",\"url\":\"https:\\\/\\\/www.btv.md\\\/\",\"name\":\"BTV\",\"description\":\"\u0411\u0435\u043b\u044c\u0446\u043a\u043e\u0435 \u0442\u0435\u043b\u0435\u0432\u0438\u0434\u0435\u043d\u0438\u0435\",\"potentialAction\":[{\"@type\":\"SearchAction\",\"target\":{\"@type\":\"EntryPoint\",\"urlTemplate\":\"https:\\\/\\\/www.btv.md\\\/?s={search_term_string}\"},\"query-input\":{\"@type\":\"PropertyValueSpecification\",\"valueRequired\":true,\"valueName\":\"search_term_string\"}}],\"inLanguage\":\"ro-RO\"},{\"@type\":\"Person\",\"@id\":\"https:\\\/\\\/www.btv.md\\\/#\\\/schema\\\/person\\\/8fadce81561b3ce2c34c46dadc4ccbf2\",\"name\":\"admin\"}]}<\/script>\n<!-- \/ Yoast SEO plugin. -->","yoast_head_json":{"title":"DOU\u0102 ZILE DE PLOI \u00ceN TOAT\u0102 \u021aARA - BTV","robots":{"index":"index","follow":"follow","max-snippet":"max-snippet:-1","max-image-preview":"max-image-preview:large","max-video-preview":"max-video-preview:-1"},"canonical":"https:\/\/www.btv.md\/ro\/doua-zile-de-ploi-in-toata-tara\/","og_locale":"ro_RO","og_type":"article","og_title":"DOU\u0102 ZILE DE PLOI \u00ceN TOAT\u0102 \u021aARA - BTV","og_description":"S\u0103pt\u0103m\u00e2na aceasta \u00eencepe cu ploi. Potrivit Serviciului Hidrometeorologic de Stat, ast\u0103zi \u015fi m\u00e2ine se prev\u0103d ploi \u00een toat\u0103 \u0163ara. \u015ei dac\u0103 pentru ast\u0103zi sunt prognozate ploi slabe, atunci mar\u0163i vom avea ploi \u00een toat\u0103 legea, cu desc\u0103rc\u0103ri electrice. De miercuri, vremea va fi mai frumoas\u0103, iar temperatura va cre\u015fte p\u00e2n\u0103 la 25 de grade Celsius. [&hellip;]","og_url":"https:\/\/www.btv.md\/ro\/doua-zile-de-ploi-in-toata-tara\/","og_site_name":"BTV","article_publisher":"https:\/\/www.facebook.com\/btvmoldova\/","article_published_time":"2016-04-25T08:31:18+00:00","og_image":[{"width":600,"height":400,"url":"https:\/\/www.btv.md\/wp-content\/uploads\/2016\/04\/Meteo-avertizare-600x400.jpg","type":"image\/jpeg"}],"author":"admin","twitter_misc":{"Scris de":"admin"},"schema":{"@context":"https:\/\/schema.org","@graph":[{"@type":"Article","@id":"https:\/\/www.btv.md\/ro\/doua-zile-de-ploi-in-toata-tara\/#article","isPartOf":{"@id":"https:\/\/www.btv.md\/ro\/doua-zile-de-ploi-in-toata-tara\/"},"author":{"name":"admin","@id":"https:\/\/www.btv.md\/#\/schema\/person\/8fadce81561b3ce2c34c46dadc4ccbf2"},"headline":"DOU\u0102 ZILE DE PLOI \u00ceN TOAT\u0102 \u021aARA","datePublished":"2016-04-25T08:31:18+00:00","mainEntityOfPage":{"@id":"https:\/\/www.btv.md\/ro\/doua-zile-de-ploi-in-toata-tara\/"},"wordCount":105,"image":{"@id":"https:\/\/www.btv.md\/ro\/doua-zile-de-ploi-in-toata-tara\/#primaryimage"},"thumbnailUrl":"https:\/\/www.btv.md\/wp-content\/uploads\/2016\/04\/Meteo-avertizare-600x400.jpg","articleSection":["Social"],"inLanguage":"ro-RO"},{"@type":"WebPage","@id":"https:\/\/www.btv.md\/ro\/doua-zile-de-ploi-in-toata-tara\/","url":"https:\/\/www.btv.md\/ro\/doua-zile-de-ploi-in-toata-tara\/","name":"DOU\u0102 ZILE DE PLOI \u00ceN TOAT\u0102 \u021aARA - BTV","isPartOf":{"@id":"https:\/\/www.btv.md\/#website"},"primaryImageOfPage":{"@id":"https:\/\/www.btv.md\/ro\/doua-zile-de-ploi-in-toata-tara\/#primaryimage"},"image":{"@id":"https:\/\/www.btv.md\/ro\/doua-zile-de-ploi-in-toata-tara\/#primaryimage"},"thumbnailUrl":"https:\/\/www.btv.md\/wp-content\/uploads\/2016\/04\/Meteo-avertizare-600x400.jpg","datePublished":"2016-04-25T08:31:18+00:00","author":{"@id":"https:\/\/www.btv.md\/#\/schema\/person\/8fadce81561b3ce2c34c46dadc4ccbf2"},"inLanguage":"ro-RO","potentialAction":[{"@type":"ReadAction","target":["https:\/\/www.btv.md\/ro\/doua-zile-de-ploi-in-toata-tara\/"]}]},{"@type":"ImageObject","inLanguage":"ro-RO","@id":"https:\/\/www.btv.md\/ro\/doua-zile-de-ploi-in-toata-tara\/#primaryimage","url":"https:\/\/www.btv.md\/wp-content\/uploads\/2016\/04\/Meteo-avertizare-600x400.jpg","contentUrl":"https:\/\/www.btv.md\/wp-content\/uploads\/2016\/04\/Meteo-avertizare-600x400.jpg","width":600,"height":400,"caption":"www.fanatik.ro"},{"@type":"WebSite","@id":"https:\/\/www.btv.md\/#website","url":"https:\/\/www.btv.md\/","name":"BTV","description":"\u0411\u0435\u043b\u044c\u0446\u043a\u043e\u0435 \u0442\u0435\u043b\u0435\u0432\u0438\u0434\u0435\u043d\u0438\u0435","potentialAction":[{"@type":"SearchAction","target":{"@type":"EntryPoint","urlTemplate":"https:\/\/www.btv.md\/?s={search_term_string}"},"query-input":{"@type":"PropertyValueSpecification","valueRequired":true,"valueName":"search_term_string"}}],"inLanguage":"ro-RO"},{"@type":"Person","@id":"https:\/\/www.btv.md\/#\/schema\/person\/8fadce81561b3ce2c34c46dadc4ccbf2","name":"admin"}]}},"_links":{"self":[{"href":"https:\/\/www.btv.md\/ro\/wp-json\/wp\/v2\/posts\/11372","targetHints":{"allow":["GET"]}}],"collection":[{"href":"https:\/\/www.btv.md\/ro\/wp-json\/wp\/v2\/posts"}],"about":[{"href":"https:\/\/www.btv.md\/ro\/wp-json\/wp\/v2\/types\/post"}],"author":[{"embeddable":true,"href":"https:\/\/www.btv.md\/ro\/wp-json\/wp\/v2\/users\/4"}],"replies":[{"embeddable":true,"href":"https:\/\/www.btv.md\/ro\/wp-json\/wp\/v2\/comments?post=11372"}],"version-history":[{"count":0,"href":"https:\/\/www.btv.md\/ro\/wp-json\/wp\/v2\/posts\/11372\/revisions"}],"wp:featuredmedia":[{"embeddable":true,"href":"https:\/\/www.btv.md\/ro\/wp-json\/wp\/v2\/media\/11373"}],"wp:attachment":[{"href":"https:\/\/www.btv.md\/ro\/wp-json\/wp\/v2\/media?parent=11372"}],"wp:term":[{"taxonomy":"category","embeddable":true,"href":"https:\/\/www.btv.md\/ro\/wp-json\/wp\/v2\/categories?post=11372"},{"taxonomy":"post_tag","embeddable":true,"href":"https:\/\/www.btv.md\/ro\/wp-json\/wp\/v2\/tags?post=11372"}],"curies":[{"name":"wp","href":"https:\/\/api.w.org\/{rel}","templated":true}]}}