{"id":113734,"date":"2021-02-10T06:38:40","date_gmt":"2021-02-10T04:38:40","guid":{"rendered":"http:\/\/www.btv.md\/?p=113734"},"modified":"2021-02-09T20:40:15","modified_gmt":"2021-02-09T18:40:15","slug":"moldova-nu-poate-primi-vaccin-anti-covid-promis-de-romania","status":"publish","type":"post","link":"https:\/\/www.btv.md\/ro\/moldova-nu-poate-primi-vaccin-anti-covid-promis-de-romania\/","title":{"rendered":"Moldova nu poate primi vaccin anti-COVID, promis de Rom\u00e2nia"},"content":{"rendered":"<p><strong>Republica Moldova nu poate primi, deocamdat\u0103, dona\u0163ia de 200 de mii de doze de vaccin anti-COVID-19, promise de Rom\u00e2nia. Pentru ca serul s\u0103 poate fi livrat \u0163\u0103rii noastre, este nevoie ca Uniunea European\u0103 \u015fi produc\u0103torul vaccinului s\u0103 \u00ee\u015fi dea acordul. Preciz\u0103rile au fost f\u0103cute de pre\u015fedintele Maia Sandu, \u00een cadrul unui briefing de pres\u0103.<\/strong><\/p>\n<p>&#8222;Nu poate Romania s\u0103 doneze din vaccinul pe care-l are f\u0103r\u0103 acordul suplimentar al produc\u0103torului. Pentru c\u0103 ideea este c\u0103 folosirea acestui vaccin pe teritoriul Republicii Moldova \u00eenseamn\u0103 un acord suplimentar de la produc\u0103tor.&#8221;, a spus pre\u015fedintele, Maia Sandu, transmite <a href=\"https:\/\/www.publika.md\/vaccinurile-din-romania-incerte-pentru-ca-serul-sa-poate-fi-livrat-in-moldova-este-nevoie-acordul-ue_3095405.html#ixzz6m06XkODy\">publika.md<\/a>.<\/p>\n<p>\u00centrebat\u0103 dac\u0103 se va vaccina \u00eempotriva noului coronavirus, \u015feful statului a spus c\u0103 sunt oameni care au nevoie mai mare de ser dec\u00e2t ea. Totu\u015fi, Maia Sandu a precizat c\u0103, dac\u0103 va fi nevoie s\u0103 se imunizeze pentru a \u00eencuraja cet\u0103\u0163enii s\u0103 aib\u0103 \u00eencredere \u00een vaccin, atunci o va face. L-am \u00eentrebat \u015fi pe premierul interimar dac\u0103 \u00ee\u015fi va administra antidotul. \u00centr-un r\u0103spuns oficial, Aureliu Ciocoi a spus c\u0103 prioritatea absoluta\u0306 va fi acordat\u0103 medicilor, iar el nu este cu nimic mai deosebit dec\u00e2t ceilalt\u0326i ceta\u0306t\u0326eni. Am \u00eencercat s\u0103 afl\u0103m dac\u0103 pre\u015fedintele Parlamentului, Zinaida Grecean\u00eei, se va vaccina.<\/p>\n<p>Ofi\u0163erul de pres\u0103 al institu\u0163iei ne-a spus c\u0103 va reveni mai t\u00e2rziu cu un r\u0103spuns. Primele doze de vaccin anti-COVID-19 livrate \u0163\u0103rii noastre prin intermediul platformei COVAX vor ajunge \u00een \u0163ar\u0103 la mijlocul lunii.<\/p>\n<p>Premierul de la Bucure\u015fti, Florin C\u00ee\u0163u, a declarat recent c\u0103 Rom\u00e2nia vrea \u015fi are capacitatea s\u0103 produc\u0103 vaccin anti-COVID. Speciali\u015ftii \u00eel contrazic \u015fi spun c\u0103 ar fi necesare investi\u0163ii serioase, de cel pu\u0163in 20 de milioane de euro, pentru reabilitarea Institutului &#8222;Cantacuzino&#8221;.<\/p>\n<p><iframe style=\"border: 0px;\" data-src=\"https:\/\/www.publika.md\/embed\/5219870\" width=\"770\" height=\"433\" frameborder=\"0\" scrolling=\"no\" src=\"data:image\/svg+xml;base64,PHN2ZyB3aWR0aD0iMSIgaGVpZ2h0PSIxIiB4bWxucz0iaHR0cDovL3d3dy53My5vcmcvMjAwMC9zdmciPjwvc3ZnPg==\" class=\"lazyload\" data-load-mode=\"1\"><\/iframe><\/p>\n<p>Sursa: <a href=\"https:\/\/www.publika.md\/vaccinurile-din-romania-incerte-pentru-ca-serul-sa-poate-fi-livrat-in-moldova-este-nevoie-acordul-ue_3095405.html#ixzz6m06XkODy\">publika.md<\/a><\/p>\n","protected":false},"excerpt":{"rendered":"<p>Republica Moldova nu poate primi, deocamdat\u0103, dona\u0163ia de 200 de mii de doze de vaccin anti-COVID-19, promise de Rom\u00e2nia. Pentru ca serul s\u0103 poate fi livrat \u0163\u0103rii noastre, este nevoie ca Uniunea European\u0103 \u015fi produc\u0103torul vaccinului s\u0103 \u00ee\u015fi dea acordul. Preciz\u0103rile au fost f\u0103cute de pre\u015fedintele Maia Sandu, \u00een cadrul unui briefing de pres\u0103. &#8222;Nu [&hellip;]<\/p>\n","protected":false},"author":4,"featured_media":113735,"comment_status":"closed","ping_status":"closed","sticky":false,"template":"","format":"standard","meta":{"footnotes":""},"categories":[6349,6377],"tags":[21496,21497],"class_list":["post-113734","post","type-post","status-publish","format-standard","has-post-thumbnail","hentry","category-social","category-stiri","tag-moldova-nu-poate-primi-vaccin-anti-covid","tag-promis-de-romania"],"yoast_head":"<!-- This site is optimized with the Yoast SEO plugin v27.4 - https:\/\/yoast.com\/product\/yoast-seo-wordpress\/ -->\n<title>Moldova nu poate primi vaccin anti-COVID, promis de Rom\u00e2nia - BTV<\/title>\n<meta name=\"robots\" content=\"index, follow, max-snippet:-1, max-image-preview:large, max-video-preview:-1\" \/>\n<link rel=\"canonical\" href=\"https:\/\/www.btv.md\/ro\/moldova-nu-poate-primi-vaccin-anti-covid-promis-de-romania\/\" \/>\n<meta property=\"og:locale\" content=\"ro_RO\" \/>\n<meta property=\"og:type\" content=\"article\" \/>\n<meta property=\"og:title\" content=\"Moldova nu poate primi vaccin anti-COVID, promis de Rom\u00e2nia - BTV\" \/>\n<meta property=\"og:description\" content=\"Republica Moldova nu poate primi, deocamdat\u0103, dona\u0163ia de 200 de mii de doze de vaccin anti-COVID-19, promise de Rom\u00e2nia. Pentru ca serul s\u0103 poate fi livrat \u0163\u0103rii noastre, este nevoie ca Uniunea European\u0103 \u015fi produc\u0103torul vaccinului s\u0103 \u00ee\u015fi dea acordul. Preciz\u0103rile au fost f\u0103cute de pre\u015fedintele Maia Sandu, \u00een cadrul unui briefing de pres\u0103. &#8222;Nu [&hellip;]\" \/>\n<meta property=\"og:url\" content=\"https:\/\/www.btv.md\/ro\/moldova-nu-poate-primi-vaccin-anti-covid-promis-de-romania\/\" \/>\n<meta property=\"og:site_name\" content=\"BTV\" \/>\n<meta property=\"article:publisher\" content=\"https:\/\/www.facebook.com\/btvmoldova\/\" \/>\n<meta property=\"article:published_time\" content=\"2021-02-10T04:38:40+00:00\" \/>\n<meta property=\"og:image\" content=\"https:\/\/www.btv.md\/wp-content\/uploads\/2021\/02\/1-78.jpg\" \/>\n\t<meta property=\"og:image:width\" content=\"850\" \/>\n\t<meta property=\"og:image:height\" content=\"516\" \/>\n\t<meta property=\"og:image:type\" content=\"image\/jpeg\" \/>\n<meta name=\"author\" content=\"admin\" \/>\n<meta name=\"twitter:label1\" content=\"Scris de\" \/>\n\t<meta name=\"twitter:data1\" content=\"admin\" \/>\n\t<meta name=\"twitter:label2\" content=\"Timp estimat pentru citire\" \/>\n\t<meta name=\"twitter:data2\" content=\"2 minute\" \/>\n<script type=\"application\/ld+json\" class=\"yoast-schema-graph\">{\"@context\":\"https:\\\/\\\/schema.org\",\"@graph\":[{\"@type\":\"Article\",\"@id\":\"https:\\\/\\\/www.btv.md\\\/ro\\\/moldova-nu-poate-primi-vaccin-anti-covid-promis-de-romania\\\/#article\",\"isPartOf\":{\"@id\":\"https:\\\/\\\/www.btv.md\\\/ro\\\/moldova-nu-poate-primi-vaccin-anti-covid-promis-de-romania\\\/\"},\"author\":{\"name\":\"admin\",\"@id\":\"https:\\\/\\\/www.btv.md\\\/#\\\/schema\\\/person\\\/8fadce81561b3ce2c34c46dadc4ccbf2\"},\"headline\":\"Moldova nu poate primi vaccin anti-COVID, promis de Rom\u00e2nia\",\"datePublished\":\"2021-02-10T04:38:40+00:00\",\"mainEntityOfPage\":{\"@id\":\"https:\\\/\\\/www.btv.md\\\/ro\\\/moldova-nu-poate-primi-vaccin-anti-covid-promis-de-romania\\\/\"},\"wordCount\":312,\"image\":{\"@id\":\"https:\\\/\\\/www.btv.md\\\/ro\\\/moldova-nu-poate-primi-vaccin-anti-covid-promis-de-romania\\\/#primaryimage\"},\"thumbnailUrl\":\"https:\\\/\\\/www.btv.md\\\/wp-content\\\/uploads\\\/2021\\\/02\\\/1-78.jpg\",\"keywords\":[\"Moldova nu poate primi vaccin anti-COVID\",\"promis de Rom\u00e2nia\"],\"articleSection\":[\"Social\",\"\u0218tiri\"],\"inLanguage\":\"ro-RO\"},{\"@type\":\"WebPage\",\"@id\":\"https:\\\/\\\/www.btv.md\\\/ro\\\/moldova-nu-poate-primi-vaccin-anti-covid-promis-de-romania\\\/\",\"url\":\"https:\\\/\\\/www.btv.md\\\/ro\\\/moldova-nu-poate-primi-vaccin-anti-covid-promis-de-romania\\\/\",\"name\":\"Moldova nu poate primi vaccin anti-COVID, promis de Rom\u00e2nia - BTV\",\"isPartOf\":{\"@id\":\"https:\\\/\\\/www.btv.md\\\/#website\"},\"primaryImageOfPage\":{\"@id\":\"https:\\\/\\\/www.btv.md\\\/ro\\\/moldova-nu-poate-primi-vaccin-anti-covid-promis-de-romania\\\/#primaryimage\"},\"image\":{\"@id\":\"https:\\\/\\\/www.btv.md\\\/ro\\\/moldova-nu-poate-primi-vaccin-anti-covid-promis-de-romania\\\/#primaryimage\"},\"thumbnailUrl\":\"https:\\\/\\\/www.btv.md\\\/wp-content\\\/uploads\\\/2021\\\/02\\\/1-78.jpg\",\"datePublished\":\"2021-02-10T04:38:40+00:00\",\"author\":{\"@id\":\"https:\\\/\\\/www.btv.md\\\/#\\\/schema\\\/person\\\/8fadce81561b3ce2c34c46dadc4ccbf2\"},\"inLanguage\":\"ro-RO\",\"potentialAction\":[{\"@type\":\"ReadAction\",\"target\":[\"https:\\\/\\\/www.btv.md\\\/ro\\\/moldova-nu-poate-primi-vaccin-anti-covid-promis-de-romania\\\/\"]}]},{\"@type\":\"ImageObject\",\"inLanguage\":\"ro-RO\",\"@id\":\"https:\\\/\\\/www.btv.md\\\/ro\\\/moldova-nu-poate-primi-vaccin-anti-covid-promis-de-romania\\\/#primaryimage\",\"url\":\"https:\\\/\\\/www.btv.md\\\/wp-content\\\/uploads\\\/2021\\\/02\\\/1-78.jpg\",\"contentUrl\":\"https:\\\/\\\/www.btv.md\\\/wp-content\\\/uploads\\\/2021\\\/02\\\/1-78.jpg\",\"width\":850,\"height\":516},{\"@type\":\"WebSite\",\"@id\":\"https:\\\/\\\/www.btv.md\\\/#website\",\"url\":\"https:\\\/\\\/www.btv.md\\\/\",\"name\":\"BTV\",\"description\":\"\u0411\u0435\u043b\u044c\u0446\u043a\u043e\u0435 \u0442\u0435\u043b\u0435\u0432\u0438\u0434\u0435\u043d\u0438\u0435\",\"potentialAction\":[{\"@type\":\"SearchAction\",\"target\":{\"@type\":\"EntryPoint\",\"urlTemplate\":\"https:\\\/\\\/www.btv.md\\\/?s={search_term_string}\"},\"query-input\":{\"@type\":\"PropertyValueSpecification\",\"valueRequired\":true,\"valueName\":\"search_term_string\"}}],\"inLanguage\":\"ro-RO\"},{\"@type\":\"Person\",\"@id\":\"https:\\\/\\\/www.btv.md\\\/#\\\/schema\\\/person\\\/8fadce81561b3ce2c34c46dadc4ccbf2\",\"name\":\"admin\"}]}<\/script>\n<!-- \/ Yoast SEO plugin. -->","yoast_head_json":{"title":"Moldova nu poate primi vaccin anti-COVID, promis de Rom\u00e2nia - BTV","robots":{"index":"index","follow":"follow","max-snippet":"max-snippet:-1","max-image-preview":"max-image-preview:large","max-video-preview":"max-video-preview:-1"},"canonical":"https:\/\/www.btv.md\/ro\/moldova-nu-poate-primi-vaccin-anti-covid-promis-de-romania\/","og_locale":"ro_RO","og_type":"article","og_title":"Moldova nu poate primi vaccin anti-COVID, promis de Rom\u00e2nia - BTV","og_description":"Republica Moldova nu poate primi, deocamdat\u0103, dona\u0163ia de 200 de mii de doze de vaccin anti-COVID-19, promise de Rom\u00e2nia. Pentru ca serul s\u0103 poate fi livrat \u0163\u0103rii noastre, este nevoie ca Uniunea European\u0103 \u015fi produc\u0103torul vaccinului s\u0103 \u00ee\u015fi dea acordul. Preciz\u0103rile au fost f\u0103cute de pre\u015fedintele Maia Sandu, \u00een cadrul unui briefing de pres\u0103. &#8222;Nu [&hellip;]","og_url":"https:\/\/www.btv.md\/ro\/moldova-nu-poate-primi-vaccin-anti-covid-promis-de-romania\/","og_site_name":"BTV","article_publisher":"https:\/\/www.facebook.com\/btvmoldova\/","article_published_time":"2021-02-10T04:38:40+00:00","og_image":[{"width":850,"height":516,"url":"https:\/\/www.btv.md\/wp-content\/uploads\/2021\/02\/1-78.jpg","type":"image\/jpeg"}],"author":"admin","twitter_misc":{"Scris de":"admin","Timp estimat pentru citire":"2 minute"},"schema":{"@context":"https:\/\/schema.org","@graph":[{"@type":"Article","@id":"https:\/\/www.btv.md\/ro\/moldova-nu-poate-primi-vaccin-anti-covid-promis-de-romania\/#article","isPartOf":{"@id":"https:\/\/www.btv.md\/ro\/moldova-nu-poate-primi-vaccin-anti-covid-promis-de-romania\/"},"author":{"name":"admin","@id":"https:\/\/www.btv.md\/#\/schema\/person\/8fadce81561b3ce2c34c46dadc4ccbf2"},"headline":"Moldova nu poate primi vaccin anti-COVID, promis de Rom\u00e2nia","datePublished":"2021-02-10T04:38:40+00:00","mainEntityOfPage":{"@id":"https:\/\/www.btv.md\/ro\/moldova-nu-poate-primi-vaccin-anti-covid-promis-de-romania\/"},"wordCount":312,"image":{"@id":"https:\/\/www.btv.md\/ro\/moldova-nu-poate-primi-vaccin-anti-covid-promis-de-romania\/#primaryimage"},"thumbnailUrl":"https:\/\/www.btv.md\/wp-content\/uploads\/2021\/02\/1-78.jpg","keywords":["Moldova nu poate primi vaccin anti-COVID","promis de Rom\u00e2nia"],"articleSection":["Social","\u0218tiri"],"inLanguage":"ro-RO"},{"@type":"WebPage","@id":"https:\/\/www.btv.md\/ro\/moldova-nu-poate-primi-vaccin-anti-covid-promis-de-romania\/","url":"https:\/\/www.btv.md\/ro\/moldova-nu-poate-primi-vaccin-anti-covid-promis-de-romania\/","name":"Moldova nu poate primi vaccin anti-COVID, promis de Rom\u00e2nia - BTV","isPartOf":{"@id":"https:\/\/www.btv.md\/#website"},"primaryImageOfPage":{"@id":"https:\/\/www.btv.md\/ro\/moldova-nu-poate-primi-vaccin-anti-covid-promis-de-romania\/#primaryimage"},"image":{"@id":"https:\/\/www.btv.md\/ro\/moldova-nu-poate-primi-vaccin-anti-covid-promis-de-romania\/#primaryimage"},"thumbnailUrl":"https:\/\/www.btv.md\/wp-content\/uploads\/2021\/02\/1-78.jpg","datePublished":"2021-02-10T04:38:40+00:00","author":{"@id":"https:\/\/www.btv.md\/#\/schema\/person\/8fadce81561b3ce2c34c46dadc4ccbf2"},"inLanguage":"ro-RO","potentialAction":[{"@type":"ReadAction","target":["https:\/\/www.btv.md\/ro\/moldova-nu-poate-primi-vaccin-anti-covid-promis-de-romania\/"]}]},{"@type":"ImageObject","inLanguage":"ro-RO","@id":"https:\/\/www.btv.md\/ro\/moldova-nu-poate-primi-vaccin-anti-covid-promis-de-romania\/#primaryimage","url":"https:\/\/www.btv.md\/wp-content\/uploads\/2021\/02\/1-78.jpg","contentUrl":"https:\/\/www.btv.md\/wp-content\/uploads\/2021\/02\/1-78.jpg","width":850,"height":516},{"@type":"WebSite","@id":"https:\/\/www.btv.md\/#website","url":"https:\/\/www.btv.md\/","name":"BTV","description":"\u0411\u0435\u043b\u044c\u0446\u043a\u043e\u0435 \u0442\u0435\u043b\u0435\u0432\u0438\u0434\u0435\u043d\u0438\u0435","potentialAction":[{"@type":"SearchAction","target":{"@type":"EntryPoint","urlTemplate":"https:\/\/www.btv.md\/?s={search_term_string}"},"query-input":{"@type":"PropertyValueSpecification","valueRequired":true,"valueName":"search_term_string"}}],"inLanguage":"ro-RO"},{"@type":"Person","@id":"https:\/\/www.btv.md\/#\/schema\/person\/8fadce81561b3ce2c34c46dadc4ccbf2","name":"admin"}]}},"_links":{"self":[{"href":"https:\/\/www.btv.md\/ro\/wp-json\/wp\/v2\/posts\/113734","targetHints":{"allow":["GET"]}}],"collection":[{"href":"https:\/\/www.btv.md\/ro\/wp-json\/wp\/v2\/posts"}],"about":[{"href":"https:\/\/www.btv.md\/ro\/wp-json\/wp\/v2\/types\/post"}],"author":[{"embeddable":true,"href":"https:\/\/www.btv.md\/ro\/wp-json\/wp\/v2\/users\/4"}],"replies":[{"embeddable":true,"href":"https:\/\/www.btv.md\/ro\/wp-json\/wp\/v2\/comments?post=113734"}],"version-history":[{"count":0,"href":"https:\/\/www.btv.md\/ro\/wp-json\/wp\/v2\/posts\/113734\/revisions"}],"wp:featuredmedia":[{"embeddable":true,"href":"https:\/\/www.btv.md\/ro\/wp-json\/wp\/v2\/media\/113735"}],"wp:attachment":[{"href":"https:\/\/www.btv.md\/ro\/wp-json\/wp\/v2\/media?parent=113734"}],"wp:term":[{"taxonomy":"category","embeddable":true,"href":"https:\/\/www.btv.md\/ro\/wp-json\/wp\/v2\/categories?post=113734"},{"taxonomy":"post_tag","embeddable":true,"href":"https:\/\/www.btv.md\/ro\/wp-json\/wp\/v2\/tags?post=113734"}],"curies":[{"name":"wp","href":"https:\/\/api.w.org\/{rel}","templated":true}]}}