{"id":113979,"date":"2021-02-11T06:09:20","date_gmt":"2021-02-11T04:09:20","guid":{"rendered":"http:\/\/www.btv.md\/?p=113979"},"modified":"2021-02-10T23:58:49","modified_gmt":"2021-02-10T21:58:49","slug":"un-drumar-si-a-inhamat-calul-la-sanie-si-a-inceput-sa-curate-trotuarele-de-zapada","status":"publish","type":"post","link":"https:\/\/www.btv.md\/ro\/un-drumar-si-a-inhamat-calul-la-sanie-si-a-inceput-sa-curate-trotuarele-de-zapada\/","title":{"rendered":"Un drumar \u015fi-a \u00eenh\u0103mat calul la sanie \u015fi a \u00eenceput s\u0103 cur\u0103\u0163e trotuarele de z\u0103pad\u0103"},"content":{"rendered":"<p><strong>A \u00eembinat utilul cu pl\u0103cutul. Un drumar din regiunea Lvov din Ucraina \u015fi-a \u00eenh\u0103mat calul la o sanie \u015fi a \u00eenceput s\u0103 cur\u0103\u0163e trotuarele de z\u0103pad\u0103.\u00a0 Imaginile au fost filmate \u00een ora\u015ful Brod\u00ee \u015fi publicate pe Youtube.\u00a0<\/strong><\/p>\n<p>B\u0103rbatul spune c\u0103 \u015fi-a pus animalul la treab\u0103 pentru a se da cu sania \u015fi a desz\u0103pezi mai repede trotuarele, transmite <a href=\"https:\/\/www.publika.md\/un-drumar-din-ucraina-si-a-inhamat-calul-la-sanie-si-a-inceput-sa-curate-trotuarele-de-zapada-imaginile-au-devenit-virale_3095554.html#ixzz6m6luUkD1\">publika.md<\/a>.\u00a0Locuitorii din Brod\u00ee au propus ca angajatului prim\u0103riei s\u0103 primeasc\u0103 o prim\u0103. \u00cen regiunea Lvov din Ucraina ninge de c\u00e2teva zile.\u00a0 Mai mult, meteorologii prognozeaz\u0103 precipita\u021bii p\u00e2n\u0103 la sf\u00e2r\u0219itul s\u0103pt\u0103m\u00e2nii.<\/p>\n<p><iframe title=\"\u041a\u0440\u0435\u0430\u0442\u0438\u0432\u043d\u0435 \u043f\u0440\u0438\u0431\u0438\u0440\u0430\u043d\u043d\u044f \u0441\u043d\u0456\u0433\u0443. \u042f\u043a \u043a\u043e\u043c\u0443\u043d\u0430\u043b\u044c\u043d\u0438\u043a-\u0432\u0438\u043d\u0430\u0445\u0456\u0434\u043d\u0438\u043a \u0432\u0438\u0439\u0448\u043e\u0432 \u043d\u0430 \u0440\u043e\u0431\u043e\u0442\u0443\" width=\"1170\" height=\"658\" data-src=\"https:\/\/www.youtube.com\/embed\/w96tcIy-b0A?wmode=transparent&amp;rel=0&amp;feature=oembed\" frameborder=\"0\" allow=\"accelerometer; autoplay; clipboard-write; encrypted-media; gyroscope; picture-in-picture\" allowfullscreen src=\"data:image\/svg+xml;base64,PHN2ZyB3aWR0aD0iMSIgaGVpZ2h0PSIxIiB4bWxucz0iaHR0cDovL3d3dy53My5vcmcvMjAwMC9zdmciPjwvc3ZnPg==\" class=\"lazyload\" data-load-mode=\"1\"><\/iframe><\/p>\n","protected":false},"excerpt":{"rendered":"<p>A \u00eembinat utilul cu pl\u0103cutul. Un drumar din regiunea Lvov din Ucraina \u015fi-a \u00eenh\u0103mat calul la o sanie \u015fi a \u00eenceput s\u0103 cur\u0103\u0163e trotuarele de z\u0103pad\u0103.\u00a0 Imaginile au fost filmate \u00een ora\u015ful Brod\u00ee \u015fi publicate pe Youtube.\u00a0 B\u0103rbatul spune c\u0103 \u015fi-a pus animalul la treab\u0103 pentru a se da cu sania \u015fi a desz\u0103pezi mai [&hellip;]<\/p>\n","protected":false},"author":4,"featured_media":113980,"comment_status":"closed","ping_status":"closed","sticky":false,"template":"","format":"standard","meta":{"footnotes":""},"categories":[6349,6377],"tags":[21562],"class_list":["post-113979","post","type-post","status-publish","format-standard","has-post-thumbnail","hentry","category-social","category-stiri","tag-un-drumar-si-a-inhamat-calul-la-sanie-si-a-inceput-sa-curate-trotuarele-de-zapada"],"yoast_head":"<!-- This site is optimized with the Yoast SEO plugin v27.4 - https:\/\/yoast.com\/product\/yoast-seo-wordpress\/ -->\n<title>Un drumar \u015fi-a \u00eenh\u0103mat calul la sanie \u015fi a \u00eenceput s\u0103 cur\u0103\u0163e trotuarele de z\u0103pad\u0103 - BTV<\/title>\n<meta name=\"robots\" content=\"index, follow, max-snippet:-1, max-image-preview:large, max-video-preview:-1\" \/>\n<link rel=\"canonical\" href=\"https:\/\/www.btv.md\/ro\/un-drumar-si-a-inhamat-calul-la-sanie-si-a-inceput-sa-curate-trotuarele-de-zapada\/\" \/>\n<meta property=\"og:locale\" content=\"ro_RO\" \/>\n<meta property=\"og:type\" content=\"article\" \/>\n<meta property=\"og:title\" content=\"Un drumar \u015fi-a \u00eenh\u0103mat calul la sanie \u015fi a \u00eenceput s\u0103 cur\u0103\u0163e trotuarele de z\u0103pad\u0103 - BTV\" \/>\n<meta property=\"og:description\" content=\"A \u00eembinat utilul cu pl\u0103cutul. Un drumar din regiunea Lvov din Ucraina \u015fi-a \u00eenh\u0103mat calul la o sanie \u015fi a \u00eenceput s\u0103 cur\u0103\u0163e trotuarele de z\u0103pad\u0103.\u00a0 Imaginile au fost filmate \u00een ora\u015ful Brod\u00ee \u015fi publicate pe Youtube.\u00a0 B\u0103rbatul spune c\u0103 \u015fi-a pus animalul la treab\u0103 pentru a se da cu sania \u015fi a desz\u0103pezi mai [&hellip;]\" \/>\n<meta property=\"og:url\" content=\"https:\/\/www.btv.md\/ro\/un-drumar-si-a-inhamat-calul-la-sanie-si-a-inceput-sa-curate-trotuarele-de-zapada\/\" \/>\n<meta property=\"og:site_name\" content=\"BTV\" \/>\n<meta property=\"article:publisher\" content=\"https:\/\/www.facebook.com\/btvmoldova\/\" \/>\n<meta property=\"article:published_time\" content=\"2021-02-11T04:09:20+00:00\" \/>\n<meta property=\"og:image\" content=\"https:\/\/www.btv.md\/wp-content\/uploads\/2021\/02\/1-94.jpg\" \/>\n\t<meta property=\"og:image:width\" content=\"890\" \/>\n\t<meta property=\"og:image:height\" content=\"450\" \/>\n\t<meta property=\"og:image:type\" content=\"image\/jpeg\" \/>\n<meta name=\"author\" content=\"admin\" \/>\n<meta name=\"twitter:label1\" content=\"Scris de\" \/>\n\t<meta name=\"twitter:data1\" content=\"admin\" \/>\n\t<meta name=\"twitter:label2\" content=\"Timp estimat pentru citire\" \/>\n\t<meta name=\"twitter:data2\" content=\"1 minut\" \/>\n<script type=\"application\/ld+json\" class=\"yoast-schema-graph\">{\"@context\":\"https:\\\/\\\/schema.org\",\"@graph\":[{\"@type\":\"Article\",\"@id\":\"https:\\\/\\\/www.btv.md\\\/ro\\\/un-drumar-si-a-inhamat-calul-la-sanie-si-a-inceput-sa-curate-trotuarele-de-zapada\\\/#article\",\"isPartOf\":{\"@id\":\"https:\\\/\\\/www.btv.md\\\/ro\\\/un-drumar-si-a-inhamat-calul-la-sanie-si-a-inceput-sa-curate-trotuarele-de-zapada\\\/\"},\"author\":{\"name\":\"admin\",\"@id\":\"https:\\\/\\\/www.btv.md\\\/#\\\/schema\\\/person\\\/8fadce81561b3ce2c34c46dadc4ccbf2\"},\"headline\":\"Un drumar \u015fi-a \u00eenh\u0103mat calul la sanie \u015fi a \u00eenceput s\u0103 cur\u0103\u0163e trotuarele de z\u0103pad\u0103\",\"datePublished\":\"2021-02-11T04:09:20+00:00\",\"mainEntityOfPage\":{\"@id\":\"https:\\\/\\\/www.btv.md\\\/ro\\\/un-drumar-si-a-inhamat-calul-la-sanie-si-a-inceput-sa-curate-trotuarele-de-zapada\\\/\"},\"wordCount\":137,\"image\":{\"@id\":\"https:\\\/\\\/www.btv.md\\\/ro\\\/un-drumar-si-a-inhamat-calul-la-sanie-si-a-inceput-sa-curate-trotuarele-de-zapada\\\/#primaryimage\"},\"thumbnailUrl\":\"https:\\\/\\\/www.btv.md\\\/wp-content\\\/uploads\\\/2021\\\/02\\\/1-94.jpg\",\"keywords\":[\"Un drumar \u015fi-a \u00eenh\u0103mat calul la sanie \u015fi a \u00eenceput s\u0103 cur\u0103\u0163e trotuarele de z\u0103pad\u0103\"],\"articleSection\":[\"Social\",\"\u0218tiri\"],\"inLanguage\":\"ro-RO\"},{\"@type\":\"WebPage\",\"@id\":\"https:\\\/\\\/www.btv.md\\\/ro\\\/un-drumar-si-a-inhamat-calul-la-sanie-si-a-inceput-sa-curate-trotuarele-de-zapada\\\/\",\"url\":\"https:\\\/\\\/www.btv.md\\\/ro\\\/un-drumar-si-a-inhamat-calul-la-sanie-si-a-inceput-sa-curate-trotuarele-de-zapada\\\/\",\"name\":\"Un drumar \u015fi-a \u00eenh\u0103mat calul la sanie \u015fi a \u00eenceput s\u0103 cur\u0103\u0163e trotuarele de z\u0103pad\u0103 - BTV\",\"isPartOf\":{\"@id\":\"https:\\\/\\\/www.btv.md\\\/#website\"},\"primaryImageOfPage\":{\"@id\":\"https:\\\/\\\/www.btv.md\\\/ro\\\/un-drumar-si-a-inhamat-calul-la-sanie-si-a-inceput-sa-curate-trotuarele-de-zapada\\\/#primaryimage\"},\"image\":{\"@id\":\"https:\\\/\\\/www.btv.md\\\/ro\\\/un-drumar-si-a-inhamat-calul-la-sanie-si-a-inceput-sa-curate-trotuarele-de-zapada\\\/#primaryimage\"},\"thumbnailUrl\":\"https:\\\/\\\/www.btv.md\\\/wp-content\\\/uploads\\\/2021\\\/02\\\/1-94.jpg\",\"datePublished\":\"2021-02-11T04:09:20+00:00\",\"author\":{\"@id\":\"https:\\\/\\\/www.btv.md\\\/#\\\/schema\\\/person\\\/8fadce81561b3ce2c34c46dadc4ccbf2\"},\"inLanguage\":\"ro-RO\",\"potentialAction\":[{\"@type\":\"ReadAction\",\"target\":[\"https:\\\/\\\/www.btv.md\\\/ro\\\/un-drumar-si-a-inhamat-calul-la-sanie-si-a-inceput-sa-curate-trotuarele-de-zapada\\\/\"]}]},{\"@type\":\"ImageObject\",\"inLanguage\":\"ro-RO\",\"@id\":\"https:\\\/\\\/www.btv.md\\\/ro\\\/un-drumar-si-a-inhamat-calul-la-sanie-si-a-inceput-sa-curate-trotuarele-de-zapada\\\/#primaryimage\",\"url\":\"https:\\\/\\\/www.btv.md\\\/wp-content\\\/uploads\\\/2021\\\/02\\\/1-94.jpg\",\"contentUrl\":\"https:\\\/\\\/www.btv.md\\\/wp-content\\\/uploads\\\/2021\\\/02\\\/1-94.jpg\",\"width\":890,\"height\":450},{\"@type\":\"WebSite\",\"@id\":\"https:\\\/\\\/www.btv.md\\\/#website\",\"url\":\"https:\\\/\\\/www.btv.md\\\/\",\"name\":\"BTV\",\"description\":\"\u0411\u0435\u043b\u044c\u0446\u043a\u043e\u0435 \u0442\u0435\u043b\u0435\u0432\u0438\u0434\u0435\u043d\u0438\u0435\",\"potentialAction\":[{\"@type\":\"SearchAction\",\"target\":{\"@type\":\"EntryPoint\",\"urlTemplate\":\"https:\\\/\\\/www.btv.md\\\/?s={search_term_string}\"},\"query-input\":{\"@type\":\"PropertyValueSpecification\",\"valueRequired\":true,\"valueName\":\"search_term_string\"}}],\"inLanguage\":\"ro-RO\"},{\"@type\":\"Person\",\"@id\":\"https:\\\/\\\/www.btv.md\\\/#\\\/schema\\\/person\\\/8fadce81561b3ce2c34c46dadc4ccbf2\",\"name\":\"admin\"}]}<\/script>\n<!-- \/ Yoast SEO plugin. -->","yoast_head_json":{"title":"Un drumar \u015fi-a \u00eenh\u0103mat calul la sanie \u015fi a \u00eenceput s\u0103 cur\u0103\u0163e trotuarele de z\u0103pad\u0103 - BTV","robots":{"index":"index","follow":"follow","max-snippet":"max-snippet:-1","max-image-preview":"max-image-preview:large","max-video-preview":"max-video-preview:-1"},"canonical":"https:\/\/www.btv.md\/ro\/un-drumar-si-a-inhamat-calul-la-sanie-si-a-inceput-sa-curate-trotuarele-de-zapada\/","og_locale":"ro_RO","og_type":"article","og_title":"Un drumar \u015fi-a \u00eenh\u0103mat calul la sanie \u015fi a \u00eenceput s\u0103 cur\u0103\u0163e trotuarele de z\u0103pad\u0103 - BTV","og_description":"A \u00eembinat utilul cu pl\u0103cutul. Un drumar din regiunea Lvov din Ucraina \u015fi-a \u00eenh\u0103mat calul la o sanie \u015fi a \u00eenceput s\u0103 cur\u0103\u0163e trotuarele de z\u0103pad\u0103.\u00a0 Imaginile au fost filmate \u00een ora\u015ful Brod\u00ee \u015fi publicate pe Youtube.\u00a0 B\u0103rbatul spune c\u0103 \u015fi-a pus animalul la treab\u0103 pentru a se da cu sania \u015fi a desz\u0103pezi mai [&hellip;]","og_url":"https:\/\/www.btv.md\/ro\/un-drumar-si-a-inhamat-calul-la-sanie-si-a-inceput-sa-curate-trotuarele-de-zapada\/","og_site_name":"BTV","article_publisher":"https:\/\/www.facebook.com\/btvmoldova\/","article_published_time":"2021-02-11T04:09:20+00:00","og_image":[{"width":890,"height":450,"url":"https:\/\/www.btv.md\/wp-content\/uploads\/2021\/02\/1-94.jpg","type":"image\/jpeg"}],"author":"admin","twitter_misc":{"Scris de":"admin","Timp estimat pentru citire":"1 minut"},"schema":{"@context":"https:\/\/schema.org","@graph":[{"@type":"Article","@id":"https:\/\/www.btv.md\/ro\/un-drumar-si-a-inhamat-calul-la-sanie-si-a-inceput-sa-curate-trotuarele-de-zapada\/#article","isPartOf":{"@id":"https:\/\/www.btv.md\/ro\/un-drumar-si-a-inhamat-calul-la-sanie-si-a-inceput-sa-curate-trotuarele-de-zapada\/"},"author":{"name":"admin","@id":"https:\/\/www.btv.md\/#\/schema\/person\/8fadce81561b3ce2c34c46dadc4ccbf2"},"headline":"Un drumar \u015fi-a \u00eenh\u0103mat calul la sanie \u015fi a \u00eenceput s\u0103 cur\u0103\u0163e trotuarele de z\u0103pad\u0103","datePublished":"2021-02-11T04:09:20+00:00","mainEntityOfPage":{"@id":"https:\/\/www.btv.md\/ro\/un-drumar-si-a-inhamat-calul-la-sanie-si-a-inceput-sa-curate-trotuarele-de-zapada\/"},"wordCount":137,"image":{"@id":"https:\/\/www.btv.md\/ro\/un-drumar-si-a-inhamat-calul-la-sanie-si-a-inceput-sa-curate-trotuarele-de-zapada\/#primaryimage"},"thumbnailUrl":"https:\/\/www.btv.md\/wp-content\/uploads\/2021\/02\/1-94.jpg","keywords":["Un drumar \u015fi-a \u00eenh\u0103mat calul la sanie \u015fi a \u00eenceput s\u0103 cur\u0103\u0163e trotuarele de z\u0103pad\u0103"],"articleSection":["Social","\u0218tiri"],"inLanguage":"ro-RO"},{"@type":"WebPage","@id":"https:\/\/www.btv.md\/ro\/un-drumar-si-a-inhamat-calul-la-sanie-si-a-inceput-sa-curate-trotuarele-de-zapada\/","url":"https:\/\/www.btv.md\/ro\/un-drumar-si-a-inhamat-calul-la-sanie-si-a-inceput-sa-curate-trotuarele-de-zapada\/","name":"Un drumar \u015fi-a \u00eenh\u0103mat calul la sanie \u015fi a \u00eenceput s\u0103 cur\u0103\u0163e trotuarele de z\u0103pad\u0103 - BTV","isPartOf":{"@id":"https:\/\/www.btv.md\/#website"},"primaryImageOfPage":{"@id":"https:\/\/www.btv.md\/ro\/un-drumar-si-a-inhamat-calul-la-sanie-si-a-inceput-sa-curate-trotuarele-de-zapada\/#primaryimage"},"image":{"@id":"https:\/\/www.btv.md\/ro\/un-drumar-si-a-inhamat-calul-la-sanie-si-a-inceput-sa-curate-trotuarele-de-zapada\/#primaryimage"},"thumbnailUrl":"https:\/\/www.btv.md\/wp-content\/uploads\/2021\/02\/1-94.jpg","datePublished":"2021-02-11T04:09:20+00:00","author":{"@id":"https:\/\/www.btv.md\/#\/schema\/person\/8fadce81561b3ce2c34c46dadc4ccbf2"},"inLanguage":"ro-RO","potentialAction":[{"@type":"ReadAction","target":["https:\/\/www.btv.md\/ro\/un-drumar-si-a-inhamat-calul-la-sanie-si-a-inceput-sa-curate-trotuarele-de-zapada\/"]}]},{"@type":"ImageObject","inLanguage":"ro-RO","@id":"https:\/\/www.btv.md\/ro\/un-drumar-si-a-inhamat-calul-la-sanie-si-a-inceput-sa-curate-trotuarele-de-zapada\/#primaryimage","url":"https:\/\/www.btv.md\/wp-content\/uploads\/2021\/02\/1-94.jpg","contentUrl":"https:\/\/www.btv.md\/wp-content\/uploads\/2021\/02\/1-94.jpg","width":890,"height":450},{"@type":"WebSite","@id":"https:\/\/www.btv.md\/#website","url":"https:\/\/www.btv.md\/","name":"BTV","description":"\u0411\u0435\u043b\u044c\u0446\u043a\u043e\u0435 \u0442\u0435\u043b\u0435\u0432\u0438\u0434\u0435\u043d\u0438\u0435","potentialAction":[{"@type":"SearchAction","target":{"@type":"EntryPoint","urlTemplate":"https:\/\/www.btv.md\/?s={search_term_string}"},"query-input":{"@type":"PropertyValueSpecification","valueRequired":true,"valueName":"search_term_string"}}],"inLanguage":"ro-RO"},{"@type":"Person","@id":"https:\/\/www.btv.md\/#\/schema\/person\/8fadce81561b3ce2c34c46dadc4ccbf2","name":"admin"}]}},"_links":{"self":[{"href":"https:\/\/www.btv.md\/ro\/wp-json\/wp\/v2\/posts\/113979","targetHints":{"allow":["GET"]}}],"collection":[{"href":"https:\/\/www.btv.md\/ro\/wp-json\/wp\/v2\/posts"}],"about":[{"href":"https:\/\/www.btv.md\/ro\/wp-json\/wp\/v2\/types\/post"}],"author":[{"embeddable":true,"href":"https:\/\/www.btv.md\/ro\/wp-json\/wp\/v2\/users\/4"}],"replies":[{"embeddable":true,"href":"https:\/\/www.btv.md\/ro\/wp-json\/wp\/v2\/comments?post=113979"}],"version-history":[{"count":0,"href":"https:\/\/www.btv.md\/ro\/wp-json\/wp\/v2\/posts\/113979\/revisions"}],"wp:featuredmedia":[{"embeddable":true,"href":"https:\/\/www.btv.md\/ro\/wp-json\/wp\/v2\/media\/113980"}],"wp:attachment":[{"href":"https:\/\/www.btv.md\/ro\/wp-json\/wp\/v2\/media?parent=113979"}],"wp:term":[{"taxonomy":"category","embeddable":true,"href":"https:\/\/www.btv.md\/ro\/wp-json\/wp\/v2\/categories?post=113979"},{"taxonomy":"post_tag","embeddable":true,"href":"https:\/\/www.btv.md\/ro\/wp-json\/wp\/v2\/tags?post=113979"}],"curies":[{"name":"wp","href":"https:\/\/api.w.org\/{rel}","templated":true}]}}