{"id":113992,"date":"2021-02-11T06:19:01","date_gmt":"2021-02-11T04:19:01","guid":{"rendered":"http:\/\/www.btv.md\/?p=113992"},"modified":"2021-02-11T00:14:52","modified_gmt":"2021-02-10T22:14:52","slug":"planurile-de-vaccinare-a-moldovenilor-raman-pe-hartie","status":"publish","type":"post","link":"https:\/\/www.btv.md\/ro\/planurile-de-vaccinare-a-moldovenilor-raman-pe-hartie\/","title":{"rendered":"Planurile de vaccinare a moldovenilor r\u0103m\u00e2n pe h\u00e2rtie"},"content":{"rendered":"<p><strong>\u00cen Moldova, planurile de vaccinare a popula\u0163iei r\u0103m\u00e2n pe h\u00e2rtie, a scris miercuri pe Facebook pre\u015fedintele Partidului Nostru Renato Usat\u00eei.<\/strong><\/p>\n<p>In postarea politicianului este scris c\u0103 \u00een Republica Moldova &#8222;nimeni nu spune c\u00e2nd vor fi aduse primele vaccinuri&#8221;, transmite <b><a href=\"https:\/\/stiri.md\/\">\u0218tiri.md<\/a>.<\/b><\/p>\n<p>&#8222;Potrivit Ministerului S\u0103n\u0103t\u0103\u0163ii, primul lot de vaccin Covax ar trebui s\u0103 ajung\u0103 la jum\u0103tatea lunii februarie.<\/p>\n<p>Dar se precizeaz\u0103 c\u0103, pentru a ob\u0163ine un vaccin, este necesar s\u0103 se desf\u0103\u015foare negocieri, s\u0103 se semneze acorduri \u015fi s\u0103 se demonstreze c\u0103 \u0163ara a creat condi\u0163iile necesare pentru recep\u0163ia acestuia&#8221;, a constatet el.<\/p>\n<p>Politicianul de opozi\u0163ie a reamintit c\u0103 vaccinul poate fi achizi\u0163ionat de la produc\u0103tori.<\/p>\n<p>&#8222;Dar aceast\u0103 op\u0163iune nu este discutat\u0103 \u00een RM. Cele 200.000 de doze de vaccinuri promise de Rom\u00e2nia, din cota UE, nu pot fi aduse f\u0103r\u0103 acordul Bruxelles-ului \u015fi al produc\u0103torului de vaccinuri.<\/p>\n<p>Negocierile privind vaccinul Sputnik-V sunt politizate. Unii (liderul Partidului Sociali\u015ftilor Igor Dodon &#8211; &#8222;I.&#8221;) \u00eencearc\u0103 s\u0103 transforme primirea vaccinului din Rusia aproape \u00eentr-o afacere de partid, al\u0163ii nu vor s\u0103 aud\u0103 despre vaccinul rusesc doar pentru c\u0103 este &#8222;din Rusia&#8221;. \u00centre timp, oamenii mor din cauza COVID-19&#8243;, a scris liderul PN.<\/p>\n<p>Sursa <b><a href=\"https:\/\/stiri.md\/\">\u0218tiri.md<\/a><\/b><\/p>\n","protected":false},"excerpt":{"rendered":"<p>\u00cen Moldova, planurile de vaccinare a popula\u0163iei r\u0103m\u00e2n pe h\u00e2rtie, a scris miercuri pe Facebook pre\u015fedintele Partidului Nostru Renato Usat\u00eei. In postarea politicianului este scris c\u0103 \u00een Republica Moldova &#8222;nimeni nu spune c\u00e2nd vor fi aduse primele vaccinuri&#8221;, transmite \u0218tiri.md. &#8222;Potrivit Ministerului S\u0103n\u0103t\u0103\u0163ii, primul lot de vaccin Covax ar trebui s\u0103 ajung\u0103 la jum\u0103tatea lunii [&hellip;]<\/p>\n","protected":false},"author":4,"featured_media":113993,"comment_status":"closed","ping_status":"closed","sticky":false,"template":"","format":"standard","meta":{"footnotes":""},"categories":[6368,6377],"tags":[21565],"class_list":["post-113992","post","type-post","status-publish","format-standard","has-post-thumbnail","hentry","category-politica-ro","category-stiri","tag-planurile-de-vaccinare-a-moldovenilor-raman-pe-hartie"],"yoast_head":"<!-- This site is optimized with the Yoast SEO plugin v27.4 - https:\/\/yoast.com\/product\/yoast-seo-wordpress\/ -->\n<title>Planurile de vaccinare a moldovenilor r\u0103m\u00e2n pe h\u00e2rtie - BTV<\/title>\n<meta name=\"robots\" content=\"index, follow, max-snippet:-1, max-image-preview:large, max-video-preview:-1\" \/>\n<link rel=\"canonical\" href=\"https:\/\/www.btv.md\/ro\/planurile-de-vaccinare-a-moldovenilor-raman-pe-hartie\/\" \/>\n<meta property=\"og:locale\" content=\"ro_RO\" \/>\n<meta property=\"og:type\" content=\"article\" \/>\n<meta property=\"og:title\" content=\"Planurile de vaccinare a moldovenilor r\u0103m\u00e2n pe h\u00e2rtie - BTV\" \/>\n<meta property=\"og:description\" content=\"\u00cen Moldova, planurile de vaccinare a popula\u0163iei r\u0103m\u00e2n pe h\u00e2rtie, a scris miercuri pe Facebook pre\u015fedintele Partidului Nostru Renato Usat\u00eei. In postarea politicianului este scris c\u0103 \u00een Republica Moldova &#8222;nimeni nu spune c\u00e2nd vor fi aduse primele vaccinuri&#8221;, transmite \u0218tiri.md. &#8222;Potrivit Ministerului S\u0103n\u0103t\u0103\u0163ii, primul lot de vaccin Covax ar trebui s\u0103 ajung\u0103 la jum\u0103tatea lunii [&hellip;]\" \/>\n<meta property=\"og:url\" content=\"https:\/\/www.btv.md\/ro\/planurile-de-vaccinare-a-moldovenilor-raman-pe-hartie\/\" \/>\n<meta property=\"og:site_name\" content=\"BTV\" \/>\n<meta property=\"article:publisher\" content=\"https:\/\/www.facebook.com\/btvmoldova\/\" \/>\n<meta property=\"article:published_time\" content=\"2021-02-11T04:19:01+00:00\" \/>\n<meta property=\"og:image\" content=\"https:\/\/www.btv.md\/wp-content\/uploads\/2021\/02\/1-34.png\" \/>\n\t<meta property=\"og:image:width\" content=\"979\" \/>\n\t<meta property=\"og:image:height\" content=\"660\" \/>\n\t<meta property=\"og:image:type\" content=\"image\/png\" \/>\n<meta name=\"author\" content=\"admin\" \/>\n<meta name=\"twitter:label1\" content=\"Scris de\" \/>\n\t<meta name=\"twitter:data1\" content=\"admin\" \/>\n\t<meta name=\"twitter:label2\" content=\"Timp estimat pentru citire\" \/>\n\t<meta name=\"twitter:data2\" content=\"1 minut\" \/>\n<script type=\"application\/ld+json\" class=\"yoast-schema-graph\">{\"@context\":\"https:\\\/\\\/schema.org\",\"@graph\":[{\"@type\":\"Article\",\"@id\":\"https:\\\/\\\/www.btv.md\\\/ro\\\/planurile-de-vaccinare-a-moldovenilor-raman-pe-hartie\\\/#article\",\"isPartOf\":{\"@id\":\"https:\\\/\\\/www.btv.md\\\/ro\\\/planurile-de-vaccinare-a-moldovenilor-raman-pe-hartie\\\/\"},\"author\":{\"name\":\"admin\",\"@id\":\"https:\\\/\\\/www.btv.md\\\/#\\\/schema\\\/person\\\/8fadce81561b3ce2c34c46dadc4ccbf2\"},\"headline\":\"Planurile de vaccinare a moldovenilor r\u0103m\u00e2n pe h\u00e2rtie\",\"datePublished\":\"2021-02-11T04:19:01+00:00\",\"mainEntityOfPage\":{\"@id\":\"https:\\\/\\\/www.btv.md\\\/ro\\\/planurile-de-vaccinare-a-moldovenilor-raman-pe-hartie\\\/\"},\"wordCount\":225,\"image\":{\"@id\":\"https:\\\/\\\/www.btv.md\\\/ro\\\/planurile-de-vaccinare-a-moldovenilor-raman-pe-hartie\\\/#primaryimage\"},\"thumbnailUrl\":\"https:\\\/\\\/www.btv.md\\\/wp-content\\\/uploads\\\/2021\\\/02\\\/1-34.png\",\"keywords\":[\"Planurile de vaccinare a moldovenilor r\u0103m\u00e2n pe h\u00e2rtie\"],\"articleSection\":[\"Politic\u0103\",\"\u0218tiri\"],\"inLanguage\":\"ro-RO\"},{\"@type\":\"WebPage\",\"@id\":\"https:\\\/\\\/www.btv.md\\\/ro\\\/planurile-de-vaccinare-a-moldovenilor-raman-pe-hartie\\\/\",\"url\":\"https:\\\/\\\/www.btv.md\\\/ro\\\/planurile-de-vaccinare-a-moldovenilor-raman-pe-hartie\\\/\",\"name\":\"Planurile de vaccinare a moldovenilor r\u0103m\u00e2n pe h\u00e2rtie - BTV\",\"isPartOf\":{\"@id\":\"https:\\\/\\\/www.btv.md\\\/#website\"},\"primaryImageOfPage\":{\"@id\":\"https:\\\/\\\/www.btv.md\\\/ro\\\/planurile-de-vaccinare-a-moldovenilor-raman-pe-hartie\\\/#primaryimage\"},\"image\":{\"@id\":\"https:\\\/\\\/www.btv.md\\\/ro\\\/planurile-de-vaccinare-a-moldovenilor-raman-pe-hartie\\\/#primaryimage\"},\"thumbnailUrl\":\"https:\\\/\\\/www.btv.md\\\/wp-content\\\/uploads\\\/2021\\\/02\\\/1-34.png\",\"datePublished\":\"2021-02-11T04:19:01+00:00\",\"author\":{\"@id\":\"https:\\\/\\\/www.btv.md\\\/#\\\/schema\\\/person\\\/8fadce81561b3ce2c34c46dadc4ccbf2\"},\"inLanguage\":\"ro-RO\",\"potentialAction\":[{\"@type\":\"ReadAction\",\"target\":[\"https:\\\/\\\/www.btv.md\\\/ro\\\/planurile-de-vaccinare-a-moldovenilor-raman-pe-hartie\\\/\"]}]},{\"@type\":\"ImageObject\",\"inLanguage\":\"ro-RO\",\"@id\":\"https:\\\/\\\/www.btv.md\\\/ro\\\/planurile-de-vaccinare-a-moldovenilor-raman-pe-hartie\\\/#primaryimage\",\"url\":\"https:\\\/\\\/www.btv.md\\\/wp-content\\\/uploads\\\/2021\\\/02\\\/1-34.png\",\"contentUrl\":\"https:\\\/\\\/www.btv.md\\\/wp-content\\\/uploads\\\/2021\\\/02\\\/1-34.png\",\"width\":979,\"height\":660},{\"@type\":\"WebSite\",\"@id\":\"https:\\\/\\\/www.btv.md\\\/#website\",\"url\":\"https:\\\/\\\/www.btv.md\\\/\",\"name\":\"BTV\",\"description\":\"\u0411\u0435\u043b\u044c\u0446\u043a\u043e\u0435 \u0442\u0435\u043b\u0435\u0432\u0438\u0434\u0435\u043d\u0438\u0435\",\"potentialAction\":[{\"@type\":\"SearchAction\",\"target\":{\"@type\":\"EntryPoint\",\"urlTemplate\":\"https:\\\/\\\/www.btv.md\\\/?s={search_term_string}\"},\"query-input\":{\"@type\":\"PropertyValueSpecification\",\"valueRequired\":true,\"valueName\":\"search_term_string\"}}],\"inLanguage\":\"ro-RO\"},{\"@type\":\"Person\",\"@id\":\"https:\\\/\\\/www.btv.md\\\/#\\\/schema\\\/person\\\/8fadce81561b3ce2c34c46dadc4ccbf2\",\"name\":\"admin\"}]}<\/script>\n<!-- \/ Yoast SEO plugin. -->","yoast_head_json":{"title":"Planurile de vaccinare a moldovenilor r\u0103m\u00e2n pe h\u00e2rtie - BTV","robots":{"index":"index","follow":"follow","max-snippet":"max-snippet:-1","max-image-preview":"max-image-preview:large","max-video-preview":"max-video-preview:-1"},"canonical":"https:\/\/www.btv.md\/ro\/planurile-de-vaccinare-a-moldovenilor-raman-pe-hartie\/","og_locale":"ro_RO","og_type":"article","og_title":"Planurile de vaccinare a moldovenilor r\u0103m\u00e2n pe h\u00e2rtie - BTV","og_description":"\u00cen Moldova, planurile de vaccinare a popula\u0163iei r\u0103m\u00e2n pe h\u00e2rtie, a scris miercuri pe Facebook pre\u015fedintele Partidului Nostru Renato Usat\u00eei. In postarea politicianului este scris c\u0103 \u00een Republica Moldova &#8222;nimeni nu spune c\u00e2nd vor fi aduse primele vaccinuri&#8221;, transmite \u0218tiri.md. &#8222;Potrivit Ministerului S\u0103n\u0103t\u0103\u0163ii, primul lot de vaccin Covax ar trebui s\u0103 ajung\u0103 la jum\u0103tatea lunii [&hellip;]","og_url":"https:\/\/www.btv.md\/ro\/planurile-de-vaccinare-a-moldovenilor-raman-pe-hartie\/","og_site_name":"BTV","article_publisher":"https:\/\/www.facebook.com\/btvmoldova\/","article_published_time":"2021-02-11T04:19:01+00:00","og_image":[{"width":979,"height":660,"url":"https:\/\/www.btv.md\/wp-content\/uploads\/2021\/02\/1-34.png","type":"image\/png"}],"author":"admin","twitter_misc":{"Scris de":"admin","Timp estimat pentru citire":"1 minut"},"schema":{"@context":"https:\/\/schema.org","@graph":[{"@type":"Article","@id":"https:\/\/www.btv.md\/ro\/planurile-de-vaccinare-a-moldovenilor-raman-pe-hartie\/#article","isPartOf":{"@id":"https:\/\/www.btv.md\/ro\/planurile-de-vaccinare-a-moldovenilor-raman-pe-hartie\/"},"author":{"name":"admin","@id":"https:\/\/www.btv.md\/#\/schema\/person\/8fadce81561b3ce2c34c46dadc4ccbf2"},"headline":"Planurile de vaccinare a moldovenilor r\u0103m\u00e2n pe h\u00e2rtie","datePublished":"2021-02-11T04:19:01+00:00","mainEntityOfPage":{"@id":"https:\/\/www.btv.md\/ro\/planurile-de-vaccinare-a-moldovenilor-raman-pe-hartie\/"},"wordCount":225,"image":{"@id":"https:\/\/www.btv.md\/ro\/planurile-de-vaccinare-a-moldovenilor-raman-pe-hartie\/#primaryimage"},"thumbnailUrl":"https:\/\/www.btv.md\/wp-content\/uploads\/2021\/02\/1-34.png","keywords":["Planurile de vaccinare a moldovenilor r\u0103m\u00e2n pe h\u00e2rtie"],"articleSection":["Politic\u0103","\u0218tiri"],"inLanguage":"ro-RO"},{"@type":"WebPage","@id":"https:\/\/www.btv.md\/ro\/planurile-de-vaccinare-a-moldovenilor-raman-pe-hartie\/","url":"https:\/\/www.btv.md\/ro\/planurile-de-vaccinare-a-moldovenilor-raman-pe-hartie\/","name":"Planurile de vaccinare a moldovenilor r\u0103m\u00e2n pe h\u00e2rtie - BTV","isPartOf":{"@id":"https:\/\/www.btv.md\/#website"},"primaryImageOfPage":{"@id":"https:\/\/www.btv.md\/ro\/planurile-de-vaccinare-a-moldovenilor-raman-pe-hartie\/#primaryimage"},"image":{"@id":"https:\/\/www.btv.md\/ro\/planurile-de-vaccinare-a-moldovenilor-raman-pe-hartie\/#primaryimage"},"thumbnailUrl":"https:\/\/www.btv.md\/wp-content\/uploads\/2021\/02\/1-34.png","datePublished":"2021-02-11T04:19:01+00:00","author":{"@id":"https:\/\/www.btv.md\/#\/schema\/person\/8fadce81561b3ce2c34c46dadc4ccbf2"},"inLanguage":"ro-RO","potentialAction":[{"@type":"ReadAction","target":["https:\/\/www.btv.md\/ro\/planurile-de-vaccinare-a-moldovenilor-raman-pe-hartie\/"]}]},{"@type":"ImageObject","inLanguage":"ro-RO","@id":"https:\/\/www.btv.md\/ro\/planurile-de-vaccinare-a-moldovenilor-raman-pe-hartie\/#primaryimage","url":"https:\/\/www.btv.md\/wp-content\/uploads\/2021\/02\/1-34.png","contentUrl":"https:\/\/www.btv.md\/wp-content\/uploads\/2021\/02\/1-34.png","width":979,"height":660},{"@type":"WebSite","@id":"https:\/\/www.btv.md\/#website","url":"https:\/\/www.btv.md\/","name":"BTV","description":"\u0411\u0435\u043b\u044c\u0446\u043a\u043e\u0435 \u0442\u0435\u043b\u0435\u0432\u0438\u0434\u0435\u043d\u0438\u0435","potentialAction":[{"@type":"SearchAction","target":{"@type":"EntryPoint","urlTemplate":"https:\/\/www.btv.md\/?s={search_term_string}"},"query-input":{"@type":"PropertyValueSpecification","valueRequired":true,"valueName":"search_term_string"}}],"inLanguage":"ro-RO"},{"@type":"Person","@id":"https:\/\/www.btv.md\/#\/schema\/person\/8fadce81561b3ce2c34c46dadc4ccbf2","name":"admin"}]}},"_links":{"self":[{"href":"https:\/\/www.btv.md\/ro\/wp-json\/wp\/v2\/posts\/113992","targetHints":{"allow":["GET"]}}],"collection":[{"href":"https:\/\/www.btv.md\/ro\/wp-json\/wp\/v2\/posts"}],"about":[{"href":"https:\/\/www.btv.md\/ro\/wp-json\/wp\/v2\/types\/post"}],"author":[{"embeddable":true,"href":"https:\/\/www.btv.md\/ro\/wp-json\/wp\/v2\/users\/4"}],"replies":[{"embeddable":true,"href":"https:\/\/www.btv.md\/ro\/wp-json\/wp\/v2\/comments?post=113992"}],"version-history":[{"count":0,"href":"https:\/\/www.btv.md\/ro\/wp-json\/wp\/v2\/posts\/113992\/revisions"}],"wp:featuredmedia":[{"embeddable":true,"href":"https:\/\/www.btv.md\/ro\/wp-json\/wp\/v2\/media\/113993"}],"wp:attachment":[{"href":"https:\/\/www.btv.md\/ro\/wp-json\/wp\/v2\/media?parent=113992"}],"wp:term":[{"taxonomy":"category","embeddable":true,"href":"https:\/\/www.btv.md\/ro\/wp-json\/wp\/v2\/categories?post=113992"},{"taxonomy":"post_tag","embeddable":true,"href":"https:\/\/www.btv.md\/ro\/wp-json\/wp\/v2\/tags?post=113992"}],"curies":[{"name":"wp","href":"https:\/\/api.w.org\/{rel}","templated":true}]}}