{"id":113996,"date":"2021-02-11T06:14:23","date_gmt":"2021-02-11T04:14:23","guid":{"rendered":"http:\/\/www.btv.md\/?p=113996"},"modified":"2021-02-11T00:28:00","modified_gmt":"2021-02-10T22:28:00","slug":"cheltuielile-consiliilor-raionale-ajung-la-doua-miliarde-de-lei","status":"publish","type":"post","link":"https:\/\/www.btv.md\/ro\/cheltuielile-consiliilor-raionale-ajung-la-doua-miliarde-de-lei\/","title":{"rendered":"Cheltuielile consiliilor raionale ajung la dou\u0103 miliarde de lei"},"content":{"rendered":"<p><strong>Alexandru Botnari, primarul municipiului H\u00e2nce\u0219ti \u0219i fost deputat democrat, consider\u0103 c\u0103 consiliile raionale ar trebui lichidate iar administra\u021bia public\u0103 local\u0103 reformat\u0103, din cauza miliardelor de lei cheltuite anual. Potrivit lui aceste structuri nu fac altceva dec\u00e2t s\u0103 \u00eempart\u0103 resursele fihnanciare pe criterii politice, f\u0103r\u0103 ca cet\u0103\u021benii s\u0103 aib\u0103 vreun beneficiu.<\/strong><\/p>\n<p>\u201eCa exemplu, eu sunt primar de municipiu, la o popula\u021bie de 17.000 de locuitori. \u0218i un primar care ast\u0103zi are 300 de case, diferen\u021ba \u00een salariu e vreo 500 de lei, a primarului de sat \u0219i primarului de municipiu. Aici avem \u0219i dou\u0103 \u00eentreprinderi municipale, \u0219i multe multe alte probleme, \u00eentreb\u0103ri. Iar\u0103\u0219i, nu este o paritate echitabil\u0103. Dar reforma teritorial-administrativ\u0103 eu o v\u0103d ca totu\u0219i consiliile raionale s\u0103 fie lichidate, fiindc\u0103 ast\u0103zi, practic, se ocup\u0103 de acele domenii de care se ocup\u0103 o prim\u0103rie a unui sat sau a unui ora\u0219, tot asta se ocup\u0103 \u0219i consiliul raional, adic\u0103 ne dubl\u0103m pe acelea\u0219i lucruri, pe acelea\u0219i \u00eentreb\u0103ri. Pentru ce? (&#8230;) Foarte mul\u021bi \u00ee\u0219i doresc s\u0103 devin\u0103 consilieri raionali, pe urm\u0103 de a \u00eemp\u0103r\u021bi sursele financiare acolo unde au interesul politic sau interesul localit\u0103\u021bii. Sau interesul personal&#8230;\u201d, a declarat Botnari \u00eentr-un interviu pentru Europa Liber\u0103.<\/p>\n<p>Potrivit edilului, odat\u0103 cu lichidarea Consiliilor raionale se vor economisi \u00een jur de un miliard de lei, transmite <a href=\"https:\/\/deschide.md\/\">deschide.md<\/a>.<\/p>\n<p>\u201eDa, eu sunt de acord ca ele s\u0103 fie lichidate. Ca exemplu, cheltuielile consiliilor raionale ast\u0103zi, pe \u021bar\u0103, ajung la dou\u0103 miliarde de lei. Dac\u0103 facem reforma, economisim un miliard de lei. Ace\u0219ti bani se pot \u00eendrepta la ace\u0219ti primari, la infrastructur\u0103. Un miliard de lei anual! Consiliile raionale s\u0103 fie lichidate, s\u0103 fie formate regiuni&#8230;\u201d, a spus Botnari.<\/p>\n<p>\u00cen acest sens, primarul a explicat cum ar putea fi formate aceste regiuni.<\/p>\n<p>\u201eAst\u0103zi noi avem trei regiuni, plus municipiul Chi\u0219in\u0103u, Transnistria \u0219i autonomia g\u0103g\u0103uz\u0103. Sunt \u0219ase regiuni, dar eu consider c\u0103 e nevoie de zece regiuni, inclusiv cele nominalizate. Trei regiuni, ca s\u0103 gestionezi toat\u0103 \u021bara, e pu\u021bin. La nivel de regiune s\u0103 fie un aparat regional care s\u0103 gestioneze \u0219i s\u0103 promoveze dezvoltarea economic\u0103. Pre\u0219edintele de regiune trebuie s\u0103 fie aprobat prin hot\u0103r\u00e2re de guvern, la propunerea prim-ministrului. Noi am putea angaja o persoan\u0103 cu experien\u021b\u0103, care s\u0103 fac\u0103 fa\u021b\u0103. N-ai f\u0103cut fa\u021b\u0103, ai plecat \u0219i s-a angajat altcineva. \u0218i, totodat\u0103, pre\u0219edintele regiunii s\u0103 fie \u0219i membru al Guvernului R. Moldova. Ace\u0219ti pre\u0219edin\u021bi de regiune, la nivel de administra\u021bie central\u0103, s\u0103 poat\u0103 s\u0103 promoveze acele regiuni\u201d, este de p\u0103rere primarul de H\u00e2nce\u0219ti.<\/p>\n<p>Alexandru Botnari se mai arat\u0103 dezam\u0103git de faptul c\u0103 \u201e\u00een R. Moldova, avem 30 de ani de zile \u0219i \u00een organigrama care este ast\u0103zi a unei prim\u0103rii nu s-a schimbat nimic\u201d.<\/p>\n<p>Uita\u021bi-v\u0103 c\u00e2\u021bi ani! Noi am evoluat \u00een multe, dar \u00een acest domeniu chiar 30 de ani s\u0103 nu schimbi nimic? Mi-a pl\u0103cut foarte mult administra\u021bia public\u0103 cum este reformat\u0103 la momentul actual \u00een Polonia. Tot ce se afl\u0103 \u00een ora\u0219, \u00een domeniul public sau de stat, se afl\u0103 \u00een cadrul prim\u0103riei, c\u0103-i spital, c\u0103-i \u0219coal\u0103, c\u0103-i \u0219coal\u0103 profesional\u0103. Doar cadrele didactice, medicii, ceea ce \u021bine de domeniul medicinii sau \u00eenv\u0103\u021b\u0103m\u00e2ntului, dar, \u00een rest, toat\u0103 gospod\u0103ria public\u0103 care este \u00een teritoriu s\u0103 fie administrat de municipalitate.<\/p>\n<p>La noi, ca s\u0103 facem structuri aparte, nu putem s\u0103 ne permitem a\u0219a lux, la bugetul R. Moldova \u0219i la multe alte lucruri. Eu socot c\u0103 e binevenit ca toate acestea s\u0103 fie la nivel de municipalitate \u0219i s\u0103 fie o gospod\u0103rie cu mult mai bun\u0103. Fiindc\u0103 ast\u0103zi R. Moldova e tot o gospod\u0103rie, chiar \u0219i municipiul H\u00e2nce\u0219ti. \u0218i cum \u00eel administrezi? Ca \u0219i cum ai fi acas\u0103. Administrezi acas\u0103. \u00cen ograd\u0103 e curat, e bine, ai reparat o \u021beav\u0103 \u2013 tot a\u0219a e \u0219i administra\u021bia local\u0103, care la timpul cuvenit s\u0103 vin\u0103 \u0219i s\u0103 reformeze aceste lucruri, s\u0103 le fac\u0103 \u00een beneficiul cet\u0103\u021benilor\u201d, a spus Botnari.<\/p>\n<p>Sursa <a href=\"https:\/\/deschide.md\/\">deschide.md<\/a><\/p>\n","protected":false},"excerpt":{"rendered":"<p>Alexandru Botnari, primarul municipiului H\u00e2nce\u0219ti \u0219i fost deputat democrat, consider\u0103 c\u0103 consiliile raionale ar trebui lichidate iar administra\u021bia public\u0103 local\u0103 reformat\u0103, din cauza miliardelor de lei cheltuite anual. Potrivit lui aceste structuri nu fac altceva dec\u00e2t s\u0103 \u00eempart\u0103 resursele fihnanciare pe criterii politice, f\u0103r\u0103 ca cet\u0103\u021benii s\u0103 aib\u0103 vreun beneficiu. \u201eCa exemplu, eu sunt primar [&hellip;]<\/p>\n","protected":false},"author":4,"featured_media":113997,"comment_status":"closed","ping_status":"closed","sticky":false,"template":"","format":"standard","meta":{"footnotes":""},"categories":[6369,6377],"tags":[21568,21567,21566],"class_list":["post-113996","post","type-post","status-publish","format-standard","has-post-thumbnail","hentry","category-economie-ro","category-stiri","tag-ajung-la-doua-miliarde-de-lei","tag-astazi","tag-cheltuielile-consiliilor-raionale"],"yoast_head":"<!-- This site is optimized with the Yoast SEO plugin v27.4 - https:\/\/yoast.com\/product\/yoast-seo-wordpress\/ -->\n<title>Cheltuielile consiliilor raionale ajung la dou\u0103 miliarde de lei - BTV<\/title>\n<meta name=\"robots\" content=\"index, follow, max-snippet:-1, max-image-preview:large, max-video-preview:-1\" \/>\n<link rel=\"canonical\" href=\"https:\/\/www.btv.md\/ro\/cheltuielile-consiliilor-raionale-ajung-la-doua-miliarde-de-lei\/\" \/>\n<meta property=\"og:locale\" content=\"ro_RO\" \/>\n<meta property=\"og:type\" content=\"article\" \/>\n<meta property=\"og:title\" content=\"Cheltuielile consiliilor raionale ajung la dou\u0103 miliarde de lei - BTV\" \/>\n<meta property=\"og:description\" content=\"Alexandru Botnari, primarul municipiului H\u00e2nce\u0219ti \u0219i fost deputat democrat, consider\u0103 c\u0103 consiliile raionale ar trebui lichidate iar administra\u021bia public\u0103 local\u0103 reformat\u0103, din cauza miliardelor de lei cheltuite anual. Potrivit lui aceste structuri nu fac altceva dec\u00e2t s\u0103 \u00eempart\u0103 resursele fihnanciare pe criterii politice, f\u0103r\u0103 ca cet\u0103\u021benii s\u0103 aib\u0103 vreun beneficiu. \u201eCa exemplu, eu sunt primar [&hellip;]\" \/>\n<meta property=\"og:url\" content=\"https:\/\/www.btv.md\/ro\/cheltuielile-consiliilor-raionale-ajung-la-doua-miliarde-de-lei\/\" \/>\n<meta property=\"og:site_name\" content=\"BTV\" \/>\n<meta property=\"article:publisher\" content=\"https:\/\/www.facebook.com\/btvmoldova\/\" \/>\n<meta property=\"article:published_time\" content=\"2021-02-11T04:14:23+00:00\" \/>\n<meta property=\"og:image\" content=\"https:\/\/www.btv.md\/wp-content\/uploads\/2021\/02\/1-96.jpg\" \/>\n\t<meta property=\"og:image:width\" content=\"800\" \/>\n\t<meta property=\"og:image:height\" content=\"445\" \/>\n\t<meta property=\"og:image:type\" content=\"image\/jpeg\" \/>\n<meta name=\"author\" content=\"admin\" \/>\n<meta name=\"twitter:label1\" content=\"Scris de\" \/>\n\t<meta name=\"twitter:data1\" content=\"admin\" \/>\n\t<meta name=\"twitter:label2\" content=\"Timp estimat pentru citire\" \/>\n\t<meta name=\"twitter:data2\" content=\"3 minute\" \/>\n<script type=\"application\/ld+json\" class=\"yoast-schema-graph\">{\"@context\":\"https:\\\/\\\/schema.org\",\"@graph\":[{\"@type\":\"Article\",\"@id\":\"https:\\\/\\\/www.btv.md\\\/ro\\\/cheltuielile-consiliilor-raionale-ajung-la-doua-miliarde-de-lei\\\/#article\",\"isPartOf\":{\"@id\":\"https:\\\/\\\/www.btv.md\\\/ro\\\/cheltuielile-consiliilor-raionale-ajung-la-doua-miliarde-de-lei\\\/\"},\"author\":{\"name\":\"admin\",\"@id\":\"https:\\\/\\\/www.btv.md\\\/#\\\/schema\\\/person\\\/8fadce81561b3ce2c34c46dadc4ccbf2\"},\"headline\":\"Cheltuielile consiliilor raionale ajung la dou\u0103 miliarde de lei\",\"datePublished\":\"2021-02-11T04:14:23+00:00\",\"mainEntityOfPage\":{\"@id\":\"https:\\\/\\\/www.btv.md\\\/ro\\\/cheltuielile-consiliilor-raionale-ajung-la-doua-miliarde-de-lei\\\/\"},\"wordCount\":702,\"image\":{\"@id\":\"https:\\\/\\\/www.btv.md\\\/ro\\\/cheltuielile-consiliilor-raionale-ajung-la-doua-miliarde-de-lei\\\/#primaryimage\"},\"thumbnailUrl\":\"https:\\\/\\\/www.btv.md\\\/wp-content\\\/uploads\\\/2021\\\/02\\\/1-96.jpg\",\"keywords\":[\"ajung la dou\u0103 miliarde de lei\",\"ast\u0103zi\",\"Cheltuielile consiliilor raionale\"],\"articleSection\":[\"Economie\",\"\u0218tiri\"],\"inLanguage\":\"ro-RO\"},{\"@type\":\"WebPage\",\"@id\":\"https:\\\/\\\/www.btv.md\\\/ro\\\/cheltuielile-consiliilor-raionale-ajung-la-doua-miliarde-de-lei\\\/\",\"url\":\"https:\\\/\\\/www.btv.md\\\/ro\\\/cheltuielile-consiliilor-raionale-ajung-la-doua-miliarde-de-lei\\\/\",\"name\":\"Cheltuielile consiliilor raionale ajung la dou\u0103 miliarde de lei - BTV\",\"isPartOf\":{\"@id\":\"https:\\\/\\\/www.btv.md\\\/#website\"},\"primaryImageOfPage\":{\"@id\":\"https:\\\/\\\/www.btv.md\\\/ro\\\/cheltuielile-consiliilor-raionale-ajung-la-doua-miliarde-de-lei\\\/#primaryimage\"},\"image\":{\"@id\":\"https:\\\/\\\/www.btv.md\\\/ro\\\/cheltuielile-consiliilor-raionale-ajung-la-doua-miliarde-de-lei\\\/#primaryimage\"},\"thumbnailUrl\":\"https:\\\/\\\/www.btv.md\\\/wp-content\\\/uploads\\\/2021\\\/02\\\/1-96.jpg\",\"datePublished\":\"2021-02-11T04:14:23+00:00\",\"author\":{\"@id\":\"https:\\\/\\\/www.btv.md\\\/#\\\/schema\\\/person\\\/8fadce81561b3ce2c34c46dadc4ccbf2\"},\"inLanguage\":\"ro-RO\",\"potentialAction\":[{\"@type\":\"ReadAction\",\"target\":[\"https:\\\/\\\/www.btv.md\\\/ro\\\/cheltuielile-consiliilor-raionale-ajung-la-doua-miliarde-de-lei\\\/\"]}]},{\"@type\":\"ImageObject\",\"inLanguage\":\"ro-RO\",\"@id\":\"https:\\\/\\\/www.btv.md\\\/ro\\\/cheltuielile-consiliilor-raionale-ajung-la-doua-miliarde-de-lei\\\/#primaryimage\",\"url\":\"https:\\\/\\\/www.btv.md\\\/wp-content\\\/uploads\\\/2021\\\/02\\\/1-96.jpg\",\"contentUrl\":\"https:\\\/\\\/www.btv.md\\\/wp-content\\\/uploads\\\/2021\\\/02\\\/1-96.jpg\",\"width\":800,\"height\":445},{\"@type\":\"WebSite\",\"@id\":\"https:\\\/\\\/www.btv.md\\\/#website\",\"url\":\"https:\\\/\\\/www.btv.md\\\/\",\"name\":\"BTV\",\"description\":\"\u0411\u0435\u043b\u044c\u0446\u043a\u043e\u0435 \u0442\u0435\u043b\u0435\u0432\u0438\u0434\u0435\u043d\u0438\u0435\",\"potentialAction\":[{\"@type\":\"SearchAction\",\"target\":{\"@type\":\"EntryPoint\",\"urlTemplate\":\"https:\\\/\\\/www.btv.md\\\/?s={search_term_string}\"},\"query-input\":{\"@type\":\"PropertyValueSpecification\",\"valueRequired\":true,\"valueName\":\"search_term_string\"}}],\"inLanguage\":\"ro-RO\"},{\"@type\":\"Person\",\"@id\":\"https:\\\/\\\/www.btv.md\\\/#\\\/schema\\\/person\\\/8fadce81561b3ce2c34c46dadc4ccbf2\",\"name\":\"admin\"}]}<\/script>\n<!-- \/ Yoast SEO plugin. -->","yoast_head_json":{"title":"Cheltuielile consiliilor raionale ajung la dou\u0103 miliarde de lei - BTV","robots":{"index":"index","follow":"follow","max-snippet":"max-snippet:-1","max-image-preview":"max-image-preview:large","max-video-preview":"max-video-preview:-1"},"canonical":"https:\/\/www.btv.md\/ro\/cheltuielile-consiliilor-raionale-ajung-la-doua-miliarde-de-lei\/","og_locale":"ro_RO","og_type":"article","og_title":"Cheltuielile consiliilor raionale ajung la dou\u0103 miliarde de lei - BTV","og_description":"Alexandru Botnari, primarul municipiului H\u00e2nce\u0219ti \u0219i fost deputat democrat, consider\u0103 c\u0103 consiliile raionale ar trebui lichidate iar administra\u021bia public\u0103 local\u0103 reformat\u0103, din cauza miliardelor de lei cheltuite anual. Potrivit lui aceste structuri nu fac altceva dec\u00e2t s\u0103 \u00eempart\u0103 resursele fihnanciare pe criterii politice, f\u0103r\u0103 ca cet\u0103\u021benii s\u0103 aib\u0103 vreun beneficiu. \u201eCa exemplu, eu sunt primar [&hellip;]","og_url":"https:\/\/www.btv.md\/ro\/cheltuielile-consiliilor-raionale-ajung-la-doua-miliarde-de-lei\/","og_site_name":"BTV","article_publisher":"https:\/\/www.facebook.com\/btvmoldova\/","article_published_time":"2021-02-11T04:14:23+00:00","og_image":[{"width":800,"height":445,"url":"https:\/\/www.btv.md\/wp-content\/uploads\/2021\/02\/1-96.jpg","type":"image\/jpeg"}],"author":"admin","twitter_misc":{"Scris de":"admin","Timp estimat pentru citire":"3 minute"},"schema":{"@context":"https:\/\/schema.org","@graph":[{"@type":"Article","@id":"https:\/\/www.btv.md\/ro\/cheltuielile-consiliilor-raionale-ajung-la-doua-miliarde-de-lei\/#article","isPartOf":{"@id":"https:\/\/www.btv.md\/ro\/cheltuielile-consiliilor-raionale-ajung-la-doua-miliarde-de-lei\/"},"author":{"name":"admin","@id":"https:\/\/www.btv.md\/#\/schema\/person\/8fadce81561b3ce2c34c46dadc4ccbf2"},"headline":"Cheltuielile consiliilor raionale ajung la dou\u0103 miliarde de lei","datePublished":"2021-02-11T04:14:23+00:00","mainEntityOfPage":{"@id":"https:\/\/www.btv.md\/ro\/cheltuielile-consiliilor-raionale-ajung-la-doua-miliarde-de-lei\/"},"wordCount":702,"image":{"@id":"https:\/\/www.btv.md\/ro\/cheltuielile-consiliilor-raionale-ajung-la-doua-miliarde-de-lei\/#primaryimage"},"thumbnailUrl":"https:\/\/www.btv.md\/wp-content\/uploads\/2021\/02\/1-96.jpg","keywords":["ajung la dou\u0103 miliarde de lei","ast\u0103zi","Cheltuielile consiliilor raionale"],"articleSection":["Economie","\u0218tiri"],"inLanguage":"ro-RO"},{"@type":"WebPage","@id":"https:\/\/www.btv.md\/ro\/cheltuielile-consiliilor-raionale-ajung-la-doua-miliarde-de-lei\/","url":"https:\/\/www.btv.md\/ro\/cheltuielile-consiliilor-raionale-ajung-la-doua-miliarde-de-lei\/","name":"Cheltuielile consiliilor raionale ajung la dou\u0103 miliarde de lei - BTV","isPartOf":{"@id":"https:\/\/www.btv.md\/#website"},"primaryImageOfPage":{"@id":"https:\/\/www.btv.md\/ro\/cheltuielile-consiliilor-raionale-ajung-la-doua-miliarde-de-lei\/#primaryimage"},"image":{"@id":"https:\/\/www.btv.md\/ro\/cheltuielile-consiliilor-raionale-ajung-la-doua-miliarde-de-lei\/#primaryimage"},"thumbnailUrl":"https:\/\/www.btv.md\/wp-content\/uploads\/2021\/02\/1-96.jpg","datePublished":"2021-02-11T04:14:23+00:00","author":{"@id":"https:\/\/www.btv.md\/#\/schema\/person\/8fadce81561b3ce2c34c46dadc4ccbf2"},"inLanguage":"ro-RO","potentialAction":[{"@type":"ReadAction","target":["https:\/\/www.btv.md\/ro\/cheltuielile-consiliilor-raionale-ajung-la-doua-miliarde-de-lei\/"]}]},{"@type":"ImageObject","inLanguage":"ro-RO","@id":"https:\/\/www.btv.md\/ro\/cheltuielile-consiliilor-raionale-ajung-la-doua-miliarde-de-lei\/#primaryimage","url":"https:\/\/www.btv.md\/wp-content\/uploads\/2021\/02\/1-96.jpg","contentUrl":"https:\/\/www.btv.md\/wp-content\/uploads\/2021\/02\/1-96.jpg","width":800,"height":445},{"@type":"WebSite","@id":"https:\/\/www.btv.md\/#website","url":"https:\/\/www.btv.md\/","name":"BTV","description":"\u0411\u0435\u043b\u044c\u0446\u043a\u043e\u0435 \u0442\u0435\u043b\u0435\u0432\u0438\u0434\u0435\u043d\u0438\u0435","potentialAction":[{"@type":"SearchAction","target":{"@type":"EntryPoint","urlTemplate":"https:\/\/www.btv.md\/?s={search_term_string}"},"query-input":{"@type":"PropertyValueSpecification","valueRequired":true,"valueName":"search_term_string"}}],"inLanguage":"ro-RO"},{"@type":"Person","@id":"https:\/\/www.btv.md\/#\/schema\/person\/8fadce81561b3ce2c34c46dadc4ccbf2","name":"admin"}]}},"_links":{"self":[{"href":"https:\/\/www.btv.md\/ro\/wp-json\/wp\/v2\/posts\/113996","targetHints":{"allow":["GET"]}}],"collection":[{"href":"https:\/\/www.btv.md\/ro\/wp-json\/wp\/v2\/posts"}],"about":[{"href":"https:\/\/www.btv.md\/ro\/wp-json\/wp\/v2\/types\/post"}],"author":[{"embeddable":true,"href":"https:\/\/www.btv.md\/ro\/wp-json\/wp\/v2\/users\/4"}],"replies":[{"embeddable":true,"href":"https:\/\/www.btv.md\/ro\/wp-json\/wp\/v2\/comments?post=113996"}],"version-history":[{"count":0,"href":"https:\/\/www.btv.md\/ro\/wp-json\/wp\/v2\/posts\/113996\/revisions"}],"wp:featuredmedia":[{"embeddable":true,"href":"https:\/\/www.btv.md\/ro\/wp-json\/wp\/v2\/media\/113997"}],"wp:attachment":[{"href":"https:\/\/www.btv.md\/ro\/wp-json\/wp\/v2\/media?parent=113996"}],"wp:term":[{"taxonomy":"category","embeddable":true,"href":"https:\/\/www.btv.md\/ro\/wp-json\/wp\/v2\/categories?post=113996"},{"taxonomy":"post_tag","embeddable":true,"href":"https:\/\/www.btv.md\/ro\/wp-json\/wp\/v2\/tags?post=113996"}],"curies":[{"name":"wp","href":"https:\/\/api.w.org\/{rel}","templated":true}]}}