{"id":114019,"date":"2021-02-11T10:30:08","date_gmt":"2021-02-11T08:30:08","guid":{"rendered":"http:\/\/www.btv.md\/?p=114019"},"modified":"2021-02-11T10:17:13","modified_gmt":"2021-02-11T08:17:13","slug":"romania-acorda-un-nou-ajutor-umanitar-gratuit-republicii-moldova","status":"publish","type":"post","link":"https:\/\/www.btv.md\/ro\/romania-acorda-un-nou-ajutor-umanitar-gratuit-republicii-moldova\/","title":{"rendered":"Rom\u00e2nia acord\u0103 un nou ajutor umanitar gratuit Republicii Moldova"},"content":{"rendered":"<div class=\"article-content\">\n<div class=\"article-text\">\n<p><strong>Premierul Rom\u00e2niei Florin C\u00ee\u021bu a anun\u021bat decizia Guvernului rom\u00e2n de a acorda un nou ajutor umanitar de urgen\u021b\u0103, pentru R.Moldova, cu titlu gratuit, pentru combaterea pandemiei de COVID-19.<\/strong><\/p>\n<p>Delega\u021bia Rom\u00e2niei care va participa la misiunea de oferire a dona\u021biei va fi format\u0103 din reprezentan\u021bi ai Inspectoratului de Urgen\u021b\u0103, fiind opt persoane, iar transportarea dona\u021biei se va asigura \u00een perioada 11-13 februarie 2021, transmite <a href=\"https:\/\/deschide.md\/ro\/stiri\/social\/80022\/Rom%C3%A2nia-acord%C4%83-un-nou-ajutor-umanitar-gratuit-Republicii-Moldova-pentru-combaterea-COVID-19.htm\">deschide.md<\/a>.<\/p>\n<p>Ajutorul va consta \u00een echipamente medicale de protec\u021bie: 5 milioane m\u0103\u0219ti chirurgicale, 100 mii m\u0103\u0219ti FFP3, 100 mii combinezoane, 100 mii m\u0103nu\u0219i nesterile.<\/p>\n<p>Suma ajutorului ce urmeaz\u0103 a fi donat este de aproximativ 11 mln ron, echivalentul a aproximativ 48 000 000 lei moldovene\u0219ti.<\/p>\n<div class=\"divider\"><\/div>\n<\/div>\n<div class=\"divider\"><\/div>\n<\/div>\n","protected":false},"excerpt":{"rendered":"<p>Premierul Rom\u00e2niei Florin C\u00ee\u021bu a anun\u021bat decizia Guvernului rom\u00e2n de a acorda un nou ajutor umanitar de urgen\u021b\u0103, pentru R.Moldova, cu titlu gratuit, pentru combaterea pandemiei de COVID-19. Delega\u021bia Rom\u00e2niei care va participa la misiunea de oferire a dona\u021biei va fi format\u0103 din reprezentan\u021bi ai Inspectoratului de Urgen\u021b\u0103, fiind opt persoane, iar transportarea dona\u021biei se [&hellip;]<\/p>\n","protected":false},"author":4,"featured_media":114020,"comment_status":"closed","ping_status":"closed","sticky":false,"template":"","format":"standard","meta":{"footnotes":""},"categories":[6369,6377],"tags":[21571],"class_list":["post-114019","post","type-post","status-publish","format-standard","has-post-thumbnail","hentry","category-economie-ro","category-stiri","tag-romania-acorda-un-nou-ajutor-umanitar-gratuit-republicii-moldova"],"yoast_head":"<!-- This site is optimized with the Yoast SEO plugin v27.4 - https:\/\/yoast.com\/product\/yoast-seo-wordpress\/ -->\n<title>Rom\u00e2nia acord\u0103 un nou ajutor umanitar gratuit Republicii Moldova - BTV<\/title>\n<meta name=\"robots\" content=\"index, follow, max-snippet:-1, max-image-preview:large, max-video-preview:-1\" \/>\n<link rel=\"canonical\" href=\"https:\/\/www.btv.md\/ro\/romania-acorda-un-nou-ajutor-umanitar-gratuit-republicii-moldova\/\" \/>\n<meta property=\"og:locale\" content=\"ro_RO\" \/>\n<meta property=\"og:type\" content=\"article\" \/>\n<meta property=\"og:title\" content=\"Rom\u00e2nia acord\u0103 un nou ajutor umanitar gratuit Republicii Moldova - BTV\" \/>\n<meta property=\"og:description\" content=\"Premierul Rom\u00e2niei Florin C\u00ee\u021bu a anun\u021bat decizia Guvernului rom\u00e2n de a acorda un nou ajutor umanitar de urgen\u021b\u0103, pentru R.Moldova, cu titlu gratuit, pentru combaterea pandemiei de COVID-19. Delega\u021bia Rom\u00e2niei care va participa la misiunea de oferire a dona\u021biei va fi format\u0103 din reprezentan\u021bi ai Inspectoratului de Urgen\u021b\u0103, fiind opt persoane, iar transportarea dona\u021biei se [&hellip;]\" \/>\n<meta property=\"og:url\" content=\"https:\/\/www.btv.md\/ro\/romania-acorda-un-nou-ajutor-umanitar-gratuit-republicii-moldova\/\" \/>\n<meta property=\"og:site_name\" content=\"BTV\" \/>\n<meta property=\"article:publisher\" content=\"https:\/\/www.facebook.com\/btvmoldova\/\" \/>\n<meta property=\"article:published_time\" content=\"2021-02-11T08:30:08+00:00\" \/>\n<meta property=\"og:image\" content=\"https:\/\/www.btv.md\/wp-content\/uploads\/2021\/02\/xmaiasanduiohannis2019presidency.ro_.jpeg.pagespeed.ic_.6n5ux8yd7j-1613029574n6o2wo5.jpg\" \/>\n\t<meta property=\"og:image:width\" content=\"900\" \/>\n\t<meta property=\"og:image:height\" content=\"546\" \/>\n\t<meta property=\"og:image:type\" content=\"image\/jpeg\" \/>\n<meta name=\"author\" content=\"admin\" \/>\n<meta name=\"twitter:label1\" content=\"Scris de\" \/>\n\t<meta name=\"twitter:data1\" content=\"admin\" \/>\n\t<meta name=\"twitter:label2\" content=\"Timp estimat pentru citire\" \/>\n\t<meta name=\"twitter:data2\" content=\"1 minut\" \/>\n<script type=\"application\/ld+json\" class=\"yoast-schema-graph\">{\"@context\":\"https:\\\/\\\/schema.org\",\"@graph\":[{\"@type\":\"Article\",\"@id\":\"https:\\\/\\\/www.btv.md\\\/ro\\\/romania-acorda-un-nou-ajutor-umanitar-gratuit-republicii-moldova\\\/#article\",\"isPartOf\":{\"@id\":\"https:\\\/\\\/www.btv.md\\\/ro\\\/romania-acorda-un-nou-ajutor-umanitar-gratuit-republicii-moldova\\\/\"},\"author\":{\"name\":\"admin\",\"@id\":\"https:\\\/\\\/www.btv.md\\\/#\\\/schema\\\/person\\\/8fadce81561b3ce2c34c46dadc4ccbf2\"},\"headline\":\"Rom\u00e2nia acord\u0103 un nou ajutor umanitar gratuit Republicii Moldova\",\"datePublished\":\"2021-02-11T08:30:08+00:00\",\"mainEntityOfPage\":{\"@id\":\"https:\\\/\\\/www.btv.md\\\/ro\\\/romania-acorda-un-nou-ajutor-umanitar-gratuit-republicii-moldova\\\/\"},\"wordCount\":126,\"image\":{\"@id\":\"https:\\\/\\\/www.btv.md\\\/ro\\\/romania-acorda-un-nou-ajutor-umanitar-gratuit-republicii-moldova\\\/#primaryimage\"},\"thumbnailUrl\":\"https:\\\/\\\/www.btv.md\\\/wp-content\\\/uploads\\\/2021\\\/02\\\/xmaiasanduiohannis2019presidency.ro_.jpeg.pagespeed.ic_.6n5ux8yd7j-1613029574n6o2wo5.jpg\",\"keywords\":[\"Rom\u00e2nia acord\u0103 un nou ajutor umanitar gratuit Republicii Moldova\"],\"articleSection\":[\"Economie\",\"\u0218tiri\"],\"inLanguage\":\"ro-RO\"},{\"@type\":\"WebPage\",\"@id\":\"https:\\\/\\\/www.btv.md\\\/ro\\\/romania-acorda-un-nou-ajutor-umanitar-gratuit-republicii-moldova\\\/\",\"url\":\"https:\\\/\\\/www.btv.md\\\/ro\\\/romania-acorda-un-nou-ajutor-umanitar-gratuit-republicii-moldova\\\/\",\"name\":\"Rom\u00e2nia acord\u0103 un nou ajutor umanitar gratuit Republicii Moldova - BTV\",\"isPartOf\":{\"@id\":\"https:\\\/\\\/www.btv.md\\\/#website\"},\"primaryImageOfPage\":{\"@id\":\"https:\\\/\\\/www.btv.md\\\/ro\\\/romania-acorda-un-nou-ajutor-umanitar-gratuit-republicii-moldova\\\/#primaryimage\"},\"image\":{\"@id\":\"https:\\\/\\\/www.btv.md\\\/ro\\\/romania-acorda-un-nou-ajutor-umanitar-gratuit-republicii-moldova\\\/#primaryimage\"},\"thumbnailUrl\":\"https:\\\/\\\/www.btv.md\\\/wp-content\\\/uploads\\\/2021\\\/02\\\/xmaiasanduiohannis2019presidency.ro_.jpeg.pagespeed.ic_.6n5ux8yd7j-1613029574n6o2wo5.jpg\",\"datePublished\":\"2021-02-11T08:30:08+00:00\",\"author\":{\"@id\":\"https:\\\/\\\/www.btv.md\\\/#\\\/schema\\\/person\\\/8fadce81561b3ce2c34c46dadc4ccbf2\"},\"inLanguage\":\"ro-RO\",\"potentialAction\":[{\"@type\":\"ReadAction\",\"target\":[\"https:\\\/\\\/www.btv.md\\\/ro\\\/romania-acorda-un-nou-ajutor-umanitar-gratuit-republicii-moldova\\\/\"]}]},{\"@type\":\"ImageObject\",\"inLanguage\":\"ro-RO\",\"@id\":\"https:\\\/\\\/www.btv.md\\\/ro\\\/romania-acorda-un-nou-ajutor-umanitar-gratuit-republicii-moldova\\\/#primaryimage\",\"url\":\"https:\\\/\\\/www.btv.md\\\/wp-content\\\/uploads\\\/2021\\\/02\\\/xmaiasanduiohannis2019presidency.ro_.jpeg.pagespeed.ic_.6n5ux8yd7j-1613029574n6o2wo5.jpg\",\"contentUrl\":\"https:\\\/\\\/www.btv.md\\\/wp-content\\\/uploads\\\/2021\\\/02\\\/xmaiasanduiohannis2019presidency.ro_.jpeg.pagespeed.ic_.6n5ux8yd7j-1613029574n6o2wo5.jpg\",\"width\":900,\"height\":546},{\"@type\":\"WebSite\",\"@id\":\"https:\\\/\\\/www.btv.md\\\/#website\",\"url\":\"https:\\\/\\\/www.btv.md\\\/\",\"name\":\"BTV\",\"description\":\"\u0411\u0435\u043b\u044c\u0446\u043a\u043e\u0435 \u0442\u0435\u043b\u0435\u0432\u0438\u0434\u0435\u043d\u0438\u0435\",\"potentialAction\":[{\"@type\":\"SearchAction\",\"target\":{\"@type\":\"EntryPoint\",\"urlTemplate\":\"https:\\\/\\\/www.btv.md\\\/?s={search_term_string}\"},\"query-input\":{\"@type\":\"PropertyValueSpecification\",\"valueRequired\":true,\"valueName\":\"search_term_string\"}}],\"inLanguage\":\"ro-RO\"},{\"@type\":\"Person\",\"@id\":\"https:\\\/\\\/www.btv.md\\\/#\\\/schema\\\/person\\\/8fadce81561b3ce2c34c46dadc4ccbf2\",\"name\":\"admin\"}]}<\/script>\n<!-- \/ Yoast SEO plugin. -->","yoast_head_json":{"title":"Rom\u00e2nia acord\u0103 un nou ajutor umanitar gratuit Republicii Moldova - BTV","robots":{"index":"index","follow":"follow","max-snippet":"max-snippet:-1","max-image-preview":"max-image-preview:large","max-video-preview":"max-video-preview:-1"},"canonical":"https:\/\/www.btv.md\/ro\/romania-acorda-un-nou-ajutor-umanitar-gratuit-republicii-moldova\/","og_locale":"ro_RO","og_type":"article","og_title":"Rom\u00e2nia acord\u0103 un nou ajutor umanitar gratuit Republicii Moldova - BTV","og_description":"Premierul Rom\u00e2niei Florin C\u00ee\u021bu a anun\u021bat decizia Guvernului rom\u00e2n de a acorda un nou ajutor umanitar de urgen\u021b\u0103, pentru R.Moldova, cu titlu gratuit, pentru combaterea pandemiei de COVID-19. Delega\u021bia Rom\u00e2niei care va participa la misiunea de oferire a dona\u021biei va fi format\u0103 din reprezentan\u021bi ai Inspectoratului de Urgen\u021b\u0103, fiind opt persoane, iar transportarea dona\u021biei se [&hellip;]","og_url":"https:\/\/www.btv.md\/ro\/romania-acorda-un-nou-ajutor-umanitar-gratuit-republicii-moldova\/","og_site_name":"BTV","article_publisher":"https:\/\/www.facebook.com\/btvmoldova\/","article_published_time":"2021-02-11T08:30:08+00:00","og_image":[{"width":900,"height":546,"url":"https:\/\/www.btv.md\/wp-content\/uploads\/2021\/02\/xmaiasanduiohannis2019presidency.ro_.jpeg.pagespeed.ic_.6n5ux8yd7j-1613029574n6o2wo5.jpg","type":"image\/jpeg"}],"author":"admin","twitter_misc":{"Scris de":"admin","Timp estimat pentru citire":"1 minut"},"schema":{"@context":"https:\/\/schema.org","@graph":[{"@type":"Article","@id":"https:\/\/www.btv.md\/ro\/romania-acorda-un-nou-ajutor-umanitar-gratuit-republicii-moldova\/#article","isPartOf":{"@id":"https:\/\/www.btv.md\/ro\/romania-acorda-un-nou-ajutor-umanitar-gratuit-republicii-moldova\/"},"author":{"name":"admin","@id":"https:\/\/www.btv.md\/#\/schema\/person\/8fadce81561b3ce2c34c46dadc4ccbf2"},"headline":"Rom\u00e2nia acord\u0103 un nou ajutor umanitar gratuit Republicii Moldova","datePublished":"2021-02-11T08:30:08+00:00","mainEntityOfPage":{"@id":"https:\/\/www.btv.md\/ro\/romania-acorda-un-nou-ajutor-umanitar-gratuit-republicii-moldova\/"},"wordCount":126,"image":{"@id":"https:\/\/www.btv.md\/ro\/romania-acorda-un-nou-ajutor-umanitar-gratuit-republicii-moldova\/#primaryimage"},"thumbnailUrl":"https:\/\/www.btv.md\/wp-content\/uploads\/2021\/02\/xmaiasanduiohannis2019presidency.ro_.jpeg.pagespeed.ic_.6n5ux8yd7j-1613029574n6o2wo5.jpg","keywords":["Rom\u00e2nia acord\u0103 un nou ajutor umanitar gratuit Republicii Moldova"],"articleSection":["Economie","\u0218tiri"],"inLanguage":"ro-RO"},{"@type":"WebPage","@id":"https:\/\/www.btv.md\/ro\/romania-acorda-un-nou-ajutor-umanitar-gratuit-republicii-moldova\/","url":"https:\/\/www.btv.md\/ro\/romania-acorda-un-nou-ajutor-umanitar-gratuit-republicii-moldova\/","name":"Rom\u00e2nia acord\u0103 un nou ajutor umanitar gratuit Republicii Moldova - BTV","isPartOf":{"@id":"https:\/\/www.btv.md\/#website"},"primaryImageOfPage":{"@id":"https:\/\/www.btv.md\/ro\/romania-acorda-un-nou-ajutor-umanitar-gratuit-republicii-moldova\/#primaryimage"},"image":{"@id":"https:\/\/www.btv.md\/ro\/romania-acorda-un-nou-ajutor-umanitar-gratuit-republicii-moldova\/#primaryimage"},"thumbnailUrl":"https:\/\/www.btv.md\/wp-content\/uploads\/2021\/02\/xmaiasanduiohannis2019presidency.ro_.jpeg.pagespeed.ic_.6n5ux8yd7j-1613029574n6o2wo5.jpg","datePublished":"2021-02-11T08:30:08+00:00","author":{"@id":"https:\/\/www.btv.md\/#\/schema\/person\/8fadce81561b3ce2c34c46dadc4ccbf2"},"inLanguage":"ro-RO","potentialAction":[{"@type":"ReadAction","target":["https:\/\/www.btv.md\/ro\/romania-acorda-un-nou-ajutor-umanitar-gratuit-republicii-moldova\/"]}]},{"@type":"ImageObject","inLanguage":"ro-RO","@id":"https:\/\/www.btv.md\/ro\/romania-acorda-un-nou-ajutor-umanitar-gratuit-republicii-moldova\/#primaryimage","url":"https:\/\/www.btv.md\/wp-content\/uploads\/2021\/02\/xmaiasanduiohannis2019presidency.ro_.jpeg.pagespeed.ic_.6n5ux8yd7j-1613029574n6o2wo5.jpg","contentUrl":"https:\/\/www.btv.md\/wp-content\/uploads\/2021\/02\/xmaiasanduiohannis2019presidency.ro_.jpeg.pagespeed.ic_.6n5ux8yd7j-1613029574n6o2wo5.jpg","width":900,"height":546},{"@type":"WebSite","@id":"https:\/\/www.btv.md\/#website","url":"https:\/\/www.btv.md\/","name":"BTV","description":"\u0411\u0435\u043b\u044c\u0446\u043a\u043e\u0435 \u0442\u0435\u043b\u0435\u0432\u0438\u0434\u0435\u043d\u0438\u0435","potentialAction":[{"@type":"SearchAction","target":{"@type":"EntryPoint","urlTemplate":"https:\/\/www.btv.md\/?s={search_term_string}"},"query-input":{"@type":"PropertyValueSpecification","valueRequired":true,"valueName":"search_term_string"}}],"inLanguage":"ro-RO"},{"@type":"Person","@id":"https:\/\/www.btv.md\/#\/schema\/person\/8fadce81561b3ce2c34c46dadc4ccbf2","name":"admin"}]}},"_links":{"self":[{"href":"https:\/\/www.btv.md\/ro\/wp-json\/wp\/v2\/posts\/114019","targetHints":{"allow":["GET"]}}],"collection":[{"href":"https:\/\/www.btv.md\/ro\/wp-json\/wp\/v2\/posts"}],"about":[{"href":"https:\/\/www.btv.md\/ro\/wp-json\/wp\/v2\/types\/post"}],"author":[{"embeddable":true,"href":"https:\/\/www.btv.md\/ro\/wp-json\/wp\/v2\/users\/4"}],"replies":[{"embeddable":true,"href":"https:\/\/www.btv.md\/ro\/wp-json\/wp\/v2\/comments?post=114019"}],"version-history":[{"count":0,"href":"https:\/\/www.btv.md\/ro\/wp-json\/wp\/v2\/posts\/114019\/revisions"}],"wp:featuredmedia":[{"embeddable":true,"href":"https:\/\/www.btv.md\/ro\/wp-json\/wp\/v2\/media\/114020"}],"wp:attachment":[{"href":"https:\/\/www.btv.md\/ro\/wp-json\/wp\/v2\/media?parent=114019"}],"wp:term":[{"taxonomy":"category","embeddable":true,"href":"https:\/\/www.btv.md\/ro\/wp-json\/wp\/v2\/categories?post=114019"},{"taxonomy":"post_tag","embeddable":true,"href":"https:\/\/www.btv.md\/ro\/wp-json\/wp\/v2\/tags?post=114019"}],"curies":[{"name":"wp","href":"https:\/\/api.w.org\/{rel}","templated":true}]}}