{"id":114046,"date":"2021-02-11T10:55:49","date_gmt":"2021-02-11T08:55:49","guid":{"rendered":"http:\/\/www.btv.md\/?p=114046"},"modified":"2021-02-11T10:55:49","modified_gmt":"2021-02-11T08:55:49","slug":"gavrilita-am-venit-sa-facem-un-pas-foarte-ferm-spre-anticipate","status":"publish","type":"post","link":"https:\/\/www.btv.md\/ro\/gavrilita-am-venit-sa-facem-un-pas-foarte-ferm-spre-anticipate\/","title":{"rendered":"Gavrili\u021ba: &#8222;Am venit s\u0103 facem un pas foarte ferm spre anticipate&#8221;"},"content":{"rendered":"<p><strong>Candidata la func\u021bia de prim-ministr\u0103, Natalia Gavrili\u021ba, a declarat \u00eenainte de \u0219edin\u021ba Parlamentului c\u0103 \u00eempreun\u0103 cu echipa sa \u201eau venit s\u0103 fac\u0103 un pas ferm spre alegerile parlamentare anticipate&#8221;, transmite<a href=\"https:\/\/tv8.md\/\"> tv8.md<\/a><\/strong><\/p>\n<p><strong>Natalia Gavrili\u021ba, candidata la func\u021bia de prim-ministr\u0103:\u00a0<\/strong>\u201eAm venit aici cu un program puternic, cu o echip\u0103 foarte puternic\u0103, cu un program anticorup\u021bie, un program cu sus\u021binere pentru cet\u0103\u021beni. Am venit s\u0103 facem un pas ferm spre anticipate.\u201d<\/p>\n<p><strong>Mihai Pop\u0219oi:<\/strong>\u00a0\u201eOferim un guvern serios \u0219i profesionist, dar mergem spre anticipate.\u201d<\/p>\n<p>Parlamentul Republicii Moldova s-a \u00eentrunit \u00een \u0219edin\u021b\u0103 plenar\u0103, \u00een cadrul c\u0103reia urmeaz\u0103 a fi examinat proiectul de hot\u0103r\u00e2re pentru aprobarea Programului de activitate al Guvernului \u0219i acordarea votului de \u00eencredere Guvernului.<\/p>\n<p>Candidata la func\u021bia de prim-ministr\u0103, Natalia Gavrili\u021ba, vine ast\u0103zi \u00een Parlament s\u0103-\u0219i prezinte programul guvernamental \u0219i echipa.<\/p>\n<p>Din echipa propus\u0103 de Natalia Gavrili\u021ba fac parte Viorel Cibotaru,\u00a0viceprim-ministru pentru Reintegrare,\u00a0Rozalina Albu,\u00a0ministrul Finan\u021belor,\u00a0Sergiu Litvinenco,\u00a0ministrul Justi\u021biei,\u00a0Ion Luca,\u00a0ministrul Agriculturii, Dezvolt\u0103rii Regionale \u0219i Mediului,\u00a0Ala Nemerenco,\u00a0ministrul S\u0103n\u0103t\u0103\u021bii, Muncii \u0219i Protec\u021biei Sociale,\u00a0Anatolie Nosat\u00eei,\u00a0ministrul Ap\u0103r\u0103rii,\u00a0Mihai Pop\u0219oi,\u00a0ministrul Afacerilor Externe \u0219i Integr\u0103rii Europene,\u00a0Ana Revenco,\u00a0ministrul Afacerilor Interne,\u00a0Andrei Sp\u00eenu,\u00a0ministrul Economiei \u0219i Infrastructurii \u0219i\u00a0Anatolie Topal\u0103, ministrul Educa\u021biei, Culturii \u0219i Cercet\u0103rii.<\/p>\n<p><iframe title=\"Primele declara\u021bii ale Nataliei Gavrili\u021ba, \u00eenainte de votul din Legislativ\" width=\"1170\" height=\"658\" data-src=\"https:\/\/www.youtube.com\/embed\/xeRgJWoWTSI?start=19&#038;wmode=transparent&amp;rel=0&amp;feature=oembed\" frameborder=\"0\" allow=\"accelerometer; autoplay; clipboard-write; encrypted-media; gyroscope; picture-in-picture\" allowfullscreen src=\"data:image\/svg+xml;base64,PHN2ZyB3aWR0aD0iMSIgaGVpZ2h0PSIxIiB4bWxucz0iaHR0cDovL3d3dy53My5vcmcvMjAwMC9zdmciPjwvc3ZnPg==\" class=\"lazyload\" data-load-mode=\"1\"><\/iframe><\/p>\n<p>Sursa <strong><a href=\"https:\/\/tv8.md\/\">tv8.md<\/a><\/strong><\/p>\n","protected":false},"excerpt":{"rendered":"<p>Candidata la func\u021bia de prim-ministr\u0103, Natalia Gavrili\u021ba, a declarat \u00eenainte de \u0219edin\u021ba Parlamentului c\u0103 \u00eempreun\u0103 cu echipa sa \u201eau venit s\u0103 fac\u0103 un pas ferm spre alegerile parlamentare anticipate&#8221;, transmite tv8.md Natalia Gavrili\u021ba, candidata la func\u021bia de prim-ministr\u0103:\u00a0\u201eAm venit aici cu un program puternic, cu o echip\u0103 foarte puternic\u0103, cu un program anticorup\u021bie, un program [&hellip;]<\/p>\n","protected":false},"author":4,"featured_media":114049,"comment_status":"closed","ping_status":"closed","sticky":false,"template":"","format":"standard","meta":{"footnotes":""},"categories":[6368,6377],"tags":[21579],"class_list":["post-114046","post","type-post","status-publish","format-standard","has-post-thumbnail","hentry","category-politica-ro","category-stiri","tag-gavrilita-am-venit-sa-facem-un-pas-foarte-ferm-spre-anticipate"],"yoast_head":"<!-- This site is optimized with the Yoast SEO plugin v27.4 - https:\/\/yoast.com\/product\/yoast-seo-wordpress\/ -->\n<title>Gavrili\u021ba: &quot;Am venit s\u0103 facem un pas foarte ferm spre anticipate&quot; - BTV<\/title>\n<meta name=\"robots\" content=\"index, follow, max-snippet:-1, max-image-preview:large, max-video-preview:-1\" \/>\n<link rel=\"canonical\" href=\"https:\/\/www.btv.md\/ro\/gavrilita-am-venit-sa-facem-un-pas-foarte-ferm-spre-anticipate\/\" \/>\n<meta property=\"og:locale\" content=\"ro_RO\" \/>\n<meta property=\"og:type\" content=\"article\" \/>\n<meta property=\"og:title\" content=\"Gavrili\u021ba: &quot;Am venit s\u0103 facem un pas foarte ferm spre anticipate&quot; - BTV\" \/>\n<meta property=\"og:description\" content=\"Candidata la func\u021bia de prim-ministr\u0103, Natalia Gavrili\u021ba, a declarat \u00eenainte de \u0219edin\u021ba Parlamentului c\u0103 \u00eempreun\u0103 cu echipa sa \u201eau venit s\u0103 fac\u0103 un pas ferm spre alegerile parlamentare anticipate&#8221;, transmite tv8.md Natalia Gavrili\u021ba, candidata la func\u021bia de prim-ministr\u0103:\u00a0\u201eAm venit aici cu un program puternic, cu o echip\u0103 foarte puternic\u0103, cu un program anticorup\u021bie, un program [&hellip;]\" \/>\n<meta property=\"og:url\" content=\"https:\/\/www.btv.md\/ro\/gavrilita-am-venit-sa-facem-un-pas-foarte-ferm-spre-anticipate\/\" \/>\n<meta property=\"og:site_name\" content=\"BTV\" \/>\n<meta property=\"article:publisher\" content=\"https:\/\/www.facebook.com\/btvmoldova\/\" \/>\n<meta property=\"article:published_time\" content=\"2021-02-11T08:55:49+00:00\" \/>\n<meta property=\"og:image\" content=\"https:\/\/www.btv.md\/wp-content\/uploads\/2021\/02\/1-97.jpg\" \/>\n\t<meta property=\"og:image:width\" content=\"760\" \/>\n\t<meta property=\"og:image:height\" content=\"500\" \/>\n\t<meta property=\"og:image:type\" content=\"image\/jpeg\" \/>\n<meta name=\"author\" content=\"admin\" \/>\n<meta name=\"twitter:label1\" content=\"Scris de\" \/>\n\t<meta name=\"twitter:data1\" content=\"admin\" \/>\n\t<meta name=\"twitter:label2\" content=\"Timp estimat pentru citire\" \/>\n\t<meta name=\"twitter:data2\" content=\"1 minut\" \/>\n<script type=\"application\/ld+json\" class=\"yoast-schema-graph\">{\"@context\":\"https:\\\/\\\/schema.org\",\"@graph\":[{\"@type\":\"Article\",\"@id\":\"https:\\\/\\\/www.btv.md\\\/ro\\\/gavrilita-am-venit-sa-facem-un-pas-foarte-ferm-spre-anticipate\\\/#article\",\"isPartOf\":{\"@id\":\"https:\\\/\\\/www.btv.md\\\/ro\\\/gavrilita-am-venit-sa-facem-un-pas-foarte-ferm-spre-anticipate\\\/\"},\"author\":{\"name\":\"admin\",\"@id\":\"https:\\\/\\\/www.btv.md\\\/#\\\/schema\\\/person\\\/8fadce81561b3ce2c34c46dadc4ccbf2\"},\"headline\":\"Gavrili\u021ba: &#8222;Am venit s\u0103 facem un pas foarte ferm spre anticipate&#8221;\",\"datePublished\":\"2021-02-11T08:55:49+00:00\",\"mainEntityOfPage\":{\"@id\":\"https:\\\/\\\/www.btv.md\\\/ro\\\/gavrilita-am-venit-sa-facem-un-pas-foarte-ferm-spre-anticipate\\\/\"},\"wordCount\":260,\"image\":{\"@id\":\"https:\\\/\\\/www.btv.md\\\/ro\\\/gavrilita-am-venit-sa-facem-un-pas-foarte-ferm-spre-anticipate\\\/#primaryimage\"},\"thumbnailUrl\":\"https:\\\/\\\/www.btv.md\\\/wp-content\\\/uploads\\\/2021\\\/02\\\/1-97.jpg\",\"keywords\":[\"Gavrili\u021ba: \\\"Am venit s\u0103 facem un pas foarte ferm spre anticipate\\\"\"],\"articleSection\":[\"Politic\u0103\",\"\u0218tiri\"],\"inLanguage\":\"ro-RO\"},{\"@type\":\"WebPage\",\"@id\":\"https:\\\/\\\/www.btv.md\\\/ro\\\/gavrilita-am-venit-sa-facem-un-pas-foarte-ferm-spre-anticipate\\\/\",\"url\":\"https:\\\/\\\/www.btv.md\\\/ro\\\/gavrilita-am-venit-sa-facem-un-pas-foarte-ferm-spre-anticipate\\\/\",\"name\":\"Gavrili\u021ba: \\\"Am venit s\u0103 facem un pas foarte ferm spre anticipate\\\" - BTV\",\"isPartOf\":{\"@id\":\"https:\\\/\\\/www.btv.md\\\/#website\"},\"primaryImageOfPage\":{\"@id\":\"https:\\\/\\\/www.btv.md\\\/ro\\\/gavrilita-am-venit-sa-facem-un-pas-foarte-ferm-spre-anticipate\\\/#primaryimage\"},\"image\":{\"@id\":\"https:\\\/\\\/www.btv.md\\\/ro\\\/gavrilita-am-venit-sa-facem-un-pas-foarte-ferm-spre-anticipate\\\/#primaryimage\"},\"thumbnailUrl\":\"https:\\\/\\\/www.btv.md\\\/wp-content\\\/uploads\\\/2021\\\/02\\\/1-97.jpg\",\"datePublished\":\"2021-02-11T08:55:49+00:00\",\"author\":{\"@id\":\"https:\\\/\\\/www.btv.md\\\/#\\\/schema\\\/person\\\/8fadce81561b3ce2c34c46dadc4ccbf2\"},\"inLanguage\":\"ro-RO\",\"potentialAction\":[{\"@type\":\"ReadAction\",\"target\":[\"https:\\\/\\\/www.btv.md\\\/ro\\\/gavrilita-am-venit-sa-facem-un-pas-foarte-ferm-spre-anticipate\\\/\"]}]},{\"@type\":\"ImageObject\",\"inLanguage\":\"ro-RO\",\"@id\":\"https:\\\/\\\/www.btv.md\\\/ro\\\/gavrilita-am-venit-sa-facem-un-pas-foarte-ferm-spre-anticipate\\\/#primaryimage\",\"url\":\"https:\\\/\\\/www.btv.md\\\/wp-content\\\/uploads\\\/2021\\\/02\\\/1-97.jpg\",\"contentUrl\":\"https:\\\/\\\/www.btv.md\\\/wp-content\\\/uploads\\\/2021\\\/02\\\/1-97.jpg\",\"width\":760,\"height\":500},{\"@type\":\"WebSite\",\"@id\":\"https:\\\/\\\/www.btv.md\\\/#website\",\"url\":\"https:\\\/\\\/www.btv.md\\\/\",\"name\":\"BTV\",\"description\":\"\u0411\u0435\u043b\u044c\u0446\u043a\u043e\u0435 \u0442\u0435\u043b\u0435\u0432\u0438\u0434\u0435\u043d\u0438\u0435\",\"potentialAction\":[{\"@type\":\"SearchAction\",\"target\":{\"@type\":\"EntryPoint\",\"urlTemplate\":\"https:\\\/\\\/www.btv.md\\\/?s={search_term_string}\"},\"query-input\":{\"@type\":\"PropertyValueSpecification\",\"valueRequired\":true,\"valueName\":\"search_term_string\"}}],\"inLanguage\":\"ro-RO\"},{\"@type\":\"Person\",\"@id\":\"https:\\\/\\\/www.btv.md\\\/#\\\/schema\\\/person\\\/8fadce81561b3ce2c34c46dadc4ccbf2\",\"name\":\"admin\"}]}<\/script>\n<!-- \/ Yoast SEO plugin. -->","yoast_head_json":{"title":"Gavrili\u021ba: \"Am venit s\u0103 facem un pas foarte ferm spre anticipate\" - BTV","robots":{"index":"index","follow":"follow","max-snippet":"max-snippet:-1","max-image-preview":"max-image-preview:large","max-video-preview":"max-video-preview:-1"},"canonical":"https:\/\/www.btv.md\/ro\/gavrilita-am-venit-sa-facem-un-pas-foarte-ferm-spre-anticipate\/","og_locale":"ro_RO","og_type":"article","og_title":"Gavrili\u021ba: \"Am venit s\u0103 facem un pas foarte ferm spre anticipate\" - BTV","og_description":"Candidata la func\u021bia de prim-ministr\u0103, Natalia Gavrili\u021ba, a declarat \u00eenainte de \u0219edin\u021ba Parlamentului c\u0103 \u00eempreun\u0103 cu echipa sa \u201eau venit s\u0103 fac\u0103 un pas ferm spre alegerile parlamentare anticipate&#8221;, transmite tv8.md Natalia Gavrili\u021ba, candidata la func\u021bia de prim-ministr\u0103:\u00a0\u201eAm venit aici cu un program puternic, cu o echip\u0103 foarte puternic\u0103, cu un program anticorup\u021bie, un program [&hellip;]","og_url":"https:\/\/www.btv.md\/ro\/gavrilita-am-venit-sa-facem-un-pas-foarte-ferm-spre-anticipate\/","og_site_name":"BTV","article_publisher":"https:\/\/www.facebook.com\/btvmoldova\/","article_published_time":"2021-02-11T08:55:49+00:00","og_image":[{"width":760,"height":500,"url":"https:\/\/www.btv.md\/wp-content\/uploads\/2021\/02\/1-97.jpg","type":"image\/jpeg"}],"author":"admin","twitter_misc":{"Scris de":"admin","Timp estimat pentru citire":"1 minut"},"schema":{"@context":"https:\/\/schema.org","@graph":[{"@type":"Article","@id":"https:\/\/www.btv.md\/ro\/gavrilita-am-venit-sa-facem-un-pas-foarte-ferm-spre-anticipate\/#article","isPartOf":{"@id":"https:\/\/www.btv.md\/ro\/gavrilita-am-venit-sa-facem-un-pas-foarte-ferm-spre-anticipate\/"},"author":{"name":"admin","@id":"https:\/\/www.btv.md\/#\/schema\/person\/8fadce81561b3ce2c34c46dadc4ccbf2"},"headline":"Gavrili\u021ba: &#8222;Am venit s\u0103 facem un pas foarte ferm spre anticipate&#8221;","datePublished":"2021-02-11T08:55:49+00:00","mainEntityOfPage":{"@id":"https:\/\/www.btv.md\/ro\/gavrilita-am-venit-sa-facem-un-pas-foarte-ferm-spre-anticipate\/"},"wordCount":260,"image":{"@id":"https:\/\/www.btv.md\/ro\/gavrilita-am-venit-sa-facem-un-pas-foarte-ferm-spre-anticipate\/#primaryimage"},"thumbnailUrl":"https:\/\/www.btv.md\/wp-content\/uploads\/2021\/02\/1-97.jpg","keywords":["Gavrili\u021ba: \"Am venit s\u0103 facem un pas foarte ferm spre anticipate\""],"articleSection":["Politic\u0103","\u0218tiri"],"inLanguage":"ro-RO"},{"@type":"WebPage","@id":"https:\/\/www.btv.md\/ro\/gavrilita-am-venit-sa-facem-un-pas-foarte-ferm-spre-anticipate\/","url":"https:\/\/www.btv.md\/ro\/gavrilita-am-venit-sa-facem-un-pas-foarte-ferm-spre-anticipate\/","name":"Gavrili\u021ba: \"Am venit s\u0103 facem un pas foarte ferm spre anticipate\" - BTV","isPartOf":{"@id":"https:\/\/www.btv.md\/#website"},"primaryImageOfPage":{"@id":"https:\/\/www.btv.md\/ro\/gavrilita-am-venit-sa-facem-un-pas-foarte-ferm-spre-anticipate\/#primaryimage"},"image":{"@id":"https:\/\/www.btv.md\/ro\/gavrilita-am-venit-sa-facem-un-pas-foarte-ferm-spre-anticipate\/#primaryimage"},"thumbnailUrl":"https:\/\/www.btv.md\/wp-content\/uploads\/2021\/02\/1-97.jpg","datePublished":"2021-02-11T08:55:49+00:00","author":{"@id":"https:\/\/www.btv.md\/#\/schema\/person\/8fadce81561b3ce2c34c46dadc4ccbf2"},"inLanguage":"ro-RO","potentialAction":[{"@type":"ReadAction","target":["https:\/\/www.btv.md\/ro\/gavrilita-am-venit-sa-facem-un-pas-foarte-ferm-spre-anticipate\/"]}]},{"@type":"ImageObject","inLanguage":"ro-RO","@id":"https:\/\/www.btv.md\/ro\/gavrilita-am-venit-sa-facem-un-pas-foarte-ferm-spre-anticipate\/#primaryimage","url":"https:\/\/www.btv.md\/wp-content\/uploads\/2021\/02\/1-97.jpg","contentUrl":"https:\/\/www.btv.md\/wp-content\/uploads\/2021\/02\/1-97.jpg","width":760,"height":500},{"@type":"WebSite","@id":"https:\/\/www.btv.md\/#website","url":"https:\/\/www.btv.md\/","name":"BTV","description":"\u0411\u0435\u043b\u044c\u0446\u043a\u043e\u0435 \u0442\u0435\u043b\u0435\u0432\u0438\u0434\u0435\u043d\u0438\u0435","potentialAction":[{"@type":"SearchAction","target":{"@type":"EntryPoint","urlTemplate":"https:\/\/www.btv.md\/?s={search_term_string}"},"query-input":{"@type":"PropertyValueSpecification","valueRequired":true,"valueName":"search_term_string"}}],"inLanguage":"ro-RO"},{"@type":"Person","@id":"https:\/\/www.btv.md\/#\/schema\/person\/8fadce81561b3ce2c34c46dadc4ccbf2","name":"admin"}]}},"_links":{"self":[{"href":"https:\/\/www.btv.md\/ro\/wp-json\/wp\/v2\/posts\/114046","targetHints":{"allow":["GET"]}}],"collection":[{"href":"https:\/\/www.btv.md\/ro\/wp-json\/wp\/v2\/posts"}],"about":[{"href":"https:\/\/www.btv.md\/ro\/wp-json\/wp\/v2\/types\/post"}],"author":[{"embeddable":true,"href":"https:\/\/www.btv.md\/ro\/wp-json\/wp\/v2\/users\/4"}],"replies":[{"embeddable":true,"href":"https:\/\/www.btv.md\/ro\/wp-json\/wp\/v2\/comments?post=114046"}],"version-history":[{"count":0,"href":"https:\/\/www.btv.md\/ro\/wp-json\/wp\/v2\/posts\/114046\/revisions"}],"wp:featuredmedia":[{"embeddable":true,"href":"https:\/\/www.btv.md\/ro\/wp-json\/wp\/v2\/media\/114049"}],"wp:attachment":[{"href":"https:\/\/www.btv.md\/ro\/wp-json\/wp\/v2\/media?parent=114046"}],"wp:term":[{"taxonomy":"category","embeddable":true,"href":"https:\/\/www.btv.md\/ro\/wp-json\/wp\/v2\/categories?post=114046"},{"taxonomy":"post_tag","embeddable":true,"href":"https:\/\/www.btv.md\/ro\/wp-json\/wp\/v2\/tags?post=114046"}],"curies":[{"name":"wp","href":"https:\/\/api.w.org\/{rel}","templated":true}]}}