{"id":11439,"date":"2016-04-25T18:03:58","date_gmt":"2016-04-25T15:03:58","guid":{"rendered":"http:\/\/btv.md\/?p=11439"},"modified":"2016-04-25T18:03:58","modified_gmt":"2016-04-25T15:03:58","slug":"voluntarii-din-balti-au-salubrizat-malurile-rautului","status":"publish","type":"post","link":"https:\/\/www.btv.md\/ro\/voluntarii-din-balti-au-salubrizat-malurile-rautului\/","title":{"rendered":"VOLUNTARII  DIN  B\u0102L\u021aI  AU  SALUBRIZAT  MALURILE  R\u0102UTULUI"},"content":{"rendered":"<p><strong>S-au \u00eenarmat cu saci, m\u0103nu\u0219i \u0219i instrumente pentru a aduna de\u0219eurile de pe malul r\u00e2ului R\u0103ut. Este ini\u021biativa demn\u0103 de toat\u0103 lauda a unor voluntari din B\u0103l\u021bi, care s-au ar\u0103tat \u00eengrijora\u021bi de starea insalubr\u0103 a r\u00e2ului.<\/strong><\/p>\n<p>Pre\u0219edintele Asocia\u021biei Ob\u0219te\u0219ti \u201eCaroma Nord\u201d, Rodica Frec\u0103u\u021ban, spune c\u0103 organizeaz\u0103 astfel de ac\u021biuni \u00een fiecare an. De aceast\u0103 dat\u0103 au hot\u0103r\u00e2t s\u0103 salubrizeze  por\u021biunea dintre podurile de pe strada Kiev \u0219i \u0218tefan cel Mare, unde \u00een opinia lor, malurile sunt extrem de murdare. <\/p>\n<p>\u00cen doar c\u00e2teva minute, voluntarii au reu\u0219it s\u0103 adune mai mul\u021bi saci cu de\u0219euri: sute de sticle, juc\u0103rii de plu\u0219 \u0219i chiar anvelope.<\/p>\n<p>Specialistul principal din cadrul Direc\u021biei Gospod\u0103rie Locativ-Comunal\u0103 B\u0103l\u021bi, Vasilii Gratii, a apreciat efortul voluntarilor, nu f\u0103r\u0103 a men\u021biona \u0219i despre starea deplorabil\u0103 a albiei R\u0103utului.<\/p>\n<p>R\u0103utul este cel mai mare fluviu intern al Republicii Moldova \u015fi unul din cele mai vechi, al\u0103turi de Nistru \u015fi Prut. V\u00eersta acestor r\u00e2uri num\u0103r\u0103 milioane de ani.<\/p>\n<p>NATALIA  TOCARCIUC<br \/>\nCORNELIU  VIERU<br \/>\nIURIE  BOLD<br \/>\n<iframe width=\"420\" height=\"315\" data-src=\"https:\/\/www.youtube.com\/embed\/3tf2eunVWWQ\" frameborder=\"0\" allowfullscreen src=\"data:image\/svg+xml;base64,PHN2ZyB3aWR0aD0iMSIgaGVpZ2h0PSIxIiB4bWxucz0iaHR0cDovL3d3dy53My5vcmcvMjAwMC9zdmciPjwvc3ZnPg==\" class=\"lazyload\" data-load-mode=\"1\"><\/iframe><\/p>\n","protected":false},"excerpt":{"rendered":"<p>S-au \u00eenarmat cu saci, m\u0103nu\u0219i \u0219i instrumente pentru a aduna de\u0219eurile de pe malul r\u00e2ului R\u0103ut. Este ini\u021biativa demn\u0103 de toat\u0103 lauda a unor voluntari din B\u0103l\u021bi, care s-au ar\u0103tat \u00eengrijora\u021bi de starea insalubr\u0103 a r\u00e2ului. Pre\u0219edintele Asocia\u021biei Ob\u0219te\u0219ti \u201eCaroma Nord\u201d, Rodica Frec\u0103u\u021ban, spune c\u0103 organizeaz\u0103 astfel de ac\u021biuni \u00een fiecare an. De aceast\u0103 dat\u0103 [&hellip;]<\/p>\n","protected":false},"author":4,"featured_media":11440,"comment_status":"closed","ping_status":"closed","sticky":false,"template":"","format":"standard","meta":{"footnotes":""},"categories":[6353],"tags":[],"class_list":["post-11439","post","type-post","status-publish","format-standard","has-post-thumbnail","hentry","category-oras"],"yoast_head":"<!-- This site is optimized with the Yoast SEO plugin v27.4 - https:\/\/yoast.com\/product\/yoast-seo-wordpress\/ -->\n<title>VOLUNTARII DIN B\u0102L\u021aI AU SALUBRIZAT MALURILE R\u0102UTULUI - BTV<\/title>\n<meta name=\"robots\" content=\"index, follow, max-snippet:-1, max-image-preview:large, max-video-preview:-1\" \/>\n<link rel=\"canonical\" href=\"https:\/\/www.btv.md\/ro\/voluntarii-din-balti-au-salubrizat-malurile-rautului\/\" \/>\n<meta property=\"og:locale\" content=\"ro_RO\" \/>\n<meta property=\"og:type\" content=\"article\" \/>\n<meta property=\"og:title\" content=\"VOLUNTARII DIN B\u0102L\u021aI AU SALUBRIZAT MALURILE R\u0102UTULUI - BTV\" \/>\n<meta property=\"og:description\" content=\"S-au \u00eenarmat cu saci, m\u0103nu\u0219i \u0219i instrumente pentru a aduna de\u0219eurile de pe malul r\u00e2ului R\u0103ut. Este ini\u021biativa demn\u0103 de toat\u0103 lauda a unor voluntari din B\u0103l\u021bi, care s-au ar\u0103tat \u00eengrijora\u021bi de starea insalubr\u0103 a r\u00e2ului. Pre\u0219edintele Asocia\u021biei Ob\u0219te\u0219ti \u201eCaroma Nord\u201d, Rodica Frec\u0103u\u021ban, spune c\u0103 organizeaz\u0103 astfel de ac\u021biuni \u00een fiecare an. De aceast\u0103 dat\u0103 [&hellip;]\" \/>\n<meta property=\"og:url\" content=\"https:\/\/www.btv.md\/ro\/voluntarii-din-balti-au-salubrizat-malurile-rautului\/\" \/>\n<meta property=\"og:site_name\" content=\"BTV\" \/>\n<meta property=\"article:publisher\" content=\"https:\/\/www.facebook.com\/btvmoldova\/\" \/>\n<meta property=\"article:published_time\" content=\"2016-04-25T15:03:58+00:00\" \/>\n<meta property=\"og:image\" content=\"https:\/\/www.btv.md\/wp-content\/uploads\/2016\/04\/RAUT.png\" \/>\n\t<meta property=\"og:image:width\" content=\"1001\" \/>\n\t<meta property=\"og:image:height\" content=\"577\" \/>\n\t<meta property=\"og:image:type\" content=\"image\/png\" \/>\n<meta name=\"author\" content=\"admin\" \/>\n<meta name=\"twitter:label1\" content=\"Scris de\" \/>\n\t<meta name=\"twitter:data1\" content=\"admin\" \/>\n\t<meta name=\"twitter:label2\" content=\"Timp estimat pentru citire\" \/>\n\t<meta name=\"twitter:data2\" content=\"1 minut\" \/>\n<script type=\"application\/ld+json\" class=\"yoast-schema-graph\">{\"@context\":\"https:\\\/\\\/schema.org\",\"@graph\":[{\"@type\":\"Article\",\"@id\":\"https:\\\/\\\/www.btv.md\\\/ro\\\/voluntarii-din-balti-au-salubrizat-malurile-rautului\\\/#article\",\"isPartOf\":{\"@id\":\"https:\\\/\\\/www.btv.md\\\/ro\\\/voluntarii-din-balti-au-salubrizat-malurile-rautului\\\/\"},\"author\":{\"name\":\"admin\",\"@id\":\"https:\\\/\\\/www.btv.md\\\/#\\\/schema\\\/person\\\/8fadce81561b3ce2c34c46dadc4ccbf2\"},\"headline\":\"VOLUNTARII DIN B\u0102L\u021aI AU SALUBRIZAT MALURILE R\u0102UTULUI\",\"datePublished\":\"2016-04-25T15:03:58+00:00\",\"mainEntityOfPage\":{\"@id\":\"https:\\\/\\\/www.btv.md\\\/ro\\\/voluntarii-din-balti-au-salubrizat-malurile-rautului\\\/\"},\"wordCount\":209,\"image\":{\"@id\":\"https:\\\/\\\/www.btv.md\\\/ro\\\/voluntarii-din-balti-au-salubrizat-malurile-rautului\\\/#primaryimage\"},\"thumbnailUrl\":\"https:\\\/\\\/www.btv.md\\\/wp-content\\\/uploads\\\/2016\\\/04\\\/RAUT.png\",\"articleSection\":[\"Ora\u0219\"],\"inLanguage\":\"ro-RO\"},{\"@type\":\"WebPage\",\"@id\":\"https:\\\/\\\/www.btv.md\\\/ro\\\/voluntarii-din-balti-au-salubrizat-malurile-rautului\\\/\",\"url\":\"https:\\\/\\\/www.btv.md\\\/ro\\\/voluntarii-din-balti-au-salubrizat-malurile-rautului\\\/\",\"name\":\"VOLUNTARII DIN B\u0102L\u021aI AU SALUBRIZAT MALURILE R\u0102UTULUI - BTV\",\"isPartOf\":{\"@id\":\"https:\\\/\\\/www.btv.md\\\/#website\"},\"primaryImageOfPage\":{\"@id\":\"https:\\\/\\\/www.btv.md\\\/ro\\\/voluntarii-din-balti-au-salubrizat-malurile-rautului\\\/#primaryimage\"},\"image\":{\"@id\":\"https:\\\/\\\/www.btv.md\\\/ro\\\/voluntarii-din-balti-au-salubrizat-malurile-rautului\\\/#primaryimage\"},\"thumbnailUrl\":\"https:\\\/\\\/www.btv.md\\\/wp-content\\\/uploads\\\/2016\\\/04\\\/RAUT.png\",\"datePublished\":\"2016-04-25T15:03:58+00:00\",\"author\":{\"@id\":\"https:\\\/\\\/www.btv.md\\\/#\\\/schema\\\/person\\\/8fadce81561b3ce2c34c46dadc4ccbf2\"},\"inLanguage\":\"ro-RO\",\"potentialAction\":[{\"@type\":\"ReadAction\",\"target\":[\"https:\\\/\\\/www.btv.md\\\/ro\\\/voluntarii-din-balti-au-salubrizat-malurile-rautului\\\/\"]}]},{\"@type\":\"ImageObject\",\"inLanguage\":\"ro-RO\",\"@id\":\"https:\\\/\\\/www.btv.md\\\/ro\\\/voluntarii-din-balti-au-salubrizat-malurile-rautului\\\/#primaryimage\",\"url\":\"https:\\\/\\\/www.btv.md\\\/wp-content\\\/uploads\\\/2016\\\/04\\\/RAUT.png\",\"contentUrl\":\"https:\\\/\\\/www.btv.md\\\/wp-content\\\/uploads\\\/2016\\\/04\\\/RAUT.png\",\"width\":1001,\"height\":577},{\"@type\":\"WebSite\",\"@id\":\"https:\\\/\\\/www.btv.md\\\/#website\",\"url\":\"https:\\\/\\\/www.btv.md\\\/\",\"name\":\"BTV\",\"description\":\"\u0411\u0435\u043b\u044c\u0446\u043a\u043e\u0435 \u0442\u0435\u043b\u0435\u0432\u0438\u0434\u0435\u043d\u0438\u0435\",\"potentialAction\":[{\"@type\":\"SearchAction\",\"target\":{\"@type\":\"EntryPoint\",\"urlTemplate\":\"https:\\\/\\\/www.btv.md\\\/?s={search_term_string}\"},\"query-input\":{\"@type\":\"PropertyValueSpecification\",\"valueRequired\":true,\"valueName\":\"search_term_string\"}}],\"inLanguage\":\"ro-RO\"},{\"@type\":\"Person\",\"@id\":\"https:\\\/\\\/www.btv.md\\\/#\\\/schema\\\/person\\\/8fadce81561b3ce2c34c46dadc4ccbf2\",\"name\":\"admin\"}]}<\/script>\n<!-- \/ Yoast SEO plugin. -->","yoast_head_json":{"title":"VOLUNTARII DIN B\u0102L\u021aI AU SALUBRIZAT MALURILE R\u0102UTULUI - BTV","robots":{"index":"index","follow":"follow","max-snippet":"max-snippet:-1","max-image-preview":"max-image-preview:large","max-video-preview":"max-video-preview:-1"},"canonical":"https:\/\/www.btv.md\/ro\/voluntarii-din-balti-au-salubrizat-malurile-rautului\/","og_locale":"ro_RO","og_type":"article","og_title":"VOLUNTARII DIN B\u0102L\u021aI AU SALUBRIZAT MALURILE R\u0102UTULUI - BTV","og_description":"S-au \u00eenarmat cu saci, m\u0103nu\u0219i \u0219i instrumente pentru a aduna de\u0219eurile de pe malul r\u00e2ului R\u0103ut. Este ini\u021biativa demn\u0103 de toat\u0103 lauda a unor voluntari din B\u0103l\u021bi, care s-au ar\u0103tat \u00eengrijora\u021bi de starea insalubr\u0103 a r\u00e2ului. Pre\u0219edintele Asocia\u021biei Ob\u0219te\u0219ti \u201eCaroma Nord\u201d, Rodica Frec\u0103u\u021ban, spune c\u0103 organizeaz\u0103 astfel de ac\u021biuni \u00een fiecare an. De aceast\u0103 dat\u0103 [&hellip;]","og_url":"https:\/\/www.btv.md\/ro\/voluntarii-din-balti-au-salubrizat-malurile-rautului\/","og_site_name":"BTV","article_publisher":"https:\/\/www.facebook.com\/btvmoldova\/","article_published_time":"2016-04-25T15:03:58+00:00","og_image":[{"width":1001,"height":577,"url":"https:\/\/www.btv.md\/wp-content\/uploads\/2016\/04\/RAUT.png","type":"image\/png"}],"author":"admin","twitter_misc":{"Scris de":"admin","Timp estimat pentru citire":"1 minut"},"schema":{"@context":"https:\/\/schema.org","@graph":[{"@type":"Article","@id":"https:\/\/www.btv.md\/ro\/voluntarii-din-balti-au-salubrizat-malurile-rautului\/#article","isPartOf":{"@id":"https:\/\/www.btv.md\/ro\/voluntarii-din-balti-au-salubrizat-malurile-rautului\/"},"author":{"name":"admin","@id":"https:\/\/www.btv.md\/#\/schema\/person\/8fadce81561b3ce2c34c46dadc4ccbf2"},"headline":"VOLUNTARII DIN B\u0102L\u021aI AU SALUBRIZAT MALURILE R\u0102UTULUI","datePublished":"2016-04-25T15:03:58+00:00","mainEntityOfPage":{"@id":"https:\/\/www.btv.md\/ro\/voluntarii-din-balti-au-salubrizat-malurile-rautului\/"},"wordCount":209,"image":{"@id":"https:\/\/www.btv.md\/ro\/voluntarii-din-balti-au-salubrizat-malurile-rautului\/#primaryimage"},"thumbnailUrl":"https:\/\/www.btv.md\/wp-content\/uploads\/2016\/04\/RAUT.png","articleSection":["Ora\u0219"],"inLanguage":"ro-RO"},{"@type":"WebPage","@id":"https:\/\/www.btv.md\/ro\/voluntarii-din-balti-au-salubrizat-malurile-rautului\/","url":"https:\/\/www.btv.md\/ro\/voluntarii-din-balti-au-salubrizat-malurile-rautului\/","name":"VOLUNTARII DIN B\u0102L\u021aI AU SALUBRIZAT MALURILE R\u0102UTULUI - BTV","isPartOf":{"@id":"https:\/\/www.btv.md\/#website"},"primaryImageOfPage":{"@id":"https:\/\/www.btv.md\/ro\/voluntarii-din-balti-au-salubrizat-malurile-rautului\/#primaryimage"},"image":{"@id":"https:\/\/www.btv.md\/ro\/voluntarii-din-balti-au-salubrizat-malurile-rautului\/#primaryimage"},"thumbnailUrl":"https:\/\/www.btv.md\/wp-content\/uploads\/2016\/04\/RAUT.png","datePublished":"2016-04-25T15:03:58+00:00","author":{"@id":"https:\/\/www.btv.md\/#\/schema\/person\/8fadce81561b3ce2c34c46dadc4ccbf2"},"inLanguage":"ro-RO","potentialAction":[{"@type":"ReadAction","target":["https:\/\/www.btv.md\/ro\/voluntarii-din-balti-au-salubrizat-malurile-rautului\/"]}]},{"@type":"ImageObject","inLanguage":"ro-RO","@id":"https:\/\/www.btv.md\/ro\/voluntarii-din-balti-au-salubrizat-malurile-rautului\/#primaryimage","url":"https:\/\/www.btv.md\/wp-content\/uploads\/2016\/04\/RAUT.png","contentUrl":"https:\/\/www.btv.md\/wp-content\/uploads\/2016\/04\/RAUT.png","width":1001,"height":577},{"@type":"WebSite","@id":"https:\/\/www.btv.md\/#website","url":"https:\/\/www.btv.md\/","name":"BTV","description":"\u0411\u0435\u043b\u044c\u0446\u043a\u043e\u0435 \u0442\u0435\u043b\u0435\u0432\u0438\u0434\u0435\u043d\u0438\u0435","potentialAction":[{"@type":"SearchAction","target":{"@type":"EntryPoint","urlTemplate":"https:\/\/www.btv.md\/?s={search_term_string}"},"query-input":{"@type":"PropertyValueSpecification","valueRequired":true,"valueName":"search_term_string"}}],"inLanguage":"ro-RO"},{"@type":"Person","@id":"https:\/\/www.btv.md\/#\/schema\/person\/8fadce81561b3ce2c34c46dadc4ccbf2","name":"admin"}]}},"_links":{"self":[{"href":"https:\/\/www.btv.md\/ro\/wp-json\/wp\/v2\/posts\/11439","targetHints":{"allow":["GET"]}}],"collection":[{"href":"https:\/\/www.btv.md\/ro\/wp-json\/wp\/v2\/posts"}],"about":[{"href":"https:\/\/www.btv.md\/ro\/wp-json\/wp\/v2\/types\/post"}],"author":[{"embeddable":true,"href":"https:\/\/www.btv.md\/ro\/wp-json\/wp\/v2\/users\/4"}],"replies":[{"embeddable":true,"href":"https:\/\/www.btv.md\/ro\/wp-json\/wp\/v2\/comments?post=11439"}],"version-history":[{"count":0,"href":"https:\/\/www.btv.md\/ro\/wp-json\/wp\/v2\/posts\/11439\/revisions"}],"wp:featuredmedia":[{"embeddable":true,"href":"https:\/\/www.btv.md\/ro\/wp-json\/wp\/v2\/media\/11440"}],"wp:attachment":[{"href":"https:\/\/www.btv.md\/ro\/wp-json\/wp\/v2\/media?parent=11439"}],"wp:term":[{"taxonomy":"category","embeddable":true,"href":"https:\/\/www.btv.md\/ro\/wp-json\/wp\/v2\/categories?post=11439"},{"taxonomy":"post_tag","embeddable":true,"href":"https:\/\/www.btv.md\/ro\/wp-json\/wp\/v2\/tags?post=11439"}],"curies":[{"name":"wp","href":"https:\/\/api.w.org\/{rel}","templated":true}]}}