{"id":11475,"date":"2016-04-26T14:35:09","date_gmt":"2016-04-26T11:35:09","guid":{"rendered":"http:\/\/btv.md\/?p=11475"},"modified":"2016-04-26T14:35:09","modified_gmt":"2016-04-26T11:35:09","slug":"cea-de-a-doua-transa-a-ajutorului-umanitar-a-ajuns-la-balti","status":"publish","type":"post","link":"https:\/\/www.btv.md\/ro\/cea-de-a-doua-transa-a-ajutorului-umanitar-a-ajuns-la-balti\/","title":{"rendered":"CEA DE  A  DOUA TRAN\u0218\u0102  A  AJUTORULUI  UMANITAR  A  AJUNS  LA  B\u0102L\u021aI"},"content":{"rendered":"<p><strong>Colete cu produse alimentare au ajuns pe mesele persoanelor cu nevoi speciale din municipiul B\u0103l\u021bi. Este vorba despre aproximativ 650 de cutii cu produse alimentare a c\u00e2te 10 kilograme. Acesta face parte din cea de a doua tran\u0219\u0103 a ajutorului umanitar oferit de Guvernul Rom\u00e2niei.<\/strong><\/p>\n<p>Persoanele cu nevoi speciale din municipiul B\u0103l\u021bi nu au putut veni la centrul de distribu\u021bie a\u0219a c\u0103  \u00een locul lor au venit rudele. Ei spun c\u0103 ajutorul umanitar le va fi de mare folos,  mai ales acum \u00een perioada s\u0103rb\u0103torilor Pascale.<\/p>\n<p>\u0218efa Direc\u0163iei Asisten\u0163\u0103 Social\u0103 \u015fi Protec\u0163ia Familiei a precizat c\u0103 prin intermediul asistentului social to\u021bi beneficiarii au fost informa\u021bi despre sosirea ajutorului umanitar.<\/p>\n<p>Aproximativ 666 de persoane cu nevoi speciale din municipiul B\u0103l\u021bi vor beneficia de cea de a doua tran\u0219\u0103 a ajutorului umanitar.<\/p>\n<p>Reporter: Irina BAXAN<br \/>\nOperator:  Corneliu VIERU<br \/>\nMontaj: Chira  BATRANAC<\/p>\n<p><iframe width=\"420\" height=\"315\" data-src=\"https:\/\/www.youtube.com\/embed\/th7AU1_l81c\" frameborder=\"0\" allowfullscreen src=\"data:image\/svg+xml;base64,PHN2ZyB3aWR0aD0iMSIgaGVpZ2h0PSIxIiB4bWxucz0iaHR0cDovL3d3dy53My5vcmcvMjAwMC9zdmciPjwvc3ZnPg==\" class=\"lazyload\" data-load-mode=\"1\"><\/iframe><\/p>\n","protected":false},"excerpt":{"rendered":"<p>Colete cu produse alimentare au ajuns pe mesele persoanelor cu nevoi speciale din municipiul B\u0103l\u021bi. Este vorba despre aproximativ 650 de cutii cu produse alimentare a c\u00e2te 10 kilograme. Acesta face parte din cea de a doua tran\u0219\u0103 a ajutorului umanitar oferit de Guvernul Rom\u00e2niei. Persoanele cu nevoi speciale din municipiul B\u0103l\u021bi nu au putut [&hellip;]<\/p>\n","protected":false},"author":4,"featured_media":11476,"comment_status":"closed","ping_status":"closed","sticky":false,"template":"","format":"standard","meta":{"footnotes":""},"categories":[6353],"tags":[],"class_list":["post-11475","post","type-post","status-publish","format-standard","has-post-thumbnail","hentry","category-oras"],"yoast_head":"<!-- This site is optimized with the Yoast SEO plugin v27.4 - https:\/\/yoast.com\/product\/yoast-seo-wordpress\/ -->\n<title>CEA DE A DOUA TRAN\u0218\u0102 A AJUTORULUI UMANITAR A AJUNS LA B\u0102L\u021aI - BTV<\/title>\n<meta name=\"robots\" content=\"index, follow, max-snippet:-1, max-image-preview:large, max-video-preview:-1\" \/>\n<link rel=\"canonical\" href=\"https:\/\/www.btv.md\/ro\/cea-de-a-doua-transa-a-ajutorului-umanitar-a-ajuns-la-balti\/\" \/>\n<meta property=\"og:locale\" content=\"ro_RO\" \/>\n<meta property=\"og:type\" content=\"article\" \/>\n<meta property=\"og:title\" content=\"CEA DE A DOUA TRAN\u0218\u0102 A AJUTORULUI UMANITAR A AJUNS LA B\u0102L\u021aI - BTV\" \/>\n<meta property=\"og:description\" content=\"Colete cu produse alimentare au ajuns pe mesele persoanelor cu nevoi speciale din municipiul B\u0103l\u021bi. Este vorba despre aproximativ 650 de cutii cu produse alimentare a c\u00e2te 10 kilograme. Acesta face parte din cea de a doua tran\u0219\u0103 a ajutorului umanitar oferit de Guvernul Rom\u00e2niei. Persoanele cu nevoi speciale din municipiul B\u0103l\u021bi nu au putut [&hellip;]\" \/>\n<meta property=\"og:url\" content=\"https:\/\/www.btv.md\/ro\/cea-de-a-doua-transa-a-ajutorului-umanitar-a-ajuns-la-balti\/\" \/>\n<meta property=\"og:site_name\" content=\"BTV\" \/>\n<meta property=\"article:publisher\" content=\"https:\/\/www.facebook.com\/btvmoldova\/\" \/>\n<meta property=\"article:published_time\" content=\"2016-04-26T11:35:09+00:00\" \/>\n<meta property=\"og:image\" content=\"https:\/\/www.btv.md\/wp-content\/uploads\/2016\/04\/ajutor-umanitar.png\" \/>\n\t<meta property=\"og:image:width\" content=\"913\" \/>\n\t<meta property=\"og:image:height\" content=\"593\" \/>\n\t<meta property=\"og:image:type\" content=\"image\/png\" \/>\n<meta name=\"author\" content=\"admin\" \/>\n<meta name=\"twitter:label1\" content=\"Scris de\" \/>\n\t<meta name=\"twitter:data1\" content=\"admin\" \/>\n\t<meta name=\"twitter:label2\" content=\"Timp estimat pentru citire\" \/>\n\t<meta name=\"twitter:data2\" content=\"1 minut\" \/>\n<script type=\"application\/ld+json\" class=\"yoast-schema-graph\">{\"@context\":\"https:\\\/\\\/schema.org\",\"@graph\":[{\"@type\":\"Article\",\"@id\":\"https:\\\/\\\/www.btv.md\\\/ro\\\/cea-de-a-doua-transa-a-ajutorului-umanitar-a-ajuns-la-balti\\\/#article\",\"isPartOf\":{\"@id\":\"https:\\\/\\\/www.btv.md\\\/ro\\\/cea-de-a-doua-transa-a-ajutorului-umanitar-a-ajuns-la-balti\\\/\"},\"author\":{\"name\":\"admin\",\"@id\":\"https:\\\/\\\/www.btv.md\\\/#\\\/schema\\\/person\\\/8fadce81561b3ce2c34c46dadc4ccbf2\"},\"headline\":\"CEA DE A DOUA TRAN\u0218\u0102 A AJUTORULUI UMANITAR A AJUNS LA B\u0102L\u021aI\",\"datePublished\":\"2016-04-26T11:35:09+00:00\",\"mainEntityOfPage\":{\"@id\":\"https:\\\/\\\/www.btv.md\\\/ro\\\/cea-de-a-doua-transa-a-ajutorului-umanitar-a-ajuns-la-balti\\\/\"},\"wordCount\":166,\"image\":{\"@id\":\"https:\\\/\\\/www.btv.md\\\/ro\\\/cea-de-a-doua-transa-a-ajutorului-umanitar-a-ajuns-la-balti\\\/#primaryimage\"},\"thumbnailUrl\":\"https:\\\/\\\/www.btv.md\\\/wp-content\\\/uploads\\\/2016\\\/04\\\/ajutor-umanitar.png\",\"articleSection\":[\"Ora\u0219\"],\"inLanguage\":\"ro-RO\"},{\"@type\":\"WebPage\",\"@id\":\"https:\\\/\\\/www.btv.md\\\/ro\\\/cea-de-a-doua-transa-a-ajutorului-umanitar-a-ajuns-la-balti\\\/\",\"url\":\"https:\\\/\\\/www.btv.md\\\/ro\\\/cea-de-a-doua-transa-a-ajutorului-umanitar-a-ajuns-la-balti\\\/\",\"name\":\"CEA DE A DOUA TRAN\u0218\u0102 A AJUTORULUI UMANITAR A AJUNS LA B\u0102L\u021aI - BTV\",\"isPartOf\":{\"@id\":\"https:\\\/\\\/www.btv.md\\\/#website\"},\"primaryImageOfPage\":{\"@id\":\"https:\\\/\\\/www.btv.md\\\/ro\\\/cea-de-a-doua-transa-a-ajutorului-umanitar-a-ajuns-la-balti\\\/#primaryimage\"},\"image\":{\"@id\":\"https:\\\/\\\/www.btv.md\\\/ro\\\/cea-de-a-doua-transa-a-ajutorului-umanitar-a-ajuns-la-balti\\\/#primaryimage\"},\"thumbnailUrl\":\"https:\\\/\\\/www.btv.md\\\/wp-content\\\/uploads\\\/2016\\\/04\\\/ajutor-umanitar.png\",\"datePublished\":\"2016-04-26T11:35:09+00:00\",\"author\":{\"@id\":\"https:\\\/\\\/www.btv.md\\\/#\\\/schema\\\/person\\\/8fadce81561b3ce2c34c46dadc4ccbf2\"},\"inLanguage\":\"ro-RO\",\"potentialAction\":[{\"@type\":\"ReadAction\",\"target\":[\"https:\\\/\\\/www.btv.md\\\/ro\\\/cea-de-a-doua-transa-a-ajutorului-umanitar-a-ajuns-la-balti\\\/\"]}]},{\"@type\":\"ImageObject\",\"inLanguage\":\"ro-RO\",\"@id\":\"https:\\\/\\\/www.btv.md\\\/ro\\\/cea-de-a-doua-transa-a-ajutorului-umanitar-a-ajuns-la-balti\\\/#primaryimage\",\"url\":\"https:\\\/\\\/www.btv.md\\\/wp-content\\\/uploads\\\/2016\\\/04\\\/ajutor-umanitar.png\",\"contentUrl\":\"https:\\\/\\\/www.btv.md\\\/wp-content\\\/uploads\\\/2016\\\/04\\\/ajutor-umanitar.png\",\"width\":913,\"height\":593},{\"@type\":\"WebSite\",\"@id\":\"https:\\\/\\\/www.btv.md\\\/#website\",\"url\":\"https:\\\/\\\/www.btv.md\\\/\",\"name\":\"BTV\",\"description\":\"\u0411\u0435\u043b\u044c\u0446\u043a\u043e\u0435 \u0442\u0435\u043b\u0435\u0432\u0438\u0434\u0435\u043d\u0438\u0435\",\"potentialAction\":[{\"@type\":\"SearchAction\",\"target\":{\"@type\":\"EntryPoint\",\"urlTemplate\":\"https:\\\/\\\/www.btv.md\\\/?s={search_term_string}\"},\"query-input\":{\"@type\":\"PropertyValueSpecification\",\"valueRequired\":true,\"valueName\":\"search_term_string\"}}],\"inLanguage\":\"ro-RO\"},{\"@type\":\"Person\",\"@id\":\"https:\\\/\\\/www.btv.md\\\/#\\\/schema\\\/person\\\/8fadce81561b3ce2c34c46dadc4ccbf2\",\"name\":\"admin\"}]}<\/script>\n<!-- \/ Yoast SEO plugin. -->","yoast_head_json":{"title":"CEA DE A DOUA TRAN\u0218\u0102 A AJUTORULUI UMANITAR A AJUNS LA B\u0102L\u021aI - BTV","robots":{"index":"index","follow":"follow","max-snippet":"max-snippet:-1","max-image-preview":"max-image-preview:large","max-video-preview":"max-video-preview:-1"},"canonical":"https:\/\/www.btv.md\/ro\/cea-de-a-doua-transa-a-ajutorului-umanitar-a-ajuns-la-balti\/","og_locale":"ro_RO","og_type":"article","og_title":"CEA DE A DOUA TRAN\u0218\u0102 A AJUTORULUI UMANITAR A AJUNS LA B\u0102L\u021aI - BTV","og_description":"Colete cu produse alimentare au ajuns pe mesele persoanelor cu nevoi speciale din municipiul B\u0103l\u021bi. Este vorba despre aproximativ 650 de cutii cu produse alimentare a c\u00e2te 10 kilograme. Acesta face parte din cea de a doua tran\u0219\u0103 a ajutorului umanitar oferit de Guvernul Rom\u00e2niei. Persoanele cu nevoi speciale din municipiul B\u0103l\u021bi nu au putut [&hellip;]","og_url":"https:\/\/www.btv.md\/ro\/cea-de-a-doua-transa-a-ajutorului-umanitar-a-ajuns-la-balti\/","og_site_name":"BTV","article_publisher":"https:\/\/www.facebook.com\/btvmoldova\/","article_published_time":"2016-04-26T11:35:09+00:00","og_image":[{"width":913,"height":593,"url":"https:\/\/www.btv.md\/wp-content\/uploads\/2016\/04\/ajutor-umanitar.png","type":"image\/png"}],"author":"admin","twitter_misc":{"Scris de":"admin","Timp estimat pentru citire":"1 minut"},"schema":{"@context":"https:\/\/schema.org","@graph":[{"@type":"Article","@id":"https:\/\/www.btv.md\/ro\/cea-de-a-doua-transa-a-ajutorului-umanitar-a-ajuns-la-balti\/#article","isPartOf":{"@id":"https:\/\/www.btv.md\/ro\/cea-de-a-doua-transa-a-ajutorului-umanitar-a-ajuns-la-balti\/"},"author":{"name":"admin","@id":"https:\/\/www.btv.md\/#\/schema\/person\/8fadce81561b3ce2c34c46dadc4ccbf2"},"headline":"CEA DE A DOUA TRAN\u0218\u0102 A AJUTORULUI UMANITAR A AJUNS LA B\u0102L\u021aI","datePublished":"2016-04-26T11:35:09+00:00","mainEntityOfPage":{"@id":"https:\/\/www.btv.md\/ro\/cea-de-a-doua-transa-a-ajutorului-umanitar-a-ajuns-la-balti\/"},"wordCount":166,"image":{"@id":"https:\/\/www.btv.md\/ro\/cea-de-a-doua-transa-a-ajutorului-umanitar-a-ajuns-la-balti\/#primaryimage"},"thumbnailUrl":"https:\/\/www.btv.md\/wp-content\/uploads\/2016\/04\/ajutor-umanitar.png","articleSection":["Ora\u0219"],"inLanguage":"ro-RO"},{"@type":"WebPage","@id":"https:\/\/www.btv.md\/ro\/cea-de-a-doua-transa-a-ajutorului-umanitar-a-ajuns-la-balti\/","url":"https:\/\/www.btv.md\/ro\/cea-de-a-doua-transa-a-ajutorului-umanitar-a-ajuns-la-balti\/","name":"CEA DE A DOUA TRAN\u0218\u0102 A AJUTORULUI UMANITAR A AJUNS LA B\u0102L\u021aI - BTV","isPartOf":{"@id":"https:\/\/www.btv.md\/#website"},"primaryImageOfPage":{"@id":"https:\/\/www.btv.md\/ro\/cea-de-a-doua-transa-a-ajutorului-umanitar-a-ajuns-la-balti\/#primaryimage"},"image":{"@id":"https:\/\/www.btv.md\/ro\/cea-de-a-doua-transa-a-ajutorului-umanitar-a-ajuns-la-balti\/#primaryimage"},"thumbnailUrl":"https:\/\/www.btv.md\/wp-content\/uploads\/2016\/04\/ajutor-umanitar.png","datePublished":"2016-04-26T11:35:09+00:00","author":{"@id":"https:\/\/www.btv.md\/#\/schema\/person\/8fadce81561b3ce2c34c46dadc4ccbf2"},"inLanguage":"ro-RO","potentialAction":[{"@type":"ReadAction","target":["https:\/\/www.btv.md\/ro\/cea-de-a-doua-transa-a-ajutorului-umanitar-a-ajuns-la-balti\/"]}]},{"@type":"ImageObject","inLanguage":"ro-RO","@id":"https:\/\/www.btv.md\/ro\/cea-de-a-doua-transa-a-ajutorului-umanitar-a-ajuns-la-balti\/#primaryimage","url":"https:\/\/www.btv.md\/wp-content\/uploads\/2016\/04\/ajutor-umanitar.png","contentUrl":"https:\/\/www.btv.md\/wp-content\/uploads\/2016\/04\/ajutor-umanitar.png","width":913,"height":593},{"@type":"WebSite","@id":"https:\/\/www.btv.md\/#website","url":"https:\/\/www.btv.md\/","name":"BTV","description":"\u0411\u0435\u043b\u044c\u0446\u043a\u043e\u0435 \u0442\u0435\u043b\u0435\u0432\u0438\u0434\u0435\u043d\u0438\u0435","potentialAction":[{"@type":"SearchAction","target":{"@type":"EntryPoint","urlTemplate":"https:\/\/www.btv.md\/?s={search_term_string}"},"query-input":{"@type":"PropertyValueSpecification","valueRequired":true,"valueName":"search_term_string"}}],"inLanguage":"ro-RO"},{"@type":"Person","@id":"https:\/\/www.btv.md\/#\/schema\/person\/8fadce81561b3ce2c34c46dadc4ccbf2","name":"admin"}]}},"_links":{"self":[{"href":"https:\/\/www.btv.md\/ro\/wp-json\/wp\/v2\/posts\/11475","targetHints":{"allow":["GET"]}}],"collection":[{"href":"https:\/\/www.btv.md\/ro\/wp-json\/wp\/v2\/posts"}],"about":[{"href":"https:\/\/www.btv.md\/ro\/wp-json\/wp\/v2\/types\/post"}],"author":[{"embeddable":true,"href":"https:\/\/www.btv.md\/ro\/wp-json\/wp\/v2\/users\/4"}],"replies":[{"embeddable":true,"href":"https:\/\/www.btv.md\/ro\/wp-json\/wp\/v2\/comments?post=11475"}],"version-history":[{"count":0,"href":"https:\/\/www.btv.md\/ro\/wp-json\/wp\/v2\/posts\/11475\/revisions"}],"wp:featuredmedia":[{"embeddable":true,"href":"https:\/\/www.btv.md\/ro\/wp-json\/wp\/v2\/media\/11476"}],"wp:attachment":[{"href":"https:\/\/www.btv.md\/ro\/wp-json\/wp\/v2\/media?parent=11475"}],"wp:term":[{"taxonomy":"category","embeddable":true,"href":"https:\/\/www.btv.md\/ro\/wp-json\/wp\/v2\/categories?post=11475"},{"taxonomy":"post_tag","embeddable":true,"href":"https:\/\/www.btv.md\/ro\/wp-json\/wp\/v2\/tags?post=11475"}],"curies":[{"name":"wp","href":"https:\/\/api.w.org\/{rel}","templated":true}]}}