{"id":11487,"date":"2016-04-26T15:34:43","date_gmt":"2016-04-26T12:34:43","guid":{"rendered":"http:\/\/btv.md\/?p=11487"},"modified":"2016-04-26T15:34:43","modified_gmt":"2016-04-26T12:34:43","slug":"inca-o-bomba-dezgropata-la-balti","status":"publish","type":"post","link":"https:\/\/www.btv.md\/ro\/inca-o-bomba-dezgropata-la-balti\/","title":{"rendered":"\u00ceNC\u0102  O  BOMB\u0102  DEZGROPAT\u0102  LA  B\u0102L\u021aI"},"content":{"rendered":"<p><strong>\u00cenc\u0103 o bomb\u0103 dezgropat\u0103 la B\u0103l\u021bi. De aceast\u0103 dat\u0103, un obuz din perioada celui de-al Doilea R\u0103zboi Mondial a fost depistat pe strada Babinski, \u00een solul transportat din urma s\u0103p\u0103turilor de l\u00e2ng\u0103 lacul or\u0103\u0219enesc. Informa\u021bia a fost confirmat\u0103 de c\u0103tre ofi\u021berul de pres\u0103 al Direc\u021biei Situa\u021bii Excep\u021bionale B\u0103l\u021bi, Andrei Adam. La fa\u021ba locului au intervenit geni\u0219tii.<\/strong><\/p>\n<p>\u201e<em>Pe data de 22 aprilie, la ora 19:00, la serviciul 901 a parvenit o informa\u021bie c\u0103 pe strada Babinski din municipiul B\u0103l\u021bi a fost depistat\u0103 o muni\u021bie. La fa\u021ba locului s-au deplasat angaja\u021bii Direc\u021biei Situa\u021bii Excep\u021bionale, care \u00een comun cu responsabilii de la Ministerul Ap\u0103r\u0103rii au constatat c\u0103 este vorba de o bomb\u0103 de arunc\u0103tor de 82 de milimetri, din timpul celui de-al Doilea R\u0103zboi Mondial<\/em>\u201d.<\/p>\n<p>Acum o s\u0103pt\u0103m\u00e2n\u0103, o bomb\u0103 similar\u0103 a fost descoperit\u0103 chiar l\u00e2ng\u0103 lacul or\u0103\u0219enesc, unde  construc\u021bia unei arene de fotbal este \u00een toi. \u00cen ambele cazuri, bombele au fost transportate la poligonul militar din B\u0103l\u021bi, unde au fost detonate.<\/p>\n<p>NATALIA  TOCARCIUC<br \/>\nCHIRA  BATRANAC<\/p>\n<p><iframe width=\"420\" height=\"315\" data-src=\"https:\/\/www.youtube.com\/embed\/Jbq2lXCnRbw\" frameborder=\"0\" allowfullscreen src=\"data:image\/svg+xml;base64,PHN2ZyB3aWR0aD0iMSIgaGVpZ2h0PSIxIiB4bWxucz0iaHR0cDovL3d3dy53My5vcmcvMjAwMC9zdmciPjwvc3ZnPg==\" class=\"lazyload\" data-load-mode=\"1\"><\/iframe><\/p>\n","protected":false},"excerpt":{"rendered":"<p>\u00cenc\u0103 o bomb\u0103 dezgropat\u0103 la B\u0103l\u021bi. De aceast\u0103 dat\u0103, un obuz din perioada celui de-al Doilea R\u0103zboi Mondial a fost depistat pe strada Babinski, \u00een solul transportat din urma s\u0103p\u0103turilor de l\u00e2ng\u0103 lacul or\u0103\u0219enesc. Informa\u021bia a fost confirmat\u0103 de c\u0103tre ofi\u021berul de pres\u0103 al Direc\u021biei Situa\u021bii Excep\u021bionale B\u0103l\u021bi, Andrei Adam. La fa\u021ba locului au intervenit [&hellip;]<\/p>\n","protected":false},"author":4,"featured_media":11488,"comment_status":"closed","ping_status":"closed","sticky":false,"template":"","format":"standard","meta":{"footnotes":""},"categories":[6353],"tags":[],"class_list":["post-11487","post","type-post","status-publish","format-standard","has-post-thumbnail","hentry","category-oras"],"yoast_head":"<!-- This site is optimized with the Yoast SEO plugin v27.4 - https:\/\/yoast.com\/product\/yoast-seo-wordpress\/ -->\n<title>\u00ceNC\u0102 O BOMB\u0102 DEZGROPAT\u0102 LA B\u0102L\u021aI - BTV<\/title>\n<meta name=\"robots\" content=\"index, follow, max-snippet:-1, max-image-preview:large, max-video-preview:-1\" \/>\n<link rel=\"canonical\" href=\"https:\/\/www.btv.md\/ro\/inca-o-bomba-dezgropata-la-balti\/\" \/>\n<meta property=\"og:locale\" content=\"ro_RO\" \/>\n<meta property=\"og:type\" content=\"article\" \/>\n<meta property=\"og:title\" content=\"\u00ceNC\u0102 O BOMB\u0102 DEZGROPAT\u0102 LA B\u0102L\u021aI - BTV\" \/>\n<meta property=\"og:description\" content=\"\u00cenc\u0103 o bomb\u0103 dezgropat\u0103 la B\u0103l\u021bi. De aceast\u0103 dat\u0103, un obuz din perioada celui de-al Doilea R\u0103zboi Mondial a fost depistat pe strada Babinski, \u00een solul transportat din urma s\u0103p\u0103turilor de l\u00e2ng\u0103 lacul or\u0103\u0219enesc. Informa\u021bia a fost confirmat\u0103 de c\u0103tre ofi\u021berul de pres\u0103 al Direc\u021biei Situa\u021bii Excep\u021bionale B\u0103l\u021bi, Andrei Adam. La fa\u021ba locului au intervenit [&hellip;]\" \/>\n<meta property=\"og:url\" content=\"https:\/\/www.btv.md\/ro\/inca-o-bomba-dezgropata-la-balti\/\" \/>\n<meta property=\"og:site_name\" content=\"BTV\" \/>\n<meta property=\"article:publisher\" content=\"https:\/\/www.facebook.com\/btvmoldova\/\" \/>\n<meta property=\"article:published_time\" content=\"2016-04-26T12:34:43+00:00\" \/>\n<meta property=\"og:image\" content=\"https:\/\/www.btv.md\/wp-content\/uploads\/2016\/04\/bomba2.png\" \/>\n\t<meta property=\"og:image:width\" content=\"1023\" \/>\n\t<meta property=\"og:image:height\" content=\"575\" \/>\n\t<meta property=\"og:image:type\" content=\"image\/png\" \/>\n<meta name=\"author\" content=\"admin\" \/>\n<meta name=\"twitter:label1\" content=\"Scris de\" \/>\n\t<meta name=\"twitter:data1\" content=\"admin\" \/>\n\t<meta name=\"twitter:label2\" content=\"Timp estimat pentru citire\" \/>\n\t<meta name=\"twitter:data2\" content=\"1 minut\" \/>\n<script type=\"application\/ld+json\" class=\"yoast-schema-graph\">{\"@context\":\"https:\\\/\\\/schema.org\",\"@graph\":[{\"@type\":\"Article\",\"@id\":\"https:\\\/\\\/www.btv.md\\\/ro\\\/inca-o-bomba-dezgropata-la-balti\\\/#article\",\"isPartOf\":{\"@id\":\"https:\\\/\\\/www.btv.md\\\/ro\\\/inca-o-bomba-dezgropata-la-balti\\\/\"},\"author\":{\"name\":\"admin\",\"@id\":\"https:\\\/\\\/www.btv.md\\\/#\\\/schema\\\/person\\\/8fadce81561b3ce2c34c46dadc4ccbf2\"},\"headline\":\"\u00ceNC\u0102 O BOMB\u0102 DEZGROPAT\u0102 LA B\u0102L\u021aI\",\"datePublished\":\"2016-04-26T12:34:43+00:00\",\"mainEntityOfPage\":{\"@id\":\"https:\\\/\\\/www.btv.md\\\/ro\\\/inca-o-bomba-dezgropata-la-balti\\\/\"},\"wordCount\":206,\"image\":{\"@id\":\"https:\\\/\\\/www.btv.md\\\/ro\\\/inca-o-bomba-dezgropata-la-balti\\\/#primaryimage\"},\"thumbnailUrl\":\"https:\\\/\\\/www.btv.md\\\/wp-content\\\/uploads\\\/2016\\\/04\\\/bomba2.png\",\"articleSection\":[\"Ora\u0219\"],\"inLanguage\":\"ro-RO\"},{\"@type\":\"WebPage\",\"@id\":\"https:\\\/\\\/www.btv.md\\\/ro\\\/inca-o-bomba-dezgropata-la-balti\\\/\",\"url\":\"https:\\\/\\\/www.btv.md\\\/ro\\\/inca-o-bomba-dezgropata-la-balti\\\/\",\"name\":\"\u00ceNC\u0102 O BOMB\u0102 DEZGROPAT\u0102 LA B\u0102L\u021aI - BTV\",\"isPartOf\":{\"@id\":\"https:\\\/\\\/www.btv.md\\\/#website\"},\"primaryImageOfPage\":{\"@id\":\"https:\\\/\\\/www.btv.md\\\/ro\\\/inca-o-bomba-dezgropata-la-balti\\\/#primaryimage\"},\"image\":{\"@id\":\"https:\\\/\\\/www.btv.md\\\/ro\\\/inca-o-bomba-dezgropata-la-balti\\\/#primaryimage\"},\"thumbnailUrl\":\"https:\\\/\\\/www.btv.md\\\/wp-content\\\/uploads\\\/2016\\\/04\\\/bomba2.png\",\"datePublished\":\"2016-04-26T12:34:43+00:00\",\"author\":{\"@id\":\"https:\\\/\\\/www.btv.md\\\/#\\\/schema\\\/person\\\/8fadce81561b3ce2c34c46dadc4ccbf2\"},\"inLanguage\":\"ro-RO\",\"potentialAction\":[{\"@type\":\"ReadAction\",\"target\":[\"https:\\\/\\\/www.btv.md\\\/ro\\\/inca-o-bomba-dezgropata-la-balti\\\/\"]}]},{\"@type\":\"ImageObject\",\"inLanguage\":\"ro-RO\",\"@id\":\"https:\\\/\\\/www.btv.md\\\/ro\\\/inca-o-bomba-dezgropata-la-balti\\\/#primaryimage\",\"url\":\"https:\\\/\\\/www.btv.md\\\/wp-content\\\/uploads\\\/2016\\\/04\\\/bomba2.png\",\"contentUrl\":\"https:\\\/\\\/www.btv.md\\\/wp-content\\\/uploads\\\/2016\\\/04\\\/bomba2.png\",\"width\":1023,\"height\":575},{\"@type\":\"WebSite\",\"@id\":\"https:\\\/\\\/www.btv.md\\\/#website\",\"url\":\"https:\\\/\\\/www.btv.md\\\/\",\"name\":\"BTV\",\"description\":\"\u0411\u0435\u043b\u044c\u0446\u043a\u043e\u0435 \u0442\u0435\u043b\u0435\u0432\u0438\u0434\u0435\u043d\u0438\u0435\",\"potentialAction\":[{\"@type\":\"SearchAction\",\"target\":{\"@type\":\"EntryPoint\",\"urlTemplate\":\"https:\\\/\\\/www.btv.md\\\/?s={search_term_string}\"},\"query-input\":{\"@type\":\"PropertyValueSpecification\",\"valueRequired\":true,\"valueName\":\"search_term_string\"}}],\"inLanguage\":\"ro-RO\"},{\"@type\":\"Person\",\"@id\":\"https:\\\/\\\/www.btv.md\\\/#\\\/schema\\\/person\\\/8fadce81561b3ce2c34c46dadc4ccbf2\",\"name\":\"admin\"}]}<\/script>\n<!-- \/ Yoast SEO plugin. -->","yoast_head_json":{"title":"\u00ceNC\u0102 O BOMB\u0102 DEZGROPAT\u0102 LA B\u0102L\u021aI - BTV","robots":{"index":"index","follow":"follow","max-snippet":"max-snippet:-1","max-image-preview":"max-image-preview:large","max-video-preview":"max-video-preview:-1"},"canonical":"https:\/\/www.btv.md\/ro\/inca-o-bomba-dezgropata-la-balti\/","og_locale":"ro_RO","og_type":"article","og_title":"\u00ceNC\u0102 O BOMB\u0102 DEZGROPAT\u0102 LA B\u0102L\u021aI - BTV","og_description":"\u00cenc\u0103 o bomb\u0103 dezgropat\u0103 la B\u0103l\u021bi. De aceast\u0103 dat\u0103, un obuz din perioada celui de-al Doilea R\u0103zboi Mondial a fost depistat pe strada Babinski, \u00een solul transportat din urma s\u0103p\u0103turilor de l\u00e2ng\u0103 lacul or\u0103\u0219enesc. Informa\u021bia a fost confirmat\u0103 de c\u0103tre ofi\u021berul de pres\u0103 al Direc\u021biei Situa\u021bii Excep\u021bionale B\u0103l\u021bi, Andrei Adam. La fa\u021ba locului au intervenit [&hellip;]","og_url":"https:\/\/www.btv.md\/ro\/inca-o-bomba-dezgropata-la-balti\/","og_site_name":"BTV","article_publisher":"https:\/\/www.facebook.com\/btvmoldova\/","article_published_time":"2016-04-26T12:34:43+00:00","og_image":[{"width":1023,"height":575,"url":"https:\/\/www.btv.md\/wp-content\/uploads\/2016\/04\/bomba2.png","type":"image\/png"}],"author":"admin","twitter_misc":{"Scris de":"admin","Timp estimat pentru citire":"1 minut"},"schema":{"@context":"https:\/\/schema.org","@graph":[{"@type":"Article","@id":"https:\/\/www.btv.md\/ro\/inca-o-bomba-dezgropata-la-balti\/#article","isPartOf":{"@id":"https:\/\/www.btv.md\/ro\/inca-o-bomba-dezgropata-la-balti\/"},"author":{"name":"admin","@id":"https:\/\/www.btv.md\/#\/schema\/person\/8fadce81561b3ce2c34c46dadc4ccbf2"},"headline":"\u00ceNC\u0102 O BOMB\u0102 DEZGROPAT\u0102 LA B\u0102L\u021aI","datePublished":"2016-04-26T12:34:43+00:00","mainEntityOfPage":{"@id":"https:\/\/www.btv.md\/ro\/inca-o-bomba-dezgropata-la-balti\/"},"wordCount":206,"image":{"@id":"https:\/\/www.btv.md\/ro\/inca-o-bomba-dezgropata-la-balti\/#primaryimage"},"thumbnailUrl":"https:\/\/www.btv.md\/wp-content\/uploads\/2016\/04\/bomba2.png","articleSection":["Ora\u0219"],"inLanguage":"ro-RO"},{"@type":"WebPage","@id":"https:\/\/www.btv.md\/ro\/inca-o-bomba-dezgropata-la-balti\/","url":"https:\/\/www.btv.md\/ro\/inca-o-bomba-dezgropata-la-balti\/","name":"\u00ceNC\u0102 O BOMB\u0102 DEZGROPAT\u0102 LA B\u0102L\u021aI - BTV","isPartOf":{"@id":"https:\/\/www.btv.md\/#website"},"primaryImageOfPage":{"@id":"https:\/\/www.btv.md\/ro\/inca-o-bomba-dezgropata-la-balti\/#primaryimage"},"image":{"@id":"https:\/\/www.btv.md\/ro\/inca-o-bomba-dezgropata-la-balti\/#primaryimage"},"thumbnailUrl":"https:\/\/www.btv.md\/wp-content\/uploads\/2016\/04\/bomba2.png","datePublished":"2016-04-26T12:34:43+00:00","author":{"@id":"https:\/\/www.btv.md\/#\/schema\/person\/8fadce81561b3ce2c34c46dadc4ccbf2"},"inLanguage":"ro-RO","potentialAction":[{"@type":"ReadAction","target":["https:\/\/www.btv.md\/ro\/inca-o-bomba-dezgropata-la-balti\/"]}]},{"@type":"ImageObject","inLanguage":"ro-RO","@id":"https:\/\/www.btv.md\/ro\/inca-o-bomba-dezgropata-la-balti\/#primaryimage","url":"https:\/\/www.btv.md\/wp-content\/uploads\/2016\/04\/bomba2.png","contentUrl":"https:\/\/www.btv.md\/wp-content\/uploads\/2016\/04\/bomba2.png","width":1023,"height":575},{"@type":"WebSite","@id":"https:\/\/www.btv.md\/#website","url":"https:\/\/www.btv.md\/","name":"BTV","description":"\u0411\u0435\u043b\u044c\u0446\u043a\u043e\u0435 \u0442\u0435\u043b\u0435\u0432\u0438\u0434\u0435\u043d\u0438\u0435","potentialAction":[{"@type":"SearchAction","target":{"@type":"EntryPoint","urlTemplate":"https:\/\/www.btv.md\/?s={search_term_string}"},"query-input":{"@type":"PropertyValueSpecification","valueRequired":true,"valueName":"search_term_string"}}],"inLanguage":"ro-RO"},{"@type":"Person","@id":"https:\/\/www.btv.md\/#\/schema\/person\/8fadce81561b3ce2c34c46dadc4ccbf2","name":"admin"}]}},"_links":{"self":[{"href":"https:\/\/www.btv.md\/ro\/wp-json\/wp\/v2\/posts\/11487","targetHints":{"allow":["GET"]}}],"collection":[{"href":"https:\/\/www.btv.md\/ro\/wp-json\/wp\/v2\/posts"}],"about":[{"href":"https:\/\/www.btv.md\/ro\/wp-json\/wp\/v2\/types\/post"}],"author":[{"embeddable":true,"href":"https:\/\/www.btv.md\/ro\/wp-json\/wp\/v2\/users\/4"}],"replies":[{"embeddable":true,"href":"https:\/\/www.btv.md\/ro\/wp-json\/wp\/v2\/comments?post=11487"}],"version-history":[{"count":0,"href":"https:\/\/www.btv.md\/ro\/wp-json\/wp\/v2\/posts\/11487\/revisions"}],"wp:featuredmedia":[{"embeddable":true,"href":"https:\/\/www.btv.md\/ro\/wp-json\/wp\/v2\/media\/11488"}],"wp:attachment":[{"href":"https:\/\/www.btv.md\/ro\/wp-json\/wp\/v2\/media?parent=11487"}],"wp:term":[{"taxonomy":"category","embeddable":true,"href":"https:\/\/www.btv.md\/ro\/wp-json\/wp\/v2\/categories?post=11487"},{"taxonomy":"post_tag","embeddable":true,"href":"https:\/\/www.btv.md\/ro\/wp-json\/wp\/v2\/tags?post=11487"}],"curies":[{"name":"wp","href":"https:\/\/api.w.org\/{rel}","templated":true}]}}