{"id":115073,"date":"2021-02-18T16:41:55","date_gmt":"2021-02-18T14:41:55","guid":{"rendered":"http:\/\/www.btv.md\/?p=115073"},"modified":"2021-02-18T16:41:55","modified_gmt":"2021-02-18T14:41:55","slug":"balti-pe-traseele-pe-care-vor-circula-troleibuzele-cu-propulsie-autonoma-vor-fi-instalate-statii-de-asteptare","status":"publish","type":"post","link":"https:\/\/www.btv.md\/ro\/balti-pe-traseele-pe-care-vor-circula-troleibuzele-cu-propulsie-autonoma-vor-fi-instalate-statii-de-asteptare\/","title":{"rendered":"B\u0103l\u021bi: Pe traseele pe care vor circula troleibuzele cu propulsie autonom\u0103 vor fi instalate sta\u021bii de a\u0219teptare"},"content":{"rendered":"<p><strong>De-a lungul traseelor, pe care vor circula troleibuzele cu propulsie autonom\u0103, vor fi instalate sta\u021bii de a\u0219teptare. Potrivit lui Victor Caliujn\u00eei, inginer-\u0219ef al Direc\u021biei de Troleibuze, cele 11 unit\u0103\u021bi de transport vor circula pe trei rute noi. Patru sta\u021bii vor fi amplasate \u00een sectorul Dacia de-a lungul str\u0103zilor Lesecico \u0219i Conev. Restul &#8211; de-a lungul str\u0103zilor\u00a0 31 august \u0219i Nicolae Iorga.<\/strong><\/p>\n<p>\u201eDac\u0103 \u00een viitor va avea loc o extindere a rutelor transportului electric, atunci aceste vehicule se vor \u00eencadra \u00een volume\u201d, a declarat primarul Renato Usat\u00eei pe 9 februarie, c\u00e2nd primele dou\u0103 troleibuze au ajuns la B\u0103l\u021bi.<\/p>\n<p>Victor Caliujn\u00eei a spus c\u0103 acum noile troleibuze sunt testate. De asemena la moment se determin\u0103 orarele, rutele \u0219i loca\u021biile exacte ale sta\u021biilor de a\u0219teptare.<\/p>\n<p>\u00cen acest an, parcul de troleibuze va fi completat cu 11 troleibuze noi, cu propulsie autonom\u0103. Acestea vor fi livrate la B\u0103l\u021bi pe etape &#8211; dou\u0103 \u00een fiecare s\u0103pt\u0103m\u00e2n\u0103. Ultimul troleibuz ar urm\u0103 s\u0103 ajung\u0103 p\u00e2n\u0103 pe 15 martie. Noile troleibuze cuprind o serie de avantaje: spa\u021biul salonului, care este conceput pentru 32 de persoane, prezen\u021ba aparatelor de aer condi\u021bionat, a panourilor electronice invormative \u0219i chiar un sistem de supraveghere video. Mai mult, noul transport electric este adaptat conform necesit\u0103\u021bilor persoanelor cu dizabilit\u0103\u021bi.<\/p>\n<p><a href=\"http:\/\/iframe%20src=https:\/\/www.facebook.com\/plugins\/video.php?height=314&amp;href=https%3A%2F%2Fwww.facebook.com%2Fbtvmoldova%2Fvideos%2F200523488526508%2F&amp;show_text=false&amp;width=560%20width=560%20height=314%20style=border:none;overflow:hidden%20scrolling=no%20frameborder=0%20allowfullscreen=true%20allow=autoplay;%20clipboard-write;%20encrypted-media;%20picture-in-picture;%20web-share%20allowFullScreen=true\/iframe\">http:\/\/<iframe style=\"border: none; overflow: hidden;\" data-src=\"https:\/\/www.facebook.com\/plugins\/video.php?height=314&amp;href=https%3A%2F%2Fwww.facebook.com%2Fbtvmoldova%2Fvideos%2F200523488526508%2F&amp;show_text=false&amp;width=560\" width=\"560\" height=\"314\" frameborder=\"0\" scrolling=\"no\" allowfullscreen=\"allowfullscreen\" src=\"data:image\/svg+xml;base64,PHN2ZyB3aWR0aD0iMSIgaGVpZ2h0PSIxIiB4bWxucz0iaHR0cDovL3d3dy53My5vcmcvMjAwMC9zdmciPjwvc3ZnPg==\" class=\"lazyload\" data-load-mode=\"1\"><\/iframe><\/a><\/p>\n<p>&nbsp;<\/p>\n","protected":false},"excerpt":{"rendered":"<p>De-a lungul traseelor, pe care vor circula troleibuzele cu propulsie autonom\u0103, vor fi instalate sta\u021bii de a\u0219teptare. Potrivit lui Victor Caliujn\u00eei, inginer-\u0219ef al Direc\u021biei de Troleibuze, cele 11 unit\u0103\u021bi de transport vor circula pe trei rute noi. Patru sta\u021bii vor fi amplasate \u00een sectorul Dacia de-a lungul str\u0103zilor Lesecico \u0219i Conev. Restul &#8211; de-a lungul [&hellip;]<\/p>\n","protected":false},"author":4,"featured_media":115038,"comment_status":"closed","ping_status":"closed","sticky":false,"template":"","format":"standard","meta":{"footnotes":""},"categories":[6353,6377],"tags":[21852],"class_list":["post-115073","post","type-post","status-publish","format-standard","has-post-thumbnail","hentry","category-oras","category-stiri","tag-balti-pe-traseele-pe-care-vor-circula-troleibuzele-cu-propulsie-autonoma-vor-fi-instalate-statii-de-asteptare"],"yoast_head":"<!-- This site is optimized with the Yoast SEO plugin v27.4 - https:\/\/yoast.com\/product\/yoast-seo-wordpress\/ -->\n<title>B\u0103l\u021bi: Pe traseele pe care vor circula troleibuzele cu propulsie autonom\u0103 vor fi instalate sta\u021bii de a\u0219teptare - BTV<\/title>\n<meta name=\"robots\" content=\"index, follow, max-snippet:-1, max-image-preview:large, max-video-preview:-1\" \/>\n<link rel=\"canonical\" href=\"https:\/\/www.btv.md\/ro\/balti-pe-traseele-pe-care-vor-circula-troleibuzele-cu-propulsie-autonoma-vor-fi-instalate-statii-de-asteptare\/\" \/>\n<meta property=\"og:locale\" content=\"ro_RO\" \/>\n<meta property=\"og:type\" content=\"article\" \/>\n<meta property=\"og:title\" content=\"B\u0103l\u021bi: Pe traseele pe care vor circula troleibuzele cu propulsie autonom\u0103 vor fi instalate sta\u021bii de a\u0219teptare - BTV\" \/>\n<meta property=\"og:description\" content=\"De-a lungul traseelor, pe care vor circula troleibuzele cu propulsie autonom\u0103, vor fi instalate sta\u021bii de a\u0219teptare. Potrivit lui Victor Caliujn\u00eei, inginer-\u0219ef al Direc\u021biei de Troleibuze, cele 11 unit\u0103\u021bi de transport vor circula pe trei rute noi. Patru sta\u021bii vor fi amplasate \u00een sectorul Dacia de-a lungul str\u0103zilor Lesecico \u0219i Conev. Restul &#8211; de-a lungul [&hellip;]\" \/>\n<meta property=\"og:url\" content=\"https:\/\/www.btv.md\/ro\/balti-pe-traseele-pe-care-vor-circula-troleibuzele-cu-propulsie-autonoma-vor-fi-instalate-statii-de-asteptare\/\" \/>\n<meta property=\"og:site_name\" content=\"BTV\" \/>\n<meta property=\"article:publisher\" content=\"https:\/\/www.facebook.com\/btvmoldova\/\" \/>\n<meta property=\"article:published_time\" content=\"2021-02-18T14:41:55+00:00\" \/>\n<meta property=\"og:image\" content=\"https:\/\/www.btv.md\/wp-content\/uploads\/2021\/02\/ost-scaled.jpg\" \/>\n\t<meta property=\"og:image:width\" content=\"2560\" \/>\n\t<meta property=\"og:image:height\" content=\"1436\" \/>\n\t<meta property=\"og:image:type\" content=\"image\/jpeg\" \/>\n<meta name=\"author\" content=\"admin\" \/>\n<meta name=\"twitter:label1\" content=\"Scris de\" \/>\n\t<meta name=\"twitter:data1\" content=\"admin\" \/>\n\t<meta name=\"twitter:label2\" content=\"Timp estimat pentru citire\" \/>\n\t<meta name=\"twitter:data2\" content=\"1 minut\" \/>\n<script type=\"application\/ld+json\" class=\"yoast-schema-graph\">{\"@context\":\"https:\\\/\\\/schema.org\",\"@graph\":[{\"@type\":\"Article\",\"@id\":\"https:\\\/\\\/www.btv.md\\\/ro\\\/balti-pe-traseele-pe-care-vor-circula-troleibuzele-cu-propulsie-autonoma-vor-fi-instalate-statii-de-asteptare\\\/#article\",\"isPartOf\":{\"@id\":\"https:\\\/\\\/www.btv.md\\\/ro\\\/balti-pe-traseele-pe-care-vor-circula-troleibuzele-cu-propulsie-autonoma-vor-fi-instalate-statii-de-asteptare\\\/\"},\"author\":{\"name\":\"admin\",\"@id\":\"https:\\\/\\\/www.btv.md\\\/#\\\/schema\\\/person\\\/8fadce81561b3ce2c34c46dadc4ccbf2\"},\"headline\":\"B\u0103l\u021bi: Pe traseele pe care vor circula troleibuzele cu propulsie autonom\u0103 vor fi instalate sta\u021bii de a\u0219teptare\",\"datePublished\":\"2021-02-18T14:41:55+00:00\",\"mainEntityOfPage\":{\"@id\":\"https:\\\/\\\/www.btv.md\\\/ro\\\/balti-pe-traseele-pe-care-vor-circula-troleibuzele-cu-propulsie-autonoma-vor-fi-instalate-statii-de-asteptare\\\/\"},\"wordCount\":250,\"image\":{\"@id\":\"https:\\\/\\\/www.btv.md\\\/ro\\\/balti-pe-traseele-pe-care-vor-circula-troleibuzele-cu-propulsie-autonoma-vor-fi-instalate-statii-de-asteptare\\\/#primaryimage\"},\"thumbnailUrl\":\"https:\\\/\\\/www.btv.md\\\/wp-content\\\/uploads\\\/2021\\\/02\\\/ost-scaled.jpg\",\"keywords\":[\"B\u0103l\u021bi: Pe traseele pe care vor circula troleibuzele cu propulsie autonom\u0103 vor fi instalate sta\u021bii de a\u0219teptare\"],\"articleSection\":[\"Ora\u0219\",\"\u0218tiri\"],\"inLanguage\":\"ro-RO\"},{\"@type\":\"WebPage\",\"@id\":\"https:\\\/\\\/www.btv.md\\\/ro\\\/balti-pe-traseele-pe-care-vor-circula-troleibuzele-cu-propulsie-autonoma-vor-fi-instalate-statii-de-asteptare\\\/\",\"url\":\"https:\\\/\\\/www.btv.md\\\/ro\\\/balti-pe-traseele-pe-care-vor-circula-troleibuzele-cu-propulsie-autonoma-vor-fi-instalate-statii-de-asteptare\\\/\",\"name\":\"B\u0103l\u021bi: Pe traseele pe care vor circula troleibuzele cu propulsie autonom\u0103 vor fi instalate sta\u021bii de a\u0219teptare - BTV\",\"isPartOf\":{\"@id\":\"https:\\\/\\\/www.btv.md\\\/#website\"},\"primaryImageOfPage\":{\"@id\":\"https:\\\/\\\/www.btv.md\\\/ro\\\/balti-pe-traseele-pe-care-vor-circula-troleibuzele-cu-propulsie-autonoma-vor-fi-instalate-statii-de-asteptare\\\/#primaryimage\"},\"image\":{\"@id\":\"https:\\\/\\\/www.btv.md\\\/ro\\\/balti-pe-traseele-pe-care-vor-circula-troleibuzele-cu-propulsie-autonoma-vor-fi-instalate-statii-de-asteptare\\\/#primaryimage\"},\"thumbnailUrl\":\"https:\\\/\\\/www.btv.md\\\/wp-content\\\/uploads\\\/2021\\\/02\\\/ost-scaled.jpg\",\"datePublished\":\"2021-02-18T14:41:55+00:00\",\"author\":{\"@id\":\"https:\\\/\\\/www.btv.md\\\/#\\\/schema\\\/person\\\/8fadce81561b3ce2c34c46dadc4ccbf2\"},\"inLanguage\":\"ro-RO\",\"potentialAction\":[{\"@type\":\"ReadAction\",\"target\":[\"https:\\\/\\\/www.btv.md\\\/ro\\\/balti-pe-traseele-pe-care-vor-circula-troleibuzele-cu-propulsie-autonoma-vor-fi-instalate-statii-de-asteptare\\\/\"]}]},{\"@type\":\"ImageObject\",\"inLanguage\":\"ro-RO\",\"@id\":\"https:\\\/\\\/www.btv.md\\\/ro\\\/balti-pe-traseele-pe-care-vor-circula-troleibuzele-cu-propulsie-autonoma-vor-fi-instalate-statii-de-asteptare\\\/#primaryimage\",\"url\":\"https:\\\/\\\/www.btv.md\\\/wp-content\\\/uploads\\\/2021\\\/02\\\/ost-scaled.jpg\",\"contentUrl\":\"https:\\\/\\\/www.btv.md\\\/wp-content\\\/uploads\\\/2021\\\/02\\\/ost-scaled.jpg\",\"width\":2560,\"height\":1436},{\"@type\":\"WebSite\",\"@id\":\"https:\\\/\\\/www.btv.md\\\/#website\",\"url\":\"https:\\\/\\\/www.btv.md\\\/\",\"name\":\"BTV\",\"description\":\"\u0411\u0435\u043b\u044c\u0446\u043a\u043e\u0435 \u0442\u0435\u043b\u0435\u0432\u0438\u0434\u0435\u043d\u0438\u0435\",\"potentialAction\":[{\"@type\":\"SearchAction\",\"target\":{\"@type\":\"EntryPoint\",\"urlTemplate\":\"https:\\\/\\\/www.btv.md\\\/?s={search_term_string}\"},\"query-input\":{\"@type\":\"PropertyValueSpecification\",\"valueRequired\":true,\"valueName\":\"search_term_string\"}}],\"inLanguage\":\"ro-RO\"},{\"@type\":\"Person\",\"@id\":\"https:\\\/\\\/www.btv.md\\\/#\\\/schema\\\/person\\\/8fadce81561b3ce2c34c46dadc4ccbf2\",\"name\":\"admin\"}]}<\/script>\n<!-- \/ Yoast SEO plugin. -->","yoast_head_json":{"title":"B\u0103l\u021bi: Pe traseele pe care vor circula troleibuzele cu propulsie autonom\u0103 vor fi instalate sta\u021bii de a\u0219teptare - BTV","robots":{"index":"index","follow":"follow","max-snippet":"max-snippet:-1","max-image-preview":"max-image-preview:large","max-video-preview":"max-video-preview:-1"},"canonical":"https:\/\/www.btv.md\/ro\/balti-pe-traseele-pe-care-vor-circula-troleibuzele-cu-propulsie-autonoma-vor-fi-instalate-statii-de-asteptare\/","og_locale":"ro_RO","og_type":"article","og_title":"B\u0103l\u021bi: Pe traseele pe care vor circula troleibuzele cu propulsie autonom\u0103 vor fi instalate sta\u021bii de a\u0219teptare - BTV","og_description":"De-a lungul traseelor, pe care vor circula troleibuzele cu propulsie autonom\u0103, vor fi instalate sta\u021bii de a\u0219teptare. Potrivit lui Victor Caliujn\u00eei, inginer-\u0219ef al Direc\u021biei de Troleibuze, cele 11 unit\u0103\u021bi de transport vor circula pe trei rute noi. Patru sta\u021bii vor fi amplasate \u00een sectorul Dacia de-a lungul str\u0103zilor Lesecico \u0219i Conev. Restul &#8211; de-a lungul [&hellip;]","og_url":"https:\/\/www.btv.md\/ro\/balti-pe-traseele-pe-care-vor-circula-troleibuzele-cu-propulsie-autonoma-vor-fi-instalate-statii-de-asteptare\/","og_site_name":"BTV","article_publisher":"https:\/\/www.facebook.com\/btvmoldova\/","article_published_time":"2021-02-18T14:41:55+00:00","og_image":[{"width":2560,"height":1436,"url":"https:\/\/www.btv.md\/wp-content\/uploads\/2021\/02\/ost-scaled.jpg","type":"image\/jpeg"}],"author":"admin","twitter_misc":{"Scris de":"admin","Timp estimat pentru citire":"1 minut"},"schema":{"@context":"https:\/\/schema.org","@graph":[{"@type":"Article","@id":"https:\/\/www.btv.md\/ro\/balti-pe-traseele-pe-care-vor-circula-troleibuzele-cu-propulsie-autonoma-vor-fi-instalate-statii-de-asteptare\/#article","isPartOf":{"@id":"https:\/\/www.btv.md\/ro\/balti-pe-traseele-pe-care-vor-circula-troleibuzele-cu-propulsie-autonoma-vor-fi-instalate-statii-de-asteptare\/"},"author":{"name":"admin","@id":"https:\/\/www.btv.md\/#\/schema\/person\/8fadce81561b3ce2c34c46dadc4ccbf2"},"headline":"B\u0103l\u021bi: Pe traseele pe care vor circula troleibuzele cu propulsie autonom\u0103 vor fi instalate sta\u021bii de a\u0219teptare","datePublished":"2021-02-18T14:41:55+00:00","mainEntityOfPage":{"@id":"https:\/\/www.btv.md\/ro\/balti-pe-traseele-pe-care-vor-circula-troleibuzele-cu-propulsie-autonoma-vor-fi-instalate-statii-de-asteptare\/"},"wordCount":250,"image":{"@id":"https:\/\/www.btv.md\/ro\/balti-pe-traseele-pe-care-vor-circula-troleibuzele-cu-propulsie-autonoma-vor-fi-instalate-statii-de-asteptare\/#primaryimage"},"thumbnailUrl":"https:\/\/www.btv.md\/wp-content\/uploads\/2021\/02\/ost-scaled.jpg","keywords":["B\u0103l\u021bi: Pe traseele pe care vor circula troleibuzele cu propulsie autonom\u0103 vor fi instalate sta\u021bii de a\u0219teptare"],"articleSection":["Ora\u0219","\u0218tiri"],"inLanguage":"ro-RO"},{"@type":"WebPage","@id":"https:\/\/www.btv.md\/ro\/balti-pe-traseele-pe-care-vor-circula-troleibuzele-cu-propulsie-autonoma-vor-fi-instalate-statii-de-asteptare\/","url":"https:\/\/www.btv.md\/ro\/balti-pe-traseele-pe-care-vor-circula-troleibuzele-cu-propulsie-autonoma-vor-fi-instalate-statii-de-asteptare\/","name":"B\u0103l\u021bi: Pe traseele pe care vor circula troleibuzele cu propulsie autonom\u0103 vor fi instalate sta\u021bii de a\u0219teptare - BTV","isPartOf":{"@id":"https:\/\/www.btv.md\/#website"},"primaryImageOfPage":{"@id":"https:\/\/www.btv.md\/ro\/balti-pe-traseele-pe-care-vor-circula-troleibuzele-cu-propulsie-autonoma-vor-fi-instalate-statii-de-asteptare\/#primaryimage"},"image":{"@id":"https:\/\/www.btv.md\/ro\/balti-pe-traseele-pe-care-vor-circula-troleibuzele-cu-propulsie-autonoma-vor-fi-instalate-statii-de-asteptare\/#primaryimage"},"thumbnailUrl":"https:\/\/www.btv.md\/wp-content\/uploads\/2021\/02\/ost-scaled.jpg","datePublished":"2021-02-18T14:41:55+00:00","author":{"@id":"https:\/\/www.btv.md\/#\/schema\/person\/8fadce81561b3ce2c34c46dadc4ccbf2"},"inLanguage":"ro-RO","potentialAction":[{"@type":"ReadAction","target":["https:\/\/www.btv.md\/ro\/balti-pe-traseele-pe-care-vor-circula-troleibuzele-cu-propulsie-autonoma-vor-fi-instalate-statii-de-asteptare\/"]}]},{"@type":"ImageObject","inLanguage":"ro-RO","@id":"https:\/\/www.btv.md\/ro\/balti-pe-traseele-pe-care-vor-circula-troleibuzele-cu-propulsie-autonoma-vor-fi-instalate-statii-de-asteptare\/#primaryimage","url":"https:\/\/www.btv.md\/wp-content\/uploads\/2021\/02\/ost-scaled.jpg","contentUrl":"https:\/\/www.btv.md\/wp-content\/uploads\/2021\/02\/ost-scaled.jpg","width":2560,"height":1436},{"@type":"WebSite","@id":"https:\/\/www.btv.md\/#website","url":"https:\/\/www.btv.md\/","name":"BTV","description":"\u0411\u0435\u043b\u044c\u0446\u043a\u043e\u0435 \u0442\u0435\u043b\u0435\u0432\u0438\u0434\u0435\u043d\u0438\u0435","potentialAction":[{"@type":"SearchAction","target":{"@type":"EntryPoint","urlTemplate":"https:\/\/www.btv.md\/?s={search_term_string}"},"query-input":{"@type":"PropertyValueSpecification","valueRequired":true,"valueName":"search_term_string"}}],"inLanguage":"ro-RO"},{"@type":"Person","@id":"https:\/\/www.btv.md\/#\/schema\/person\/8fadce81561b3ce2c34c46dadc4ccbf2","name":"admin"}]}},"_links":{"self":[{"href":"https:\/\/www.btv.md\/ro\/wp-json\/wp\/v2\/posts\/115073","targetHints":{"allow":["GET"]}}],"collection":[{"href":"https:\/\/www.btv.md\/ro\/wp-json\/wp\/v2\/posts"}],"about":[{"href":"https:\/\/www.btv.md\/ro\/wp-json\/wp\/v2\/types\/post"}],"author":[{"embeddable":true,"href":"https:\/\/www.btv.md\/ro\/wp-json\/wp\/v2\/users\/4"}],"replies":[{"embeddable":true,"href":"https:\/\/www.btv.md\/ro\/wp-json\/wp\/v2\/comments?post=115073"}],"version-history":[{"count":0,"href":"https:\/\/www.btv.md\/ro\/wp-json\/wp\/v2\/posts\/115073\/revisions"}],"wp:featuredmedia":[{"embeddable":true,"href":"https:\/\/www.btv.md\/ro\/wp-json\/wp\/v2\/media\/115038"}],"wp:attachment":[{"href":"https:\/\/www.btv.md\/ro\/wp-json\/wp\/v2\/media?parent=115073"}],"wp:term":[{"taxonomy":"category","embeddable":true,"href":"https:\/\/www.btv.md\/ro\/wp-json\/wp\/v2\/categories?post=115073"},{"taxonomy":"post_tag","embeddable":true,"href":"https:\/\/www.btv.md\/ro\/wp-json\/wp\/v2\/tags?post=115073"}],"curies":[{"name":"wp","href":"https:\/\/api.w.org\/{rel}","templated":true}]}}