{"id":115125,"date":"2021-02-19T06:00:35","date_gmt":"2021-02-19T04:00:35","guid":{"rendered":"http:\/\/www.btv.md\/?p=115125"},"modified":"2021-02-18T19:28:00","modified_gmt":"2021-02-18T17:28:00","slug":"numarul-militarilor-nato-din-irak-va-creste-de-la-500-la-aproximativ-4-000","status":"publish","type":"post","link":"https:\/\/www.btv.md\/ro\/numarul-militarilor-nato-din-irak-va-creste-de-la-500-la-aproximativ-4-000\/","title":{"rendered":"Num\u0103rul militarilor NATO din Irak va cre\u015fte de la 500 la aproximativ 4.000"},"content":{"rendered":"<p data-index=\"1\"><strong>Mini\u015ftrii Ap\u0103r\u0103rii din statele membre NATO nu au luat nicio decizie privind viitorul prezen\u0163ei militare \u00een Afganistan, dar au stabilit extinderea misiunii de instruire din Irak, anun\u0163\u0103 secretarul general al Alian\u0163ei Nord-Atlantice, Jens Stoltenberg.<\/strong><\/p>\n<p data-index=\"2\">\u201eMini\u015ftrii Ap\u0103r\u0103rii au avut o discu\u0163ie ampl\u0103 pe tema situa\u0163iei din Afganistan. Ne confrunt\u0103m cu multe dileme \u015fi nu exist\u0103 op\u0163iuni simple. \u00cen acest moment, nu am luat o decizie final\u0103 privind viitorul prezen\u0163ei noastre, dar, pe m\u0103sur\u0103 ce se apropie termenul de 1 mai, statele NATO vor continua consult\u0103rile \u015fi coordonarea\u201d, a afirmat Jens Stoltenberg, conform stenogramei declara\u0163iilor, publicat\u0103 pe site-ul NATO, transmite <a href=\"https:\/\/www.digi24.ro\/\">digi24.ro<\/a>.<\/p>\n<p data-index=\"3\">\u201eNATO sus\u0163ine puternic procesul de pace \u015fi, \u00een cadrul acestuia, noi am redus semnificativ num\u0103rul militarilor. Procesul de pace este cea mai bun\u0103 \u015fans\u0103 de a opri ani de suferin\u0163e \u015fi violen\u0163e, de a aduce o pace durabil\u0103. (&#8230;) Dar negocierile sunt fragile \u015fi progresele sunt lente. Deci, este imperativ s\u0103 fie reenergizat procesul de pace. (&#8230;) Talibanii trebuie s\u0103 negocieze cu bun\u0103-credin\u0163\u0103, trebuie s\u0103 reduc\u0103 nivelul violen\u0163elor \u015fi s\u0103 respecte angajamentul de a opri cooperarea cu grupuri teroriste interna\u0163ionale. Obiectivul NATO este ca Afganistanul s\u0103 nu redevin\u0103 un refugiu pentru terori\u015ftii care ne-ar ataca \u0163\u0103rile\u201d, a subliniat Jens Stoltenberg.<\/p>\n<p data-index=\"4\">Statele Unite au semnat \u00een 2020 un acord de pace cu Mi\u015fcarea talibanilor afgani, dar noua Administra\u0163ie Joseph Biden a anun\u0163at c\u0103 documentul va fi reanalizat. Liderii talibani poart\u0103 negocieri de pace cu Administra\u0163ia de la Kabul, dar procesul este \u00een impas, pe fondul multiplic\u0103rii atacurilor teroriste.<\/p>\n<h2 id=\"highlight-1454384-1\">Mai mul\u021bi militari NATO \u00een Irak<\/h2>\n<p data-index=\"5\">\u201eAst\u0103zi, am decis extinderea misiunii NATO de instruire din Irak, pentru sus\u0163inerea for\u0163elor irakiene \u00een ac\u0163iunile de combatere a terorismului \u015fi de a asigura c\u0103 nu revine re\u0163eaua terorist\u0103 ISIS (Stat Islamic \u00een Irak \u015fi Siria -n.red.). Dimensiunea misiunii noastre va cre\u015fte de la 500 de membri la aproximativ 4.000. Iar activit\u0103\u0163ile de instruire vor include mai multe institu\u0163ii de securitate irakiene \u015fi alte zone \u00een afar\u0103 de Bagdad. (&#8230;) Misiunea noastr\u0103 se desf\u0103\u015foar\u0103 la solicitarea Guvernului irakian, prin respectarea \u00een totalitate a severanit\u0103\u0163ii irakiene \u015fi a integrit\u0103\u0163ii teritoriale\u201d, a subliniat secretarul general NATO.<\/p>\n<p data-index=\"5\">Sursa <a href=\"https:\/\/www.digi24.ro\/\">digi24.ro<\/a><\/p>\n","protected":false},"excerpt":{"rendered":"<p>Mini\u015ftrii Ap\u0103r\u0103rii din statele membre NATO nu au luat nicio decizie privind viitorul prezen\u0163ei militare \u00een Afganistan, dar au stabilit extinderea misiunii de instruire din Irak, anun\u0163\u0103 secretarul general al Alian\u0163ei Nord-Atlantice, Jens Stoltenberg. \u201eMini\u015ftrii Ap\u0103r\u0103rii au avut o discu\u0163ie ampl\u0103 pe tema situa\u0163iei din Afganistan. Ne confrunt\u0103m cu multe dileme \u015fi nu exist\u0103 op\u0163iuni [&hellip;]<\/p>\n","protected":false},"author":4,"featured_media":115126,"comment_status":"closed","ping_status":"closed","sticky":false,"template":"","format":"standard","meta":{"footnotes":""},"categories":[6368,6349],"tags":[21861],"class_list":["post-115125","post","type-post","status-publish","format-standard","has-post-thumbnail","hentry","category-politica-ro","category-social","tag-numarul-militarilor-nato-din-irak-va-creste-de-la-500-la-aproximativ-4-000"],"yoast_head":"<!-- This site is optimized with the Yoast SEO plugin v27.4 - https:\/\/yoast.com\/product\/yoast-seo-wordpress\/ -->\n<title>Num\u0103rul militarilor NATO din Irak va cre\u015fte de la 500 la aproximativ 4.000 - BTV<\/title>\n<meta name=\"robots\" content=\"index, follow, max-snippet:-1, max-image-preview:large, max-video-preview:-1\" \/>\n<link rel=\"canonical\" href=\"https:\/\/www.btv.md\/ro\/numarul-militarilor-nato-din-irak-va-creste-de-la-500-la-aproximativ-4-000\/\" \/>\n<meta property=\"og:locale\" content=\"ro_RO\" \/>\n<meta property=\"og:type\" content=\"article\" \/>\n<meta property=\"og:title\" content=\"Num\u0103rul militarilor NATO din Irak va cre\u015fte de la 500 la aproximativ 4.000 - BTV\" \/>\n<meta property=\"og:description\" content=\"Mini\u015ftrii Ap\u0103r\u0103rii din statele membre NATO nu au luat nicio decizie privind viitorul prezen\u0163ei militare \u00een Afganistan, dar au stabilit extinderea misiunii de instruire din Irak, anun\u0163\u0103 secretarul general al Alian\u0163ei Nord-Atlantice, Jens Stoltenberg. \u201eMini\u015ftrii Ap\u0103r\u0103rii au avut o discu\u0163ie ampl\u0103 pe tema situa\u0163iei din Afganistan. Ne confrunt\u0103m cu multe dileme \u015fi nu exist\u0103 op\u0163iuni [&hellip;]\" \/>\n<meta property=\"og:url\" content=\"https:\/\/www.btv.md\/ro\/numarul-militarilor-nato-din-irak-va-creste-de-la-500-la-aproximativ-4-000\/\" \/>\n<meta property=\"og:site_name\" content=\"BTV\" \/>\n<meta property=\"article:publisher\" content=\"https:\/\/www.facebook.com\/btvmoldova\/\" \/>\n<meta property=\"article:published_time\" content=\"2021-02-19T04:00:35+00:00\" \/>\n<meta property=\"og:image\" content=\"https:\/\/www.btv.md\/wp-content\/uploads\/2021\/02\/1-134.jpg\" \/>\n\t<meta property=\"og:image:width\" content=\"768\" \/>\n\t<meta property=\"og:image:height\" content=\"432\" \/>\n\t<meta property=\"og:image:type\" content=\"image\/jpeg\" \/>\n<meta name=\"author\" content=\"admin\" \/>\n<meta name=\"twitter:label1\" content=\"Scris de\" \/>\n\t<meta name=\"twitter:data1\" content=\"admin\" \/>\n\t<meta name=\"twitter:label2\" content=\"Timp estimat pentru citire\" \/>\n\t<meta name=\"twitter:data2\" content=\"2 minute\" \/>\n<script type=\"application\/ld+json\" class=\"yoast-schema-graph\">{\"@context\":\"https:\\\/\\\/schema.org\",\"@graph\":[{\"@type\":\"Article\",\"@id\":\"https:\\\/\\\/www.btv.md\\\/ro\\\/numarul-militarilor-nato-din-irak-va-creste-de-la-500-la-aproximativ-4-000\\\/#article\",\"isPartOf\":{\"@id\":\"https:\\\/\\\/www.btv.md\\\/ro\\\/numarul-militarilor-nato-din-irak-va-creste-de-la-500-la-aproximativ-4-000\\\/\"},\"author\":{\"name\":\"admin\",\"@id\":\"https:\\\/\\\/www.btv.md\\\/#\\\/schema\\\/person\\\/8fadce81561b3ce2c34c46dadc4ccbf2\"},\"headline\":\"Num\u0103rul militarilor NATO din Irak va cre\u015fte de la 500 la aproximativ 4.000\",\"datePublished\":\"2021-02-19T04:00:35+00:00\",\"mainEntityOfPage\":{\"@id\":\"https:\\\/\\\/www.btv.md\\\/ro\\\/numarul-militarilor-nato-din-irak-va-creste-de-la-500-la-aproximativ-4-000\\\/\"},\"wordCount\":398,\"image\":{\"@id\":\"https:\\\/\\\/www.btv.md\\\/ro\\\/numarul-militarilor-nato-din-irak-va-creste-de-la-500-la-aproximativ-4-000\\\/#primaryimage\"},\"thumbnailUrl\":\"https:\\\/\\\/www.btv.md\\\/wp-content\\\/uploads\\\/2021\\\/02\\\/1-134.jpg\",\"keywords\":[\"Num\u0103rul militarilor NATO din Irak va cre\u015fte de la 500 la aproximativ 4.000\"],\"articleSection\":[\"Politic\u0103\",\"Social\"],\"inLanguage\":\"ro-RO\"},{\"@type\":\"WebPage\",\"@id\":\"https:\\\/\\\/www.btv.md\\\/ro\\\/numarul-militarilor-nato-din-irak-va-creste-de-la-500-la-aproximativ-4-000\\\/\",\"url\":\"https:\\\/\\\/www.btv.md\\\/ro\\\/numarul-militarilor-nato-din-irak-va-creste-de-la-500-la-aproximativ-4-000\\\/\",\"name\":\"Num\u0103rul militarilor NATO din Irak va cre\u015fte de la 500 la aproximativ 4.000 - BTV\",\"isPartOf\":{\"@id\":\"https:\\\/\\\/www.btv.md\\\/#website\"},\"primaryImageOfPage\":{\"@id\":\"https:\\\/\\\/www.btv.md\\\/ro\\\/numarul-militarilor-nato-din-irak-va-creste-de-la-500-la-aproximativ-4-000\\\/#primaryimage\"},\"image\":{\"@id\":\"https:\\\/\\\/www.btv.md\\\/ro\\\/numarul-militarilor-nato-din-irak-va-creste-de-la-500-la-aproximativ-4-000\\\/#primaryimage\"},\"thumbnailUrl\":\"https:\\\/\\\/www.btv.md\\\/wp-content\\\/uploads\\\/2021\\\/02\\\/1-134.jpg\",\"datePublished\":\"2021-02-19T04:00:35+00:00\",\"author\":{\"@id\":\"https:\\\/\\\/www.btv.md\\\/#\\\/schema\\\/person\\\/8fadce81561b3ce2c34c46dadc4ccbf2\"},\"inLanguage\":\"ro-RO\",\"potentialAction\":[{\"@type\":\"ReadAction\",\"target\":[\"https:\\\/\\\/www.btv.md\\\/ro\\\/numarul-militarilor-nato-din-irak-va-creste-de-la-500-la-aproximativ-4-000\\\/\"]}]},{\"@type\":\"ImageObject\",\"inLanguage\":\"ro-RO\",\"@id\":\"https:\\\/\\\/www.btv.md\\\/ro\\\/numarul-militarilor-nato-din-irak-va-creste-de-la-500-la-aproximativ-4-000\\\/#primaryimage\",\"url\":\"https:\\\/\\\/www.btv.md\\\/wp-content\\\/uploads\\\/2021\\\/02\\\/1-134.jpg\",\"contentUrl\":\"https:\\\/\\\/www.btv.md\\\/wp-content\\\/uploads\\\/2021\\\/02\\\/1-134.jpg\",\"width\":768,\"height\":432},{\"@type\":\"WebSite\",\"@id\":\"https:\\\/\\\/www.btv.md\\\/#website\",\"url\":\"https:\\\/\\\/www.btv.md\\\/\",\"name\":\"BTV\",\"description\":\"\u0411\u0435\u043b\u044c\u0446\u043a\u043e\u0435 \u0442\u0435\u043b\u0435\u0432\u0438\u0434\u0435\u043d\u0438\u0435\",\"potentialAction\":[{\"@type\":\"SearchAction\",\"target\":{\"@type\":\"EntryPoint\",\"urlTemplate\":\"https:\\\/\\\/www.btv.md\\\/?s={search_term_string}\"},\"query-input\":{\"@type\":\"PropertyValueSpecification\",\"valueRequired\":true,\"valueName\":\"search_term_string\"}}],\"inLanguage\":\"ro-RO\"},{\"@type\":\"Person\",\"@id\":\"https:\\\/\\\/www.btv.md\\\/#\\\/schema\\\/person\\\/8fadce81561b3ce2c34c46dadc4ccbf2\",\"name\":\"admin\"}]}<\/script>\n<!-- \/ Yoast SEO plugin. -->","yoast_head_json":{"title":"Num\u0103rul militarilor NATO din Irak va cre\u015fte de la 500 la aproximativ 4.000 - BTV","robots":{"index":"index","follow":"follow","max-snippet":"max-snippet:-1","max-image-preview":"max-image-preview:large","max-video-preview":"max-video-preview:-1"},"canonical":"https:\/\/www.btv.md\/ro\/numarul-militarilor-nato-din-irak-va-creste-de-la-500-la-aproximativ-4-000\/","og_locale":"ro_RO","og_type":"article","og_title":"Num\u0103rul militarilor NATO din Irak va cre\u015fte de la 500 la aproximativ 4.000 - BTV","og_description":"Mini\u015ftrii Ap\u0103r\u0103rii din statele membre NATO nu au luat nicio decizie privind viitorul prezen\u0163ei militare \u00een Afganistan, dar au stabilit extinderea misiunii de instruire din Irak, anun\u0163\u0103 secretarul general al Alian\u0163ei Nord-Atlantice, Jens Stoltenberg. \u201eMini\u015ftrii Ap\u0103r\u0103rii au avut o discu\u0163ie ampl\u0103 pe tema situa\u0163iei din Afganistan. Ne confrunt\u0103m cu multe dileme \u015fi nu exist\u0103 op\u0163iuni [&hellip;]","og_url":"https:\/\/www.btv.md\/ro\/numarul-militarilor-nato-din-irak-va-creste-de-la-500-la-aproximativ-4-000\/","og_site_name":"BTV","article_publisher":"https:\/\/www.facebook.com\/btvmoldova\/","article_published_time":"2021-02-19T04:00:35+00:00","og_image":[{"width":768,"height":432,"url":"https:\/\/www.btv.md\/wp-content\/uploads\/2021\/02\/1-134.jpg","type":"image\/jpeg"}],"author":"admin","twitter_misc":{"Scris de":"admin","Timp estimat pentru citire":"2 minute"},"schema":{"@context":"https:\/\/schema.org","@graph":[{"@type":"Article","@id":"https:\/\/www.btv.md\/ro\/numarul-militarilor-nato-din-irak-va-creste-de-la-500-la-aproximativ-4-000\/#article","isPartOf":{"@id":"https:\/\/www.btv.md\/ro\/numarul-militarilor-nato-din-irak-va-creste-de-la-500-la-aproximativ-4-000\/"},"author":{"name":"admin","@id":"https:\/\/www.btv.md\/#\/schema\/person\/8fadce81561b3ce2c34c46dadc4ccbf2"},"headline":"Num\u0103rul militarilor NATO din Irak va cre\u015fte de la 500 la aproximativ 4.000","datePublished":"2021-02-19T04:00:35+00:00","mainEntityOfPage":{"@id":"https:\/\/www.btv.md\/ro\/numarul-militarilor-nato-din-irak-va-creste-de-la-500-la-aproximativ-4-000\/"},"wordCount":398,"image":{"@id":"https:\/\/www.btv.md\/ro\/numarul-militarilor-nato-din-irak-va-creste-de-la-500-la-aproximativ-4-000\/#primaryimage"},"thumbnailUrl":"https:\/\/www.btv.md\/wp-content\/uploads\/2021\/02\/1-134.jpg","keywords":["Num\u0103rul militarilor NATO din Irak va cre\u015fte de la 500 la aproximativ 4.000"],"articleSection":["Politic\u0103","Social"],"inLanguage":"ro-RO"},{"@type":"WebPage","@id":"https:\/\/www.btv.md\/ro\/numarul-militarilor-nato-din-irak-va-creste-de-la-500-la-aproximativ-4-000\/","url":"https:\/\/www.btv.md\/ro\/numarul-militarilor-nato-din-irak-va-creste-de-la-500-la-aproximativ-4-000\/","name":"Num\u0103rul militarilor NATO din Irak va cre\u015fte de la 500 la aproximativ 4.000 - BTV","isPartOf":{"@id":"https:\/\/www.btv.md\/#website"},"primaryImageOfPage":{"@id":"https:\/\/www.btv.md\/ro\/numarul-militarilor-nato-din-irak-va-creste-de-la-500-la-aproximativ-4-000\/#primaryimage"},"image":{"@id":"https:\/\/www.btv.md\/ro\/numarul-militarilor-nato-din-irak-va-creste-de-la-500-la-aproximativ-4-000\/#primaryimage"},"thumbnailUrl":"https:\/\/www.btv.md\/wp-content\/uploads\/2021\/02\/1-134.jpg","datePublished":"2021-02-19T04:00:35+00:00","author":{"@id":"https:\/\/www.btv.md\/#\/schema\/person\/8fadce81561b3ce2c34c46dadc4ccbf2"},"inLanguage":"ro-RO","potentialAction":[{"@type":"ReadAction","target":["https:\/\/www.btv.md\/ro\/numarul-militarilor-nato-din-irak-va-creste-de-la-500-la-aproximativ-4-000\/"]}]},{"@type":"ImageObject","inLanguage":"ro-RO","@id":"https:\/\/www.btv.md\/ro\/numarul-militarilor-nato-din-irak-va-creste-de-la-500-la-aproximativ-4-000\/#primaryimage","url":"https:\/\/www.btv.md\/wp-content\/uploads\/2021\/02\/1-134.jpg","contentUrl":"https:\/\/www.btv.md\/wp-content\/uploads\/2021\/02\/1-134.jpg","width":768,"height":432},{"@type":"WebSite","@id":"https:\/\/www.btv.md\/#website","url":"https:\/\/www.btv.md\/","name":"BTV","description":"\u0411\u0435\u043b\u044c\u0446\u043a\u043e\u0435 \u0442\u0435\u043b\u0435\u0432\u0438\u0434\u0435\u043d\u0438\u0435","potentialAction":[{"@type":"SearchAction","target":{"@type":"EntryPoint","urlTemplate":"https:\/\/www.btv.md\/?s={search_term_string}"},"query-input":{"@type":"PropertyValueSpecification","valueRequired":true,"valueName":"search_term_string"}}],"inLanguage":"ro-RO"},{"@type":"Person","@id":"https:\/\/www.btv.md\/#\/schema\/person\/8fadce81561b3ce2c34c46dadc4ccbf2","name":"admin"}]}},"_links":{"self":[{"href":"https:\/\/www.btv.md\/ro\/wp-json\/wp\/v2\/posts\/115125","targetHints":{"allow":["GET"]}}],"collection":[{"href":"https:\/\/www.btv.md\/ro\/wp-json\/wp\/v2\/posts"}],"about":[{"href":"https:\/\/www.btv.md\/ro\/wp-json\/wp\/v2\/types\/post"}],"author":[{"embeddable":true,"href":"https:\/\/www.btv.md\/ro\/wp-json\/wp\/v2\/users\/4"}],"replies":[{"embeddable":true,"href":"https:\/\/www.btv.md\/ro\/wp-json\/wp\/v2\/comments?post=115125"}],"version-history":[{"count":0,"href":"https:\/\/www.btv.md\/ro\/wp-json\/wp\/v2\/posts\/115125\/revisions"}],"wp:featuredmedia":[{"embeddable":true,"href":"https:\/\/www.btv.md\/ro\/wp-json\/wp\/v2\/media\/115126"}],"wp:attachment":[{"href":"https:\/\/www.btv.md\/ro\/wp-json\/wp\/v2\/media?parent=115125"}],"wp:term":[{"taxonomy":"category","embeddable":true,"href":"https:\/\/www.btv.md\/ro\/wp-json\/wp\/v2\/categories?post=115125"},{"taxonomy":"post_tag","embeddable":true,"href":"https:\/\/www.btv.md\/ro\/wp-json\/wp\/v2\/tags?post=115125"}],"curies":[{"name":"wp","href":"https:\/\/api.w.org\/{rel}","templated":true}]}}