{"id":115129,"date":"2021-02-19T06:02:11","date_gmt":"2021-02-19T04:02:11","guid":{"rendered":"http:\/\/www.btv.md\/?p=115129"},"modified":"2021-02-18T19:34:18","modified_gmt":"2021-02-18T17:34:18","slug":"video-persoanele-loiale-fostului-lider-democrat-vlad-plahotniuc-o-duc-bine","status":"publish","type":"post","link":"https:\/\/www.btv.md\/ro\/video-persoanele-loiale-fostului-lider-democrat-vlad-plahotniuc-o-duc-bine\/","title":{"rendered":"(VIDEO) &#8222;Persoanele, loiale fostului lider-democrat Vlad Plahotniuc, o duc bine&#8221;"},"content":{"rendered":"<p><strong>Persoanele loiale fostului lider democrat, Vlad Plahotniuc, o duc bine \u0219i dup\u0103 plecarea acestuia din \u021bar\u0103.<\/strong><\/p>\n<p>O spune pre\u015fedintele Organiza\u021biei pentru Drepturile Omului \u201eDreptul la Dreptate\u201d, Pavel Grigorciuc, av\u00e2ndu-l \u00een vedere pe fostul procuror PCCOCS Vitalie Busuioc, care \u00een prezent activeaz\u0103 la Serviciul Fiscal de Stat, transmite\u00a0<a href=\"https:\/\/stiri.md\/\"><b>\u0218tiri.md<\/b><\/a>\u00a0cu referire la\u00a0<a href=\"https:\/\/ipn.md\/\" target=\"_blank\" rel=\"nofollow noopener noreferrer\">IPN<\/a>.<\/p>\n<p>\u201eIndiferent de faptul c\u0103 puterea s-a schimbat \u2013 de\u015fi observ\u00e2nd evenimentele din \u0163ar\u0103, tot mai pu\u0163in mi pare ca este a\u015fa \u2013 foarte mul\u0163i oameni care au ajutat grupului criminal a lui Plahotniuc s\u0103 s\u0103v\u00e2r\u015feasc\u0103 infrac\u0163iuni \u00eempotriva poporului continu\u0103 s\u0103 r\u0103m\u00e2n\u0103 nepedepsi\u0163i, iar unii dintre ei continu\u0103 s\u0103 se afle \u00een func\u0163ii\u201d, a declarat Pavel Grigorciuc \u00een cadrul unei conferin\u021be de pres\u0103\u00a0la IPN.<\/p>\n<p>Pavel Grigorciuc a men\u0163ionat c\u0103 exist\u0103 martori care pot demonstra c\u0103 Vitalie Busuioc a \u00eencercat s\u0103 influen\u0163eze judec\u0103torul de urm\u0103rire penal\u0103 \u00eentr-un dosar intentat lui Renato Usat\u00eei.<\/p>\n<p>De asemenea, exist\u0103 dovezi de fabricare a dosarului care vizeaz\u0103 organizarea tentativei de omor a lui Vlad Plahotniuc, \u00een urma c\u0103ruia un om a fost b\u0103gat la \u00eenchisoare.<\/p>\n<p>Pavel Grigorciuc a dat \u0219i exemplul unui \u00eentreprinz\u0103tor care ar fi fost amenin\u021bat de procuror cu fabricarea unui dosar penal dac\u0103 nu-\u0219i cedeaz\u0103 activele.<\/p>\n<p>Grigorciuc spune c\u0103 b\u0103rbatul a refuzat, i-ar dup\u0103 c\u00e2teva zile \u0219i-a pierdut fiul, care a fost omor\u00e2t \u00een b\u0103taie.<\/p>\n<p>Pe lista persoanelor loiale lui Plahotniuc, Pavel Grigorciuc l-a trecut \u0219i pe Adrian Popenco, care a activat la Procuratura Anticorup\u0163ie. Grigorciuc, spune c\u0103 acesta ar fi tergiversat ancheta de investiga\u0163ie a furtul miliardului, pentru a putea distruge dovezile. Adrian Popenco este acuzat c\u0103 a participat la mai multe atacuri raider, inclusiv asupra Victoriabank, ASITO \u015fi Victoria Asigur\u0103ri.<\/p>\n<p>Pentru ac\u0163iunile sale, procurorul ar fost remunerat cu posturi \u00eenalte \u015fi venituri generoase, afirm\u0103 pre\u015fedintele Organiza\u021biei pentru Drepturile Omului \u201eDreptul la Dreptate\u201d.<\/p>\n<p>Pavel Grigorciuc se \u00eentreab\u0103 cum a reu\u015fit Adrian Popenco s\u0103 se eschiveze de r\u0103spundere \u0219i a mai \u0219i r\u0103mas \u00een proprietate cu ma\u0219ini \u0219i case de lux, trecute oficial dup\u0103 rude.<\/p>\n<p>Activistul a prezentat o secven\u021b\u0103 video \u00een care lipe\u0219te pe poarta gospod\u0103riei procurorului un autocolant cu mesajul: \u201eAten\u0163ie! Sunt un corupt! Am luat! Am dat \u015fi o s\u0103 mai iau mit\u0103! Locul meu e la pu\u015fc\u0103rie\u201d.<\/p>\n<p>Pavel Grigorciuc crede c\u0103 lui Adrian Popenco trebuie s\u0103-i fie confiscate bunurile ascunse \u0219i trecute \u00een posesia statului, iar el s\u0103 fie dus la pu\u015fc\u0103rie.<\/p>\n<p>Pavel Grigorciuc a f\u0103cut apel c\u0103tre cet\u0103\u0163eni s\u0103 anun\u0163e dac\u0103 cunosc informa\u021bii despre judec\u0103tori \u015fi procurori corup\u0163i.<\/p>\n<p>\u201eSper\u0103m c\u0103 procurorii corup\u0163i vor fi demi\u015fi din func\u0163ii, trimi\u015fi la \u00eenchisoare pentru ceea ce au f\u0103cut, iar propriet\u0103\u0163ile lor vor fi confiscate de stat\u201d, a fost mesajul pre\u015fedintelui Organiza\u021biei pentru Drepturile Omului \u201eDreptul la Dreptate\u201d.<\/p>\n<p><iframe title=\"\u201eImpunitatea membrilor grupului infrac\u021bional organizat al oligarhului fugar Plahotniuc\u201d\" width=\"1170\" height=\"658\" data-src=\"https:\/\/www.youtube.com\/embed\/CJvdjryZZXs?wmode=transparent&amp;rel=0&amp;feature=oembed\" frameborder=\"0\" allow=\"accelerometer; autoplay; clipboard-write; encrypted-media; gyroscope; picture-in-picture\" allowfullscreen src=\"data:image\/svg+xml;base64,PHN2ZyB3aWR0aD0iMSIgaGVpZ2h0PSIxIiB4bWxucz0iaHR0cDovL3d3dy53My5vcmcvMjAwMC9zdmciPjwvc3ZnPg==\" class=\"lazyload\" data-load-mode=\"1\"><\/iframe><\/p>\n<p>Sursa <a href=\"https:\/\/stiri.md\/\"><b>\u0218tiri.md<\/b><\/a><\/p>\n","protected":false},"excerpt":{"rendered":"<p>Persoanele loiale fostului lider democrat, Vlad Plahotniuc, o duc bine \u0219i dup\u0103 plecarea acestuia din \u021bar\u0103. O spune pre\u015fedintele Organiza\u021biei pentru Drepturile Omului \u201eDreptul la Dreptate\u201d, Pavel Grigorciuc, av\u00e2ndu-l \u00een vedere pe fostul procuror PCCOCS Vitalie Busuioc, care \u00een prezent activeaz\u0103 la Serviciul Fiscal de Stat, transmite\u00a0\u0218tiri.md\u00a0cu referire la\u00a0IPN. \u201eIndiferent de faptul c\u0103 puterea s-a [&hellip;]<\/p>\n","protected":false},"author":4,"featured_media":115131,"comment_status":"closed","ping_status":"closed","sticky":false,"template":"","format":"standard","meta":{"footnotes":""},"categories":[6368,6377],"tags":[21862,21863,7721],"class_list":["post-115129","post","type-post","status-publish","format-standard","has-post-thumbnail","hentry","category-politica-ro","category-stiri","tag-persoanele-loiale-fostului-lider-democrat","tag-o-duc-bine","tag-vlad-plahotniuc-ro"],"yoast_head":"<!-- This site is optimized with the Yoast SEO plugin v27.4 - https:\/\/yoast.com\/product\/yoast-seo-wordpress\/ -->\n<title>(VIDEO) &quot;Persoanele, loiale fostului lider-democrat Vlad Plahotniuc, o duc bine&quot; - BTV<\/title>\n<meta name=\"robots\" content=\"index, follow, max-snippet:-1, max-image-preview:large, max-video-preview:-1\" \/>\n<link rel=\"canonical\" href=\"https:\/\/www.btv.md\/ro\/video-persoanele-loiale-fostului-lider-democrat-vlad-plahotniuc-o-duc-bine\/\" \/>\n<meta property=\"og:locale\" content=\"ro_RO\" \/>\n<meta property=\"og:type\" content=\"article\" \/>\n<meta property=\"og:title\" content=\"(VIDEO) &quot;Persoanele, loiale fostului lider-democrat Vlad Plahotniuc, o duc bine&quot; - BTV\" \/>\n<meta property=\"og:description\" content=\"Persoanele loiale fostului lider democrat, Vlad Plahotniuc, o duc bine \u0219i dup\u0103 plecarea acestuia din \u021bar\u0103. O spune pre\u015fedintele Organiza\u021biei pentru Drepturile Omului \u201eDreptul la Dreptate\u201d, Pavel Grigorciuc, av\u00e2ndu-l \u00een vedere pe fostul procuror PCCOCS Vitalie Busuioc, care \u00een prezent activeaz\u0103 la Serviciul Fiscal de Stat, transmite\u00a0\u0218tiri.md\u00a0cu referire la\u00a0IPN. \u201eIndiferent de faptul c\u0103 puterea s-a [&hellip;]\" \/>\n<meta property=\"og:url\" content=\"https:\/\/www.btv.md\/ro\/video-persoanele-loiale-fostului-lider-democrat-vlad-plahotniuc-o-duc-bine\/\" \/>\n<meta property=\"og:site_name\" content=\"BTV\" \/>\n<meta property=\"article:publisher\" content=\"https:\/\/www.facebook.com\/btvmoldova\/\" \/>\n<meta property=\"article:published_time\" content=\"2021-02-19T04:02:11+00:00\" \/>\n<meta property=\"og:image\" content=\"https:\/\/www.btv.md\/wp-content\/uploads\/2021\/02\/1-53.png\" \/>\n\t<meta property=\"og:image:width\" content=\"712\" \/>\n\t<meta property=\"og:image:height\" content=\"394\" \/>\n\t<meta property=\"og:image:type\" content=\"image\/png\" \/>\n<meta name=\"author\" content=\"admin\" \/>\n<meta name=\"twitter:label1\" content=\"Scris de\" \/>\n\t<meta name=\"twitter:data1\" content=\"admin\" \/>\n\t<meta name=\"twitter:label2\" content=\"Timp estimat pentru citire\" \/>\n\t<meta name=\"twitter:data2\" content=\"2 minute\" \/>\n<script type=\"application\/ld+json\" class=\"yoast-schema-graph\">{\"@context\":\"https:\\\/\\\/schema.org\",\"@graph\":[{\"@type\":\"Article\",\"@id\":\"https:\\\/\\\/www.btv.md\\\/ro\\\/video-persoanele-loiale-fostului-lider-democrat-vlad-plahotniuc-o-duc-bine\\\/#article\",\"isPartOf\":{\"@id\":\"https:\\\/\\\/www.btv.md\\\/ro\\\/video-persoanele-loiale-fostului-lider-democrat-vlad-plahotniuc-o-duc-bine\\\/\"},\"author\":{\"name\":\"admin\",\"@id\":\"https:\\\/\\\/www.btv.md\\\/#\\\/schema\\\/person\\\/8fadce81561b3ce2c34c46dadc4ccbf2\"},\"headline\":\"(VIDEO) &#8222;Persoanele, loiale fostului lider-democrat Vlad Plahotniuc, o duc bine&#8221;\",\"datePublished\":\"2021-02-19T04:02:11+00:00\",\"mainEntityOfPage\":{\"@id\":\"https:\\\/\\\/www.btv.md\\\/ro\\\/video-persoanele-loiale-fostului-lider-democrat-vlad-plahotniuc-o-duc-bine\\\/\"},\"wordCount\":526,\"image\":{\"@id\":\"https:\\\/\\\/www.btv.md\\\/ro\\\/video-persoanele-loiale-fostului-lider-democrat-vlad-plahotniuc-o-duc-bine\\\/#primaryimage\"},\"thumbnailUrl\":\"https:\\\/\\\/www.btv.md\\\/wp-content\\\/uploads\\\/2021\\\/02\\\/1-53.png\",\"keywords\":[\"\\\"Persoanele loiale fostului lider democrat\",\"o duc bine\\\"\",\"Vlad Plahotniuc\"],\"articleSection\":[\"Politic\u0103\",\"\u0218tiri\"],\"inLanguage\":\"ro-RO\"},{\"@type\":\"WebPage\",\"@id\":\"https:\\\/\\\/www.btv.md\\\/ro\\\/video-persoanele-loiale-fostului-lider-democrat-vlad-plahotniuc-o-duc-bine\\\/\",\"url\":\"https:\\\/\\\/www.btv.md\\\/ro\\\/video-persoanele-loiale-fostului-lider-democrat-vlad-plahotniuc-o-duc-bine\\\/\",\"name\":\"(VIDEO) \\\"Persoanele, loiale fostului lider-democrat Vlad Plahotniuc, o duc bine\\\" - BTV\",\"isPartOf\":{\"@id\":\"https:\\\/\\\/www.btv.md\\\/#website\"},\"primaryImageOfPage\":{\"@id\":\"https:\\\/\\\/www.btv.md\\\/ro\\\/video-persoanele-loiale-fostului-lider-democrat-vlad-plahotniuc-o-duc-bine\\\/#primaryimage\"},\"image\":{\"@id\":\"https:\\\/\\\/www.btv.md\\\/ro\\\/video-persoanele-loiale-fostului-lider-democrat-vlad-plahotniuc-o-duc-bine\\\/#primaryimage\"},\"thumbnailUrl\":\"https:\\\/\\\/www.btv.md\\\/wp-content\\\/uploads\\\/2021\\\/02\\\/1-53.png\",\"datePublished\":\"2021-02-19T04:02:11+00:00\",\"author\":{\"@id\":\"https:\\\/\\\/www.btv.md\\\/#\\\/schema\\\/person\\\/8fadce81561b3ce2c34c46dadc4ccbf2\"},\"inLanguage\":\"ro-RO\",\"potentialAction\":[{\"@type\":\"ReadAction\",\"target\":[\"https:\\\/\\\/www.btv.md\\\/ro\\\/video-persoanele-loiale-fostului-lider-democrat-vlad-plahotniuc-o-duc-bine\\\/\"]}]},{\"@type\":\"ImageObject\",\"inLanguage\":\"ro-RO\",\"@id\":\"https:\\\/\\\/www.btv.md\\\/ro\\\/video-persoanele-loiale-fostului-lider-democrat-vlad-plahotniuc-o-duc-bine\\\/#primaryimage\",\"url\":\"https:\\\/\\\/www.btv.md\\\/wp-content\\\/uploads\\\/2021\\\/02\\\/1-53.png\",\"contentUrl\":\"https:\\\/\\\/www.btv.md\\\/wp-content\\\/uploads\\\/2021\\\/02\\\/1-53.png\",\"width\":712,\"height\":394},{\"@type\":\"WebSite\",\"@id\":\"https:\\\/\\\/www.btv.md\\\/#website\",\"url\":\"https:\\\/\\\/www.btv.md\\\/\",\"name\":\"BTV\",\"description\":\"\u0411\u0435\u043b\u044c\u0446\u043a\u043e\u0435 \u0442\u0435\u043b\u0435\u0432\u0438\u0434\u0435\u043d\u0438\u0435\",\"potentialAction\":[{\"@type\":\"SearchAction\",\"target\":{\"@type\":\"EntryPoint\",\"urlTemplate\":\"https:\\\/\\\/www.btv.md\\\/?s={search_term_string}\"},\"query-input\":{\"@type\":\"PropertyValueSpecification\",\"valueRequired\":true,\"valueName\":\"search_term_string\"}}],\"inLanguage\":\"ro-RO\"},{\"@type\":\"Person\",\"@id\":\"https:\\\/\\\/www.btv.md\\\/#\\\/schema\\\/person\\\/8fadce81561b3ce2c34c46dadc4ccbf2\",\"name\":\"admin\"}]}<\/script>\n<!-- \/ Yoast SEO plugin. -->","yoast_head_json":{"title":"(VIDEO) \"Persoanele, loiale fostului lider-democrat Vlad Plahotniuc, o duc bine\" - BTV","robots":{"index":"index","follow":"follow","max-snippet":"max-snippet:-1","max-image-preview":"max-image-preview:large","max-video-preview":"max-video-preview:-1"},"canonical":"https:\/\/www.btv.md\/ro\/video-persoanele-loiale-fostului-lider-democrat-vlad-plahotniuc-o-duc-bine\/","og_locale":"ro_RO","og_type":"article","og_title":"(VIDEO) \"Persoanele, loiale fostului lider-democrat Vlad Plahotniuc, o duc bine\" - BTV","og_description":"Persoanele loiale fostului lider democrat, Vlad Plahotniuc, o duc bine \u0219i dup\u0103 plecarea acestuia din \u021bar\u0103. O spune pre\u015fedintele Organiza\u021biei pentru Drepturile Omului \u201eDreptul la Dreptate\u201d, Pavel Grigorciuc, av\u00e2ndu-l \u00een vedere pe fostul procuror PCCOCS Vitalie Busuioc, care \u00een prezent activeaz\u0103 la Serviciul Fiscal de Stat, transmite\u00a0\u0218tiri.md\u00a0cu referire la\u00a0IPN. \u201eIndiferent de faptul c\u0103 puterea s-a [&hellip;]","og_url":"https:\/\/www.btv.md\/ro\/video-persoanele-loiale-fostului-lider-democrat-vlad-plahotniuc-o-duc-bine\/","og_site_name":"BTV","article_publisher":"https:\/\/www.facebook.com\/btvmoldova\/","article_published_time":"2021-02-19T04:02:11+00:00","og_image":[{"width":712,"height":394,"url":"https:\/\/www.btv.md\/wp-content\/uploads\/2021\/02\/1-53.png","type":"image\/png"}],"author":"admin","twitter_misc":{"Scris de":"admin","Timp estimat pentru citire":"2 minute"},"schema":{"@context":"https:\/\/schema.org","@graph":[{"@type":"Article","@id":"https:\/\/www.btv.md\/ro\/video-persoanele-loiale-fostului-lider-democrat-vlad-plahotniuc-o-duc-bine\/#article","isPartOf":{"@id":"https:\/\/www.btv.md\/ro\/video-persoanele-loiale-fostului-lider-democrat-vlad-plahotniuc-o-duc-bine\/"},"author":{"name":"admin","@id":"https:\/\/www.btv.md\/#\/schema\/person\/8fadce81561b3ce2c34c46dadc4ccbf2"},"headline":"(VIDEO) &#8222;Persoanele, loiale fostului lider-democrat Vlad Plahotniuc, o duc bine&#8221;","datePublished":"2021-02-19T04:02:11+00:00","mainEntityOfPage":{"@id":"https:\/\/www.btv.md\/ro\/video-persoanele-loiale-fostului-lider-democrat-vlad-plahotniuc-o-duc-bine\/"},"wordCount":526,"image":{"@id":"https:\/\/www.btv.md\/ro\/video-persoanele-loiale-fostului-lider-democrat-vlad-plahotniuc-o-duc-bine\/#primaryimage"},"thumbnailUrl":"https:\/\/www.btv.md\/wp-content\/uploads\/2021\/02\/1-53.png","keywords":["\"Persoanele loiale fostului lider democrat","o duc bine\"","Vlad Plahotniuc"],"articleSection":["Politic\u0103","\u0218tiri"],"inLanguage":"ro-RO"},{"@type":"WebPage","@id":"https:\/\/www.btv.md\/ro\/video-persoanele-loiale-fostului-lider-democrat-vlad-plahotniuc-o-duc-bine\/","url":"https:\/\/www.btv.md\/ro\/video-persoanele-loiale-fostului-lider-democrat-vlad-plahotniuc-o-duc-bine\/","name":"(VIDEO) \"Persoanele, loiale fostului lider-democrat Vlad Plahotniuc, o duc bine\" - BTV","isPartOf":{"@id":"https:\/\/www.btv.md\/#website"},"primaryImageOfPage":{"@id":"https:\/\/www.btv.md\/ro\/video-persoanele-loiale-fostului-lider-democrat-vlad-plahotniuc-o-duc-bine\/#primaryimage"},"image":{"@id":"https:\/\/www.btv.md\/ro\/video-persoanele-loiale-fostului-lider-democrat-vlad-plahotniuc-o-duc-bine\/#primaryimage"},"thumbnailUrl":"https:\/\/www.btv.md\/wp-content\/uploads\/2021\/02\/1-53.png","datePublished":"2021-02-19T04:02:11+00:00","author":{"@id":"https:\/\/www.btv.md\/#\/schema\/person\/8fadce81561b3ce2c34c46dadc4ccbf2"},"inLanguage":"ro-RO","potentialAction":[{"@type":"ReadAction","target":["https:\/\/www.btv.md\/ro\/video-persoanele-loiale-fostului-lider-democrat-vlad-plahotniuc-o-duc-bine\/"]}]},{"@type":"ImageObject","inLanguage":"ro-RO","@id":"https:\/\/www.btv.md\/ro\/video-persoanele-loiale-fostului-lider-democrat-vlad-plahotniuc-o-duc-bine\/#primaryimage","url":"https:\/\/www.btv.md\/wp-content\/uploads\/2021\/02\/1-53.png","contentUrl":"https:\/\/www.btv.md\/wp-content\/uploads\/2021\/02\/1-53.png","width":712,"height":394},{"@type":"WebSite","@id":"https:\/\/www.btv.md\/#website","url":"https:\/\/www.btv.md\/","name":"BTV","description":"\u0411\u0435\u043b\u044c\u0446\u043a\u043e\u0435 \u0442\u0435\u043b\u0435\u0432\u0438\u0434\u0435\u043d\u0438\u0435","potentialAction":[{"@type":"SearchAction","target":{"@type":"EntryPoint","urlTemplate":"https:\/\/www.btv.md\/?s={search_term_string}"},"query-input":{"@type":"PropertyValueSpecification","valueRequired":true,"valueName":"search_term_string"}}],"inLanguage":"ro-RO"},{"@type":"Person","@id":"https:\/\/www.btv.md\/#\/schema\/person\/8fadce81561b3ce2c34c46dadc4ccbf2","name":"admin"}]}},"_links":{"self":[{"href":"https:\/\/www.btv.md\/ro\/wp-json\/wp\/v2\/posts\/115129","targetHints":{"allow":["GET"]}}],"collection":[{"href":"https:\/\/www.btv.md\/ro\/wp-json\/wp\/v2\/posts"}],"about":[{"href":"https:\/\/www.btv.md\/ro\/wp-json\/wp\/v2\/types\/post"}],"author":[{"embeddable":true,"href":"https:\/\/www.btv.md\/ro\/wp-json\/wp\/v2\/users\/4"}],"replies":[{"embeddable":true,"href":"https:\/\/www.btv.md\/ro\/wp-json\/wp\/v2\/comments?post=115129"}],"version-history":[{"count":0,"href":"https:\/\/www.btv.md\/ro\/wp-json\/wp\/v2\/posts\/115129\/revisions"}],"wp:featuredmedia":[{"embeddable":true,"href":"https:\/\/www.btv.md\/ro\/wp-json\/wp\/v2\/media\/115131"}],"wp:attachment":[{"href":"https:\/\/www.btv.md\/ro\/wp-json\/wp\/v2\/media?parent=115129"}],"wp:term":[{"taxonomy":"category","embeddable":true,"href":"https:\/\/www.btv.md\/ro\/wp-json\/wp\/v2\/categories?post=115129"},{"taxonomy":"post_tag","embeddable":true,"href":"https:\/\/www.btv.md\/ro\/wp-json\/wp\/v2\/tags?post=115129"}],"curies":[{"name":"wp","href":"https:\/\/api.w.org\/{rel}","templated":true}]}}