{"id":115134,"date":"2021-02-19T06:05:51","date_gmt":"2021-02-19T04:05:51","guid":{"rendered":"http:\/\/www.btv.md\/?p=115134"},"modified":"2021-02-18T19:37:45","modified_gmt":"2021-02-18T17:37:45","slug":"expert-economic-despre-scumpirea-carburantilor","status":"publish","type":"post","link":"https:\/\/www.btv.md\/ro\/expert-economic-despre-scumpirea-carburantilor\/","title":{"rendered":"Expert economic, despre scumpirea carburan\u021bilor"},"content":{"rendered":"<p class=\"story-body__introduction\"><strong>Deputa\u021bii Platformei DA solicit\u0103 audieri \u00een plenul Parlamentului \u00een leg\u0103tur\u0103 cu majorarea pre\u021burilor la carburan\u021bi. Ieri, mai multe companii petroliere au anun\u021bat noi scumpiri. Exper\u021bii economici aten\u021bioneaz\u0103 c\u0103 ultim\u0103 majorare trebuie s\u0103 fie examinat\u0103 de c\u0103tre institu\u021biile competente ale statului, \u00eentruc\u00e2t este neclar\u0103. Agricultorii, care sunt printre cei mai afecta\u021bi de aceste scumpiri, sus\u021bin c\u0103 \u00een consecin\u021b\u0103 vor cre\u0219te \u0219i pre\u021burile la produsele alimentare, transmite <a href=\"https:\/\/radiochisinau.md\/\">radiochisinau.md.<\/a><\/strong><\/p>\n<div class=\"articleContent\">\n<p>Petroli\u0219tii au anun\u021bat, miercuri, noi major\u0103ri a pre\u021burilor la produsele petroliere. Este a patra majorarea de la \u00eenceputul acestui an. Astfel, un litru de benzin\u0103 standard 95 a ajuns s\u0103 coste 18,25 lei, pre\u021bul major\u00e2ndu-se \u00een medie cu 60 de bani. Motorina s-a scumpit cu 50 de bani. Astfel, un litru cost\u0103 \u00een prezent 15,55 lei. \u0218i pre\u021bul la gazul petrolier lichefiat s-a scumpit cu 65 de bani.<\/p>\n<p>Expertul economic, Viorel G\u00e2rbu, sus\u021bine c\u0103 neclar\u0103 aceast\u0103 ultim\u0103 majorare.<\/p>\n<p><em>Pe de o parte vedem c\u0103 pre\u021burile petrolului pe pie\u021bele interna\u021bionale cresc. \u0218tim c\u0103 accizele au crescut \u00een anul curent. Deci, sunt factori care trebuie s\u0103 contribuie la cre\u0219terea pre\u021burilor de comercializare a combustibilului, dar aceast\u0103 cre\u0219tere nu trebuie s\u0103 se produc\u0103 chiar a\u0219a de rapid. \u00cen acela\u0219i timp, accizele trebuiau, deja, s\u0103 fie cuantificate \u00een major\u0103rile care au avut loc anterior. Motivul cre\u0219terii de ieri a pre\u021bului la combustibil este, totu\u0219i, sub semnul \u00eentreb\u0103rii \u0219i acest aspect necesit\u0103 clarificat de c\u0103tre autorit\u0103\u021bile competente.\u00a0<\/em><\/p>\n<p>Printre cei afecta\u021bi de majorarea pre\u021burilor la produsele petroliere sunt \u0219i agricultorii. Este \u00eenc\u0103 o lovitur\u0103 dur\u0103 pentru acest sector, sus\u021bine directorul executiv al Asocia\u021biei Na\u021bionale a Fermierilor din Moldova, Vasile M\u00e2rzenco. El a amintit de pierderile \u00eenregistrate de agricultori anul trecut din cauza secetei \u0219i a pandemiei de COVID-19.<\/p>\n<p><em>Aceasta \u00eenseamn\u0103\u00a0<\/em><em>\u201c<\/em><em>jupuirea\u201d agricultorilor de c\u0103tre companiile corporative mari care import\u0103 imput-uri pe pia\u021b\u0103. Pre\u021buri mai mari o s\u0103 fie pe pia\u021b\u0103 \u0219i la la produsele pentru consumatori. Ce \u00eenseamn\u0103 aceasta? C\u00e2nd noi \u0219i a\u0219a suntem la p\u0103m\u00e2nt \u00een urma secetei, compensa\u021bii agricultorii practic nu au primit, acum plus o majorare nejustificat\u0103. Analizele exper\u021bilor arat\u0103 c\u0103 nu sunt juste.<\/em><\/p>\n<p>Cre\u0219terea pre\u021burilor la carburan\u021bi este un abuz \u0219i un acord anticoncuren\u021bial de cartel din partea companiilor petroliere, consider\u0103 deputa\u021bii Platformei DA, care au solicitat organizarea unor audieri \u00een plenul Parlamentului pe marginea acestui subiect. Pe fundalul crizei pandemice \u0219i a haosului guvernamental, importatorii de produse petroliere din Moldova sfideaz\u0103 bunul sim\u021b, iar ultima majorare arat\u0103 c\u00e2t de neputincioase sunt institu\u021biile abilitate ale statului \u00een fa\u021ba unor companii care au ob\u021binut supraprofituri anul trecut, se ar\u0103t\u0103 \u00een adresarea frac\u021biunii Platformei DA expediat\u0103 pre\u0219edintei Parlamentului.<\/p>\n<p>Deputa\u021bii Partidului Ac\u021biune \u0219i Solidaritate consider\u0103 c\u0103 directorii de la ANRE \u0219i Consiliul Concuren\u021bei trebuie s\u0103-\u0219i de-a demisia dup\u0103 ce petroli\u0219tii au majorat pre\u021burile la carburan\u021bi de patru ori \u00een dou\u0103 luni.<\/p>\n<p>Sursa <a href=\"https:\/\/radiochisinau.md\/\">radiochisinau.md<\/a><\/p>\n<\/div>\n","protected":false},"excerpt":{"rendered":"<p>Deputa\u021bii Platformei DA solicit\u0103 audieri \u00een plenul Parlamentului \u00een leg\u0103tur\u0103 cu majorarea pre\u021burilor la carburan\u021bi. Ieri, mai multe companii petroliere au anun\u021bat noi scumpiri. Exper\u021bii economici aten\u021bioneaz\u0103 c\u0103 ultim\u0103 majorare trebuie s\u0103 fie examinat\u0103 de c\u0103tre institu\u021biile competente ale statului, \u00eentruc\u00e2t este neclar\u0103. Agricultorii, care sunt printre cei mai afecta\u021bi de aceste scumpiri, sus\u021bin c\u0103 [&hellip;]<\/p>\n","protected":false},"author":4,"featured_media":115095,"comment_status":"closed","ping_status":"closed","sticky":false,"template":"","format":"standard","meta":{"footnotes":""},"categories":[6369,6377],"tags":[21864,15010],"class_list":["post-115134","post","type-post","status-publish","format-standard","has-post-thumbnail","hentry","category-economie-ro","category-stiri","tag-despre-scumpirea-carburantilor","tag-expert-economic-ro"],"yoast_head":"<!-- This site is optimized with the Yoast SEO plugin v27.4 - https:\/\/yoast.com\/product\/yoast-seo-wordpress\/ -->\n<title>Expert economic, despre scumpirea carburan\u021bilor - BTV<\/title>\n<meta name=\"robots\" content=\"index, follow, max-snippet:-1, max-image-preview:large, max-video-preview:-1\" \/>\n<link rel=\"canonical\" href=\"https:\/\/www.btv.md\/ro\/amp\/expert-economic-despre-scumpirea-carburantilor\/\" \/>\n<meta property=\"og:locale\" content=\"ro_RO\" \/>\n<meta property=\"og:type\" content=\"article\" \/>\n<meta property=\"og:title\" content=\"Expert economic, despre scumpirea carburan\u021bilor - BTV\" \/>\n<meta property=\"og:description\" content=\"Deputa\u021bii Platformei DA solicit\u0103 audieri \u00een plenul Parlamentului \u00een leg\u0103tur\u0103 cu majorarea pre\u021burilor la carburan\u021bi. Ieri, mai multe companii petroliere au anun\u021bat noi scumpiri. Exper\u021bii economici aten\u021bioneaz\u0103 c\u0103 ultim\u0103 majorare trebuie s\u0103 fie examinat\u0103 de c\u0103tre institu\u021biile competente ale statului, \u00eentruc\u00e2t este neclar\u0103. Agricultorii, care sunt printre cei mai afecta\u021bi de aceste scumpiri, sus\u021bin c\u0103 [&hellip;]\" \/>\n<meta property=\"og:url\" content=\"https:\/\/www.btv.md\/ro\/amp\/expert-economic-despre-scumpirea-carburantilor\/\" \/>\n<meta property=\"og:site_name\" content=\"BTV\" \/>\n<meta property=\"article:publisher\" content=\"https:\/\/www.facebook.com\/btvmoldova\/\" \/>\n<meta property=\"article:published_time\" content=\"2021-02-19T04:05:51+00:00\" \/>\n<meta property=\"og:image\" content=\"https:\/\/www.btv.md\/wp-content\/uploads\/2021\/02\/1-49.png\" \/>\n\t<meta property=\"og:image:width\" content=\"744\" \/>\n\t<meta property=\"og:image:height\" content=\"498\" \/>\n\t<meta property=\"og:image:type\" content=\"image\/png\" \/>\n<meta name=\"author\" content=\"admin\" \/>\n<meta name=\"twitter:label1\" content=\"Scris de\" \/>\n\t<meta name=\"twitter:data1\" content=\"admin\" \/>\n\t<meta name=\"twitter:label2\" content=\"Timp estimat pentru citire\" \/>\n\t<meta name=\"twitter:data2\" content=\"2 minute\" \/>\n<script type=\"application\/ld+json\" class=\"yoast-schema-graph\">{\"@context\":\"https:\\\/\\\/schema.org\",\"@graph\":[{\"@type\":\"Article\",\"@id\":\"https:\\\/\\\/www.btv.md\\\/ro\\\/amp\\\/expert-economic-despre-scumpirea-carburantilor\\\/#article\",\"isPartOf\":{\"@id\":\"https:\\\/\\\/www.btv.md\\\/ro\\\/amp\\\/expert-economic-despre-scumpirea-carburantilor\\\/\"},\"author\":{\"name\":\"admin\",\"@id\":\"https:\\\/\\\/www.btv.md\\\/#\\\/schema\\\/person\\\/8fadce81561b3ce2c34c46dadc4ccbf2\"},\"headline\":\"Expert economic, despre scumpirea carburan\u021bilor\",\"datePublished\":\"2021-02-19T04:05:51+00:00\",\"mainEntityOfPage\":{\"@id\":\"https:\\\/\\\/www.btv.md\\\/ro\\\/amp\\\/expert-economic-despre-scumpirea-carburantilor\\\/\"},\"wordCount\":528,\"image\":{\"@id\":\"https:\\\/\\\/www.btv.md\\\/ro\\\/amp\\\/expert-economic-despre-scumpirea-carburantilor\\\/#primaryimage\"},\"thumbnailUrl\":\"https:\\\/\\\/www.btv.md\\\/wp-content\\\/uploads\\\/2021\\\/02\\\/1-49.png\",\"keywords\":[\"despre scumpirea carburan\u021bilor\",\"expert economic\"],\"articleSection\":[\"Economie\",\"\u0218tiri\"],\"inLanguage\":\"ro-RO\"},{\"@type\":\"WebPage\",\"@id\":\"https:\\\/\\\/www.btv.md\\\/ro\\\/amp\\\/expert-economic-despre-scumpirea-carburantilor\\\/\",\"url\":\"https:\\\/\\\/www.btv.md\\\/ro\\\/amp\\\/expert-economic-despre-scumpirea-carburantilor\\\/\",\"name\":\"Expert economic, despre scumpirea carburan\u021bilor - BTV\",\"isPartOf\":{\"@id\":\"https:\\\/\\\/www.btv.md\\\/#website\"},\"primaryImageOfPage\":{\"@id\":\"https:\\\/\\\/www.btv.md\\\/ro\\\/amp\\\/expert-economic-despre-scumpirea-carburantilor\\\/#primaryimage\"},\"image\":{\"@id\":\"https:\\\/\\\/www.btv.md\\\/ro\\\/amp\\\/expert-economic-despre-scumpirea-carburantilor\\\/#primaryimage\"},\"thumbnailUrl\":\"https:\\\/\\\/www.btv.md\\\/wp-content\\\/uploads\\\/2021\\\/02\\\/1-49.png\",\"datePublished\":\"2021-02-19T04:05:51+00:00\",\"author\":{\"@id\":\"https:\\\/\\\/www.btv.md\\\/#\\\/schema\\\/person\\\/8fadce81561b3ce2c34c46dadc4ccbf2\"},\"inLanguage\":\"ro-RO\",\"potentialAction\":[{\"@type\":\"ReadAction\",\"target\":[\"https:\\\/\\\/www.btv.md\\\/ro\\\/amp\\\/expert-economic-despre-scumpirea-carburantilor\\\/\"]}]},{\"@type\":\"ImageObject\",\"inLanguage\":\"ro-RO\",\"@id\":\"https:\\\/\\\/www.btv.md\\\/ro\\\/amp\\\/expert-economic-despre-scumpirea-carburantilor\\\/#primaryimage\",\"url\":\"https:\\\/\\\/www.btv.md\\\/wp-content\\\/uploads\\\/2021\\\/02\\\/1-49.png\",\"contentUrl\":\"https:\\\/\\\/www.btv.md\\\/wp-content\\\/uploads\\\/2021\\\/02\\\/1-49.png\",\"width\":744,\"height\":498},{\"@type\":\"WebSite\",\"@id\":\"https:\\\/\\\/www.btv.md\\\/#website\",\"url\":\"https:\\\/\\\/www.btv.md\\\/\",\"name\":\"BTV\",\"description\":\"\u0411\u0435\u043b\u044c\u0446\u043a\u043e\u0435 \u0442\u0435\u043b\u0435\u0432\u0438\u0434\u0435\u043d\u0438\u0435\",\"potentialAction\":[{\"@type\":\"SearchAction\",\"target\":{\"@type\":\"EntryPoint\",\"urlTemplate\":\"https:\\\/\\\/www.btv.md\\\/?s={search_term_string}\"},\"query-input\":{\"@type\":\"PropertyValueSpecification\",\"valueRequired\":true,\"valueName\":\"search_term_string\"}}],\"inLanguage\":\"ro-RO\"},{\"@type\":\"Person\",\"@id\":\"https:\\\/\\\/www.btv.md\\\/#\\\/schema\\\/person\\\/8fadce81561b3ce2c34c46dadc4ccbf2\",\"name\":\"admin\"}]}<\/script>\n<!-- \/ Yoast SEO plugin. -->","yoast_head_json":{"title":"Expert economic, despre scumpirea carburan\u021bilor - BTV","robots":{"index":"index","follow":"follow","max-snippet":"max-snippet:-1","max-image-preview":"max-image-preview:large","max-video-preview":"max-video-preview:-1"},"canonical":"https:\/\/www.btv.md\/ro\/amp\/expert-economic-despre-scumpirea-carburantilor\/","og_locale":"ro_RO","og_type":"article","og_title":"Expert economic, despre scumpirea carburan\u021bilor - BTV","og_description":"Deputa\u021bii Platformei DA solicit\u0103 audieri \u00een plenul Parlamentului \u00een leg\u0103tur\u0103 cu majorarea pre\u021burilor la carburan\u021bi. Ieri, mai multe companii petroliere au anun\u021bat noi scumpiri. Exper\u021bii economici aten\u021bioneaz\u0103 c\u0103 ultim\u0103 majorare trebuie s\u0103 fie examinat\u0103 de c\u0103tre institu\u021biile competente ale statului, \u00eentruc\u00e2t este neclar\u0103. Agricultorii, care sunt printre cei mai afecta\u021bi de aceste scumpiri, sus\u021bin c\u0103 [&hellip;]","og_url":"https:\/\/www.btv.md\/ro\/amp\/expert-economic-despre-scumpirea-carburantilor\/","og_site_name":"BTV","article_publisher":"https:\/\/www.facebook.com\/btvmoldova\/","article_published_time":"2021-02-19T04:05:51+00:00","og_image":[{"width":744,"height":498,"url":"https:\/\/www.btv.md\/wp-content\/uploads\/2021\/02\/1-49.png","type":"image\/png"}],"author":"admin","twitter_misc":{"Scris de":"admin","Timp estimat pentru citire":"2 minute"},"schema":{"@context":"https:\/\/schema.org","@graph":[{"@type":"Article","@id":"https:\/\/www.btv.md\/ro\/amp\/expert-economic-despre-scumpirea-carburantilor\/#article","isPartOf":{"@id":"https:\/\/www.btv.md\/ro\/amp\/expert-economic-despre-scumpirea-carburantilor\/"},"author":{"name":"admin","@id":"https:\/\/www.btv.md\/#\/schema\/person\/8fadce81561b3ce2c34c46dadc4ccbf2"},"headline":"Expert economic, despre scumpirea carburan\u021bilor","datePublished":"2021-02-19T04:05:51+00:00","mainEntityOfPage":{"@id":"https:\/\/www.btv.md\/ro\/amp\/expert-economic-despre-scumpirea-carburantilor\/"},"wordCount":528,"image":{"@id":"https:\/\/www.btv.md\/ro\/amp\/expert-economic-despre-scumpirea-carburantilor\/#primaryimage"},"thumbnailUrl":"https:\/\/www.btv.md\/wp-content\/uploads\/2021\/02\/1-49.png","keywords":["despre scumpirea carburan\u021bilor","expert economic"],"articleSection":["Economie","\u0218tiri"],"inLanguage":"ro-RO"},{"@type":"WebPage","@id":"https:\/\/www.btv.md\/ro\/amp\/expert-economic-despre-scumpirea-carburantilor\/","url":"https:\/\/www.btv.md\/ro\/amp\/expert-economic-despre-scumpirea-carburantilor\/","name":"Expert economic, despre scumpirea carburan\u021bilor - BTV","isPartOf":{"@id":"https:\/\/www.btv.md\/#website"},"primaryImageOfPage":{"@id":"https:\/\/www.btv.md\/ro\/amp\/expert-economic-despre-scumpirea-carburantilor\/#primaryimage"},"image":{"@id":"https:\/\/www.btv.md\/ro\/amp\/expert-economic-despre-scumpirea-carburantilor\/#primaryimage"},"thumbnailUrl":"https:\/\/www.btv.md\/wp-content\/uploads\/2021\/02\/1-49.png","datePublished":"2021-02-19T04:05:51+00:00","author":{"@id":"https:\/\/www.btv.md\/#\/schema\/person\/8fadce81561b3ce2c34c46dadc4ccbf2"},"inLanguage":"ro-RO","potentialAction":[{"@type":"ReadAction","target":["https:\/\/www.btv.md\/ro\/amp\/expert-economic-despre-scumpirea-carburantilor\/"]}]},{"@type":"ImageObject","inLanguage":"ro-RO","@id":"https:\/\/www.btv.md\/ro\/amp\/expert-economic-despre-scumpirea-carburantilor\/#primaryimage","url":"https:\/\/www.btv.md\/wp-content\/uploads\/2021\/02\/1-49.png","contentUrl":"https:\/\/www.btv.md\/wp-content\/uploads\/2021\/02\/1-49.png","width":744,"height":498},{"@type":"WebSite","@id":"https:\/\/www.btv.md\/#website","url":"https:\/\/www.btv.md\/","name":"BTV","description":"\u0411\u0435\u043b\u044c\u0446\u043a\u043e\u0435 \u0442\u0435\u043b\u0435\u0432\u0438\u0434\u0435\u043d\u0438\u0435","potentialAction":[{"@type":"SearchAction","target":{"@type":"EntryPoint","urlTemplate":"https:\/\/www.btv.md\/?s={search_term_string}"},"query-input":{"@type":"PropertyValueSpecification","valueRequired":true,"valueName":"search_term_string"}}],"inLanguage":"ro-RO"},{"@type":"Person","@id":"https:\/\/www.btv.md\/#\/schema\/person\/8fadce81561b3ce2c34c46dadc4ccbf2","name":"admin"}]}},"_links":{"self":[{"href":"https:\/\/www.btv.md\/ro\/wp-json\/wp\/v2\/posts\/115134","targetHints":{"allow":["GET"]}}],"collection":[{"href":"https:\/\/www.btv.md\/ro\/wp-json\/wp\/v2\/posts"}],"about":[{"href":"https:\/\/www.btv.md\/ro\/wp-json\/wp\/v2\/types\/post"}],"author":[{"embeddable":true,"href":"https:\/\/www.btv.md\/ro\/wp-json\/wp\/v2\/users\/4"}],"replies":[{"embeddable":true,"href":"https:\/\/www.btv.md\/ro\/wp-json\/wp\/v2\/comments?post=115134"}],"version-history":[{"count":0,"href":"https:\/\/www.btv.md\/ro\/wp-json\/wp\/v2\/posts\/115134\/revisions"}],"wp:featuredmedia":[{"embeddable":true,"href":"https:\/\/www.btv.md\/ro\/wp-json\/wp\/v2\/media\/115095"}],"wp:attachment":[{"href":"https:\/\/www.btv.md\/ro\/wp-json\/wp\/v2\/media?parent=115134"}],"wp:term":[{"taxonomy":"category","embeddable":true,"href":"https:\/\/www.btv.md\/ro\/wp-json\/wp\/v2\/categories?post=115134"},{"taxonomy":"post_tag","embeddable":true,"href":"https:\/\/www.btv.md\/ro\/wp-json\/wp\/v2\/tags?post=115134"}],"curies":[{"name":"wp","href":"https:\/\/api.w.org\/{rel}","templated":true}]}}