{"id":11514,"date":"2016-04-27T10:43:15","date_gmt":"2016-04-27T07:43:15","guid":{"rendered":"http:\/\/btv.md\/?p=11514"},"modified":"2016-04-27T10:43:15","modified_gmt":"2016-04-27T07:43:15","slug":"orarul-lectiilor-din-scoli-in-format-electronic","status":"publish","type":"post","link":"https:\/\/www.btv.md\/ro\/orarul-lectiilor-din-scoli-in-format-electronic\/","title":{"rendered":"ORARUL  LEC\u021aIILOR  DIN  \u0218COLI, \u00ceN  FORMAT ELECTRONIC"},"content":{"rendered":"<p><strong>\u0218colile din Republica Moldova vor putea utiliza un soft special pentru elaborarea orarului lec\u021biilor \u00een format electronic, pe parcursul anului de studiu. Programul a fost creat de c\u0103tre un reprezentant al Corpului P\u0103cii \u00een Republica Moldova, iar Ministerul Educa\u021biei \u00eel va putea oferi gratuit tuturor institu\u021biilor de \u00eenv\u0103\u021b\u0103m\u00e2nt interesate. De asemenea, ministerul va oferi suport la instalarea acestuia \u0219i pentru instruirea unui operator, scrie <a href=\"http:\/\/www.realitatea.md\/orarul-lec-iilor-din-coli-in-format-electronic-ministerul-educa-ie-va-oferi-gratuit-soft-ul-cum-va-func-iona-acesta_38281.html\" target=\"_blank\">realitatea.md<\/a>.<\/strong><\/p>\n<p>Programul va rula pe sisteme de operare Windows sau Mac \u0219i are o interfa\u021b\u0103 de utilizator disponibil\u0103 \u00een trei limbi: englez\u0103, rom\u00e2n\u0103 \u0219i rus\u0103. Dac\u0103 utilizatorul va furniza informa\u021bii, precum denumirea disciplinei, num\u0103rul maxim de elevi \u00een clas\u0103, profesorul, numele clasei, cabinetul etc., softul va genera un orar.<\/p>\n<p>Programul va monitoriza orarul \u00een func\u021bie de clas\u0103, profesor sau materie, \u00een scopul evit\u0103rii dubl\u0103rii \u00eenregistr\u0103rilor. Datele pot fi introduse manual ori pot fi generate. Orarul \u0219colar poate fi modificat chiar \u0219i dup\u0103 ce a fost generat. Programul poate stoca mai multe versiuni ale unui orar, fapt ce-i va permite utilizatorului s\u0103 p\u0103streze versiunile anterioare, \u00een timp ce creeaz\u0103 altele noi, iar \u00een caz de necesitate \u2013 s\u0103 revin\u0103 la primele. <\/p>\n<p>Orarul poate fi imprimat sau exportat \u00een alte programe, de exemplu Excel. De asemenea, \u0219colile pot s\u0103 \u00eel afi\u0219eze pe paginile lor web sau pe panouri electronice.<\/p>\n<p>P\u00e2n\u0103 la momentul actual \u0219i-au exprimat dorin\u021ba de a utiliza programul circa 150 de institu\u021bii de \u00eenv\u0103\u021b\u0103m\u00e2nt din diferite raioane. Instruirile \u00een teritoriu vor \u00eencepe din luna mai.<\/p>\n","protected":false},"excerpt":{"rendered":"<p>\u0218colile din Republica Moldova vor putea utiliza un soft special pentru elaborarea orarului lec\u021biilor \u00een format electronic, pe parcursul anului de studiu. Programul a fost creat de c\u0103tre un reprezentant al Corpului P\u0103cii \u00een Republica Moldova, iar Ministerul Educa\u021biei \u00eel va putea oferi gratuit tuturor institu\u021biilor de \u00eenv\u0103\u021b\u0103m\u00e2nt interesate. De asemenea, ministerul va oferi suport [&hellip;]<\/p>\n","protected":false},"author":4,"featured_media":11515,"comment_status":"closed","ping_status":"closed","sticky":false,"template":"","format":"standard","meta":{"footnotes":""},"categories":[6349],"tags":[],"class_list":["post-11514","post","type-post","status-publish","format-standard","has-post-thumbnail","hentry","category-social"],"yoast_head":"<!-- This site is optimized with the Yoast SEO plugin v27.4 - https:\/\/yoast.com\/product\/yoast-seo-wordpress\/ -->\n<title>ORARUL LEC\u021aIILOR DIN \u0218COLI, \u00ceN FORMAT ELECTRONIC - BTV<\/title>\n<meta name=\"robots\" content=\"index, follow, max-snippet:-1, max-image-preview:large, max-video-preview:-1\" \/>\n<link rel=\"canonical\" href=\"https:\/\/www.btv.md\/ro\/orarul-lectiilor-din-scoli-in-format-electronic\/\" \/>\n<meta property=\"og:locale\" content=\"ro_RO\" \/>\n<meta property=\"og:type\" content=\"article\" \/>\n<meta property=\"og:title\" content=\"ORARUL LEC\u021aIILOR DIN \u0218COLI, \u00ceN FORMAT ELECTRONIC - BTV\" \/>\n<meta property=\"og:description\" content=\"\u0218colile din Republica Moldova vor putea utiliza un soft special pentru elaborarea orarului lec\u021biilor \u00een format electronic, pe parcursul anului de studiu. Programul a fost creat de c\u0103tre un reprezentant al Corpului P\u0103cii \u00een Republica Moldova, iar Ministerul Educa\u021biei \u00eel va putea oferi gratuit tuturor institu\u021biilor de \u00eenv\u0103\u021b\u0103m\u00e2nt interesate. De asemenea, ministerul va oferi suport [&hellip;]\" \/>\n<meta property=\"og:url\" content=\"https:\/\/www.btv.md\/ro\/orarul-lectiilor-din-scoli-in-format-electronic\/\" \/>\n<meta property=\"og:site_name\" content=\"BTV\" \/>\n<meta property=\"article:publisher\" content=\"https:\/\/www.facebook.com\/btvmoldova\/\" \/>\n<meta property=\"article:published_time\" content=\"2016-04-27T07:43:15+00:00\" \/>\n<meta property=\"og:image\" content=\"https:\/\/www.btv.md\/wp-content\/uploads\/2016\/04\/media_146167973433833400.jpg\" \/>\n\t<meta property=\"og:image:width\" content=\"620\" \/>\n\t<meta property=\"og:image:height\" content=\"263\" \/>\n\t<meta property=\"og:image:type\" content=\"image\/jpeg\" \/>\n<meta name=\"author\" content=\"admin\" \/>\n<meta name=\"twitter:label1\" content=\"Scris de\" \/>\n\t<meta name=\"twitter:data1\" content=\"admin\" \/>\n\t<meta name=\"twitter:label2\" content=\"Timp estimat pentru citire\" \/>\n\t<meta name=\"twitter:data2\" content=\"1 minut\" \/>\n<script type=\"application\/ld+json\" class=\"yoast-schema-graph\">{\"@context\":\"https:\\\/\\\/schema.org\",\"@graph\":[{\"@type\":\"Article\",\"@id\":\"https:\\\/\\\/www.btv.md\\\/ro\\\/orarul-lectiilor-din-scoli-in-format-electronic\\\/#article\",\"isPartOf\":{\"@id\":\"https:\\\/\\\/www.btv.md\\\/ro\\\/orarul-lectiilor-din-scoli-in-format-electronic\\\/\"},\"author\":{\"name\":\"admin\",\"@id\":\"https:\\\/\\\/www.btv.md\\\/#\\\/schema\\\/person\\\/8fadce81561b3ce2c34c46dadc4ccbf2\"},\"headline\":\"ORARUL LEC\u021aIILOR DIN \u0218COLI, \u00ceN FORMAT ELECTRONIC\",\"datePublished\":\"2016-04-27T07:43:15+00:00\",\"mainEntityOfPage\":{\"@id\":\"https:\\\/\\\/www.btv.md\\\/ro\\\/orarul-lectiilor-din-scoli-in-format-electronic\\\/\"},\"wordCount\":267,\"image\":{\"@id\":\"https:\\\/\\\/www.btv.md\\\/ro\\\/orarul-lectiilor-din-scoli-in-format-electronic\\\/#primaryimage\"},\"thumbnailUrl\":\"https:\\\/\\\/www.btv.md\\\/wp-content\\\/uploads\\\/2016\\\/04\\\/media_146167973433833400.jpg\",\"articleSection\":[\"Social\"],\"inLanguage\":\"ro-RO\"},{\"@type\":\"WebPage\",\"@id\":\"https:\\\/\\\/www.btv.md\\\/ro\\\/orarul-lectiilor-din-scoli-in-format-electronic\\\/\",\"url\":\"https:\\\/\\\/www.btv.md\\\/ro\\\/orarul-lectiilor-din-scoli-in-format-electronic\\\/\",\"name\":\"ORARUL LEC\u021aIILOR DIN \u0218COLI, \u00ceN FORMAT ELECTRONIC - BTV\",\"isPartOf\":{\"@id\":\"https:\\\/\\\/www.btv.md\\\/#website\"},\"primaryImageOfPage\":{\"@id\":\"https:\\\/\\\/www.btv.md\\\/ro\\\/orarul-lectiilor-din-scoli-in-format-electronic\\\/#primaryimage\"},\"image\":{\"@id\":\"https:\\\/\\\/www.btv.md\\\/ro\\\/orarul-lectiilor-din-scoli-in-format-electronic\\\/#primaryimage\"},\"thumbnailUrl\":\"https:\\\/\\\/www.btv.md\\\/wp-content\\\/uploads\\\/2016\\\/04\\\/media_146167973433833400.jpg\",\"datePublished\":\"2016-04-27T07:43:15+00:00\",\"author\":{\"@id\":\"https:\\\/\\\/www.btv.md\\\/#\\\/schema\\\/person\\\/8fadce81561b3ce2c34c46dadc4ccbf2\"},\"inLanguage\":\"ro-RO\",\"potentialAction\":[{\"@type\":\"ReadAction\",\"target\":[\"https:\\\/\\\/www.btv.md\\\/ro\\\/orarul-lectiilor-din-scoli-in-format-electronic\\\/\"]}]},{\"@type\":\"ImageObject\",\"inLanguage\":\"ro-RO\",\"@id\":\"https:\\\/\\\/www.btv.md\\\/ro\\\/orarul-lectiilor-din-scoli-in-format-electronic\\\/#primaryimage\",\"url\":\"https:\\\/\\\/www.btv.md\\\/wp-content\\\/uploads\\\/2016\\\/04\\\/media_146167973433833400.jpg\",\"contentUrl\":\"https:\\\/\\\/www.btv.md\\\/wp-content\\\/uploads\\\/2016\\\/04\\\/media_146167973433833400.jpg\",\"width\":620,\"height\":263,\"caption\":\"www.realitatea.md\"},{\"@type\":\"WebSite\",\"@id\":\"https:\\\/\\\/www.btv.md\\\/#website\",\"url\":\"https:\\\/\\\/www.btv.md\\\/\",\"name\":\"BTV\",\"description\":\"\u0411\u0435\u043b\u044c\u0446\u043a\u043e\u0435 \u0442\u0435\u043b\u0435\u0432\u0438\u0434\u0435\u043d\u0438\u0435\",\"potentialAction\":[{\"@type\":\"SearchAction\",\"target\":{\"@type\":\"EntryPoint\",\"urlTemplate\":\"https:\\\/\\\/www.btv.md\\\/?s={search_term_string}\"},\"query-input\":{\"@type\":\"PropertyValueSpecification\",\"valueRequired\":true,\"valueName\":\"search_term_string\"}}],\"inLanguage\":\"ro-RO\"},{\"@type\":\"Person\",\"@id\":\"https:\\\/\\\/www.btv.md\\\/#\\\/schema\\\/person\\\/8fadce81561b3ce2c34c46dadc4ccbf2\",\"name\":\"admin\"}]}<\/script>\n<!-- \/ Yoast SEO plugin. -->","yoast_head_json":{"title":"ORARUL LEC\u021aIILOR DIN \u0218COLI, \u00ceN FORMAT ELECTRONIC - BTV","robots":{"index":"index","follow":"follow","max-snippet":"max-snippet:-1","max-image-preview":"max-image-preview:large","max-video-preview":"max-video-preview:-1"},"canonical":"https:\/\/www.btv.md\/ro\/orarul-lectiilor-din-scoli-in-format-electronic\/","og_locale":"ro_RO","og_type":"article","og_title":"ORARUL LEC\u021aIILOR DIN \u0218COLI, \u00ceN FORMAT ELECTRONIC - BTV","og_description":"\u0218colile din Republica Moldova vor putea utiliza un soft special pentru elaborarea orarului lec\u021biilor \u00een format electronic, pe parcursul anului de studiu. Programul a fost creat de c\u0103tre un reprezentant al Corpului P\u0103cii \u00een Republica Moldova, iar Ministerul Educa\u021biei \u00eel va putea oferi gratuit tuturor institu\u021biilor de \u00eenv\u0103\u021b\u0103m\u00e2nt interesate. De asemenea, ministerul va oferi suport [&hellip;]","og_url":"https:\/\/www.btv.md\/ro\/orarul-lectiilor-din-scoli-in-format-electronic\/","og_site_name":"BTV","article_publisher":"https:\/\/www.facebook.com\/btvmoldova\/","article_published_time":"2016-04-27T07:43:15+00:00","og_image":[{"width":620,"height":263,"url":"https:\/\/www.btv.md\/wp-content\/uploads\/2016\/04\/media_146167973433833400.jpg","type":"image\/jpeg"}],"author":"admin","twitter_misc":{"Scris de":"admin","Timp estimat pentru citire":"1 minut"},"schema":{"@context":"https:\/\/schema.org","@graph":[{"@type":"Article","@id":"https:\/\/www.btv.md\/ro\/orarul-lectiilor-din-scoli-in-format-electronic\/#article","isPartOf":{"@id":"https:\/\/www.btv.md\/ro\/orarul-lectiilor-din-scoli-in-format-electronic\/"},"author":{"name":"admin","@id":"https:\/\/www.btv.md\/#\/schema\/person\/8fadce81561b3ce2c34c46dadc4ccbf2"},"headline":"ORARUL LEC\u021aIILOR DIN \u0218COLI, \u00ceN FORMAT ELECTRONIC","datePublished":"2016-04-27T07:43:15+00:00","mainEntityOfPage":{"@id":"https:\/\/www.btv.md\/ro\/orarul-lectiilor-din-scoli-in-format-electronic\/"},"wordCount":267,"image":{"@id":"https:\/\/www.btv.md\/ro\/orarul-lectiilor-din-scoli-in-format-electronic\/#primaryimage"},"thumbnailUrl":"https:\/\/www.btv.md\/wp-content\/uploads\/2016\/04\/media_146167973433833400.jpg","articleSection":["Social"],"inLanguage":"ro-RO"},{"@type":"WebPage","@id":"https:\/\/www.btv.md\/ro\/orarul-lectiilor-din-scoli-in-format-electronic\/","url":"https:\/\/www.btv.md\/ro\/orarul-lectiilor-din-scoli-in-format-electronic\/","name":"ORARUL LEC\u021aIILOR DIN \u0218COLI, \u00ceN FORMAT ELECTRONIC - BTV","isPartOf":{"@id":"https:\/\/www.btv.md\/#website"},"primaryImageOfPage":{"@id":"https:\/\/www.btv.md\/ro\/orarul-lectiilor-din-scoli-in-format-electronic\/#primaryimage"},"image":{"@id":"https:\/\/www.btv.md\/ro\/orarul-lectiilor-din-scoli-in-format-electronic\/#primaryimage"},"thumbnailUrl":"https:\/\/www.btv.md\/wp-content\/uploads\/2016\/04\/media_146167973433833400.jpg","datePublished":"2016-04-27T07:43:15+00:00","author":{"@id":"https:\/\/www.btv.md\/#\/schema\/person\/8fadce81561b3ce2c34c46dadc4ccbf2"},"inLanguage":"ro-RO","potentialAction":[{"@type":"ReadAction","target":["https:\/\/www.btv.md\/ro\/orarul-lectiilor-din-scoli-in-format-electronic\/"]}]},{"@type":"ImageObject","inLanguage":"ro-RO","@id":"https:\/\/www.btv.md\/ro\/orarul-lectiilor-din-scoli-in-format-electronic\/#primaryimage","url":"https:\/\/www.btv.md\/wp-content\/uploads\/2016\/04\/media_146167973433833400.jpg","contentUrl":"https:\/\/www.btv.md\/wp-content\/uploads\/2016\/04\/media_146167973433833400.jpg","width":620,"height":263,"caption":"www.realitatea.md"},{"@type":"WebSite","@id":"https:\/\/www.btv.md\/#website","url":"https:\/\/www.btv.md\/","name":"BTV","description":"\u0411\u0435\u043b\u044c\u0446\u043a\u043e\u0435 \u0442\u0435\u043b\u0435\u0432\u0438\u0434\u0435\u043d\u0438\u0435","potentialAction":[{"@type":"SearchAction","target":{"@type":"EntryPoint","urlTemplate":"https:\/\/www.btv.md\/?s={search_term_string}"},"query-input":{"@type":"PropertyValueSpecification","valueRequired":true,"valueName":"search_term_string"}}],"inLanguage":"ro-RO"},{"@type":"Person","@id":"https:\/\/www.btv.md\/#\/schema\/person\/8fadce81561b3ce2c34c46dadc4ccbf2","name":"admin"}]}},"_links":{"self":[{"href":"https:\/\/www.btv.md\/ro\/wp-json\/wp\/v2\/posts\/11514","targetHints":{"allow":["GET"]}}],"collection":[{"href":"https:\/\/www.btv.md\/ro\/wp-json\/wp\/v2\/posts"}],"about":[{"href":"https:\/\/www.btv.md\/ro\/wp-json\/wp\/v2\/types\/post"}],"author":[{"embeddable":true,"href":"https:\/\/www.btv.md\/ro\/wp-json\/wp\/v2\/users\/4"}],"replies":[{"embeddable":true,"href":"https:\/\/www.btv.md\/ro\/wp-json\/wp\/v2\/comments?post=11514"}],"version-history":[{"count":0,"href":"https:\/\/www.btv.md\/ro\/wp-json\/wp\/v2\/posts\/11514\/revisions"}],"wp:featuredmedia":[{"embeddable":true,"href":"https:\/\/www.btv.md\/ro\/wp-json\/wp\/v2\/media\/11515"}],"wp:attachment":[{"href":"https:\/\/www.btv.md\/ro\/wp-json\/wp\/v2\/media?parent=11514"}],"wp:term":[{"taxonomy":"category","embeddable":true,"href":"https:\/\/www.btv.md\/ro\/wp-json\/wp\/v2\/categories?post=11514"},{"taxonomy":"post_tag","embeddable":true,"href":"https:\/\/www.btv.md\/ro\/wp-json\/wp\/v2\/tags?post=11514"}],"curies":[{"name":"wp","href":"https:\/\/api.w.org\/{rel}","templated":true}]}}