{"id":115140,"date":"2021-02-19T06:11:02","date_gmt":"2021-02-19T04:11:02","guid":{"rendered":"http:\/\/www.btv.md\/?p=115140"},"modified":"2021-02-18T19:45:32","modified_gmt":"2021-02-18T17:45:32","slug":"trei-minori-retinuti-dupa-ce-au-deteriorat-circa-35-de-automobile","status":"publish","type":"post","link":"https:\/\/www.btv.md\/ro\/trei-minori-retinuti-dupa-ce-au-deteriorat-circa-35-de-automobile\/","title":{"rendered":"Trei minori, re\u021binu\u021bi dup\u0103 ce au deteriorat circa 35 de automobile"},"content":{"rendered":"<p><strong>Trei minori cu v\u00e2rstele de 14 \u0219i 16 ani, originari din Chi\u0219in\u0103u \u0219i Comrat, au fost re\u021binu\u021bi pentru comiterea mai multor furturi din automobile.<\/strong><\/p>\n<p><iframe style=\"border: none; overflow: hidden;\" data-src=\"https:\/\/www.facebook.com\/plugins\/video.php?height=314&amp;href=https%3A%2F%2Fwww.facebook.com%2Fpolitiacapitalei.md%2Fvideos%2F5172350976172739%2F&amp;show_text=false&amp;width=560\" width=\"560\" height=\"314\" frameborder=\"0\" scrolling=\"no\" allowfullscreen=\"allowfullscreen\" src=\"data:image\/svg+xml;base64,PHN2ZyB3aWR0aD0iMSIgaGVpZ2h0PSIxIiB4bWxucz0iaHR0cDovL3d3dy53My5vcmcvMjAwMC9zdmciPjwvc3ZnPg==\" class=\"lazyload\" data-load-mode=\"1\"><\/iframe><\/p>\n<p>Ace\u0219tia au p\u0103truns \u00een circa 35 de automobile, transmite <a href=\"https:\/\/newsmaker.md\/ro\/\">newsmaker.md<\/a>. Potrivit oamenilor legii, cu un obiect asem\u0103n\u0103tor unui ciocan deteriorau geamurile ma\u0219inilor ce erau parcate \u00een cur\u021bile blocurilor de locuit din capital\u0103, furau tot ce g\u0103seau \u0219i fugeau \u00eentr-o direc\u021bie necunoscut\u0103.<\/p>\n<p>Prejudiciul cauzat p\u0103r\u021bilor v\u0103t\u0103mate constituie circa 76 000\u00a0lei.<\/p>\n<p>Suspec\u021bii au fost re\u021binu\u021bi. Ei \u0219i-au recunoscut vina, iar bunurile materiale sustrase le-au v\u00e2ndut.<\/p>\n<p>\u00cen privin\u021ba minorilor au fost pornite 7 cauze penale pentru furt \u0219i 28 de procese contraven\u021bionale pentru Distrugerea sau deteriorarea inten\u0163ionat\u0103 a bunurilor str\u0103ine. Potrivit poli\u021biei, aceasta nu este prima dat\u0103 c\u00e2nd tinerii sunt suspecta\u021bi de asemenea infrac\u021biuni.<\/p>\n<p>Minorii risc\u0103 acum amend\u0103 \u00een m\u0103rime de p\u00e2n\u0103 la 67 500 lei, munc\u0103 neremunerat\u0103 \u00een folosul comunit\u0103\u021bii de la 180 la 240 ore, sau \u00eenchisoare de p\u00e2n\u0103 la 4 ani.<\/p>\n<p>Sursa<a href=\"https:\/\/newsmaker.md\/ro\/\"> newsmaker.md<\/a><\/p>\n","protected":false},"excerpt":{"rendered":"<p>Trei minori cu v\u00e2rstele de 14 \u0219i 16 ani, originari din Chi\u0219in\u0103u \u0219i Comrat, au fost re\u021binu\u021bi pentru comiterea mai multor furturi din automobile. Ace\u0219tia au p\u0103truns \u00een circa 35 de automobile, transmite newsmaker.md. Potrivit oamenilor legii, cu un obiect asem\u0103n\u0103tor unui ciocan deteriorau geamurile ma\u0219inilor ce erau parcate \u00een cur\u021bile blocurilor de locuit din [&hellip;]<\/p>\n","protected":false},"author":4,"featured_media":115099,"comment_status":"closed","ping_status":"closed","sticky":false,"template":"","format":"standard","meta":{"footnotes":""},"categories":[6349,6377],"tags":[21867,21866],"class_list":["post-115140","post","type-post","status-publish","format-standard","has-post-thumbnail","hentry","category-social","category-stiri","tag-retinuti-dupa-ce-au-deteriorat-circa-35-de-automobile","tag-trei-minori"],"yoast_head":"<!-- This site is optimized with the Yoast SEO plugin v27.4 - https:\/\/yoast.com\/product\/yoast-seo-wordpress\/ -->\n<title>Trei minori, re\u021binu\u021bi dup\u0103 ce au deteriorat circa 35 de automobile - BTV<\/title>\n<meta name=\"robots\" content=\"index, follow, max-snippet:-1, max-image-preview:large, max-video-preview:-1\" \/>\n<link rel=\"canonical\" href=\"https:\/\/www.btv.md\/ro\/trei-minori-retinuti-dupa-ce-au-deteriorat-circa-35-de-automobile\/\" \/>\n<meta property=\"og:locale\" content=\"ro_RO\" \/>\n<meta property=\"og:type\" content=\"article\" \/>\n<meta property=\"og:title\" content=\"Trei minori, re\u021binu\u021bi dup\u0103 ce au deteriorat circa 35 de automobile - BTV\" \/>\n<meta property=\"og:description\" content=\"Trei minori cu v\u00e2rstele de 14 \u0219i 16 ani, originari din Chi\u0219in\u0103u \u0219i Comrat, au fost re\u021binu\u021bi pentru comiterea mai multor furturi din automobile. Ace\u0219tia au p\u0103truns \u00een circa 35 de automobile, transmite newsmaker.md. Potrivit oamenilor legii, cu un obiect asem\u0103n\u0103tor unui ciocan deteriorau geamurile ma\u0219inilor ce erau parcate \u00een cur\u021bile blocurilor de locuit din [&hellip;]\" \/>\n<meta property=\"og:url\" content=\"https:\/\/www.btv.md\/ro\/trei-minori-retinuti-dupa-ce-au-deteriorat-circa-35-de-automobile\/\" \/>\n<meta property=\"og:site_name\" content=\"BTV\" \/>\n<meta property=\"article:publisher\" content=\"https:\/\/www.facebook.com\/btvmoldova\/\" \/>\n<meta property=\"article:published_time\" content=\"2021-02-19T04:11:02+00:00\" \/>\n<meta property=\"og:image\" content=\"https:\/\/www.btv.md\/wp-content\/uploads\/2021\/02\/1-50.png\" \/>\n\t<meta property=\"og:image:width\" content=\"1318\" \/>\n\t<meta property=\"og:image:height\" content=\"748\" \/>\n\t<meta property=\"og:image:type\" content=\"image\/png\" \/>\n<meta name=\"author\" content=\"admin\" \/>\n<meta name=\"twitter:label1\" content=\"Scris de\" \/>\n\t<meta name=\"twitter:data1\" content=\"admin\" \/>\n\t<meta name=\"twitter:label2\" content=\"Timp estimat pentru citire\" \/>\n\t<meta name=\"twitter:data2\" content=\"1 minut\" \/>\n<script type=\"application\/ld+json\" class=\"yoast-schema-graph\">{\"@context\":\"https:\\\/\\\/schema.org\",\"@graph\":[{\"@type\":\"Article\",\"@id\":\"https:\\\/\\\/www.btv.md\\\/ro\\\/trei-minori-retinuti-dupa-ce-au-deteriorat-circa-35-de-automobile\\\/#article\",\"isPartOf\":{\"@id\":\"https:\\\/\\\/www.btv.md\\\/ro\\\/trei-minori-retinuti-dupa-ce-au-deteriorat-circa-35-de-automobile\\\/\"},\"author\":{\"name\":\"admin\",\"@id\":\"https:\\\/\\\/www.btv.md\\\/#\\\/schema\\\/person\\\/8fadce81561b3ce2c34c46dadc4ccbf2\"},\"headline\":\"Trei minori, re\u021binu\u021bi dup\u0103 ce au deteriorat circa 35 de automobile\",\"datePublished\":\"2021-02-19T04:11:02+00:00\",\"mainEntityOfPage\":{\"@id\":\"https:\\\/\\\/www.btv.md\\\/ro\\\/trei-minori-retinuti-dupa-ce-au-deteriorat-circa-35-de-automobile\\\/\"},\"wordCount\":193,\"image\":{\"@id\":\"https:\\\/\\\/www.btv.md\\\/ro\\\/trei-minori-retinuti-dupa-ce-au-deteriorat-circa-35-de-automobile\\\/#primaryimage\"},\"thumbnailUrl\":\"https:\\\/\\\/www.btv.md\\\/wp-content\\\/uploads\\\/2021\\\/02\\\/1-50.png\",\"keywords\":[\"re\u021binu\u021bi dup\u0103 ce au deteriorat circa 35 de automobile\",\"Trei minori\"],\"articleSection\":[\"Social\",\"\u0218tiri\"],\"inLanguage\":\"ro-RO\"},{\"@type\":\"WebPage\",\"@id\":\"https:\\\/\\\/www.btv.md\\\/ro\\\/trei-minori-retinuti-dupa-ce-au-deteriorat-circa-35-de-automobile\\\/\",\"url\":\"https:\\\/\\\/www.btv.md\\\/ro\\\/trei-minori-retinuti-dupa-ce-au-deteriorat-circa-35-de-automobile\\\/\",\"name\":\"Trei minori, re\u021binu\u021bi dup\u0103 ce au deteriorat circa 35 de automobile - BTV\",\"isPartOf\":{\"@id\":\"https:\\\/\\\/www.btv.md\\\/#website\"},\"primaryImageOfPage\":{\"@id\":\"https:\\\/\\\/www.btv.md\\\/ro\\\/trei-minori-retinuti-dupa-ce-au-deteriorat-circa-35-de-automobile\\\/#primaryimage\"},\"image\":{\"@id\":\"https:\\\/\\\/www.btv.md\\\/ro\\\/trei-minori-retinuti-dupa-ce-au-deteriorat-circa-35-de-automobile\\\/#primaryimage\"},\"thumbnailUrl\":\"https:\\\/\\\/www.btv.md\\\/wp-content\\\/uploads\\\/2021\\\/02\\\/1-50.png\",\"datePublished\":\"2021-02-19T04:11:02+00:00\",\"author\":{\"@id\":\"https:\\\/\\\/www.btv.md\\\/#\\\/schema\\\/person\\\/8fadce81561b3ce2c34c46dadc4ccbf2\"},\"inLanguage\":\"ro-RO\",\"potentialAction\":[{\"@type\":\"ReadAction\",\"target\":[\"https:\\\/\\\/www.btv.md\\\/ro\\\/trei-minori-retinuti-dupa-ce-au-deteriorat-circa-35-de-automobile\\\/\"]}]},{\"@type\":\"ImageObject\",\"inLanguage\":\"ro-RO\",\"@id\":\"https:\\\/\\\/www.btv.md\\\/ro\\\/trei-minori-retinuti-dupa-ce-au-deteriorat-circa-35-de-automobile\\\/#primaryimage\",\"url\":\"https:\\\/\\\/www.btv.md\\\/wp-content\\\/uploads\\\/2021\\\/02\\\/1-50.png\",\"contentUrl\":\"https:\\\/\\\/www.btv.md\\\/wp-content\\\/uploads\\\/2021\\\/02\\\/1-50.png\",\"width\":1318,\"height\":748},{\"@type\":\"WebSite\",\"@id\":\"https:\\\/\\\/www.btv.md\\\/#website\",\"url\":\"https:\\\/\\\/www.btv.md\\\/\",\"name\":\"BTV\",\"description\":\"\u0411\u0435\u043b\u044c\u0446\u043a\u043e\u0435 \u0442\u0435\u043b\u0435\u0432\u0438\u0434\u0435\u043d\u0438\u0435\",\"potentialAction\":[{\"@type\":\"SearchAction\",\"target\":{\"@type\":\"EntryPoint\",\"urlTemplate\":\"https:\\\/\\\/www.btv.md\\\/?s={search_term_string}\"},\"query-input\":{\"@type\":\"PropertyValueSpecification\",\"valueRequired\":true,\"valueName\":\"search_term_string\"}}],\"inLanguage\":\"ro-RO\"},{\"@type\":\"Person\",\"@id\":\"https:\\\/\\\/www.btv.md\\\/#\\\/schema\\\/person\\\/8fadce81561b3ce2c34c46dadc4ccbf2\",\"name\":\"admin\"}]}<\/script>\n<!-- \/ Yoast SEO plugin. -->","yoast_head_json":{"title":"Trei minori, re\u021binu\u021bi dup\u0103 ce au deteriorat circa 35 de automobile - BTV","robots":{"index":"index","follow":"follow","max-snippet":"max-snippet:-1","max-image-preview":"max-image-preview:large","max-video-preview":"max-video-preview:-1"},"canonical":"https:\/\/www.btv.md\/ro\/trei-minori-retinuti-dupa-ce-au-deteriorat-circa-35-de-automobile\/","og_locale":"ro_RO","og_type":"article","og_title":"Trei minori, re\u021binu\u021bi dup\u0103 ce au deteriorat circa 35 de automobile - BTV","og_description":"Trei minori cu v\u00e2rstele de 14 \u0219i 16 ani, originari din Chi\u0219in\u0103u \u0219i Comrat, au fost re\u021binu\u021bi pentru comiterea mai multor furturi din automobile. Ace\u0219tia au p\u0103truns \u00een circa 35 de automobile, transmite newsmaker.md. Potrivit oamenilor legii, cu un obiect asem\u0103n\u0103tor unui ciocan deteriorau geamurile ma\u0219inilor ce erau parcate \u00een cur\u021bile blocurilor de locuit din [&hellip;]","og_url":"https:\/\/www.btv.md\/ro\/trei-minori-retinuti-dupa-ce-au-deteriorat-circa-35-de-automobile\/","og_site_name":"BTV","article_publisher":"https:\/\/www.facebook.com\/btvmoldova\/","article_published_time":"2021-02-19T04:11:02+00:00","og_image":[{"width":1318,"height":748,"url":"https:\/\/www.btv.md\/wp-content\/uploads\/2021\/02\/1-50.png","type":"image\/png"}],"author":"admin","twitter_misc":{"Scris de":"admin","Timp estimat pentru citire":"1 minut"},"schema":{"@context":"https:\/\/schema.org","@graph":[{"@type":"Article","@id":"https:\/\/www.btv.md\/ro\/trei-minori-retinuti-dupa-ce-au-deteriorat-circa-35-de-automobile\/#article","isPartOf":{"@id":"https:\/\/www.btv.md\/ro\/trei-minori-retinuti-dupa-ce-au-deteriorat-circa-35-de-automobile\/"},"author":{"name":"admin","@id":"https:\/\/www.btv.md\/#\/schema\/person\/8fadce81561b3ce2c34c46dadc4ccbf2"},"headline":"Trei minori, re\u021binu\u021bi dup\u0103 ce au deteriorat circa 35 de automobile","datePublished":"2021-02-19T04:11:02+00:00","mainEntityOfPage":{"@id":"https:\/\/www.btv.md\/ro\/trei-minori-retinuti-dupa-ce-au-deteriorat-circa-35-de-automobile\/"},"wordCount":193,"image":{"@id":"https:\/\/www.btv.md\/ro\/trei-minori-retinuti-dupa-ce-au-deteriorat-circa-35-de-automobile\/#primaryimage"},"thumbnailUrl":"https:\/\/www.btv.md\/wp-content\/uploads\/2021\/02\/1-50.png","keywords":["re\u021binu\u021bi dup\u0103 ce au deteriorat circa 35 de automobile","Trei minori"],"articleSection":["Social","\u0218tiri"],"inLanguage":"ro-RO"},{"@type":"WebPage","@id":"https:\/\/www.btv.md\/ro\/trei-minori-retinuti-dupa-ce-au-deteriorat-circa-35-de-automobile\/","url":"https:\/\/www.btv.md\/ro\/trei-minori-retinuti-dupa-ce-au-deteriorat-circa-35-de-automobile\/","name":"Trei minori, re\u021binu\u021bi dup\u0103 ce au deteriorat circa 35 de automobile - BTV","isPartOf":{"@id":"https:\/\/www.btv.md\/#website"},"primaryImageOfPage":{"@id":"https:\/\/www.btv.md\/ro\/trei-minori-retinuti-dupa-ce-au-deteriorat-circa-35-de-automobile\/#primaryimage"},"image":{"@id":"https:\/\/www.btv.md\/ro\/trei-minori-retinuti-dupa-ce-au-deteriorat-circa-35-de-automobile\/#primaryimage"},"thumbnailUrl":"https:\/\/www.btv.md\/wp-content\/uploads\/2021\/02\/1-50.png","datePublished":"2021-02-19T04:11:02+00:00","author":{"@id":"https:\/\/www.btv.md\/#\/schema\/person\/8fadce81561b3ce2c34c46dadc4ccbf2"},"inLanguage":"ro-RO","potentialAction":[{"@type":"ReadAction","target":["https:\/\/www.btv.md\/ro\/trei-minori-retinuti-dupa-ce-au-deteriorat-circa-35-de-automobile\/"]}]},{"@type":"ImageObject","inLanguage":"ro-RO","@id":"https:\/\/www.btv.md\/ro\/trei-minori-retinuti-dupa-ce-au-deteriorat-circa-35-de-automobile\/#primaryimage","url":"https:\/\/www.btv.md\/wp-content\/uploads\/2021\/02\/1-50.png","contentUrl":"https:\/\/www.btv.md\/wp-content\/uploads\/2021\/02\/1-50.png","width":1318,"height":748},{"@type":"WebSite","@id":"https:\/\/www.btv.md\/#website","url":"https:\/\/www.btv.md\/","name":"BTV","description":"\u0411\u0435\u043b\u044c\u0446\u043a\u043e\u0435 \u0442\u0435\u043b\u0435\u0432\u0438\u0434\u0435\u043d\u0438\u0435","potentialAction":[{"@type":"SearchAction","target":{"@type":"EntryPoint","urlTemplate":"https:\/\/www.btv.md\/?s={search_term_string}"},"query-input":{"@type":"PropertyValueSpecification","valueRequired":true,"valueName":"search_term_string"}}],"inLanguage":"ro-RO"},{"@type":"Person","@id":"https:\/\/www.btv.md\/#\/schema\/person\/8fadce81561b3ce2c34c46dadc4ccbf2","name":"admin"}]}},"_links":{"self":[{"href":"https:\/\/www.btv.md\/ro\/wp-json\/wp\/v2\/posts\/115140","targetHints":{"allow":["GET"]}}],"collection":[{"href":"https:\/\/www.btv.md\/ro\/wp-json\/wp\/v2\/posts"}],"about":[{"href":"https:\/\/www.btv.md\/ro\/wp-json\/wp\/v2\/types\/post"}],"author":[{"embeddable":true,"href":"https:\/\/www.btv.md\/ro\/wp-json\/wp\/v2\/users\/4"}],"replies":[{"embeddable":true,"href":"https:\/\/www.btv.md\/ro\/wp-json\/wp\/v2\/comments?post=115140"}],"version-history":[{"count":0,"href":"https:\/\/www.btv.md\/ro\/wp-json\/wp\/v2\/posts\/115140\/revisions"}],"wp:featuredmedia":[{"embeddable":true,"href":"https:\/\/www.btv.md\/ro\/wp-json\/wp\/v2\/media\/115099"}],"wp:attachment":[{"href":"https:\/\/www.btv.md\/ro\/wp-json\/wp\/v2\/media?parent=115140"}],"wp:term":[{"taxonomy":"category","embeddable":true,"href":"https:\/\/www.btv.md\/ro\/wp-json\/wp\/v2\/categories?post=115140"},{"taxonomy":"post_tag","embeddable":true,"href":"https:\/\/www.btv.md\/ro\/wp-json\/wp\/v2\/tags?post=115140"}],"curies":[{"name":"wp","href":"https:\/\/api.w.org\/{rel}","templated":true}]}}