{"id":115142,"date":"2021-02-19T06:06:37","date_gmt":"2021-02-19T04:06:37","guid":{"rendered":"http:\/\/www.btv.md\/?p=115142"},"modified":"2021-02-18T19:48:56","modified_gmt":"2021-02-18T17:48:56","slug":"transportul-de-pasageri-va-fi-sistat-marti-in-toata-tara","status":"publish","type":"post","link":"https:\/\/www.btv.md\/ro\/transportul-de-pasageri-va-fi-sistat-marti-in-toata-tara\/","title":{"rendered":"Transportul de pasageri va fi sistat, mar\u021bi, \u00een toat\u0103 \u021bara"},"content":{"rendered":"<p><strong>Transportul regulat de pasageri va fi sistat pentru o zi pe \u00eentreg teritoriul Republicii Moldova. Anun\u021bul a fost f\u0103cut de Asocia\u021bia Patronal\u0103 a Operatorilor de Transport Auto (APOTA), pe 18 februarie, \u00een semn de protest fa\u021b\u0103 de m\u0103surile autorit\u0103\u021bilor, \u00een contextul crizei pandemice. M\u0103sura vizeaz\u0103 \u0219i transportul privat.<\/strong><\/p>\n<div>\n<div id=\"adfox_157348091108872941\"><span style=\"text-transform: initial;\">Ac\u021biunea se va desf\u0103\u0219ura s\u0103pt\u0103m\u00e2na viitoare, mar\u021bi, 23 februarie, transmite <a href=\"https:\/\/newsmaker.md\/\">newsmaker.m<\/a>d.<\/span><\/div>\n<\/div>\n<p>Pre\u0219edintele Consiliului APOTA, Oleg Alexa, a precizat c\u0103 protestul va avea loc drept reac\u021bie la amenzile aplicate transportatorilor, pentru c\u0103 nu au respectat prevederile Comisiei Na\u021bionale Extraordinare de S\u0103n\u0103tate Public\u0103, inclusiv cea privind limitarea num\u0103rului de pasageri din mijloacele de transport.<\/p>\n<p>De asemenea, transportatorii sus\u021bin c\u0103 prevederile care vizeaz\u0103 transportul de pasageri nu-\u0219i vor atinge scopul, \u00een lipsa unor m\u0103suri complexe de ordin social, economic \u0219i financiar.<\/p>\n<p>\u201eDin contra, vor crea riscuri noi \u0219i mai greu monitorizate de autorit\u0103\u021bi. Ne cerem scuze de la pasageri pentru lovitura pe care vor fi nevoi\u021bi s\u0103 o primeasc\u0103 din cauza sist\u0103rii transportului. Nu avem alt\u0103 cale s\u0103 ar\u0103t\u0103m lipsa competen\u021bei func\u021bionarilor publici, dec\u00e2t s\u0103 sist\u0103m transportul\u201d, se arat\u0103 \u00een comunicat.<\/p>\n<p>Decizia privind ziua sist\u0103rii transportului a fost adoptat\u0103 \u00een cadrul unei \u0219edin\u021be a Consiliului APOTA, care s-a desf\u0103\u0219urat la ora 14:00.<\/p>\n<p>Starea de urgen\u021b\u0103 a fost prelungit\u0103 printr-o decizie anun\u021bat\u0103 pe 15 februarie de Comisia Na\u021bional\u0103 Extraordinar\u0103 de S\u0103n\u0103tate Public\u0103 (CNESP). Printre restric\u021biile anun\u021bate se num\u0103r\u0103 reducerea \u00een jum\u0103tate a num\u0103rului de persoane care pot circula simultan \u00een mijloacele de transport public.<\/p>\n<p>Sursa <span style=\"text-transform: initial;\"><a href=\"https:\/\/newsmaker.md\/\">newsmaker.m<\/a>d<\/span><\/p>\n","protected":false},"excerpt":{"rendered":"<p>Transportul regulat de pasageri va fi sistat pentru o zi pe \u00eentreg teritoriul Republicii Moldova. Anun\u021bul a fost f\u0103cut de Asocia\u021bia Patronal\u0103 a Operatorilor de Transport Auto (APOTA), pe 18 februarie, \u00een semn de protest fa\u021b\u0103 de m\u0103surile autorit\u0103\u021bilor, \u00een contextul crizei pandemice. M\u0103sura vizeaz\u0103 \u0219i transportul privat. Ac\u021biunea se va desf\u0103\u0219ura s\u0103pt\u0103m\u00e2na viitoare, mar\u021bi, [&hellip;]<\/p>\n","protected":false},"author":4,"featured_media":114656,"comment_status":"closed","ping_status":"closed","sticky":false,"template":"","format":"standard","meta":{"footnotes":""},"categories":[6369,6377],"tags":[21870,21869,21868],"class_list":["post-115142","post","type-post","status-publish","format-standard","has-post-thumbnail","hentry","category-economie-ro","category-stiri","tag-in-toata-tara","tag-marti","tag-transportul-de-pasageri-va-fi-sistat"],"yoast_head":"<!-- This site is optimized with the Yoast SEO plugin v27.4 - https:\/\/yoast.com\/product\/yoast-seo-wordpress\/ -->\n<title>Transportul de pasageri va fi sistat, mar\u021bi, \u00een toat\u0103 \u021bara - BTV<\/title>\n<meta name=\"robots\" content=\"index, follow, max-snippet:-1, max-image-preview:large, max-video-preview:-1\" \/>\n<link rel=\"canonical\" href=\"https:\/\/www.btv.md\/ro\/transportul-de-pasageri-va-fi-sistat-marti-in-toata-tara\/\" \/>\n<meta property=\"og:locale\" content=\"ro_RO\" \/>\n<meta property=\"og:type\" content=\"article\" \/>\n<meta property=\"og:title\" content=\"Transportul de pasageri va fi sistat, mar\u021bi, \u00een toat\u0103 \u021bara - BTV\" \/>\n<meta property=\"og:description\" content=\"Transportul regulat de pasageri va fi sistat pentru o zi pe \u00eentreg teritoriul Republicii Moldova. Anun\u021bul a fost f\u0103cut de Asocia\u021bia Patronal\u0103 a Operatorilor de Transport Auto (APOTA), pe 18 februarie, \u00een semn de protest fa\u021b\u0103 de m\u0103surile autorit\u0103\u021bilor, \u00een contextul crizei pandemice. M\u0103sura vizeaz\u0103 \u0219i transportul privat. Ac\u021biunea se va desf\u0103\u0219ura s\u0103pt\u0103m\u00e2na viitoare, mar\u021bi, [&hellip;]\" \/>\n<meta property=\"og:url\" content=\"https:\/\/www.btv.md\/ro\/transportul-de-pasageri-va-fi-sistat-marti-in-toata-tara\/\" \/>\n<meta property=\"og:site_name\" content=\"BTV\" \/>\n<meta property=\"article:publisher\" content=\"https:\/\/www.facebook.com\/btvmoldova\/\" \/>\n<meta property=\"article:published_time\" content=\"2021-02-19T04:06:37+00:00\" \/>\n<meta property=\"og:image\" content=\"https:\/\/www.btv.md\/wp-content\/uploads\/2021\/02\/marshrutki.jpg\" \/>\n\t<meta property=\"og:image:width\" content=\"610\" \/>\n\t<meta property=\"og:image:height\" content=\"460\" \/>\n\t<meta property=\"og:image:type\" content=\"image\/jpeg\" \/>\n<meta name=\"author\" content=\"admin\" \/>\n<meta name=\"twitter:label1\" content=\"Scris de\" \/>\n\t<meta name=\"twitter:data1\" content=\"admin\" \/>\n\t<meta name=\"twitter:label2\" content=\"Timp estimat pentru citire\" \/>\n\t<meta name=\"twitter:data2\" content=\"2 minute\" \/>\n<script type=\"application\/ld+json\" class=\"yoast-schema-graph\">{\"@context\":\"https:\\\/\\\/schema.org\",\"@graph\":[{\"@type\":\"Article\",\"@id\":\"https:\\\/\\\/www.btv.md\\\/ro\\\/transportul-de-pasageri-va-fi-sistat-marti-in-toata-tara\\\/#article\",\"isPartOf\":{\"@id\":\"https:\\\/\\\/www.btv.md\\\/ro\\\/transportul-de-pasageri-va-fi-sistat-marti-in-toata-tara\\\/\"},\"author\":{\"name\":\"admin\",\"@id\":\"https:\\\/\\\/www.btv.md\\\/#\\\/schema\\\/person\\\/8fadce81561b3ce2c34c46dadc4ccbf2\"},\"headline\":\"Transportul de pasageri va fi sistat, mar\u021bi, \u00een toat\u0103 \u021bara\",\"datePublished\":\"2021-02-19T04:06:37+00:00\",\"mainEntityOfPage\":{\"@id\":\"https:\\\/\\\/www.btv.md\\\/ro\\\/transportul-de-pasageri-va-fi-sistat-marti-in-toata-tara\\\/\"},\"wordCount\":291,\"image\":{\"@id\":\"https:\\\/\\\/www.btv.md\\\/ro\\\/transportul-de-pasageri-va-fi-sistat-marti-in-toata-tara\\\/#primaryimage\"},\"thumbnailUrl\":\"https:\\\/\\\/www.btv.md\\\/wp-content\\\/uploads\\\/2021\\\/02\\\/marshrutki.jpg\",\"keywords\":[\"\u00een toat\u0103 \u021bara\",\"mar\u021bi\",\"Transportul de pasageri va fi sistat\"],\"articleSection\":[\"Economie\",\"\u0218tiri\"],\"inLanguage\":\"ro-RO\"},{\"@type\":\"WebPage\",\"@id\":\"https:\\\/\\\/www.btv.md\\\/ro\\\/transportul-de-pasageri-va-fi-sistat-marti-in-toata-tara\\\/\",\"url\":\"https:\\\/\\\/www.btv.md\\\/ro\\\/transportul-de-pasageri-va-fi-sistat-marti-in-toata-tara\\\/\",\"name\":\"Transportul de pasageri va fi sistat, mar\u021bi, \u00een toat\u0103 \u021bara - BTV\",\"isPartOf\":{\"@id\":\"https:\\\/\\\/www.btv.md\\\/#website\"},\"primaryImageOfPage\":{\"@id\":\"https:\\\/\\\/www.btv.md\\\/ro\\\/transportul-de-pasageri-va-fi-sistat-marti-in-toata-tara\\\/#primaryimage\"},\"image\":{\"@id\":\"https:\\\/\\\/www.btv.md\\\/ro\\\/transportul-de-pasageri-va-fi-sistat-marti-in-toata-tara\\\/#primaryimage\"},\"thumbnailUrl\":\"https:\\\/\\\/www.btv.md\\\/wp-content\\\/uploads\\\/2021\\\/02\\\/marshrutki.jpg\",\"datePublished\":\"2021-02-19T04:06:37+00:00\",\"author\":{\"@id\":\"https:\\\/\\\/www.btv.md\\\/#\\\/schema\\\/person\\\/8fadce81561b3ce2c34c46dadc4ccbf2\"},\"inLanguage\":\"ro-RO\",\"potentialAction\":[{\"@type\":\"ReadAction\",\"target\":[\"https:\\\/\\\/www.btv.md\\\/ro\\\/transportul-de-pasageri-va-fi-sistat-marti-in-toata-tara\\\/\"]}]},{\"@type\":\"ImageObject\",\"inLanguage\":\"ro-RO\",\"@id\":\"https:\\\/\\\/www.btv.md\\\/ro\\\/transportul-de-pasageri-va-fi-sistat-marti-in-toata-tara\\\/#primaryimage\",\"url\":\"https:\\\/\\\/www.btv.md\\\/wp-content\\\/uploads\\\/2021\\\/02\\\/marshrutki.jpg\",\"contentUrl\":\"https:\\\/\\\/www.btv.md\\\/wp-content\\\/uploads\\\/2021\\\/02\\\/marshrutki.jpg\",\"width\":610,\"height\":460},{\"@type\":\"WebSite\",\"@id\":\"https:\\\/\\\/www.btv.md\\\/#website\",\"url\":\"https:\\\/\\\/www.btv.md\\\/\",\"name\":\"BTV\",\"description\":\"\u0411\u0435\u043b\u044c\u0446\u043a\u043e\u0435 \u0442\u0435\u043b\u0435\u0432\u0438\u0434\u0435\u043d\u0438\u0435\",\"potentialAction\":[{\"@type\":\"SearchAction\",\"target\":{\"@type\":\"EntryPoint\",\"urlTemplate\":\"https:\\\/\\\/www.btv.md\\\/?s={search_term_string}\"},\"query-input\":{\"@type\":\"PropertyValueSpecification\",\"valueRequired\":true,\"valueName\":\"search_term_string\"}}],\"inLanguage\":\"ro-RO\"},{\"@type\":\"Person\",\"@id\":\"https:\\\/\\\/www.btv.md\\\/#\\\/schema\\\/person\\\/8fadce81561b3ce2c34c46dadc4ccbf2\",\"name\":\"admin\"}]}<\/script>\n<!-- \/ Yoast SEO plugin. -->","yoast_head_json":{"title":"Transportul de pasageri va fi sistat, mar\u021bi, \u00een toat\u0103 \u021bara - BTV","robots":{"index":"index","follow":"follow","max-snippet":"max-snippet:-1","max-image-preview":"max-image-preview:large","max-video-preview":"max-video-preview:-1"},"canonical":"https:\/\/www.btv.md\/ro\/transportul-de-pasageri-va-fi-sistat-marti-in-toata-tara\/","og_locale":"ro_RO","og_type":"article","og_title":"Transportul de pasageri va fi sistat, mar\u021bi, \u00een toat\u0103 \u021bara - BTV","og_description":"Transportul regulat de pasageri va fi sistat pentru o zi pe \u00eentreg teritoriul Republicii Moldova. Anun\u021bul a fost f\u0103cut de Asocia\u021bia Patronal\u0103 a Operatorilor de Transport Auto (APOTA), pe 18 februarie, \u00een semn de protest fa\u021b\u0103 de m\u0103surile autorit\u0103\u021bilor, \u00een contextul crizei pandemice. M\u0103sura vizeaz\u0103 \u0219i transportul privat. Ac\u021biunea se va desf\u0103\u0219ura s\u0103pt\u0103m\u00e2na viitoare, mar\u021bi, [&hellip;]","og_url":"https:\/\/www.btv.md\/ro\/transportul-de-pasageri-va-fi-sistat-marti-in-toata-tara\/","og_site_name":"BTV","article_publisher":"https:\/\/www.facebook.com\/btvmoldova\/","article_published_time":"2021-02-19T04:06:37+00:00","og_image":[{"width":610,"height":460,"url":"https:\/\/www.btv.md\/wp-content\/uploads\/2021\/02\/marshrutki.jpg","type":"image\/jpeg"}],"author":"admin","twitter_misc":{"Scris de":"admin","Timp estimat pentru citire":"2 minute"},"schema":{"@context":"https:\/\/schema.org","@graph":[{"@type":"Article","@id":"https:\/\/www.btv.md\/ro\/transportul-de-pasageri-va-fi-sistat-marti-in-toata-tara\/#article","isPartOf":{"@id":"https:\/\/www.btv.md\/ro\/transportul-de-pasageri-va-fi-sistat-marti-in-toata-tara\/"},"author":{"name":"admin","@id":"https:\/\/www.btv.md\/#\/schema\/person\/8fadce81561b3ce2c34c46dadc4ccbf2"},"headline":"Transportul de pasageri va fi sistat, mar\u021bi, \u00een toat\u0103 \u021bara","datePublished":"2021-02-19T04:06:37+00:00","mainEntityOfPage":{"@id":"https:\/\/www.btv.md\/ro\/transportul-de-pasageri-va-fi-sistat-marti-in-toata-tara\/"},"wordCount":291,"image":{"@id":"https:\/\/www.btv.md\/ro\/transportul-de-pasageri-va-fi-sistat-marti-in-toata-tara\/#primaryimage"},"thumbnailUrl":"https:\/\/www.btv.md\/wp-content\/uploads\/2021\/02\/marshrutki.jpg","keywords":["\u00een toat\u0103 \u021bara","mar\u021bi","Transportul de pasageri va fi sistat"],"articleSection":["Economie","\u0218tiri"],"inLanguage":"ro-RO"},{"@type":"WebPage","@id":"https:\/\/www.btv.md\/ro\/transportul-de-pasageri-va-fi-sistat-marti-in-toata-tara\/","url":"https:\/\/www.btv.md\/ro\/transportul-de-pasageri-va-fi-sistat-marti-in-toata-tara\/","name":"Transportul de pasageri va fi sistat, mar\u021bi, \u00een toat\u0103 \u021bara - BTV","isPartOf":{"@id":"https:\/\/www.btv.md\/#website"},"primaryImageOfPage":{"@id":"https:\/\/www.btv.md\/ro\/transportul-de-pasageri-va-fi-sistat-marti-in-toata-tara\/#primaryimage"},"image":{"@id":"https:\/\/www.btv.md\/ro\/transportul-de-pasageri-va-fi-sistat-marti-in-toata-tara\/#primaryimage"},"thumbnailUrl":"https:\/\/www.btv.md\/wp-content\/uploads\/2021\/02\/marshrutki.jpg","datePublished":"2021-02-19T04:06:37+00:00","author":{"@id":"https:\/\/www.btv.md\/#\/schema\/person\/8fadce81561b3ce2c34c46dadc4ccbf2"},"inLanguage":"ro-RO","potentialAction":[{"@type":"ReadAction","target":["https:\/\/www.btv.md\/ro\/transportul-de-pasageri-va-fi-sistat-marti-in-toata-tara\/"]}]},{"@type":"ImageObject","inLanguage":"ro-RO","@id":"https:\/\/www.btv.md\/ro\/transportul-de-pasageri-va-fi-sistat-marti-in-toata-tara\/#primaryimage","url":"https:\/\/www.btv.md\/wp-content\/uploads\/2021\/02\/marshrutki.jpg","contentUrl":"https:\/\/www.btv.md\/wp-content\/uploads\/2021\/02\/marshrutki.jpg","width":610,"height":460},{"@type":"WebSite","@id":"https:\/\/www.btv.md\/#website","url":"https:\/\/www.btv.md\/","name":"BTV","description":"\u0411\u0435\u043b\u044c\u0446\u043a\u043e\u0435 \u0442\u0435\u043b\u0435\u0432\u0438\u0434\u0435\u043d\u0438\u0435","potentialAction":[{"@type":"SearchAction","target":{"@type":"EntryPoint","urlTemplate":"https:\/\/www.btv.md\/?s={search_term_string}"},"query-input":{"@type":"PropertyValueSpecification","valueRequired":true,"valueName":"search_term_string"}}],"inLanguage":"ro-RO"},{"@type":"Person","@id":"https:\/\/www.btv.md\/#\/schema\/person\/8fadce81561b3ce2c34c46dadc4ccbf2","name":"admin"}]}},"_links":{"self":[{"href":"https:\/\/www.btv.md\/ro\/wp-json\/wp\/v2\/posts\/115142","targetHints":{"allow":["GET"]}}],"collection":[{"href":"https:\/\/www.btv.md\/ro\/wp-json\/wp\/v2\/posts"}],"about":[{"href":"https:\/\/www.btv.md\/ro\/wp-json\/wp\/v2\/types\/post"}],"author":[{"embeddable":true,"href":"https:\/\/www.btv.md\/ro\/wp-json\/wp\/v2\/users\/4"}],"replies":[{"embeddable":true,"href":"https:\/\/www.btv.md\/ro\/wp-json\/wp\/v2\/comments?post=115142"}],"version-history":[{"count":0,"href":"https:\/\/www.btv.md\/ro\/wp-json\/wp\/v2\/posts\/115142\/revisions"}],"wp:featuredmedia":[{"embeddable":true,"href":"https:\/\/www.btv.md\/ro\/wp-json\/wp\/v2\/media\/114656"}],"wp:attachment":[{"href":"https:\/\/www.btv.md\/ro\/wp-json\/wp\/v2\/media?parent=115142"}],"wp:term":[{"taxonomy":"category","embeddable":true,"href":"https:\/\/www.btv.md\/ro\/wp-json\/wp\/v2\/categories?post=115142"},{"taxonomy":"post_tag","embeddable":true,"href":"https:\/\/www.btv.md\/ro\/wp-json\/wp\/v2\/tags?post=115142"}],"curies":[{"name":"wp","href":"https:\/\/api.w.org\/{rel}","templated":true}]}}