{"id":115144,"date":"2021-02-19T06:13:59","date_gmt":"2021-02-19T04:13:59","guid":{"rendered":"http:\/\/www.btv.md\/?p=115144"},"modified":"2021-02-18T19:54:25","modified_gmt":"2021-02-18T17:54:25","slug":"din-cauza-dosarelor-fabricate-pe-timpul-regimului-plahotniuc-republica-va-suferi-pagube-enorme","status":"publish","type":"post","link":"https:\/\/www.btv.md\/ro\/din-cauza-dosarelor-fabricate-pe-timpul-regimului-plahotniuc-republica-va-suferi-pagube-enorme\/","title":{"rendered":"Din cauza dosarelor, fabricate pe timpul regimului Plahotniuc, republica va suferi pagube enorme"},"content":{"rendered":"<p><strong>Avocatul Eduard Rudenco, pre\u0219edinte al Asocia\u021biei \u201eDreptul la Dreptate\u201d, afirm\u0103 c\u0103, din cauza dosarelor fabricate pe timpul regimului condus de Vlad Plahotniuc, Republica Moldova va suferi pagube enorme.<\/strong><\/p>\n<p>Mai mult, el afirm\u0103 c\u0103, demnitarii care au contribuit la fabricarea dosarelor au f\u0103cut averi colosale, dar \u201ecare sunt \u00eenregistrate pe rudele apropiate\u201d, transmite\u00a0<a href=\"https:\/\/stiri.md\/\"><b>\u0218tiri.md<\/b><\/a>.<\/p>\n<p>Rudenco a sus\u021binut o nou\u0103 conferin\u021b\u0103 de pres\u0103 unde a povestit cum erau fabricate dosarele \u0219i cine era executorul.<\/p>\n<p>\u201eDac\u0103 facem o sintez\u0103 putem observa c\u0103 procurorii, judec\u0103torii c\u00e2nd devin procurori, judec\u0103tori, peste un timp oarecare, la ei \u00een familie se \u00eent\u00e2mpl\u0103 ciud\u0103\u021benii greu de explicat. \u00cen unele cazuri, p\u0103rin\u021bii devin oameni de afaceri destul de prosperi sau copiii care au o v\u00e2rst\u0103 demn\u0103 de a face business devin afaceri\u0219ti\u201d, a declarat Rudenco, \u00een cadrul unei conferin\u021be de pres\u0103.<\/p>\n<p>Avocatul a mai spus c\u0103 procurorul Adrian Popenco, \u00een anii 2010-2011 a ie\u0219it la ramp\u0103 fiind o verig\u0103 foarte important\u0103 \u00een atacuri raiduri.<\/p>\n<p>\u201e\u00cen aceast\u0103 perioad\u0103 Vlad Plahotniuc a \u00eenceput a captura statul. Au \u00eenceput atacurile asupra blocului economic. Primele atacuri evidente asupra b\u0103ncii Victoriabank a \u00eenceput \u00een aceast\u0103 perioad\u0103. Atunci prin intermediul acestui procuror au fost pornite cauze penale \u00een privin\u021ba lui Viorel \u021aopa \u2013 care de\u021binea ac\u021biuni la Victoriabank, Victoria Asigur\u0103ri, Banca de Economii, ASITO. \u00cen consecin\u021b\u0103, Viorel \u021aopa a fost condamnat, iar ac\u021biunile Victoriabank, Victoria Asigur\u0103ri, ASITO, Banca de Economii au ajuns sub controlul grupului criminal Plahotniuc\u201d, afirm\u0103 Rudenco.<\/p>\n<p>Avocatul este convins c\u0103, din cauza acestor ac\u021biuni criminale, Republica Moldova va suferi \u0219i material.<\/p>\n<p>\u201eSunt sigur c\u0103 Curtea European\u0103 se va pronun\u021ba, iar Republica Moldova va suferi pagube enorme. Noi vom trebui s\u0103 achit\u0103m pentru ace\u0219ti indivizi care au activat \u00een interesul unui grup criminal. Eu vorbesc de sume de milioane de euro, care iar vor fi o povar\u0103 pentru bugetul Republicii Moldova, pentru noi, cet\u0103\u021benii acestui stat\u201d, a notat Eduard Rudenco.<\/p>\n<p>Preciz\u0103m c\u0103, Asocia\u021bia Ob\u0219teasc\u0103 \u201eDreptul la Dreptate\u201d a prezentat anterior o list\u0103 de 25 de dosare fabricate pe timpul regimului Plahotniuc, printre care cele ale lui Victor \u0219i Viorel \u021aopa, Iurie Bolboceanu, Valeriu Malarciuc, Natalia Ursachi, Vlad Mustea\u021b\u0103, Igor Bor\u0219, Andrei Tranga.<\/p>\n<p>Procurorul vizat nu a comentat, deocamdat\u0103, acuza\u021biile care i s-au adus.<\/p>\n<p>Sursa <a href=\"https:\/\/stiri.md\/\"><b>\u0218tiri.md<\/b><\/a><\/p>\n","protected":false},"excerpt":{"rendered":"<p>Avocatul Eduard Rudenco, pre\u0219edinte al Asocia\u021biei \u201eDreptul la Dreptate\u201d, afirm\u0103 c\u0103, din cauza dosarelor fabricate pe timpul regimului condus de Vlad Plahotniuc, Republica Moldova va suferi pagube enorme. Mai mult, el afirm\u0103 c\u0103, demnitarii care au contribuit la fabricarea dosarelor au f\u0103cut averi colosale, dar \u201ecare sunt \u00eenregistrate pe rudele apropiate\u201d, transmite\u00a0\u0218tiri.md. Rudenco a sus\u021binut [&hellip;]<\/p>\n","protected":false},"author":4,"featured_media":115145,"comment_status":"closed","ping_status":"closed","sticky":false,"template":"","format":"standard","meta":{"footnotes":""},"categories":[6368,6377],"tags":[21871,21872,21873],"class_list":["post-115144","post","type-post","status-publish","format-standard","has-post-thumbnail","hentry","category-politica-ro","category-stiri","tag-din-cauza-dosarelor","tag-fabricate-pe-timpul-regimului-plahotniuc","tag-republica-va-suferi-pagube-enorme"],"yoast_head":"<!-- This site is optimized with the Yoast SEO plugin v27.4 - https:\/\/yoast.com\/product\/yoast-seo-wordpress\/ -->\n<title>Din cauza dosarelor, fabricate pe timpul regimului Plahotniuc, republica va suferi pagube enorme - BTV<\/title>\n<meta name=\"robots\" content=\"index, follow, max-snippet:-1, max-image-preview:large, max-video-preview:-1\" \/>\n<link rel=\"canonical\" href=\"https:\/\/www.btv.md\/ro\/din-cauza-dosarelor-fabricate-pe-timpul-regimului-plahotniuc-republica-va-suferi-pagube-enorme\/\" \/>\n<meta property=\"og:locale\" content=\"ro_RO\" \/>\n<meta property=\"og:type\" content=\"article\" \/>\n<meta property=\"og:title\" content=\"Din cauza dosarelor, fabricate pe timpul regimului Plahotniuc, republica va suferi pagube enorme - BTV\" \/>\n<meta property=\"og:description\" content=\"Avocatul Eduard Rudenco, pre\u0219edinte al Asocia\u021biei \u201eDreptul la Dreptate\u201d, afirm\u0103 c\u0103, din cauza dosarelor fabricate pe timpul regimului condus de Vlad Plahotniuc, Republica Moldova va suferi pagube enorme. Mai mult, el afirm\u0103 c\u0103, demnitarii care au contribuit la fabricarea dosarelor au f\u0103cut averi colosale, dar \u201ecare sunt \u00eenregistrate pe rudele apropiate\u201d, transmite\u00a0\u0218tiri.md. Rudenco a sus\u021binut [&hellip;]\" \/>\n<meta property=\"og:url\" content=\"https:\/\/www.btv.md\/ro\/din-cauza-dosarelor-fabricate-pe-timpul-regimului-plahotniuc-republica-va-suferi-pagube-enorme\/\" \/>\n<meta property=\"og:site_name\" content=\"BTV\" \/>\n<meta property=\"article:publisher\" content=\"https:\/\/www.facebook.com\/btvmoldova\/\" \/>\n<meta property=\"article:published_time\" content=\"2021-02-19T04:13:59+00:00\" \/>\n<meta property=\"og:image\" content=\"https:\/\/www.btv.md\/wp-content\/uploads\/2021\/02\/1-54.png\" \/>\n\t<meta property=\"og:image:width\" content=\"914\" \/>\n\t<meta property=\"og:image:height\" content=\"509\" \/>\n\t<meta property=\"og:image:type\" content=\"image\/png\" \/>\n<meta name=\"author\" content=\"admin\" \/>\n<meta name=\"twitter:label1\" content=\"Scris de\" \/>\n\t<meta name=\"twitter:data1\" content=\"admin\" \/>\n\t<meta name=\"twitter:label2\" content=\"Timp estimat pentru citire\" \/>\n\t<meta name=\"twitter:data2\" content=\"2 minute\" \/>\n<script type=\"application\/ld+json\" class=\"yoast-schema-graph\">{\"@context\":\"https:\\\/\\\/schema.org\",\"@graph\":[{\"@type\":\"Article\",\"@id\":\"https:\\\/\\\/www.btv.md\\\/ro\\\/din-cauza-dosarelor-fabricate-pe-timpul-regimului-plahotniuc-republica-va-suferi-pagube-enorme\\\/#article\",\"isPartOf\":{\"@id\":\"https:\\\/\\\/www.btv.md\\\/ro\\\/din-cauza-dosarelor-fabricate-pe-timpul-regimului-plahotniuc-republica-va-suferi-pagube-enorme\\\/\"},\"author\":{\"name\":\"admin\",\"@id\":\"https:\\\/\\\/www.btv.md\\\/#\\\/schema\\\/person\\\/8fadce81561b3ce2c34c46dadc4ccbf2\"},\"headline\":\"Din cauza dosarelor, fabricate pe timpul regimului Plahotniuc, republica va suferi pagube enorme\",\"datePublished\":\"2021-02-19T04:13:59+00:00\",\"mainEntityOfPage\":{\"@id\":\"https:\\\/\\\/www.btv.md\\\/ro\\\/din-cauza-dosarelor-fabricate-pe-timpul-regimului-plahotniuc-republica-va-suferi-pagube-enorme\\\/\"},\"wordCount\":406,\"image\":{\"@id\":\"https:\\\/\\\/www.btv.md\\\/ro\\\/din-cauza-dosarelor-fabricate-pe-timpul-regimului-plahotniuc-republica-va-suferi-pagube-enorme\\\/#primaryimage\"},\"thumbnailUrl\":\"https:\\\/\\\/www.btv.md\\\/wp-content\\\/uploads\\\/2021\\\/02\\\/1-54.png\",\"keywords\":[\"Din cauza dosarelor\",\"fabricate pe timpul regimului Plahotniuc\",\"republica va suferi pagube enorme\"],\"articleSection\":[\"Politic\u0103\",\"\u0218tiri\"],\"inLanguage\":\"ro-RO\"},{\"@type\":\"WebPage\",\"@id\":\"https:\\\/\\\/www.btv.md\\\/ro\\\/din-cauza-dosarelor-fabricate-pe-timpul-regimului-plahotniuc-republica-va-suferi-pagube-enorme\\\/\",\"url\":\"https:\\\/\\\/www.btv.md\\\/ro\\\/din-cauza-dosarelor-fabricate-pe-timpul-regimului-plahotniuc-republica-va-suferi-pagube-enorme\\\/\",\"name\":\"Din cauza dosarelor, fabricate pe timpul regimului Plahotniuc, republica va suferi pagube enorme - BTV\",\"isPartOf\":{\"@id\":\"https:\\\/\\\/www.btv.md\\\/#website\"},\"primaryImageOfPage\":{\"@id\":\"https:\\\/\\\/www.btv.md\\\/ro\\\/din-cauza-dosarelor-fabricate-pe-timpul-regimului-plahotniuc-republica-va-suferi-pagube-enorme\\\/#primaryimage\"},\"image\":{\"@id\":\"https:\\\/\\\/www.btv.md\\\/ro\\\/din-cauza-dosarelor-fabricate-pe-timpul-regimului-plahotniuc-republica-va-suferi-pagube-enorme\\\/#primaryimage\"},\"thumbnailUrl\":\"https:\\\/\\\/www.btv.md\\\/wp-content\\\/uploads\\\/2021\\\/02\\\/1-54.png\",\"datePublished\":\"2021-02-19T04:13:59+00:00\",\"author\":{\"@id\":\"https:\\\/\\\/www.btv.md\\\/#\\\/schema\\\/person\\\/8fadce81561b3ce2c34c46dadc4ccbf2\"},\"inLanguage\":\"ro-RO\",\"potentialAction\":[{\"@type\":\"ReadAction\",\"target\":[\"https:\\\/\\\/www.btv.md\\\/ro\\\/din-cauza-dosarelor-fabricate-pe-timpul-regimului-plahotniuc-republica-va-suferi-pagube-enorme\\\/\"]}]},{\"@type\":\"ImageObject\",\"inLanguage\":\"ro-RO\",\"@id\":\"https:\\\/\\\/www.btv.md\\\/ro\\\/din-cauza-dosarelor-fabricate-pe-timpul-regimului-plahotniuc-republica-va-suferi-pagube-enorme\\\/#primaryimage\",\"url\":\"https:\\\/\\\/www.btv.md\\\/wp-content\\\/uploads\\\/2021\\\/02\\\/1-54.png\",\"contentUrl\":\"https:\\\/\\\/www.btv.md\\\/wp-content\\\/uploads\\\/2021\\\/02\\\/1-54.png\",\"width\":914,\"height\":509},{\"@type\":\"WebSite\",\"@id\":\"https:\\\/\\\/www.btv.md\\\/#website\",\"url\":\"https:\\\/\\\/www.btv.md\\\/\",\"name\":\"BTV\",\"description\":\"\u0411\u0435\u043b\u044c\u0446\u043a\u043e\u0435 \u0442\u0435\u043b\u0435\u0432\u0438\u0434\u0435\u043d\u0438\u0435\",\"potentialAction\":[{\"@type\":\"SearchAction\",\"target\":{\"@type\":\"EntryPoint\",\"urlTemplate\":\"https:\\\/\\\/www.btv.md\\\/?s={search_term_string}\"},\"query-input\":{\"@type\":\"PropertyValueSpecification\",\"valueRequired\":true,\"valueName\":\"search_term_string\"}}],\"inLanguage\":\"ro-RO\"},{\"@type\":\"Person\",\"@id\":\"https:\\\/\\\/www.btv.md\\\/#\\\/schema\\\/person\\\/8fadce81561b3ce2c34c46dadc4ccbf2\",\"name\":\"admin\"}]}<\/script>\n<!-- \/ Yoast SEO plugin. -->","yoast_head_json":{"title":"Din cauza dosarelor, fabricate pe timpul regimului Plahotniuc, republica va suferi pagube enorme - BTV","robots":{"index":"index","follow":"follow","max-snippet":"max-snippet:-1","max-image-preview":"max-image-preview:large","max-video-preview":"max-video-preview:-1"},"canonical":"https:\/\/www.btv.md\/ro\/din-cauza-dosarelor-fabricate-pe-timpul-regimului-plahotniuc-republica-va-suferi-pagube-enorme\/","og_locale":"ro_RO","og_type":"article","og_title":"Din cauza dosarelor, fabricate pe timpul regimului Plahotniuc, republica va suferi pagube enorme - BTV","og_description":"Avocatul Eduard Rudenco, pre\u0219edinte al Asocia\u021biei \u201eDreptul la Dreptate\u201d, afirm\u0103 c\u0103, din cauza dosarelor fabricate pe timpul regimului condus de Vlad Plahotniuc, Republica Moldova va suferi pagube enorme. Mai mult, el afirm\u0103 c\u0103, demnitarii care au contribuit la fabricarea dosarelor au f\u0103cut averi colosale, dar \u201ecare sunt \u00eenregistrate pe rudele apropiate\u201d, transmite\u00a0\u0218tiri.md. Rudenco a sus\u021binut [&hellip;]","og_url":"https:\/\/www.btv.md\/ro\/din-cauza-dosarelor-fabricate-pe-timpul-regimului-plahotniuc-republica-va-suferi-pagube-enorme\/","og_site_name":"BTV","article_publisher":"https:\/\/www.facebook.com\/btvmoldova\/","article_published_time":"2021-02-19T04:13:59+00:00","og_image":[{"width":914,"height":509,"url":"https:\/\/www.btv.md\/wp-content\/uploads\/2021\/02\/1-54.png","type":"image\/png"}],"author":"admin","twitter_misc":{"Scris de":"admin","Timp estimat pentru citire":"2 minute"},"schema":{"@context":"https:\/\/schema.org","@graph":[{"@type":"Article","@id":"https:\/\/www.btv.md\/ro\/din-cauza-dosarelor-fabricate-pe-timpul-regimului-plahotniuc-republica-va-suferi-pagube-enorme\/#article","isPartOf":{"@id":"https:\/\/www.btv.md\/ro\/din-cauza-dosarelor-fabricate-pe-timpul-regimului-plahotniuc-republica-va-suferi-pagube-enorme\/"},"author":{"name":"admin","@id":"https:\/\/www.btv.md\/#\/schema\/person\/8fadce81561b3ce2c34c46dadc4ccbf2"},"headline":"Din cauza dosarelor, fabricate pe timpul regimului Plahotniuc, republica va suferi pagube enorme","datePublished":"2021-02-19T04:13:59+00:00","mainEntityOfPage":{"@id":"https:\/\/www.btv.md\/ro\/din-cauza-dosarelor-fabricate-pe-timpul-regimului-plahotniuc-republica-va-suferi-pagube-enorme\/"},"wordCount":406,"image":{"@id":"https:\/\/www.btv.md\/ro\/din-cauza-dosarelor-fabricate-pe-timpul-regimului-plahotniuc-republica-va-suferi-pagube-enorme\/#primaryimage"},"thumbnailUrl":"https:\/\/www.btv.md\/wp-content\/uploads\/2021\/02\/1-54.png","keywords":["Din cauza dosarelor","fabricate pe timpul regimului Plahotniuc","republica va suferi pagube enorme"],"articleSection":["Politic\u0103","\u0218tiri"],"inLanguage":"ro-RO"},{"@type":"WebPage","@id":"https:\/\/www.btv.md\/ro\/din-cauza-dosarelor-fabricate-pe-timpul-regimului-plahotniuc-republica-va-suferi-pagube-enorme\/","url":"https:\/\/www.btv.md\/ro\/din-cauza-dosarelor-fabricate-pe-timpul-regimului-plahotniuc-republica-va-suferi-pagube-enorme\/","name":"Din cauza dosarelor, fabricate pe timpul regimului Plahotniuc, republica va suferi pagube enorme - BTV","isPartOf":{"@id":"https:\/\/www.btv.md\/#website"},"primaryImageOfPage":{"@id":"https:\/\/www.btv.md\/ro\/din-cauza-dosarelor-fabricate-pe-timpul-regimului-plahotniuc-republica-va-suferi-pagube-enorme\/#primaryimage"},"image":{"@id":"https:\/\/www.btv.md\/ro\/din-cauza-dosarelor-fabricate-pe-timpul-regimului-plahotniuc-republica-va-suferi-pagube-enorme\/#primaryimage"},"thumbnailUrl":"https:\/\/www.btv.md\/wp-content\/uploads\/2021\/02\/1-54.png","datePublished":"2021-02-19T04:13:59+00:00","author":{"@id":"https:\/\/www.btv.md\/#\/schema\/person\/8fadce81561b3ce2c34c46dadc4ccbf2"},"inLanguage":"ro-RO","potentialAction":[{"@type":"ReadAction","target":["https:\/\/www.btv.md\/ro\/din-cauza-dosarelor-fabricate-pe-timpul-regimului-plahotniuc-republica-va-suferi-pagube-enorme\/"]}]},{"@type":"ImageObject","inLanguage":"ro-RO","@id":"https:\/\/www.btv.md\/ro\/din-cauza-dosarelor-fabricate-pe-timpul-regimului-plahotniuc-republica-va-suferi-pagube-enorme\/#primaryimage","url":"https:\/\/www.btv.md\/wp-content\/uploads\/2021\/02\/1-54.png","contentUrl":"https:\/\/www.btv.md\/wp-content\/uploads\/2021\/02\/1-54.png","width":914,"height":509},{"@type":"WebSite","@id":"https:\/\/www.btv.md\/#website","url":"https:\/\/www.btv.md\/","name":"BTV","description":"\u0411\u0435\u043b\u044c\u0446\u043a\u043e\u0435 \u0442\u0435\u043b\u0435\u0432\u0438\u0434\u0435\u043d\u0438\u0435","potentialAction":[{"@type":"SearchAction","target":{"@type":"EntryPoint","urlTemplate":"https:\/\/www.btv.md\/?s={search_term_string}"},"query-input":{"@type":"PropertyValueSpecification","valueRequired":true,"valueName":"search_term_string"}}],"inLanguage":"ro-RO"},{"@type":"Person","@id":"https:\/\/www.btv.md\/#\/schema\/person\/8fadce81561b3ce2c34c46dadc4ccbf2","name":"admin"}]}},"_links":{"self":[{"href":"https:\/\/www.btv.md\/ro\/wp-json\/wp\/v2\/posts\/115144","targetHints":{"allow":["GET"]}}],"collection":[{"href":"https:\/\/www.btv.md\/ro\/wp-json\/wp\/v2\/posts"}],"about":[{"href":"https:\/\/www.btv.md\/ro\/wp-json\/wp\/v2\/types\/post"}],"author":[{"embeddable":true,"href":"https:\/\/www.btv.md\/ro\/wp-json\/wp\/v2\/users\/4"}],"replies":[{"embeddable":true,"href":"https:\/\/www.btv.md\/ro\/wp-json\/wp\/v2\/comments?post=115144"}],"version-history":[{"count":0,"href":"https:\/\/www.btv.md\/ro\/wp-json\/wp\/v2\/posts\/115144\/revisions"}],"wp:featuredmedia":[{"embeddable":true,"href":"https:\/\/www.btv.md\/ro\/wp-json\/wp\/v2\/media\/115145"}],"wp:attachment":[{"href":"https:\/\/www.btv.md\/ro\/wp-json\/wp\/v2\/media?parent=115144"}],"wp:term":[{"taxonomy":"category","embeddable":true,"href":"https:\/\/www.btv.md\/ro\/wp-json\/wp\/v2\/categories?post=115144"},{"taxonomy":"post_tag","embeddable":true,"href":"https:\/\/www.btv.md\/ro\/wp-json\/wp\/v2\/tags?post=115144"}],"curies":[{"name":"wp","href":"https:\/\/api.w.org\/{rel}","templated":true}]}}