{"id":11542,"date":"2016-04-27T11:43:07","date_gmt":"2016-04-27T08:43:07","guid":{"rendered":"http:\/\/btv.md\/?p=11542"},"modified":"2016-04-27T11:43:07","modified_gmt":"2016-04-27T08:43:07","slug":"dubaiul-va-avea-masini-fara-sofer","status":"publish","type":"post","link":"https:\/\/www.btv.md\/ro\/dubaiul-va-avea-masini-fara-sofer\/","title":{"rendered":"DUBAIUL  VA  AVEA  MA\u0218INI  F\u0102R\u0102  \u0218OFER"},"content":{"rendered":"<p><strong>DUBAIUL  VA  AVEA  MA\u0218INI  F\u0102R\u0102  \u0218OFER<\/strong><\/p>\n<p><strong>\u0218eicul Mohammed bin Rashid dezv\u0103luie \u00eentr-un mesaj pe Twitter c\u0103 va revolu\u021biona transportul \u00een regatul s\u0103u. \u201eAst\u0103zi lans\u0103m Strategia de Transport Autonomat Dubaiului. P\u00e2n\u0103 \u00een 2030, 25% din cursele efectuate \u00een Dubai vor fi f\u0103cute la bordul ma\u0219inilor f\u0103r\u0103 \u0219ofer&#8221;, a anun\u021bat \u0219eicul, care de\u021bine \u0219i func\u021bia de premier al Emiratelor Arabe Unite, informeaz\u0103 Gulf News.<\/strong><\/p>\n<p>S\u0103pt\u0103m\u00e2na aceasta, Dubaiul este gazda Congresului Uniunii Interna\u021bionale a Transportatorilor Publici, \u00een ora\u0219 fiind aduse mai multe autovehicule f\u0103r\u0103 \u0219ofer (foto), cu o capacitate de zece locuri, acestea urm\u00e2nd s\u0103 efectueze teste pe str\u0103zile metropolei din Golful Persic, potrivit business24.ro.<\/p>\n<p>Cre\u0219terea eficien\u021bei serviciilor de transport public cu 20%, reducerea cheltuielilor \u00een acest sector, precum \u0219i reducerea costurilor de poluare ar urma s\u0103 garanteze ob\u021binerea importantelor economii la bugetul Dubaiului.<br \/>\n\u0218eicul Mohammed consider\u0103 c\u0103 productivitatea localnicilor ar urma s\u0103 urce cu 13%, angajatorii din ora\u0219 \u0219i naveti\u0219tii c\u00e2\u0219tig\u00e2nd p\u00e2n\u0103 la 396 de milioane de ore anual ca urmare a descongestion\u0103rii traficului.<\/p>\n<p><a href=\"http:\/\/www.digi24.ro\/\" target=\"_blank\">digi24.ro<\/a><\/p>\n<p><strong>\u201cDENTISTUL  GROAZEI\u201d  CONDAMNAT  LA  NUMAI  8  ANI  DE  \u00ceNCHISOARE<\/strong><\/p>\n<p><strong>Un stomatolog olandez supranumit &#8222;dentistul groazei&#8221; dup\u0103 ce a mutilat inten\u0163ionat circa 100 de pacien\u0163i a fost condamnat \u00een Fran\u0163a la opt ani de \u00eenchisoare \u015fi la plata unei amenzi de 10.500 de euro, urm\u00e2nd ca justi\u0163ia s\u0103 \u00eel oblige la plata unor daune, informeaz\u0103 site-ul agen\u0163iei AP.<\/strong><\/p>\n<p>Jacobus Van Nierop, un olandez \u00een v\u00e2rst\u0103 de 51 de ani, a practicat stomatologia ilegal \u00een Fran\u0163a \u00een perioada 2009-2012. B\u0103rbatul a fost g\u0103sit vinovat c\u0103 a mutilat &#8222;\u00een mod deliberat&#8221; cel pu\u0163in 85 de persoane.<\/p>\n<p>Circa 100 de pacien\u0163i au reclamat c\u0103 dentistul i-a anesteziat total \u015fi s-au trezit c\u0103 le lipseau to\u0163i din\u0163ii din partea frontal\u0103.<\/p>\n<p>O instan\u0163\u0103 din or\u0103\u015felul Chateau-Chinon (centrul Fran\u0163ei) a decis condamnarea dentistului la opt ani de \u00eenchisoare, la interzicerea definitiv\u0103 a practic\u0103rii profesiei \u015fi la plata unei amenzi de 10.500 de euro.<\/p>\n<p>Stomatologul olandez nu a exprimat regrete pentru comiterea faptelor.<\/p>\n<p>O femeie de 65 de ani a declarat c\u0103 Jacobus van Nierop i-a extras opt din\u0163i dintr-o singur\u0103 mi\u015fcare, subliniind c\u0103 i-a curs s\u00e2nge timp de trei zile \u015fi nu i s-au putut face implanturi timp de 18 luni.<\/p>\n<p>Justi\u0163ia francez\u0103 va stabili cuantumul daunelor destinate pacien\u0163ilor.<\/p>\n<p><a href=\"http:\/\/www.mediafax.ro\/\" target=\"_blank\">mediafax.ro<\/a><\/p>\n<p><strong>RUSIA  AVERTIZEAZ\u0102  ROM\u00c2NIA  CU  PRIVIRE  LA  SISTEMELE  ANTIRACHET\u0102<\/strong><\/p>\n<p><strong>Moscova este &#8222;extrem de preocupat\u0103&#8221; de instalarea sistemelor antibalistice NATO \u00een Rom\u00e2nia \u015fi Polonia, care sunt interzise prin Tratatul privind For\u0163ele nucleare intermediare (INF), anun\u0163\u0103 Ministerul rus de Externe, avertiz\u00e2nd c\u0103 Rusia va lua m\u0103suri pentru a se ap\u0103ra.<\/strong><\/p>\n<p>Rusia a avertizat de mai multe ori c\u0103 elementele antirachet\u0103 care urmeaz\u0103 s\u0103 fie instalate la Deveselu reprezint\u0103 \u00eenc\u0103lc\u0103ri ale Tratatului for\u0163elor nucleare intermediare (INF), cer\u00e2nd Rom\u00e2niei \u015fi SUA s\u0103 con\u015ftientizeze &#8222;responsabilitatea&#8221; mont\u0103rii acestor sisteme \u015fi s\u0103 renun\u0163e la plan &#8222;c\u00e2t nu este prea t\u00e2rziu&#8221;. \u00cen martie 2015, Serghei Riabkov, adjunctul ministrului rus de Externe, afirma c\u0103 sistemele MK-41 (Aegis) sunt utilizate pentru rachete cu raz\u0103 medie \u015fi lung\u0103 de ac\u0163iune &#8211; sisteme interzise prin Tratatul for\u0163elor nucleare intermediare. Washingtonul a exprimat propriile nemul\u0163umiri privind presupuse \u00eenc\u0103lc\u0103ri ale Tratatului de c\u0103tre Rusia.<\/p>\n<p>Acordul For\u0163elor Nucleare Intermediare, semnat de SUA \u015fi URSS \u00een 1987 \u015fi intrat \u00een vigoare pe 1 iunie 1988, oblig\u0103 ambele p\u0103r\u0163i s\u0103 distrug\u0103 toate rachetele balistice \u015fi de croazier\u0103 cu raze de ac\u0163iune cuprinse \u00eentre 500 \u015fi 5.500 de kilometri. Ca reac\u0163ie la acuza\u0163iile Moscovei, Pre\u015fedin\u0163ia Statelor Unite a comunicat \u00een mai multe r\u00e2nduri c\u0103 sistemul american de ap\u0103rare antirachet\u0103 care va fi amplasat \u00een Rom\u00e2nia nu \u00eencalc\u0103 Tratatul for\u0163elor nucleare intermediare (INF).<\/p>\n<p>Planul NATO de instalare a unor elemente antibalistice \u00een Rom\u00e2nia \u015fi Polonia reprezint\u0103 o surs\u0103 de tensiuni cu Moscova. Rusia consider\u0103 c\u0103 sistemele militare sunt \u00eendreptate \u00eempotriva sa, de\u015fi Alian\u0163a Nord-Atlantic\u0103 a dat asigur\u0103ri c\u0103 sunt vizate capacit\u0103\u0163ile balistice ale unor \u0163\u0103ri precum Iranul \u015fi Coreea de Nord.<\/p>\n<p><a href=\"http:\/\/www.mediafax.ro\/\" target=\"_blank\">mediafax.ro<\/a><\/p>\n<p><strong>PRIMUL  MARATON  \u00ceN  SPA\u021aIU<\/strong><\/p>\n<p><strong>Astronautul britanic Tim Peake a devenit primul om care a alergat un maraton \u00een spa\u0163iu. B\u0103rbatul de 44 de ani a pornit \u00een acela\u015fi timp cu sportivii care au concurat \u00een maratonul Londrei \u015fi a terminat dup\u0103 trei ore, 35 de minute \u015fi 21 de secunde.<\/strong><\/p>\n<p>\u00cen compara\u0163ie, c\u00e2\u015ftig\u0103torul \u00eentrecerii din capitala britanic\u0103 a ajuns la start dup\u0103 dou\u0103 ore \u015fi trei minute.<br \/>\nDin cauza spa\u0163iului limitat de pe Sta\u0163ia Spa\u0163ial\u0103 Interna\u0163ional\u0103, distan\u0163a de 42 de kilometri a probei a fost parcurs\u0103 pe o band\u0103 de alergat, iar Tim Peake a folosit un ham special care l-a \u0163inut pe aparat.<\/p>\n<p>Astronautul spune c\u0103 alergarea \u00een spa\u0163iu are un mare avantaj: imponderabilitatea ajut\u0103 la recupererea rapid\u0103 dup\u0103 un efort fizic.<\/p>\n<p><a href=\"http:\/\/www.digi24.ro\/Stiri\/Digi24\/Extern\/Stiri\/Maraton+in+spatiu\" target=\"_blank\">digi24.ro<\/a><\/p>\n<p><strong>AP\u0102  \u00ceMBUTELIAT\u0102  CONTAMINAT\u0102  CU  MATERII  FECALE<\/strong><\/p>\n<p>Peste 4.000 de oameni din Catalonia au fost afecta\u0163i de o epidemie de gastroenterit\u0103, dup\u0103 ce au b\u0103ut ap\u0103 \u00eembuteliat\u0103 ce era contaminat\u0103 cu materii fecale, au anun\u0163at luni autorit\u0103\u0163ile medicale locale, scrie \u201eThe Guardian\u201c. <\/p>\n<p>Sticlele de ap\u0103 f\u0103ceau parte dintr-un lot ce a fost distribuit mai multor companii. Potrivit Departamentului de S\u0103n\u0103tate al Guvernului comunit\u0103\u0163ii autonome Catalonia, 4.146 de persoane din Barcelona \u015fi Tarragona au fost tratate \u00een urma unor simptome precum grea\u0163\u0103, v\u0103rs\u0103turi sau febr\u0103, dup\u0103 ce au b\u0103ut din aceast\u0103 ap\u0103. \u015ease dintre acestea au fost spitalizate.   <\/p>\n<p>\u201e<em>Este pentru prima oar\u0103 c\u00e2nd un norovirus este descoperit \u00een ap\u0103 \u00eembuteliat\u0103<\/em>\u201c, a declarat Albert Bosch, profesor de microbiologie la Universitatea din Barcelona, care a primit sarcina de a conduce echipa ce s-a ocupat de analiza apei contaminate.    <\/p>\n<p>El a ad\u0103ugat c\u0103 nu-\u015fi poate explica modul \u00een care s-a ajuns la aceast\u0103 situa\u0163ie, av\u00e2nd \u00een vedere c\u0103 a fost vorba de ap\u0103 \u00eembuteliat\u0103. \u201e<em>A\u015fa ceva se poate \u00eent\u00e2mpla c\u00e2nd \u00een apa potabil\u0103 de la robinet ajung, \u00eentr-un fel sau altul, materii fecale. Dar \u00een acest caz este vorba de ap\u0103 \u00eembuteliat\u0103, exist\u0103 o procedur\u0103 aici, iar \u00een acest moment nu \u015ftim ce s-a petrecut<\/em>\u201c, a declarat profesorul de microbiologie.   <\/p>\n<p>Firma responsabil\u0103 a declarat c\u0103 apa a fost \u00eembuteliat\u0103 \u00een Andora, o mic\u0103 \u0163ar\u0103 aflat\u0103 \u00een apropiere de Barcelona, \u015fi a anun\u0163at c\u0103 a retras de pe pia\u0163\u0103, ca m\u0103sur\u0103 de precau\u0163ie, 6.150 de sticle de ap\u0103, care fuseser\u0103 distribuite unui num\u0103r de 925 de companii.   <\/p>\n<p>La r\u00e2ndul lor, autorit\u0103\u0163ile catalane au declarat c\u0103 epidemia a luat sf\u00e2r\u015fit, av\u00e2nd \u00een vedere c\u0103 \u00een ultima s\u0103pt\u0103m\u00e2n\u0103 nu a mai fost semnalat niciun caz. <\/p>\n<p><a href=\"http:\/\/adevarul.ro\/\" target=\"_blank\">adevarul.ro<\/a><\/p>\n<p><iframe width=\"420\" height=\"315\" data-src=\"https:\/\/www.youtube.com\/embed\/xEwXkZnZ040\" frameborder=\"0\" allowfullscreen src=\"data:image\/svg+xml;base64,PHN2ZyB3aWR0aD0iMSIgaGVpZ2h0PSIxIiB4bWxucz0iaHR0cDovL3d3dy53My5vcmcvMjAwMC9zdmciPjwvc3ZnPg==\" class=\"lazyload\" data-load-mode=\"1\"><\/iframe><\/p>\n","protected":false},"excerpt":{"rendered":"<p>DUBAIUL VA AVEA MA\u0218INI F\u0102R\u0102 \u0218OFER \u0218eicul Mohammed bin Rashid dezv\u0103luie \u00eentr-un mesaj pe Twitter c\u0103 va revolu\u021biona transportul \u00een regatul s\u0103u. \u201eAst\u0103zi lans\u0103m Strategia de Transport Autonomat Dubaiului. P\u00e2n\u0103 \u00een 2030, 25% din cursele efectuate \u00een Dubai vor fi f\u0103cute la bordul ma\u0219inilor f\u0103r\u0103 \u0219ofer&#8221;, a anun\u021bat \u0219eicul, care de\u021bine \u0219i func\u021bia de premier [&hellip;]<\/p>\n","protected":false},"author":4,"featured_media":11543,"comment_status":"closed","ping_status":"closed","sticky":false,"template":"","format":"standard","meta":{"footnotes":""},"categories":[6354],"tags":[],"class_list":["post-11542","post","type-post","status-publish","format-standard","has-post-thumbnail","hentry","category-externe-ro"],"yoast_head":"<!-- This site is optimized with the Yoast SEO plugin v27.4 - https:\/\/yoast.com\/product\/yoast-seo-wordpress\/ -->\n<title>DUBAIUL VA AVEA MA\u0218INI F\u0102R\u0102 \u0218OFER - BTV<\/title>\n<meta name=\"robots\" content=\"index, follow, max-snippet:-1, max-image-preview:large, max-video-preview:-1\" \/>\n<link rel=\"canonical\" href=\"https:\/\/www.btv.md\/ro\/dubaiul-va-avea-masini-fara-sofer\/\" \/>\n<meta property=\"og:locale\" content=\"ro_RO\" \/>\n<meta property=\"og:type\" content=\"article\" \/>\n<meta property=\"og:title\" content=\"DUBAIUL VA AVEA MA\u0218INI F\u0102R\u0102 \u0218OFER - BTV\" \/>\n<meta property=\"og:description\" content=\"DUBAIUL VA AVEA MA\u0218INI F\u0102R\u0102 \u0218OFER \u0218eicul Mohammed bin Rashid dezv\u0103luie \u00eentr-un mesaj pe Twitter c\u0103 va revolu\u021biona transportul \u00een regatul s\u0103u. \u201eAst\u0103zi lans\u0103m Strategia de Transport Autonomat Dubaiului. P\u00e2n\u0103 \u00een 2030, 25% din cursele efectuate \u00een Dubai vor fi f\u0103cute la bordul ma\u0219inilor f\u0103r\u0103 \u0219ofer&#8221;, a anun\u021bat \u0219eicul, care de\u021bine \u0219i func\u021bia de premier [&hellip;]\" \/>\n<meta property=\"og:url\" content=\"https:\/\/www.btv.md\/ro\/dubaiul-va-avea-masini-fara-sofer\/\" \/>\n<meta property=\"og:site_name\" content=\"BTV\" \/>\n<meta property=\"article:publisher\" content=\"https:\/\/www.facebook.com\/btvmoldova\/\" \/>\n<meta property=\"article:published_time\" content=\"2016-04-27T08:43:07+00:00\" \/>\n<meta property=\"og:image\" content=\"https:\/\/www.btv.md\/wp-content\/uploads\/2016\/04\/google-car.jpg\" \/>\n\t<meta property=\"og:image:width\" content=\"640\" \/>\n\t<meta property=\"og:image:height\" content=\"424\" \/>\n\t<meta property=\"og:image:type\" content=\"image\/jpeg\" \/>\n<meta name=\"author\" content=\"admin\" \/>\n<meta name=\"twitter:label1\" content=\"Scris de\" \/>\n\t<meta name=\"twitter:data1\" content=\"admin\" \/>\n\t<meta name=\"twitter:label2\" content=\"Timp estimat pentru citire\" \/>\n\t<meta name=\"twitter:data2\" content=\"6 minute\" \/>\n<script type=\"application\/ld+json\" class=\"yoast-schema-graph\">{\"@context\":\"https:\\\/\\\/schema.org\",\"@graph\":[{\"@type\":\"Article\",\"@id\":\"https:\\\/\\\/www.btv.md\\\/ro\\\/dubaiul-va-avea-masini-fara-sofer\\\/#article\",\"isPartOf\":{\"@id\":\"https:\\\/\\\/www.btv.md\\\/ro\\\/dubaiul-va-avea-masini-fara-sofer\\\/\"},\"author\":{\"name\":\"admin\",\"@id\":\"https:\\\/\\\/www.btv.md\\\/#\\\/schema\\\/person\\\/8fadce81561b3ce2c34c46dadc4ccbf2\"},\"headline\":\"DUBAIUL VA AVEA MA\u0218INI F\u0102R\u0102 \u0218OFER\",\"datePublished\":\"2016-04-27T08:43:07+00:00\",\"mainEntityOfPage\":{\"@id\":\"https:\\\/\\\/www.btv.md\\\/ro\\\/dubaiul-va-avea-masini-fara-sofer\\\/\"},\"wordCount\":1150,\"image\":{\"@id\":\"https:\\\/\\\/www.btv.md\\\/ro\\\/dubaiul-va-avea-masini-fara-sofer\\\/#primaryimage\"},\"thumbnailUrl\":\"https:\\\/\\\/www.btv.md\\\/wp-content\\\/uploads\\\/2016\\\/04\\\/google-car.jpg\",\"articleSection\":[\"Externe\"],\"inLanguage\":\"ro-RO\"},{\"@type\":\"WebPage\",\"@id\":\"https:\\\/\\\/www.btv.md\\\/ro\\\/dubaiul-va-avea-masini-fara-sofer\\\/\",\"url\":\"https:\\\/\\\/www.btv.md\\\/ro\\\/dubaiul-va-avea-masini-fara-sofer\\\/\",\"name\":\"DUBAIUL VA AVEA MA\u0218INI F\u0102R\u0102 \u0218OFER - BTV\",\"isPartOf\":{\"@id\":\"https:\\\/\\\/www.btv.md\\\/#website\"},\"primaryImageOfPage\":{\"@id\":\"https:\\\/\\\/www.btv.md\\\/ro\\\/dubaiul-va-avea-masini-fara-sofer\\\/#primaryimage\"},\"image\":{\"@id\":\"https:\\\/\\\/www.btv.md\\\/ro\\\/dubaiul-va-avea-masini-fara-sofer\\\/#primaryimage\"},\"thumbnailUrl\":\"https:\\\/\\\/www.btv.md\\\/wp-content\\\/uploads\\\/2016\\\/04\\\/google-car.jpg\",\"datePublished\":\"2016-04-27T08:43:07+00:00\",\"author\":{\"@id\":\"https:\\\/\\\/www.btv.md\\\/#\\\/schema\\\/person\\\/8fadce81561b3ce2c34c46dadc4ccbf2\"},\"inLanguage\":\"ro-RO\",\"potentialAction\":[{\"@type\":\"ReadAction\",\"target\":[\"https:\\\/\\\/www.btv.md\\\/ro\\\/dubaiul-va-avea-masini-fara-sofer\\\/\"]}]},{\"@type\":\"ImageObject\",\"inLanguage\":\"ro-RO\",\"@id\":\"https:\\\/\\\/www.btv.md\\\/ro\\\/dubaiul-va-avea-masini-fara-sofer\\\/#primaryimage\",\"url\":\"https:\\\/\\\/www.btv.md\\\/wp-content\\\/uploads\\\/2016\\\/04\\\/google-car.jpg\",\"contentUrl\":\"https:\\\/\\\/www.btv.md\\\/wp-content\\\/uploads\\\/2016\\\/04\\\/google-car.jpg\",\"width\":640,\"height\":424,\"caption\":\"www.go4it.ro\"},{\"@type\":\"WebSite\",\"@id\":\"https:\\\/\\\/www.btv.md\\\/#website\",\"url\":\"https:\\\/\\\/www.btv.md\\\/\",\"name\":\"BTV\",\"description\":\"\u0411\u0435\u043b\u044c\u0446\u043a\u043e\u0435 \u0442\u0435\u043b\u0435\u0432\u0438\u0434\u0435\u043d\u0438\u0435\",\"potentialAction\":[{\"@type\":\"SearchAction\",\"target\":{\"@type\":\"EntryPoint\",\"urlTemplate\":\"https:\\\/\\\/www.btv.md\\\/?s={search_term_string}\"},\"query-input\":{\"@type\":\"PropertyValueSpecification\",\"valueRequired\":true,\"valueName\":\"search_term_string\"}}],\"inLanguage\":\"ro-RO\"},{\"@type\":\"Person\",\"@id\":\"https:\\\/\\\/www.btv.md\\\/#\\\/schema\\\/person\\\/8fadce81561b3ce2c34c46dadc4ccbf2\",\"name\":\"admin\"}]}<\/script>\n<!-- \/ Yoast SEO plugin. -->","yoast_head_json":{"title":"DUBAIUL VA AVEA MA\u0218INI F\u0102R\u0102 \u0218OFER - BTV","robots":{"index":"index","follow":"follow","max-snippet":"max-snippet:-1","max-image-preview":"max-image-preview:large","max-video-preview":"max-video-preview:-1"},"canonical":"https:\/\/www.btv.md\/ro\/dubaiul-va-avea-masini-fara-sofer\/","og_locale":"ro_RO","og_type":"article","og_title":"DUBAIUL VA AVEA MA\u0218INI F\u0102R\u0102 \u0218OFER - BTV","og_description":"DUBAIUL VA AVEA MA\u0218INI F\u0102R\u0102 \u0218OFER \u0218eicul Mohammed bin Rashid dezv\u0103luie \u00eentr-un mesaj pe Twitter c\u0103 va revolu\u021biona transportul \u00een regatul s\u0103u. \u201eAst\u0103zi lans\u0103m Strategia de Transport Autonomat Dubaiului. P\u00e2n\u0103 \u00een 2030, 25% din cursele efectuate \u00een Dubai vor fi f\u0103cute la bordul ma\u0219inilor f\u0103r\u0103 \u0219ofer&#8221;, a anun\u021bat \u0219eicul, care de\u021bine \u0219i func\u021bia de premier [&hellip;]","og_url":"https:\/\/www.btv.md\/ro\/dubaiul-va-avea-masini-fara-sofer\/","og_site_name":"BTV","article_publisher":"https:\/\/www.facebook.com\/btvmoldova\/","article_published_time":"2016-04-27T08:43:07+00:00","og_image":[{"width":640,"height":424,"url":"https:\/\/www.btv.md\/wp-content\/uploads\/2016\/04\/google-car.jpg","type":"image\/jpeg"}],"author":"admin","twitter_misc":{"Scris de":"admin","Timp estimat pentru citire":"6 minute"},"schema":{"@context":"https:\/\/schema.org","@graph":[{"@type":"Article","@id":"https:\/\/www.btv.md\/ro\/dubaiul-va-avea-masini-fara-sofer\/#article","isPartOf":{"@id":"https:\/\/www.btv.md\/ro\/dubaiul-va-avea-masini-fara-sofer\/"},"author":{"name":"admin","@id":"https:\/\/www.btv.md\/#\/schema\/person\/8fadce81561b3ce2c34c46dadc4ccbf2"},"headline":"DUBAIUL VA AVEA MA\u0218INI F\u0102R\u0102 \u0218OFER","datePublished":"2016-04-27T08:43:07+00:00","mainEntityOfPage":{"@id":"https:\/\/www.btv.md\/ro\/dubaiul-va-avea-masini-fara-sofer\/"},"wordCount":1150,"image":{"@id":"https:\/\/www.btv.md\/ro\/dubaiul-va-avea-masini-fara-sofer\/#primaryimage"},"thumbnailUrl":"https:\/\/www.btv.md\/wp-content\/uploads\/2016\/04\/google-car.jpg","articleSection":["Externe"],"inLanguage":"ro-RO"},{"@type":"WebPage","@id":"https:\/\/www.btv.md\/ro\/dubaiul-va-avea-masini-fara-sofer\/","url":"https:\/\/www.btv.md\/ro\/dubaiul-va-avea-masini-fara-sofer\/","name":"DUBAIUL VA AVEA MA\u0218INI F\u0102R\u0102 \u0218OFER - BTV","isPartOf":{"@id":"https:\/\/www.btv.md\/#website"},"primaryImageOfPage":{"@id":"https:\/\/www.btv.md\/ro\/dubaiul-va-avea-masini-fara-sofer\/#primaryimage"},"image":{"@id":"https:\/\/www.btv.md\/ro\/dubaiul-va-avea-masini-fara-sofer\/#primaryimage"},"thumbnailUrl":"https:\/\/www.btv.md\/wp-content\/uploads\/2016\/04\/google-car.jpg","datePublished":"2016-04-27T08:43:07+00:00","author":{"@id":"https:\/\/www.btv.md\/#\/schema\/person\/8fadce81561b3ce2c34c46dadc4ccbf2"},"inLanguage":"ro-RO","potentialAction":[{"@type":"ReadAction","target":["https:\/\/www.btv.md\/ro\/dubaiul-va-avea-masini-fara-sofer\/"]}]},{"@type":"ImageObject","inLanguage":"ro-RO","@id":"https:\/\/www.btv.md\/ro\/dubaiul-va-avea-masini-fara-sofer\/#primaryimage","url":"https:\/\/www.btv.md\/wp-content\/uploads\/2016\/04\/google-car.jpg","contentUrl":"https:\/\/www.btv.md\/wp-content\/uploads\/2016\/04\/google-car.jpg","width":640,"height":424,"caption":"www.go4it.ro"},{"@type":"WebSite","@id":"https:\/\/www.btv.md\/#website","url":"https:\/\/www.btv.md\/","name":"BTV","description":"\u0411\u0435\u043b\u044c\u0446\u043a\u043e\u0435 \u0442\u0435\u043b\u0435\u0432\u0438\u0434\u0435\u043d\u0438\u0435","potentialAction":[{"@type":"SearchAction","target":{"@type":"EntryPoint","urlTemplate":"https:\/\/www.btv.md\/?s={search_term_string}"},"query-input":{"@type":"PropertyValueSpecification","valueRequired":true,"valueName":"search_term_string"}}],"inLanguage":"ro-RO"},{"@type":"Person","@id":"https:\/\/www.btv.md\/#\/schema\/person\/8fadce81561b3ce2c34c46dadc4ccbf2","name":"admin"}]}},"_links":{"self":[{"href":"https:\/\/www.btv.md\/ro\/wp-json\/wp\/v2\/posts\/11542","targetHints":{"allow":["GET"]}}],"collection":[{"href":"https:\/\/www.btv.md\/ro\/wp-json\/wp\/v2\/posts"}],"about":[{"href":"https:\/\/www.btv.md\/ro\/wp-json\/wp\/v2\/types\/post"}],"author":[{"embeddable":true,"href":"https:\/\/www.btv.md\/ro\/wp-json\/wp\/v2\/users\/4"}],"replies":[{"embeddable":true,"href":"https:\/\/www.btv.md\/ro\/wp-json\/wp\/v2\/comments?post=11542"}],"version-history":[{"count":0,"href":"https:\/\/www.btv.md\/ro\/wp-json\/wp\/v2\/posts\/11542\/revisions"}],"wp:featuredmedia":[{"embeddable":true,"href":"https:\/\/www.btv.md\/ro\/wp-json\/wp\/v2\/media\/11543"}],"wp:attachment":[{"href":"https:\/\/www.btv.md\/ro\/wp-json\/wp\/v2\/media?parent=11542"}],"wp:term":[{"taxonomy":"category","embeddable":true,"href":"https:\/\/www.btv.md\/ro\/wp-json\/wp\/v2\/categories?post=11542"},{"taxonomy":"post_tag","embeddable":true,"href":"https:\/\/www.btv.md\/ro\/wp-json\/wp\/v2\/tags?post=11542"}],"curies":[{"name":"wp","href":"https:\/\/api.w.org\/{rel}","templated":true}]}}