{"id":11554,"date":"2016-04-27T14:36:21","date_gmt":"2016-04-27T11:36:21","guid":{"rendered":"http:\/\/btv.md\/?p=11554"},"modified":"2016-04-27T14:36:21","modified_gmt":"2016-04-27T11:36:21","slug":"isi-ridicau-salariul-unui-angajat-inexistent-tatal-si-fiica-condamnati-pentru-delapidarea-averii-unei-companii-de-asigurari-din-balti","status":"publish","type":"post","link":"https:\/\/www.btv.md\/ro\/isi-ridicau-salariul-unui-angajat-inexistent-tatal-si-fiica-condamnati-pentru-delapidarea-averii-unei-companii-de-asigurari-din-balti\/","title":{"rendered":"\u00ce\u0218I  RIDICAU SALARIUL UNUI ANGAJAT INEXISTENT.TAT\u0102L \u0218I FIIC\u0102 CONDAMNA\u021aI PENTRU  DELAPIDAREA AVERII UNEI  COMPANII DE ASIGUR\u0102RI DIN B\u0102L\u021aI"},"content":{"rendered":"<p><strong>Fostul director, \u00eempreun\u0103 cu managerul reprezenta\u0163iei B\u0103l\u0163i a unei companii de asigur\u0103ri au fost condamna\u0163i pentru delapidarea averii companiei \u00een propor\u0163ii deosebit de mari.<\/strong><\/p>\n<p>Procurorii anticorup\u0163ie au demonstrat c\u0103, pe parcursul anilor 2005 &#8211; 2009, fostul director, \u00een complicitate cu managerul reprezenta\u0163iei B\u0103l\u0163i a companiei de asigur\u0103ri, care sunt tat\u0103 \u015fi fiic\u0103, au \u00eensu\u015fit ilegal mijloace b\u0103ne\u015fti \u00een valoare de aproximativ 133 mii lei \u2013 bani aloca\u0163i de oficiul central al companiei pentru remunerarea muncii unui agent de asigur\u0103ri, care, \u00een realitate, nu a activat nici o zi \u00een cadrul respectivei companii.<\/p>\n<p>\u00cen cadrul ac\u0163iunilor de urm\u0103rire penal\u0103 procurorii au stabilit c\u0103 acest lucru a fost posibil dup\u0103 ce inculpa\u0163ii au falsificat semn\u0103turile \u201eagentului\u201d \u00een documentele de achitare a salariului angaja\u0163ilor \u015fi \u00een borderourile de eliberare a cardurilor bancare, \u00een rezultat ei au intrat  \u00een posesie cardul bancar eliberat pe numele \u201eagentului de asigur\u0103ri\u201d.<\/p>\n<p>Pentru delapidarea averii str\u0103ine fostul manager a fost condamnat la 8 ani \u00eenchisoare, iar fostul director  a fost liberat de pedeapsa penal\u0103 \u0219i internat \u00eentr-o institu\u0163ie psihiatric\u0103.<\/p>\n<p>Irina BAXAN<br \/>\nChira BATRANAC<\/p>\n<p><iframe width=\"420\" height=\"315\" data-src=\"https:\/\/www.youtube.com\/embed\/N7EpHsXygXY\" frameborder=\"0\" allowfullscreen src=\"data:image\/svg+xml;base64,PHN2ZyB3aWR0aD0iMSIgaGVpZ2h0PSIxIiB4bWxucz0iaHR0cDovL3d3dy53My5vcmcvMjAwMC9zdmciPjwvc3ZnPg==\" class=\"lazyload\" data-load-mode=\"1\"><\/iframe><\/p>\n","protected":false},"excerpt":{"rendered":"<p>Fostul director, \u00eempreun\u0103 cu managerul reprezenta\u0163iei B\u0103l\u0163i a unei companii de asigur\u0103ri au fost condamna\u0163i pentru delapidarea averii companiei \u00een propor\u0163ii deosebit de mari. Procurorii anticorup\u0163ie au demonstrat c\u0103, pe parcursul anilor 2005 &#8211; 2009, fostul director, \u00een complicitate cu managerul reprezenta\u0163iei B\u0103l\u0163i a companiei de asigur\u0103ri, care sunt tat\u0103 \u015fi fiic\u0103, au \u00eensu\u015fit ilegal [&hellip;]<\/p>\n","protected":false},"author":4,"featured_media":11555,"comment_status":"closed","ping_status":"closed","sticky":false,"template":"","format":"standard","meta":{"footnotes":""},"categories":[6353],"tags":[],"class_list":["post-11554","post","type-post","status-publish","format-standard","has-post-thumbnail","hentry","category-oras"],"yoast_head":"<!-- This site is optimized with the Yoast SEO plugin v27.4 - https:\/\/yoast.com\/product\/yoast-seo-wordpress\/ -->\n<title>\u00ce\u0218I RIDICAU SALARIUL UNUI ANGAJAT INEXISTENT.TAT\u0102L \u0218I FIIC\u0102 CONDAMNA\u021aI PENTRU DELAPIDAREA AVERII UNEI COMPANII DE ASIGUR\u0102RI DIN B\u0102L\u021aI - BTV<\/title>\n<meta name=\"robots\" content=\"index, follow, max-snippet:-1, max-image-preview:large, max-video-preview:-1\" \/>\n<link rel=\"canonical\" href=\"https:\/\/www.btv.md\/ro\/isi-ridicau-salariul-unui-angajat-inexistent-tatal-si-fiica-condamnati-pentru-delapidarea-averii-unei-companii-de-asigurari-din-balti\/\" \/>\n<meta property=\"og:locale\" content=\"ro_RO\" \/>\n<meta property=\"og:type\" content=\"article\" \/>\n<meta property=\"og:title\" content=\"\u00ce\u0218I RIDICAU SALARIUL UNUI ANGAJAT INEXISTENT.TAT\u0102L \u0218I FIIC\u0102 CONDAMNA\u021aI PENTRU DELAPIDAREA AVERII UNEI COMPANII DE ASIGUR\u0102RI DIN B\u0102L\u021aI - BTV\" \/>\n<meta property=\"og:description\" content=\"Fostul director, \u00eempreun\u0103 cu managerul reprezenta\u0163iei B\u0103l\u0163i a unei companii de asigur\u0103ri au fost condamna\u0163i pentru delapidarea averii companiei \u00een propor\u0163ii deosebit de mari. Procurorii anticorup\u0163ie au demonstrat c\u0103, pe parcursul anilor 2005 &#8211; 2009, fostul director, \u00een complicitate cu managerul reprezenta\u0163iei B\u0103l\u0163i a companiei de asigur\u0103ri, care sunt tat\u0103 \u015fi fiic\u0103, au \u00eensu\u015fit ilegal [&hellip;]\" \/>\n<meta property=\"og:url\" content=\"https:\/\/www.btv.md\/ro\/isi-ridicau-salariul-unui-angajat-inexistent-tatal-si-fiica-condamnati-pentru-delapidarea-averii-unei-companii-de-asigurari-din-balti\/\" \/>\n<meta property=\"og:site_name\" content=\"BTV\" \/>\n<meta property=\"article:publisher\" content=\"https:\/\/www.facebook.com\/btvmoldova\/\" \/>\n<meta property=\"article:published_time\" content=\"2016-04-27T11:36:21+00:00\" \/>\n<meta property=\"og:image\" content=\"https:\/\/www.btv.md\/wp-content\/uploads\/2016\/04\/procuratura.png\" \/>\n\t<meta property=\"og:image:width\" content=\"1015\" \/>\n\t<meta property=\"og:image:height\" content=\"597\" \/>\n\t<meta property=\"og:image:type\" content=\"image\/png\" \/>\n<meta name=\"author\" content=\"admin\" \/>\n<meta name=\"twitter:label1\" content=\"Scris de\" \/>\n\t<meta name=\"twitter:data1\" content=\"admin\" \/>\n\t<meta name=\"twitter:label2\" content=\"Timp estimat pentru citire\" \/>\n\t<meta name=\"twitter:data2\" content=\"1 minut\" \/>\n<script type=\"application\/ld+json\" class=\"yoast-schema-graph\">{\"@context\":\"https:\\\/\\\/schema.org\",\"@graph\":[{\"@type\":\"Article\",\"@id\":\"https:\\\/\\\/www.btv.md\\\/ro\\\/isi-ridicau-salariul-unui-angajat-inexistent-tatal-si-fiica-condamnati-pentru-delapidarea-averii-unei-companii-de-asigurari-din-balti\\\/#article\",\"isPartOf\":{\"@id\":\"https:\\\/\\\/www.btv.md\\\/ro\\\/isi-ridicau-salariul-unui-angajat-inexistent-tatal-si-fiica-condamnati-pentru-delapidarea-averii-unei-companii-de-asigurari-din-balti\\\/\"},\"author\":{\"name\":\"admin\",\"@id\":\"https:\\\/\\\/www.btv.md\\\/#\\\/schema\\\/person\\\/8fadce81561b3ce2c34c46dadc4ccbf2\"},\"headline\":\"\u00ce\u0218I RIDICAU SALARIUL UNUI ANGAJAT INEXISTENT.TAT\u0102L \u0218I FIIC\u0102 CONDAMNA\u021aI PENTRU DELAPIDAREA AVERII UNEI COMPANII DE ASIGUR\u0102RI DIN B\u0102L\u021aI\",\"datePublished\":\"2016-04-27T11:36:21+00:00\",\"mainEntityOfPage\":{\"@id\":\"https:\\\/\\\/www.btv.md\\\/ro\\\/isi-ridicau-salariul-unui-angajat-inexistent-tatal-si-fiica-condamnati-pentru-delapidarea-averii-unei-companii-de-asigurari-din-balti\\\/\"},\"wordCount\":218,\"image\":{\"@id\":\"https:\\\/\\\/www.btv.md\\\/ro\\\/isi-ridicau-salariul-unui-angajat-inexistent-tatal-si-fiica-condamnati-pentru-delapidarea-averii-unei-companii-de-asigurari-din-balti\\\/#primaryimage\"},\"thumbnailUrl\":\"https:\\\/\\\/www.btv.md\\\/wp-content\\\/uploads\\\/2016\\\/04\\\/procuratura.png\",\"articleSection\":[\"Ora\u0219\"],\"inLanguage\":\"ro-RO\"},{\"@type\":\"WebPage\",\"@id\":\"https:\\\/\\\/www.btv.md\\\/ro\\\/isi-ridicau-salariul-unui-angajat-inexistent-tatal-si-fiica-condamnati-pentru-delapidarea-averii-unei-companii-de-asigurari-din-balti\\\/\",\"url\":\"https:\\\/\\\/www.btv.md\\\/ro\\\/isi-ridicau-salariul-unui-angajat-inexistent-tatal-si-fiica-condamnati-pentru-delapidarea-averii-unei-companii-de-asigurari-din-balti\\\/\",\"name\":\"\u00ce\u0218I RIDICAU SALARIUL UNUI ANGAJAT INEXISTENT.TAT\u0102L \u0218I FIIC\u0102 CONDAMNA\u021aI PENTRU DELAPIDAREA AVERII UNEI COMPANII DE ASIGUR\u0102RI DIN B\u0102L\u021aI - BTV\",\"isPartOf\":{\"@id\":\"https:\\\/\\\/www.btv.md\\\/#website\"},\"primaryImageOfPage\":{\"@id\":\"https:\\\/\\\/www.btv.md\\\/ro\\\/isi-ridicau-salariul-unui-angajat-inexistent-tatal-si-fiica-condamnati-pentru-delapidarea-averii-unei-companii-de-asigurari-din-balti\\\/#primaryimage\"},\"image\":{\"@id\":\"https:\\\/\\\/www.btv.md\\\/ro\\\/isi-ridicau-salariul-unui-angajat-inexistent-tatal-si-fiica-condamnati-pentru-delapidarea-averii-unei-companii-de-asigurari-din-balti\\\/#primaryimage\"},\"thumbnailUrl\":\"https:\\\/\\\/www.btv.md\\\/wp-content\\\/uploads\\\/2016\\\/04\\\/procuratura.png\",\"datePublished\":\"2016-04-27T11:36:21+00:00\",\"author\":{\"@id\":\"https:\\\/\\\/www.btv.md\\\/#\\\/schema\\\/person\\\/8fadce81561b3ce2c34c46dadc4ccbf2\"},\"inLanguage\":\"ro-RO\",\"potentialAction\":[{\"@type\":\"ReadAction\",\"target\":[\"https:\\\/\\\/www.btv.md\\\/ro\\\/isi-ridicau-salariul-unui-angajat-inexistent-tatal-si-fiica-condamnati-pentru-delapidarea-averii-unei-companii-de-asigurari-din-balti\\\/\"]}]},{\"@type\":\"ImageObject\",\"inLanguage\":\"ro-RO\",\"@id\":\"https:\\\/\\\/www.btv.md\\\/ro\\\/isi-ridicau-salariul-unui-angajat-inexistent-tatal-si-fiica-condamnati-pentru-delapidarea-averii-unei-companii-de-asigurari-din-balti\\\/#primaryimage\",\"url\":\"https:\\\/\\\/www.btv.md\\\/wp-content\\\/uploads\\\/2016\\\/04\\\/procuratura.png\",\"contentUrl\":\"https:\\\/\\\/www.btv.md\\\/wp-content\\\/uploads\\\/2016\\\/04\\\/procuratura.png\",\"width\":1015,\"height\":597},{\"@type\":\"WebSite\",\"@id\":\"https:\\\/\\\/www.btv.md\\\/#website\",\"url\":\"https:\\\/\\\/www.btv.md\\\/\",\"name\":\"BTV\",\"description\":\"\u0411\u0435\u043b\u044c\u0446\u043a\u043e\u0435 \u0442\u0435\u043b\u0435\u0432\u0438\u0434\u0435\u043d\u0438\u0435\",\"potentialAction\":[{\"@type\":\"SearchAction\",\"target\":{\"@type\":\"EntryPoint\",\"urlTemplate\":\"https:\\\/\\\/www.btv.md\\\/?s={search_term_string}\"},\"query-input\":{\"@type\":\"PropertyValueSpecification\",\"valueRequired\":true,\"valueName\":\"search_term_string\"}}],\"inLanguage\":\"ro-RO\"},{\"@type\":\"Person\",\"@id\":\"https:\\\/\\\/www.btv.md\\\/#\\\/schema\\\/person\\\/8fadce81561b3ce2c34c46dadc4ccbf2\",\"name\":\"admin\"}]}<\/script>\n<!-- \/ Yoast SEO plugin. -->","yoast_head_json":{"title":"\u00ce\u0218I RIDICAU SALARIUL UNUI ANGAJAT INEXISTENT.TAT\u0102L \u0218I FIIC\u0102 CONDAMNA\u021aI PENTRU DELAPIDAREA AVERII UNEI COMPANII DE ASIGUR\u0102RI DIN B\u0102L\u021aI - BTV","robots":{"index":"index","follow":"follow","max-snippet":"max-snippet:-1","max-image-preview":"max-image-preview:large","max-video-preview":"max-video-preview:-1"},"canonical":"https:\/\/www.btv.md\/ro\/isi-ridicau-salariul-unui-angajat-inexistent-tatal-si-fiica-condamnati-pentru-delapidarea-averii-unei-companii-de-asigurari-din-balti\/","og_locale":"ro_RO","og_type":"article","og_title":"\u00ce\u0218I RIDICAU SALARIUL UNUI ANGAJAT INEXISTENT.TAT\u0102L \u0218I FIIC\u0102 CONDAMNA\u021aI PENTRU DELAPIDAREA AVERII UNEI COMPANII DE ASIGUR\u0102RI DIN B\u0102L\u021aI - BTV","og_description":"Fostul director, \u00eempreun\u0103 cu managerul reprezenta\u0163iei B\u0103l\u0163i a unei companii de asigur\u0103ri au fost condamna\u0163i pentru delapidarea averii companiei \u00een propor\u0163ii deosebit de mari. Procurorii anticorup\u0163ie au demonstrat c\u0103, pe parcursul anilor 2005 &#8211; 2009, fostul director, \u00een complicitate cu managerul reprezenta\u0163iei B\u0103l\u0163i a companiei de asigur\u0103ri, care sunt tat\u0103 \u015fi fiic\u0103, au \u00eensu\u015fit ilegal [&hellip;]","og_url":"https:\/\/www.btv.md\/ro\/isi-ridicau-salariul-unui-angajat-inexistent-tatal-si-fiica-condamnati-pentru-delapidarea-averii-unei-companii-de-asigurari-din-balti\/","og_site_name":"BTV","article_publisher":"https:\/\/www.facebook.com\/btvmoldova\/","article_published_time":"2016-04-27T11:36:21+00:00","og_image":[{"width":1015,"height":597,"url":"https:\/\/www.btv.md\/wp-content\/uploads\/2016\/04\/procuratura.png","type":"image\/png"}],"author":"admin","twitter_misc":{"Scris de":"admin","Timp estimat pentru citire":"1 minut"},"schema":{"@context":"https:\/\/schema.org","@graph":[{"@type":"Article","@id":"https:\/\/www.btv.md\/ro\/isi-ridicau-salariul-unui-angajat-inexistent-tatal-si-fiica-condamnati-pentru-delapidarea-averii-unei-companii-de-asigurari-din-balti\/#article","isPartOf":{"@id":"https:\/\/www.btv.md\/ro\/isi-ridicau-salariul-unui-angajat-inexistent-tatal-si-fiica-condamnati-pentru-delapidarea-averii-unei-companii-de-asigurari-din-balti\/"},"author":{"name":"admin","@id":"https:\/\/www.btv.md\/#\/schema\/person\/8fadce81561b3ce2c34c46dadc4ccbf2"},"headline":"\u00ce\u0218I RIDICAU SALARIUL UNUI ANGAJAT INEXISTENT.TAT\u0102L \u0218I FIIC\u0102 CONDAMNA\u021aI PENTRU DELAPIDAREA AVERII UNEI COMPANII DE ASIGUR\u0102RI DIN B\u0102L\u021aI","datePublished":"2016-04-27T11:36:21+00:00","mainEntityOfPage":{"@id":"https:\/\/www.btv.md\/ro\/isi-ridicau-salariul-unui-angajat-inexistent-tatal-si-fiica-condamnati-pentru-delapidarea-averii-unei-companii-de-asigurari-din-balti\/"},"wordCount":218,"image":{"@id":"https:\/\/www.btv.md\/ro\/isi-ridicau-salariul-unui-angajat-inexistent-tatal-si-fiica-condamnati-pentru-delapidarea-averii-unei-companii-de-asigurari-din-balti\/#primaryimage"},"thumbnailUrl":"https:\/\/www.btv.md\/wp-content\/uploads\/2016\/04\/procuratura.png","articleSection":["Ora\u0219"],"inLanguage":"ro-RO"},{"@type":"WebPage","@id":"https:\/\/www.btv.md\/ro\/isi-ridicau-salariul-unui-angajat-inexistent-tatal-si-fiica-condamnati-pentru-delapidarea-averii-unei-companii-de-asigurari-din-balti\/","url":"https:\/\/www.btv.md\/ro\/isi-ridicau-salariul-unui-angajat-inexistent-tatal-si-fiica-condamnati-pentru-delapidarea-averii-unei-companii-de-asigurari-din-balti\/","name":"\u00ce\u0218I RIDICAU SALARIUL UNUI ANGAJAT INEXISTENT.TAT\u0102L \u0218I FIIC\u0102 CONDAMNA\u021aI PENTRU DELAPIDAREA AVERII UNEI COMPANII DE ASIGUR\u0102RI DIN B\u0102L\u021aI - BTV","isPartOf":{"@id":"https:\/\/www.btv.md\/#website"},"primaryImageOfPage":{"@id":"https:\/\/www.btv.md\/ro\/isi-ridicau-salariul-unui-angajat-inexistent-tatal-si-fiica-condamnati-pentru-delapidarea-averii-unei-companii-de-asigurari-din-balti\/#primaryimage"},"image":{"@id":"https:\/\/www.btv.md\/ro\/isi-ridicau-salariul-unui-angajat-inexistent-tatal-si-fiica-condamnati-pentru-delapidarea-averii-unei-companii-de-asigurari-din-balti\/#primaryimage"},"thumbnailUrl":"https:\/\/www.btv.md\/wp-content\/uploads\/2016\/04\/procuratura.png","datePublished":"2016-04-27T11:36:21+00:00","author":{"@id":"https:\/\/www.btv.md\/#\/schema\/person\/8fadce81561b3ce2c34c46dadc4ccbf2"},"inLanguage":"ro-RO","potentialAction":[{"@type":"ReadAction","target":["https:\/\/www.btv.md\/ro\/isi-ridicau-salariul-unui-angajat-inexistent-tatal-si-fiica-condamnati-pentru-delapidarea-averii-unei-companii-de-asigurari-din-balti\/"]}]},{"@type":"ImageObject","inLanguage":"ro-RO","@id":"https:\/\/www.btv.md\/ro\/isi-ridicau-salariul-unui-angajat-inexistent-tatal-si-fiica-condamnati-pentru-delapidarea-averii-unei-companii-de-asigurari-din-balti\/#primaryimage","url":"https:\/\/www.btv.md\/wp-content\/uploads\/2016\/04\/procuratura.png","contentUrl":"https:\/\/www.btv.md\/wp-content\/uploads\/2016\/04\/procuratura.png","width":1015,"height":597},{"@type":"WebSite","@id":"https:\/\/www.btv.md\/#website","url":"https:\/\/www.btv.md\/","name":"BTV","description":"\u0411\u0435\u043b\u044c\u0446\u043a\u043e\u0435 \u0442\u0435\u043b\u0435\u0432\u0438\u0434\u0435\u043d\u0438\u0435","potentialAction":[{"@type":"SearchAction","target":{"@type":"EntryPoint","urlTemplate":"https:\/\/www.btv.md\/?s={search_term_string}"},"query-input":{"@type":"PropertyValueSpecification","valueRequired":true,"valueName":"search_term_string"}}],"inLanguage":"ro-RO"},{"@type":"Person","@id":"https:\/\/www.btv.md\/#\/schema\/person\/8fadce81561b3ce2c34c46dadc4ccbf2","name":"admin"}]}},"_links":{"self":[{"href":"https:\/\/www.btv.md\/ro\/wp-json\/wp\/v2\/posts\/11554","targetHints":{"allow":["GET"]}}],"collection":[{"href":"https:\/\/www.btv.md\/ro\/wp-json\/wp\/v2\/posts"}],"about":[{"href":"https:\/\/www.btv.md\/ro\/wp-json\/wp\/v2\/types\/post"}],"author":[{"embeddable":true,"href":"https:\/\/www.btv.md\/ro\/wp-json\/wp\/v2\/users\/4"}],"replies":[{"embeddable":true,"href":"https:\/\/www.btv.md\/ro\/wp-json\/wp\/v2\/comments?post=11554"}],"version-history":[{"count":0,"href":"https:\/\/www.btv.md\/ro\/wp-json\/wp\/v2\/posts\/11554\/revisions"}],"wp:featuredmedia":[{"embeddable":true,"href":"https:\/\/www.btv.md\/ro\/wp-json\/wp\/v2\/media\/11555"}],"wp:attachment":[{"href":"https:\/\/www.btv.md\/ro\/wp-json\/wp\/v2\/media?parent=11554"}],"wp:term":[{"taxonomy":"category","embeddable":true,"href":"https:\/\/www.btv.md\/ro\/wp-json\/wp\/v2\/categories?post=11554"},{"taxonomy":"post_tag","embeddable":true,"href":"https:\/\/www.btv.md\/ro\/wp-json\/wp\/v2\/tags?post=11554"}],"curies":[{"name":"wp","href":"https:\/\/api.w.org\/{rel}","templated":true}]}}