{"id":11557,"date":"2016-04-27T15:41:55","date_gmt":"2016-04-27T12:41:55","guid":{"rendered":"http:\/\/btv.md\/?p=11557"},"modified":"2016-04-27T15:41:55","modified_gmt":"2016-04-27T12:41:55","slug":"vox-populi-unii-balteni-nu-stiu-cum-arata-drapelul-tarii","status":"publish","type":"post","link":"https:\/\/www.btv.md\/ro\/vox-populi-unii-balteni-nu-stiu-cum-arata-drapelul-tarii\/","title":{"rendered":"VOX POPULI: UNII  B\u0102L\u021aENI  NU  \u0218TIU  CUM  ARAT\u0102  DRAPELUL \u021a\u0102RII"},"content":{"rendered":"<p><strong>Dup\u0103 26 de ani de la desemnarea oficial\u0103 a drapelului \u0219i a stemei, \u00eenc\u0103 nu to\u021bi moldovenii \u0219tiu cum arat\u0103 acestea sau c\u0103 \u00een data de 27 aprilie, Republica Moldova marcheaz\u0103 oficial Ziua Drapelului \u015fi a Stemei de Stat. Un vox populi realizat de echipa BTV, demonstreaz\u0103 c\u0103 unii b\u0103l\u021beni nu cunosc aproape nimic despre simbolurile suveranit\u0103\u0163ii \u015fi independen\u0163ei \u0163\u0103rii noastre.<\/strong><\/p>\n<p>Drapelul Republicii Moldova este un tricolor cu benzi verticale \u2013 albastru, galben \u015fi ro\u015fu, av\u00e2nd propor\u0163iile de 1:2 \u00eentre l\u0103\u0163ime \u015fi lungime.<\/p>\n<p>\u00cen centru, pe f\u00e2\u015fia de culoare galben\u0103 a steagului, este imprimat\u0103 Stema de Stat &#8211; un vultur purt\u00e2nd o cruce \u00een cioc \u015fi str\u00e2ng\u00e2nd \u00een gheare c\u00e2te un sceptru de aur \u015fi o ramur\u0103 verde de m\u0103slin. Pieptul p\u0103s\u0103rii este protejat de un scut cu \u00eensemnele tradi\u0163ionale ale Moldovei: capul de bour, soarele, luna \u015fi o floare.<\/p>\n<p>Tricolorul a fost desemnat drapel oficial al Republicii Moldova de primul Parlament pe 27 aprilie 1990. Ziua Drapelului de Stat a fost instituit\u0103 pe 23 aprilie 2010.<\/p>\n<p>NATALIA  TOCARCIUC<br \/>\nCORNELIU  VIERU<br \/>\nIURIE BOLD<br \/>\n<iframe width=\"420\" height=\"315\" data-src=\"https:\/\/www.youtube.com\/embed\/nn7_O1omK3A\" frameborder=\"0\" allowfullscreen src=\"data:image\/svg+xml;base64,PHN2ZyB3aWR0aD0iMSIgaGVpZ2h0PSIxIiB4bWxucz0iaHR0cDovL3d3dy53My5vcmcvMjAwMC9zdmciPjwvc3ZnPg==\" class=\"lazyload\" data-load-mode=\"1\"><\/iframe><\/p>\n","protected":false},"excerpt":{"rendered":"<p>Dup\u0103 26 de ani de la desemnarea oficial\u0103 a drapelului \u0219i a stemei, \u00eenc\u0103 nu to\u021bi moldovenii \u0219tiu cum arat\u0103 acestea sau c\u0103 \u00een data de 27 aprilie, Republica Moldova marcheaz\u0103 oficial Ziua Drapelului \u015fi a Stemei de Stat. Un vox populi realizat de echipa BTV, demonstreaz\u0103 c\u0103 unii b\u0103l\u021beni nu cunosc aproape nimic despre [&hellip;]<\/p>\n","protected":false},"author":4,"featured_media":11558,"comment_status":"closed","ping_status":"closed","sticky":false,"template":"","format":"standard","meta":{"footnotes":""},"categories":[6353],"tags":[],"class_list":["post-11557","post","type-post","status-publish","format-standard","has-post-thumbnail","hentry","category-oras"],"yoast_head":"<!-- This site is optimized with the Yoast SEO plugin v27.4 - https:\/\/yoast.com\/product\/yoast-seo-wordpress\/ -->\n<title>VOX POPULI: UNII B\u0102L\u021aENI NU \u0218TIU CUM ARAT\u0102 DRAPELUL \u021a\u0102RII - BTV<\/title>\n<meta name=\"robots\" content=\"index, follow, max-snippet:-1, max-image-preview:large, max-video-preview:-1\" \/>\n<link rel=\"canonical\" href=\"https:\/\/www.btv.md\/ro\/amp\/vox-populi-unii-balteni-nu-stiu-cum-arata-drapelul-tarii\/\" \/>\n<meta property=\"og:locale\" content=\"ro_RO\" \/>\n<meta property=\"og:type\" content=\"article\" \/>\n<meta property=\"og:title\" content=\"VOX POPULI: UNII B\u0102L\u021aENI NU \u0218TIU CUM ARAT\u0102 DRAPELUL \u021a\u0102RII - BTV\" \/>\n<meta property=\"og:description\" content=\"Dup\u0103 26 de ani de la desemnarea oficial\u0103 a drapelului \u0219i a stemei, \u00eenc\u0103 nu to\u021bi moldovenii \u0219tiu cum arat\u0103 acestea sau c\u0103 \u00een data de 27 aprilie, Republica Moldova marcheaz\u0103 oficial Ziua Drapelului \u015fi a Stemei de Stat. Un vox populi realizat de echipa BTV, demonstreaz\u0103 c\u0103 unii b\u0103l\u021beni nu cunosc aproape nimic despre [&hellip;]\" \/>\n<meta property=\"og:url\" content=\"https:\/\/www.btv.md\/ro\/amp\/vox-populi-unii-balteni-nu-stiu-cum-arata-drapelul-tarii\/\" \/>\n<meta property=\"og:site_name\" content=\"BTV\" \/>\n<meta property=\"article:publisher\" content=\"https:\/\/www.facebook.com\/btvmoldova\/\" \/>\n<meta property=\"article:published_time\" content=\"2016-04-27T12:41:55+00:00\" \/>\n<meta property=\"og:image\" content=\"https:\/\/www.btv.md\/wp-content\/uploads\/2016\/04\/drapelul_steagul_r-moldovei1.jpg\" \/>\n\t<meta property=\"og:image:width\" content=\"700\" \/>\n\t<meta property=\"og:image:height\" content=\"459\" \/>\n\t<meta property=\"og:image:type\" content=\"image\/jpeg\" \/>\n<meta name=\"author\" content=\"admin\" \/>\n<meta name=\"twitter:label1\" content=\"Scris de\" \/>\n\t<meta name=\"twitter:data1\" content=\"admin\" \/>\n\t<meta name=\"twitter:label2\" content=\"Timp estimat pentru citire\" \/>\n\t<meta name=\"twitter:data2\" content=\"1 minut\" \/>\n<script type=\"application\/ld+json\" class=\"yoast-schema-graph\">{\"@context\":\"https:\\\/\\\/schema.org\",\"@graph\":[{\"@type\":\"Article\",\"@id\":\"https:\\\/\\\/www.btv.md\\\/ro\\\/amp\\\/vox-populi-unii-balteni-nu-stiu-cum-arata-drapelul-tarii\\\/#article\",\"isPartOf\":{\"@id\":\"https:\\\/\\\/www.btv.md\\\/ro\\\/amp\\\/vox-populi-unii-balteni-nu-stiu-cum-arata-drapelul-tarii\\\/\"},\"author\":{\"name\":\"admin\",\"@id\":\"https:\\\/\\\/www.btv.md\\\/#\\\/schema\\\/person\\\/8fadce81561b3ce2c34c46dadc4ccbf2\"},\"headline\":\"VOX POPULI: UNII B\u0102L\u021aENI NU \u0218TIU CUM ARAT\u0102 DRAPELUL \u021a\u0102RII\",\"datePublished\":\"2016-04-27T12:41:55+00:00\",\"mainEntityOfPage\":{\"@id\":\"https:\\\/\\\/www.btv.md\\\/ro\\\/amp\\\/vox-populi-unii-balteni-nu-stiu-cum-arata-drapelul-tarii\\\/\"},\"wordCount\":195,\"image\":{\"@id\":\"https:\\\/\\\/www.btv.md\\\/ro\\\/amp\\\/vox-populi-unii-balteni-nu-stiu-cum-arata-drapelul-tarii\\\/#primaryimage\"},\"thumbnailUrl\":\"https:\\\/\\\/www.btv.md\\\/wp-content\\\/uploads\\\/2016\\\/04\\\/drapelul_steagul_r-moldovei1.jpg\",\"articleSection\":[\"Ora\u0219\"],\"inLanguage\":\"ro-RO\"},{\"@type\":\"WebPage\",\"@id\":\"https:\\\/\\\/www.btv.md\\\/ro\\\/amp\\\/vox-populi-unii-balteni-nu-stiu-cum-arata-drapelul-tarii\\\/\",\"url\":\"https:\\\/\\\/www.btv.md\\\/ro\\\/amp\\\/vox-populi-unii-balteni-nu-stiu-cum-arata-drapelul-tarii\\\/\",\"name\":\"VOX POPULI: UNII B\u0102L\u021aENI NU \u0218TIU CUM ARAT\u0102 DRAPELUL \u021a\u0102RII - BTV\",\"isPartOf\":{\"@id\":\"https:\\\/\\\/www.btv.md\\\/#website\"},\"primaryImageOfPage\":{\"@id\":\"https:\\\/\\\/www.btv.md\\\/ro\\\/amp\\\/vox-populi-unii-balteni-nu-stiu-cum-arata-drapelul-tarii\\\/#primaryimage\"},\"image\":{\"@id\":\"https:\\\/\\\/www.btv.md\\\/ro\\\/amp\\\/vox-populi-unii-balteni-nu-stiu-cum-arata-drapelul-tarii\\\/#primaryimage\"},\"thumbnailUrl\":\"https:\\\/\\\/www.btv.md\\\/wp-content\\\/uploads\\\/2016\\\/04\\\/drapelul_steagul_r-moldovei1.jpg\",\"datePublished\":\"2016-04-27T12:41:55+00:00\",\"author\":{\"@id\":\"https:\\\/\\\/www.btv.md\\\/#\\\/schema\\\/person\\\/8fadce81561b3ce2c34c46dadc4ccbf2\"},\"inLanguage\":\"ro-RO\",\"potentialAction\":[{\"@type\":\"ReadAction\",\"target\":[\"https:\\\/\\\/www.btv.md\\\/ro\\\/amp\\\/vox-populi-unii-balteni-nu-stiu-cum-arata-drapelul-tarii\\\/\"]}]},{\"@type\":\"ImageObject\",\"inLanguage\":\"ro-RO\",\"@id\":\"https:\\\/\\\/www.btv.md\\\/ro\\\/amp\\\/vox-populi-unii-balteni-nu-stiu-cum-arata-drapelul-tarii\\\/#primaryimage\",\"url\":\"https:\\\/\\\/www.btv.md\\\/wp-content\\\/uploads\\\/2016\\\/04\\\/drapelul_steagul_r-moldovei1.jpg\",\"contentUrl\":\"https:\\\/\\\/www.btv.md\\\/wp-content\\\/uploads\\\/2016\\\/04\\\/drapelul_steagul_r-moldovei1.jpg\",\"width\":700,\"height\":459,\"caption\":\"www.moldovenii.md\"},{\"@type\":\"WebSite\",\"@id\":\"https:\\\/\\\/www.btv.md\\\/#website\",\"url\":\"https:\\\/\\\/www.btv.md\\\/\",\"name\":\"BTV\",\"description\":\"\u0411\u0435\u043b\u044c\u0446\u043a\u043e\u0435 \u0442\u0435\u043b\u0435\u0432\u0438\u0434\u0435\u043d\u0438\u0435\",\"potentialAction\":[{\"@type\":\"SearchAction\",\"target\":{\"@type\":\"EntryPoint\",\"urlTemplate\":\"https:\\\/\\\/www.btv.md\\\/?s={search_term_string}\"},\"query-input\":{\"@type\":\"PropertyValueSpecification\",\"valueRequired\":true,\"valueName\":\"search_term_string\"}}],\"inLanguage\":\"ro-RO\"},{\"@type\":\"Person\",\"@id\":\"https:\\\/\\\/www.btv.md\\\/#\\\/schema\\\/person\\\/8fadce81561b3ce2c34c46dadc4ccbf2\",\"name\":\"admin\"}]}<\/script>\n<!-- \/ Yoast SEO plugin. -->","yoast_head_json":{"title":"VOX POPULI: UNII B\u0102L\u021aENI NU \u0218TIU CUM ARAT\u0102 DRAPELUL \u021a\u0102RII - BTV","robots":{"index":"index","follow":"follow","max-snippet":"max-snippet:-1","max-image-preview":"max-image-preview:large","max-video-preview":"max-video-preview:-1"},"canonical":"https:\/\/www.btv.md\/ro\/amp\/vox-populi-unii-balteni-nu-stiu-cum-arata-drapelul-tarii\/","og_locale":"ro_RO","og_type":"article","og_title":"VOX POPULI: UNII B\u0102L\u021aENI NU \u0218TIU CUM ARAT\u0102 DRAPELUL \u021a\u0102RII - BTV","og_description":"Dup\u0103 26 de ani de la desemnarea oficial\u0103 a drapelului \u0219i a stemei, \u00eenc\u0103 nu to\u021bi moldovenii \u0219tiu cum arat\u0103 acestea sau c\u0103 \u00een data de 27 aprilie, Republica Moldova marcheaz\u0103 oficial Ziua Drapelului \u015fi a Stemei de Stat. Un vox populi realizat de echipa BTV, demonstreaz\u0103 c\u0103 unii b\u0103l\u021beni nu cunosc aproape nimic despre [&hellip;]","og_url":"https:\/\/www.btv.md\/ro\/amp\/vox-populi-unii-balteni-nu-stiu-cum-arata-drapelul-tarii\/","og_site_name":"BTV","article_publisher":"https:\/\/www.facebook.com\/btvmoldova\/","article_published_time":"2016-04-27T12:41:55+00:00","og_image":[{"width":700,"height":459,"url":"https:\/\/www.btv.md\/wp-content\/uploads\/2016\/04\/drapelul_steagul_r-moldovei1.jpg","type":"image\/jpeg"}],"author":"admin","twitter_misc":{"Scris de":"admin","Timp estimat pentru citire":"1 minut"},"schema":{"@context":"https:\/\/schema.org","@graph":[{"@type":"Article","@id":"https:\/\/www.btv.md\/ro\/amp\/vox-populi-unii-balteni-nu-stiu-cum-arata-drapelul-tarii\/#article","isPartOf":{"@id":"https:\/\/www.btv.md\/ro\/amp\/vox-populi-unii-balteni-nu-stiu-cum-arata-drapelul-tarii\/"},"author":{"name":"admin","@id":"https:\/\/www.btv.md\/#\/schema\/person\/8fadce81561b3ce2c34c46dadc4ccbf2"},"headline":"VOX POPULI: UNII B\u0102L\u021aENI NU \u0218TIU CUM ARAT\u0102 DRAPELUL \u021a\u0102RII","datePublished":"2016-04-27T12:41:55+00:00","mainEntityOfPage":{"@id":"https:\/\/www.btv.md\/ro\/amp\/vox-populi-unii-balteni-nu-stiu-cum-arata-drapelul-tarii\/"},"wordCount":195,"image":{"@id":"https:\/\/www.btv.md\/ro\/amp\/vox-populi-unii-balteni-nu-stiu-cum-arata-drapelul-tarii\/#primaryimage"},"thumbnailUrl":"https:\/\/www.btv.md\/wp-content\/uploads\/2016\/04\/drapelul_steagul_r-moldovei1.jpg","articleSection":["Ora\u0219"],"inLanguage":"ro-RO"},{"@type":"WebPage","@id":"https:\/\/www.btv.md\/ro\/amp\/vox-populi-unii-balteni-nu-stiu-cum-arata-drapelul-tarii\/","url":"https:\/\/www.btv.md\/ro\/amp\/vox-populi-unii-balteni-nu-stiu-cum-arata-drapelul-tarii\/","name":"VOX POPULI: UNII B\u0102L\u021aENI NU \u0218TIU CUM ARAT\u0102 DRAPELUL \u021a\u0102RII - BTV","isPartOf":{"@id":"https:\/\/www.btv.md\/#website"},"primaryImageOfPage":{"@id":"https:\/\/www.btv.md\/ro\/amp\/vox-populi-unii-balteni-nu-stiu-cum-arata-drapelul-tarii\/#primaryimage"},"image":{"@id":"https:\/\/www.btv.md\/ro\/amp\/vox-populi-unii-balteni-nu-stiu-cum-arata-drapelul-tarii\/#primaryimage"},"thumbnailUrl":"https:\/\/www.btv.md\/wp-content\/uploads\/2016\/04\/drapelul_steagul_r-moldovei1.jpg","datePublished":"2016-04-27T12:41:55+00:00","author":{"@id":"https:\/\/www.btv.md\/#\/schema\/person\/8fadce81561b3ce2c34c46dadc4ccbf2"},"inLanguage":"ro-RO","potentialAction":[{"@type":"ReadAction","target":["https:\/\/www.btv.md\/ro\/amp\/vox-populi-unii-balteni-nu-stiu-cum-arata-drapelul-tarii\/"]}]},{"@type":"ImageObject","inLanguage":"ro-RO","@id":"https:\/\/www.btv.md\/ro\/amp\/vox-populi-unii-balteni-nu-stiu-cum-arata-drapelul-tarii\/#primaryimage","url":"https:\/\/www.btv.md\/wp-content\/uploads\/2016\/04\/drapelul_steagul_r-moldovei1.jpg","contentUrl":"https:\/\/www.btv.md\/wp-content\/uploads\/2016\/04\/drapelul_steagul_r-moldovei1.jpg","width":700,"height":459,"caption":"www.moldovenii.md"},{"@type":"WebSite","@id":"https:\/\/www.btv.md\/#website","url":"https:\/\/www.btv.md\/","name":"BTV","description":"\u0411\u0435\u043b\u044c\u0446\u043a\u043e\u0435 \u0442\u0435\u043b\u0435\u0432\u0438\u0434\u0435\u043d\u0438\u0435","potentialAction":[{"@type":"SearchAction","target":{"@type":"EntryPoint","urlTemplate":"https:\/\/www.btv.md\/?s={search_term_string}"},"query-input":{"@type":"PropertyValueSpecification","valueRequired":true,"valueName":"search_term_string"}}],"inLanguage":"ro-RO"},{"@type":"Person","@id":"https:\/\/www.btv.md\/#\/schema\/person\/8fadce81561b3ce2c34c46dadc4ccbf2","name":"admin"}]}},"_links":{"self":[{"href":"https:\/\/www.btv.md\/ro\/wp-json\/wp\/v2\/posts\/11557","targetHints":{"allow":["GET"]}}],"collection":[{"href":"https:\/\/www.btv.md\/ro\/wp-json\/wp\/v2\/posts"}],"about":[{"href":"https:\/\/www.btv.md\/ro\/wp-json\/wp\/v2\/types\/post"}],"author":[{"embeddable":true,"href":"https:\/\/www.btv.md\/ro\/wp-json\/wp\/v2\/users\/4"}],"replies":[{"embeddable":true,"href":"https:\/\/www.btv.md\/ro\/wp-json\/wp\/v2\/comments?post=11557"}],"version-history":[{"count":0,"href":"https:\/\/www.btv.md\/ro\/wp-json\/wp\/v2\/posts\/11557\/revisions"}],"wp:featuredmedia":[{"embeddable":true,"href":"https:\/\/www.btv.md\/ro\/wp-json\/wp\/v2\/media\/11558"}],"wp:attachment":[{"href":"https:\/\/www.btv.md\/ro\/wp-json\/wp\/v2\/media?parent=11557"}],"wp:term":[{"taxonomy":"category","embeddable":true,"href":"https:\/\/www.btv.md\/ro\/wp-json\/wp\/v2\/categories?post=11557"},{"taxonomy":"post_tag","embeddable":true,"href":"https:\/\/www.btv.md\/ro\/wp-json\/wp\/v2\/tags?post=11557"}],"curies":[{"name":"wp","href":"https:\/\/api.w.org\/{rel}","templated":true}]}}