{"id":11581,"date":"2016-04-28T13:48:41","date_gmt":"2016-04-28T10:48:41","guid":{"rendered":"http:\/\/btv.md\/?p=11581"},"modified":"2016-04-28T16:23:34","modified_gmt":"2016-04-28T13:23:34","slug":"au-refuzat-darurile-de-la-usatii-din-interese-politice","status":"publish","type":"post","link":"https:\/\/www.btv.md\/ro\/au-refuzat-darurile-de-la-usatii-din-interese-politice\/","title":{"rendered":"AU  REFUZAT  DARURILE  DE  LA  USAT\u00ceI DIN  INTERESE  POLITICE"},"content":{"rendered":"<p>Reprezentan\u021bii conducerii Internatului Psihoneurologic din B\u0103l\u021bi, au refuzat joi s\u0103 primeasc\u0103 daruri de Pa\u015fti oferite de fondul \u201eRenato Usat\u00eei\u201d pentru pacien\u021bii institu\u021biei. Directorul internatului, Lilia Melnic, a precizat c\u0103 nu permite desf\u0103\u0219urarea ac\u021biunii, invoc\u00e2nd motivul prezent\u0103rii unui certificat de provenien\u021b\u0103 a m\u0103rfii, adica a darurilor pascale. Totodat\u0103, ea a interzis accesul reprezentan\u021bilor mass-media s\u0103 relateze despre evenimentul \u00een cauz\u0103. <\/p>\n<p>Telefonat\u0103 de reporterii BTV, ministra muncii, Stela Grigora\u0219, a men\u021bonat c\u0103 jurnali\u0219tii vor avea acces s\u0103 filmeze ac\u021biunea de caritate dup\u0103 ce reprezentan\u021bii fondului \u201eRenato Usat\u00eei\u201d vor prezenta certificatele de rigoare.<\/p>\n<p>Potrivit unor angaja\u021bi din cadrul spitalului, ac\u021biunea de caritate a fost interziz\u0103 ca urmare a unor interese politice. Directoarea institu\u021biei ar avea tangen\u021be cu Partidul Democrat. Dup\u0103 c\u00e2teva ore de a\u0219teptare, voluntarii fondului \u201eRenato Usat\u00eei\u201d au ob\u021binut totu\u0219i permisiunea de a intra pe teritoriul internatului, nu \u0219i jurnali\u0219tii.<\/p>\n<p>Cu mai multe detalii revenim mai t\u00e2rziu.<\/p>\n","protected":false},"excerpt":{"rendered":"<p>Reprezentan\u021bii conducerii Internatului Psihoneurologic din B\u0103l\u021bi, au refuzat joi s\u0103 primeasc\u0103 daruri de Pa\u015fti oferite de fondul \u201eRenato Usat\u00eei\u201d pentru pacien\u021bii institu\u021biei. Directorul internatului, Lilia Melnic, a precizat c\u0103 nu permite desf\u0103\u0219urarea ac\u021biunii, invoc\u00e2nd motivul prezent\u0103rii unui certificat de provenien\u021b\u0103 a m\u0103rfii, adica a darurilor pascale. Totodat\u0103, ea a interzis accesul reprezentan\u021bilor mass-media s\u0103 relateze [&hellip;]<\/p>\n","protected":false},"author":4,"featured_media":11582,"comment_status":"closed","ping_status":"closed","sticky":false,"template":"","format":"standard","meta":{"footnotes":""},"categories":[6353],"tags":[],"class_list":["post-11581","post","type-post","status-publish","format-standard","has-post-thumbnail","hentry","category-oras"],"yoast_head":"<!-- This site is optimized with the Yoast SEO plugin v27.4 - https:\/\/yoast.com\/product\/yoast-seo-wordpress\/ -->\n<title>AU REFUZAT DARURILE DE LA USAT\u00ceI DIN INTERESE POLITICE - BTV<\/title>\n<meta name=\"robots\" content=\"index, follow, max-snippet:-1, max-image-preview:large, max-video-preview:-1\" \/>\n<link rel=\"canonical\" href=\"https:\/\/www.btv.md\/ro\/au-refuzat-darurile-de-la-usatii-din-interese-politice\/\" \/>\n<meta property=\"og:locale\" content=\"ro_RO\" \/>\n<meta property=\"og:type\" content=\"article\" \/>\n<meta property=\"og:title\" content=\"AU REFUZAT DARURILE DE LA USAT\u00ceI DIN INTERESE POLITICE - BTV\" \/>\n<meta property=\"og:description\" content=\"Reprezentan\u021bii conducerii Internatului Psihoneurologic din B\u0103l\u021bi, au refuzat joi s\u0103 primeasc\u0103 daruri de Pa\u015fti oferite de fondul \u201eRenato Usat\u00eei\u201d pentru pacien\u021bii institu\u021biei. Directorul internatului, Lilia Melnic, a precizat c\u0103 nu permite desf\u0103\u0219urarea ac\u021biunii, invoc\u00e2nd motivul prezent\u0103rii unui certificat de provenien\u021b\u0103 a m\u0103rfii, adica a darurilor pascale. Totodat\u0103, ea a interzis accesul reprezentan\u021bilor mass-media s\u0103 relateze [&hellip;]\" \/>\n<meta property=\"og:url\" content=\"https:\/\/www.btv.md\/ro\/au-refuzat-darurile-de-la-usatii-din-interese-politice\/\" \/>\n<meta property=\"og:site_name\" content=\"BTV\" \/>\n<meta property=\"article:publisher\" content=\"https:\/\/www.facebook.com\/btvmoldova\/\" \/>\n<meta property=\"article:published_time\" content=\"2016-04-28T10:48:41+00:00\" \/>\n<meta property=\"article:modified_time\" content=\"2016-04-28T13:23:34+00:00\" \/>\n<meta property=\"og:image\" content=\"https:\/\/www.btv.md\/wp-content\/uploads\/2016\/04\/pachety-us.png\" \/>\n\t<meta property=\"og:image:width\" content=\"1009\" \/>\n\t<meta property=\"og:image:height\" content=\"671\" \/>\n\t<meta property=\"og:image:type\" content=\"image\/png\" \/>\n<meta name=\"author\" content=\"admin\" \/>\n<meta name=\"twitter:label1\" content=\"Scris de\" \/>\n\t<meta name=\"twitter:data1\" content=\"admin\" \/>\n\t<meta name=\"twitter:label2\" content=\"Timp estimat pentru citire\" \/>\n\t<meta name=\"twitter:data2\" content=\"1 minut\" \/>\n<script type=\"application\/ld+json\" class=\"yoast-schema-graph\">{\"@context\":\"https:\\\/\\\/schema.org\",\"@graph\":[{\"@type\":\"Article\",\"@id\":\"https:\\\/\\\/www.btv.md\\\/ro\\\/au-refuzat-darurile-de-la-usatii-din-interese-politice\\\/#article\",\"isPartOf\":{\"@id\":\"https:\\\/\\\/www.btv.md\\\/ro\\\/au-refuzat-darurile-de-la-usatii-din-interese-politice\\\/\"},\"author\":{\"name\":\"admin\",\"@id\":\"https:\\\/\\\/www.btv.md\\\/#\\\/schema\\\/person\\\/8fadce81561b3ce2c34c46dadc4ccbf2\"},\"headline\":\"AU REFUZAT DARURILE DE LA USAT\u00ceI DIN INTERESE POLITICE\",\"datePublished\":\"2016-04-28T10:48:41+00:00\",\"dateModified\":\"2016-04-28T13:23:34+00:00\",\"mainEntityOfPage\":{\"@id\":\"https:\\\/\\\/www.btv.md\\\/ro\\\/au-refuzat-darurile-de-la-usatii-din-interese-politice\\\/\"},\"wordCount\":184,\"image\":{\"@id\":\"https:\\\/\\\/www.btv.md\\\/ro\\\/au-refuzat-darurile-de-la-usatii-din-interese-politice\\\/#primaryimage\"},\"thumbnailUrl\":\"https:\\\/\\\/www.btv.md\\\/wp-content\\\/uploads\\\/2016\\\/04\\\/pachety-us.png\",\"articleSection\":[\"Ora\u0219\"],\"inLanguage\":\"ro-RO\"},{\"@type\":\"WebPage\",\"@id\":\"https:\\\/\\\/www.btv.md\\\/ro\\\/au-refuzat-darurile-de-la-usatii-din-interese-politice\\\/\",\"url\":\"https:\\\/\\\/www.btv.md\\\/ro\\\/au-refuzat-darurile-de-la-usatii-din-interese-politice\\\/\",\"name\":\"AU REFUZAT DARURILE DE LA USAT\u00ceI DIN INTERESE POLITICE - BTV\",\"isPartOf\":{\"@id\":\"https:\\\/\\\/www.btv.md\\\/#website\"},\"primaryImageOfPage\":{\"@id\":\"https:\\\/\\\/www.btv.md\\\/ro\\\/au-refuzat-darurile-de-la-usatii-din-interese-politice\\\/#primaryimage\"},\"image\":{\"@id\":\"https:\\\/\\\/www.btv.md\\\/ro\\\/au-refuzat-darurile-de-la-usatii-din-interese-politice\\\/#primaryimage\"},\"thumbnailUrl\":\"https:\\\/\\\/www.btv.md\\\/wp-content\\\/uploads\\\/2016\\\/04\\\/pachety-us.png\",\"datePublished\":\"2016-04-28T10:48:41+00:00\",\"dateModified\":\"2016-04-28T13:23:34+00:00\",\"author\":{\"@id\":\"https:\\\/\\\/www.btv.md\\\/#\\\/schema\\\/person\\\/8fadce81561b3ce2c34c46dadc4ccbf2\"},\"inLanguage\":\"ro-RO\",\"potentialAction\":[{\"@type\":\"ReadAction\",\"target\":[\"https:\\\/\\\/www.btv.md\\\/ro\\\/au-refuzat-darurile-de-la-usatii-din-interese-politice\\\/\"]}]},{\"@type\":\"ImageObject\",\"inLanguage\":\"ro-RO\",\"@id\":\"https:\\\/\\\/www.btv.md\\\/ro\\\/au-refuzat-darurile-de-la-usatii-din-interese-politice\\\/#primaryimage\",\"url\":\"https:\\\/\\\/www.btv.md\\\/wp-content\\\/uploads\\\/2016\\\/04\\\/pachety-us.png\",\"contentUrl\":\"https:\\\/\\\/www.btv.md\\\/wp-content\\\/uploads\\\/2016\\\/04\\\/pachety-us.png\",\"width\":1009,\"height\":671},{\"@type\":\"WebSite\",\"@id\":\"https:\\\/\\\/www.btv.md\\\/#website\",\"url\":\"https:\\\/\\\/www.btv.md\\\/\",\"name\":\"BTV\",\"description\":\"\u0411\u0435\u043b\u044c\u0446\u043a\u043e\u0435 \u0442\u0435\u043b\u0435\u0432\u0438\u0434\u0435\u043d\u0438\u0435\",\"potentialAction\":[{\"@type\":\"SearchAction\",\"target\":{\"@type\":\"EntryPoint\",\"urlTemplate\":\"https:\\\/\\\/www.btv.md\\\/?s={search_term_string}\"},\"query-input\":{\"@type\":\"PropertyValueSpecification\",\"valueRequired\":true,\"valueName\":\"search_term_string\"}}],\"inLanguage\":\"ro-RO\"},{\"@type\":\"Person\",\"@id\":\"https:\\\/\\\/www.btv.md\\\/#\\\/schema\\\/person\\\/8fadce81561b3ce2c34c46dadc4ccbf2\",\"name\":\"admin\"}]}<\/script>\n<!-- \/ Yoast SEO plugin. -->","yoast_head_json":{"title":"AU REFUZAT DARURILE DE LA USAT\u00ceI DIN INTERESE POLITICE - BTV","robots":{"index":"index","follow":"follow","max-snippet":"max-snippet:-1","max-image-preview":"max-image-preview:large","max-video-preview":"max-video-preview:-1"},"canonical":"https:\/\/www.btv.md\/ro\/au-refuzat-darurile-de-la-usatii-din-interese-politice\/","og_locale":"ro_RO","og_type":"article","og_title":"AU REFUZAT DARURILE DE LA USAT\u00ceI DIN INTERESE POLITICE - BTV","og_description":"Reprezentan\u021bii conducerii Internatului Psihoneurologic din B\u0103l\u021bi, au refuzat joi s\u0103 primeasc\u0103 daruri de Pa\u015fti oferite de fondul \u201eRenato Usat\u00eei\u201d pentru pacien\u021bii institu\u021biei. Directorul internatului, Lilia Melnic, a precizat c\u0103 nu permite desf\u0103\u0219urarea ac\u021biunii, invoc\u00e2nd motivul prezent\u0103rii unui certificat de provenien\u021b\u0103 a m\u0103rfii, adica a darurilor pascale. Totodat\u0103, ea a interzis accesul reprezentan\u021bilor mass-media s\u0103 relateze [&hellip;]","og_url":"https:\/\/www.btv.md\/ro\/au-refuzat-darurile-de-la-usatii-din-interese-politice\/","og_site_name":"BTV","article_publisher":"https:\/\/www.facebook.com\/btvmoldova\/","article_published_time":"2016-04-28T10:48:41+00:00","article_modified_time":"2016-04-28T13:23:34+00:00","og_image":[{"width":1009,"height":671,"url":"https:\/\/www.btv.md\/wp-content\/uploads\/2016\/04\/pachety-us.png","type":"image\/png"}],"author":"admin","twitter_misc":{"Scris de":"admin","Timp estimat pentru citire":"1 minut"},"schema":{"@context":"https:\/\/schema.org","@graph":[{"@type":"Article","@id":"https:\/\/www.btv.md\/ro\/au-refuzat-darurile-de-la-usatii-din-interese-politice\/#article","isPartOf":{"@id":"https:\/\/www.btv.md\/ro\/au-refuzat-darurile-de-la-usatii-din-interese-politice\/"},"author":{"name":"admin","@id":"https:\/\/www.btv.md\/#\/schema\/person\/8fadce81561b3ce2c34c46dadc4ccbf2"},"headline":"AU REFUZAT DARURILE DE LA USAT\u00ceI DIN INTERESE POLITICE","datePublished":"2016-04-28T10:48:41+00:00","dateModified":"2016-04-28T13:23:34+00:00","mainEntityOfPage":{"@id":"https:\/\/www.btv.md\/ro\/au-refuzat-darurile-de-la-usatii-din-interese-politice\/"},"wordCount":184,"image":{"@id":"https:\/\/www.btv.md\/ro\/au-refuzat-darurile-de-la-usatii-din-interese-politice\/#primaryimage"},"thumbnailUrl":"https:\/\/www.btv.md\/wp-content\/uploads\/2016\/04\/pachety-us.png","articleSection":["Ora\u0219"],"inLanguage":"ro-RO"},{"@type":"WebPage","@id":"https:\/\/www.btv.md\/ro\/au-refuzat-darurile-de-la-usatii-din-interese-politice\/","url":"https:\/\/www.btv.md\/ro\/au-refuzat-darurile-de-la-usatii-din-interese-politice\/","name":"AU REFUZAT DARURILE DE LA USAT\u00ceI DIN INTERESE POLITICE - BTV","isPartOf":{"@id":"https:\/\/www.btv.md\/#website"},"primaryImageOfPage":{"@id":"https:\/\/www.btv.md\/ro\/au-refuzat-darurile-de-la-usatii-din-interese-politice\/#primaryimage"},"image":{"@id":"https:\/\/www.btv.md\/ro\/au-refuzat-darurile-de-la-usatii-din-interese-politice\/#primaryimage"},"thumbnailUrl":"https:\/\/www.btv.md\/wp-content\/uploads\/2016\/04\/pachety-us.png","datePublished":"2016-04-28T10:48:41+00:00","dateModified":"2016-04-28T13:23:34+00:00","author":{"@id":"https:\/\/www.btv.md\/#\/schema\/person\/8fadce81561b3ce2c34c46dadc4ccbf2"},"inLanguage":"ro-RO","potentialAction":[{"@type":"ReadAction","target":["https:\/\/www.btv.md\/ro\/au-refuzat-darurile-de-la-usatii-din-interese-politice\/"]}]},{"@type":"ImageObject","inLanguage":"ro-RO","@id":"https:\/\/www.btv.md\/ro\/au-refuzat-darurile-de-la-usatii-din-interese-politice\/#primaryimage","url":"https:\/\/www.btv.md\/wp-content\/uploads\/2016\/04\/pachety-us.png","contentUrl":"https:\/\/www.btv.md\/wp-content\/uploads\/2016\/04\/pachety-us.png","width":1009,"height":671},{"@type":"WebSite","@id":"https:\/\/www.btv.md\/#website","url":"https:\/\/www.btv.md\/","name":"BTV","description":"\u0411\u0435\u043b\u044c\u0446\u043a\u043e\u0435 \u0442\u0435\u043b\u0435\u0432\u0438\u0434\u0435\u043d\u0438\u0435","potentialAction":[{"@type":"SearchAction","target":{"@type":"EntryPoint","urlTemplate":"https:\/\/www.btv.md\/?s={search_term_string}"},"query-input":{"@type":"PropertyValueSpecification","valueRequired":true,"valueName":"search_term_string"}}],"inLanguage":"ro-RO"},{"@type":"Person","@id":"https:\/\/www.btv.md\/#\/schema\/person\/8fadce81561b3ce2c34c46dadc4ccbf2","name":"admin"}]}},"_links":{"self":[{"href":"https:\/\/www.btv.md\/ro\/wp-json\/wp\/v2\/posts\/11581","targetHints":{"allow":["GET"]}}],"collection":[{"href":"https:\/\/www.btv.md\/ro\/wp-json\/wp\/v2\/posts"}],"about":[{"href":"https:\/\/www.btv.md\/ro\/wp-json\/wp\/v2\/types\/post"}],"author":[{"embeddable":true,"href":"https:\/\/www.btv.md\/ro\/wp-json\/wp\/v2\/users\/4"}],"replies":[{"embeddable":true,"href":"https:\/\/www.btv.md\/ro\/wp-json\/wp\/v2\/comments?post=11581"}],"version-history":[{"count":0,"href":"https:\/\/www.btv.md\/ro\/wp-json\/wp\/v2\/posts\/11581\/revisions"}],"wp:featuredmedia":[{"embeddable":true,"href":"https:\/\/www.btv.md\/ro\/wp-json\/wp\/v2\/media\/11582"}],"wp:attachment":[{"href":"https:\/\/www.btv.md\/ro\/wp-json\/wp\/v2\/media?parent=11581"}],"wp:term":[{"taxonomy":"category","embeddable":true,"href":"https:\/\/www.btv.md\/ro\/wp-json\/wp\/v2\/categories?post=11581"},{"taxonomy":"post_tag","embeddable":true,"href":"https:\/\/www.btv.md\/ro\/wp-json\/wp\/v2\/tags?post=11581"}],"curies":[{"name":"wp","href":"https:\/\/api.w.org\/{rel}","templated":true}]}}