{"id":116220,"date":"2021-02-26T09:11:46","date_gmt":"2021-02-26T07:11:46","guid":{"rendered":"http:\/\/www.btv.md\/?p=116220"},"modified":"2021-02-26T13:56:14","modified_gmt":"2021-02-26T11:56:14","slug":"maia-sandu-pfizer-si-moderna-inca-nu-si-au-dat-acordul-pentru-ca-moldova-sa-primeasca-donatii-de-vaccin","status":"publish","type":"post","link":"https:\/\/www.btv.md\/ro\/maia-sandu-pfizer-si-moderna-inca-nu-si-au-dat-acordul-pentru-ca-moldova-sa-primeasca-donatii-de-vaccin\/","title":{"rendered":"Maia Sandu: \u201ePfizer \u0219i Moderna \u00eenc\u0103 nu \u0219i-au dat acordul pentru ca Moldova s\u0103 primeasc\u0103 dona\u021bii de vaccin\u201d"},"content":{"rendered":"<p class=\"ljqsnud1\" dir=\"auto\"><strong>Vaccinul \u00eempotriva Covid-19 de la Pfizer \u0219i Moderna nu va ajunge prea cur\u00e2nd \u00een Republica Moldova. Potrivit pre\u0219edintei Maia Sandu, aceste dou\u0103 companii nu \u0219i-au dat acordul pentru ca \u021bara noastr\u0103 s\u0103 primeasc\u0103 dona\u021bii de vaccin. Declara\u021biile au fost f\u0103cute \u00een cadrul emisiunii \u201e\u00cen profunzime\u201d de la Pro TV.<\/strong><\/p>\n<p>\u201ePfizer \u0219i Moderna \u00eenc\u0103 nu \u0219i-au dat acordul pentru ca Moldova s\u0103 primeasc\u0103 dona\u021bii de vaccin din cauza imaginii Moldovei \u0219i Justi\u021biei de aici, de\u0219i negocierile au fost \u00eencepute in primul rand anume cu aceste companii. Am reu\u0219it sa ob\u021binem acordul de la AstraZeneca. E foarte greu s\u0103 negociem. Este principala noastr\u0103 preocupare, iar acesta va veni prin dona\u021bie din partea Rom\u00e2niei. Este vorba de cele 20.000 de doze pentru 10 mii de medici\u201d, a declarat Maia Sandu, transmite <a href=\"https:\/\/tv8.md\/2021\/02\/25\/maia-sandu-pfizer-si-moderna-inca-nu-si-au-dat-acordul-pentru-ca-moldova-sa-primeasca-donatii-de-vaccin\/\">tv8.md<\/a>.<\/p>\n<p>Amintim c\u0103,\u00a0Guvernul Rom\u00e2niei a aprobat oferirea primului lot de vaccinuri anti-covid R. Moldova. Acesta include 20 de mii de doze.\u00a0Ini\u021bial autorit\u0103\u021bile R. Moldova spuneau c\u0103 primele vaccinuri \u00een Republica Moldova urmeaz\u0103 s\u0103 ajung\u0103 la mijlocul lunii februarie curent, dup\u0103 care, ace\u0219ti termeni au fost extin\u0219i, astfel, au parvenit informa\u021bii de la COVAX, platforma prin care sunt distribuite vaccinurile, precum c\u0103 primele doze vor ajunge la sf\u00e2r\u0219itul acestei luni.<\/p>\n<p>Anterior, Maia Sandu a declarat c\u0103 vaccinurile din Rom\u00e2nia care trebuiau s\u0103 ajung\u0103 la noi \u00een \u021bar\u0103 \u00eent\u00e2rzie pe motiv c\u0103 produc\u0103torii nu au oferit deocamdat\u0103 un acord, ministrul de Externe al Rom\u00e2niei Bogdan Aurescu a spus c\u0103 sunt \u0219i o serie de acorduri care trebuie \u00eencheiate.<\/p>\n<p><a href=\"http:\/\/iframe%20src=https:\/\/www.facebook.com\/plugins\/video.php?height=314&amp;href=https%3A%2F%2Fwww.facebook.com%2Fbtvmoldova%2Fvideos%2F468324957636530%2F&amp;show_text=false&amp;width=560%20width=560%20height=314%20style=border:none;overflow:hidden%20scrolling=no%20frameborder=0%20allowfullscreen=true%20allow=autoplay;%20clipboard-write;%20encrypted-media;%20picture-in-picture;%20web-share%20allowFullScreen=true\/iframe\"><iframe style=\"border: none; overflow: hidden;\" data-src=\"https:\/\/www.facebook.com\/plugins\/video.php?height=314&amp;href=https%3A%2F%2Fwww.facebook.com%2Fbtvmoldova%2Fvideos%2F468324957636530%2F&amp;show_text=false&amp;width=560\" width=\"560\" height=\"314\" frameborder=\"0\" scrolling=\"no\" allowfullscreen=\"allowfullscreen\" src=\"data:image\/svg+xml;base64,PHN2ZyB3aWR0aD0iMSIgaGVpZ2h0PSIxIiB4bWxucz0iaHR0cDovL3d3dy53My5vcmcvMjAwMC9zdmciPjwvc3ZnPg==\" class=\"lazyload\" data-load-mode=\"1\"><\/iframe><\/a><\/p>\n","protected":false},"excerpt":{"rendered":"<p>Vaccinul \u00eempotriva Covid-19 de la Pfizer \u0219i Moderna nu va ajunge prea cur\u00e2nd \u00een Republica Moldova. Potrivit pre\u0219edintei Maia Sandu, aceste dou\u0103 companii nu \u0219i-au dat acordul pentru ca \u021bara noastr\u0103 s\u0103 primeasc\u0103 dona\u021bii de vaccin. Declara\u021biile au fost f\u0103cute \u00een cadrul emisiunii \u201e\u00cen profunzime\u201d de la Pro TV. \u201ePfizer \u0219i Moderna \u00eenc\u0103 nu \u0219i-au [&hellip;]<\/p>\n","protected":false},"author":4,"featured_media":116221,"comment_status":"closed","ping_status":"closed","sticky":false,"template":"","format":"standard","meta":{"footnotes":""},"categories":[6349,6377],"tags":[22167],"class_list":["post-116220","post","type-post","status-publish","format-standard","has-post-thumbnail","hentry","category-social","category-stiri","tag-maia-sandu-pfizer-si-moderna-inca-nu-si-au-dat-acordul-pentru-ca-moldova-sa-primeasca-donatii-de-vaccin"],"yoast_head":"<!-- This site is optimized with the Yoast SEO plugin v27.4 - https:\/\/yoast.com\/product\/yoast-seo-wordpress\/ -->\n<title>Maia Sandu: \u201ePfizer \u0219i Moderna \u00eenc\u0103 nu \u0219i-au dat acordul pentru ca Moldova s\u0103 primeasc\u0103 dona\u021bii de vaccin\u201d - BTV<\/title>\n<meta name=\"robots\" content=\"index, follow, max-snippet:-1, max-image-preview:large, max-video-preview:-1\" \/>\n<link rel=\"canonical\" href=\"https:\/\/www.btv.md\/ro\/maia-sandu-pfizer-si-moderna-inca-nu-si-au-dat-acordul-pentru-ca-moldova-sa-primeasca-donatii-de-vaccin\/\" \/>\n<meta property=\"og:locale\" content=\"ro_RO\" \/>\n<meta property=\"og:type\" content=\"article\" \/>\n<meta property=\"og:title\" content=\"Maia Sandu: \u201ePfizer \u0219i Moderna \u00eenc\u0103 nu \u0219i-au dat acordul pentru ca Moldova s\u0103 primeasc\u0103 dona\u021bii de vaccin\u201d - BTV\" \/>\n<meta property=\"og:description\" content=\"Vaccinul \u00eempotriva Covid-19 de la Pfizer \u0219i Moderna nu va ajunge prea cur\u00e2nd \u00een Republica Moldova. Potrivit pre\u0219edintei Maia Sandu, aceste dou\u0103 companii nu \u0219i-au dat acordul pentru ca \u021bara noastr\u0103 s\u0103 primeasc\u0103 dona\u021bii de vaccin. Declara\u021biile au fost f\u0103cute \u00een cadrul emisiunii \u201e\u00cen profunzime\u201d de la Pro TV. \u201ePfizer \u0219i Moderna \u00eenc\u0103 nu \u0219i-au [&hellip;]\" \/>\n<meta property=\"og:url\" content=\"https:\/\/www.btv.md\/ro\/maia-sandu-pfizer-si-moderna-inca-nu-si-au-dat-acordul-pentru-ca-moldova-sa-primeasca-donatii-de-vaccin\/\" \/>\n<meta property=\"og:site_name\" content=\"BTV\" \/>\n<meta property=\"article:publisher\" content=\"https:\/\/www.facebook.com\/btvmoldova\/\" \/>\n<meta property=\"article:published_time\" content=\"2021-02-26T07:11:46+00:00\" \/>\n<meta property=\"article:modified_time\" content=\"2021-02-26T11:56:14+00:00\" \/>\n<meta property=\"og:image\" content=\"https:\/\/www.btv.md\/wp-content\/uploads\/2021\/02\/romania-va-incerca-sa-produca-un-vaccinul-anti-covid-19-163121-1612618157-920x518-1.jpg\" \/>\n\t<meta property=\"og:image:width\" content=\"920\" \/>\n\t<meta property=\"og:image:height\" content=\"518\" \/>\n\t<meta property=\"og:image:type\" content=\"image\/jpeg\" \/>\n<meta name=\"author\" content=\"admin\" \/>\n<meta name=\"twitter:label1\" content=\"Scris de\" \/>\n\t<meta name=\"twitter:data1\" content=\"admin\" \/>\n\t<meta name=\"twitter:label2\" content=\"Timp estimat pentru citire\" \/>\n\t<meta name=\"twitter:data2\" content=\"2 minute\" \/>\n<script type=\"application\/ld+json\" class=\"yoast-schema-graph\">{\"@context\":\"https:\\\/\\\/schema.org\",\"@graph\":[{\"@type\":\"Article\",\"@id\":\"https:\\\/\\\/www.btv.md\\\/ro\\\/maia-sandu-pfizer-si-moderna-inca-nu-si-au-dat-acordul-pentru-ca-moldova-sa-primeasca-donatii-de-vaccin\\\/#article\",\"isPartOf\":{\"@id\":\"https:\\\/\\\/www.btv.md\\\/ro\\\/maia-sandu-pfizer-si-moderna-inca-nu-si-au-dat-acordul-pentru-ca-moldova-sa-primeasca-donatii-de-vaccin\\\/\"},\"author\":{\"name\":\"admin\",\"@id\":\"https:\\\/\\\/www.btv.md\\\/#\\\/schema\\\/person\\\/8fadce81561b3ce2c34c46dadc4ccbf2\"},\"headline\":\"Maia Sandu: \u201ePfizer \u0219i Moderna \u00eenc\u0103 nu \u0219i-au dat acordul pentru ca Moldova s\u0103 primeasc\u0103 dona\u021bii de vaccin\u201d\",\"datePublished\":\"2021-02-26T07:11:46+00:00\",\"dateModified\":\"2021-02-26T11:56:14+00:00\",\"mainEntityOfPage\":{\"@id\":\"https:\\\/\\\/www.btv.md\\\/ro\\\/maia-sandu-pfizer-si-moderna-inca-nu-si-au-dat-acordul-pentru-ca-moldova-sa-primeasca-donatii-de-vaccin\\\/\"},\"wordCount\":287,\"image\":{\"@id\":\"https:\\\/\\\/www.btv.md\\\/ro\\\/maia-sandu-pfizer-si-moderna-inca-nu-si-au-dat-acordul-pentru-ca-moldova-sa-primeasca-donatii-de-vaccin\\\/#primaryimage\"},\"thumbnailUrl\":\"https:\\\/\\\/www.btv.md\\\/wp-content\\\/uploads\\\/2021\\\/02\\\/romania-va-incerca-sa-produca-un-vaccinul-anti-covid-19-163121-1612618157-920x518-1.jpg\",\"keywords\":[\"Maia Sandu: \u201ePfizer \u0219i Moderna \u00eenc\u0103 nu \u0219i-au dat acordul pentru ca Moldova s\u0103 primeasc\u0103 dona\u021bii de vaccin\u201d\"],\"articleSection\":[\"Social\",\"\u0218tiri\"],\"inLanguage\":\"ro-RO\"},{\"@type\":\"WebPage\",\"@id\":\"https:\\\/\\\/www.btv.md\\\/ro\\\/maia-sandu-pfizer-si-moderna-inca-nu-si-au-dat-acordul-pentru-ca-moldova-sa-primeasca-donatii-de-vaccin\\\/\",\"url\":\"https:\\\/\\\/www.btv.md\\\/ro\\\/maia-sandu-pfizer-si-moderna-inca-nu-si-au-dat-acordul-pentru-ca-moldova-sa-primeasca-donatii-de-vaccin\\\/\",\"name\":\"Maia Sandu: \u201ePfizer \u0219i Moderna \u00eenc\u0103 nu \u0219i-au dat acordul pentru ca Moldova s\u0103 primeasc\u0103 dona\u021bii de vaccin\u201d - BTV\",\"isPartOf\":{\"@id\":\"https:\\\/\\\/www.btv.md\\\/#website\"},\"primaryImageOfPage\":{\"@id\":\"https:\\\/\\\/www.btv.md\\\/ro\\\/maia-sandu-pfizer-si-moderna-inca-nu-si-au-dat-acordul-pentru-ca-moldova-sa-primeasca-donatii-de-vaccin\\\/#primaryimage\"},\"image\":{\"@id\":\"https:\\\/\\\/www.btv.md\\\/ro\\\/maia-sandu-pfizer-si-moderna-inca-nu-si-au-dat-acordul-pentru-ca-moldova-sa-primeasca-donatii-de-vaccin\\\/#primaryimage\"},\"thumbnailUrl\":\"https:\\\/\\\/www.btv.md\\\/wp-content\\\/uploads\\\/2021\\\/02\\\/romania-va-incerca-sa-produca-un-vaccinul-anti-covid-19-163121-1612618157-920x518-1.jpg\",\"datePublished\":\"2021-02-26T07:11:46+00:00\",\"dateModified\":\"2021-02-26T11:56:14+00:00\",\"author\":{\"@id\":\"https:\\\/\\\/www.btv.md\\\/#\\\/schema\\\/person\\\/8fadce81561b3ce2c34c46dadc4ccbf2\"},\"inLanguage\":\"ro-RO\",\"potentialAction\":[{\"@type\":\"ReadAction\",\"target\":[\"https:\\\/\\\/www.btv.md\\\/ro\\\/maia-sandu-pfizer-si-moderna-inca-nu-si-au-dat-acordul-pentru-ca-moldova-sa-primeasca-donatii-de-vaccin\\\/\"]}]},{\"@type\":\"ImageObject\",\"inLanguage\":\"ro-RO\",\"@id\":\"https:\\\/\\\/www.btv.md\\\/ro\\\/maia-sandu-pfizer-si-moderna-inca-nu-si-au-dat-acordul-pentru-ca-moldova-sa-primeasca-donatii-de-vaccin\\\/#primaryimage\",\"url\":\"https:\\\/\\\/www.btv.md\\\/wp-content\\\/uploads\\\/2021\\\/02\\\/romania-va-incerca-sa-produca-un-vaccinul-anti-covid-19-163121-1612618157-920x518-1.jpg\",\"contentUrl\":\"https:\\\/\\\/www.btv.md\\\/wp-content\\\/uploads\\\/2021\\\/02\\\/romania-va-incerca-sa-produca-un-vaccinul-anti-covid-19-163121-1612618157-920x518-1.jpg\",\"width\":920,\"height\":518},{\"@type\":\"WebSite\",\"@id\":\"https:\\\/\\\/www.btv.md\\\/#website\",\"url\":\"https:\\\/\\\/www.btv.md\\\/\",\"name\":\"BTV\",\"description\":\"\u0411\u0435\u043b\u044c\u0446\u043a\u043e\u0435 \u0442\u0435\u043b\u0435\u0432\u0438\u0434\u0435\u043d\u0438\u0435\",\"potentialAction\":[{\"@type\":\"SearchAction\",\"target\":{\"@type\":\"EntryPoint\",\"urlTemplate\":\"https:\\\/\\\/www.btv.md\\\/?s={search_term_string}\"},\"query-input\":{\"@type\":\"PropertyValueSpecification\",\"valueRequired\":true,\"valueName\":\"search_term_string\"}}],\"inLanguage\":\"ro-RO\"},{\"@type\":\"Person\",\"@id\":\"https:\\\/\\\/www.btv.md\\\/#\\\/schema\\\/person\\\/8fadce81561b3ce2c34c46dadc4ccbf2\",\"name\":\"admin\"}]}<\/script>\n<!-- \/ Yoast SEO plugin. -->","yoast_head_json":{"title":"Maia Sandu: \u201ePfizer \u0219i Moderna \u00eenc\u0103 nu \u0219i-au dat acordul pentru ca Moldova s\u0103 primeasc\u0103 dona\u021bii de vaccin\u201d - BTV","robots":{"index":"index","follow":"follow","max-snippet":"max-snippet:-1","max-image-preview":"max-image-preview:large","max-video-preview":"max-video-preview:-1"},"canonical":"https:\/\/www.btv.md\/ro\/maia-sandu-pfizer-si-moderna-inca-nu-si-au-dat-acordul-pentru-ca-moldova-sa-primeasca-donatii-de-vaccin\/","og_locale":"ro_RO","og_type":"article","og_title":"Maia Sandu: \u201ePfizer \u0219i Moderna \u00eenc\u0103 nu \u0219i-au dat acordul pentru ca Moldova s\u0103 primeasc\u0103 dona\u021bii de vaccin\u201d - BTV","og_description":"Vaccinul \u00eempotriva Covid-19 de la Pfizer \u0219i Moderna nu va ajunge prea cur\u00e2nd \u00een Republica Moldova. Potrivit pre\u0219edintei Maia Sandu, aceste dou\u0103 companii nu \u0219i-au dat acordul pentru ca \u021bara noastr\u0103 s\u0103 primeasc\u0103 dona\u021bii de vaccin. Declara\u021biile au fost f\u0103cute \u00een cadrul emisiunii \u201e\u00cen profunzime\u201d de la Pro TV. \u201ePfizer \u0219i Moderna \u00eenc\u0103 nu \u0219i-au [&hellip;]","og_url":"https:\/\/www.btv.md\/ro\/maia-sandu-pfizer-si-moderna-inca-nu-si-au-dat-acordul-pentru-ca-moldova-sa-primeasca-donatii-de-vaccin\/","og_site_name":"BTV","article_publisher":"https:\/\/www.facebook.com\/btvmoldova\/","article_published_time":"2021-02-26T07:11:46+00:00","article_modified_time":"2021-02-26T11:56:14+00:00","og_image":[{"width":920,"height":518,"url":"https:\/\/www.btv.md\/wp-content\/uploads\/2021\/02\/romania-va-incerca-sa-produca-un-vaccinul-anti-covid-19-163121-1612618157-920x518-1.jpg","type":"image\/jpeg"}],"author":"admin","twitter_misc":{"Scris de":"admin","Timp estimat pentru citire":"2 minute"},"schema":{"@context":"https:\/\/schema.org","@graph":[{"@type":"Article","@id":"https:\/\/www.btv.md\/ro\/maia-sandu-pfizer-si-moderna-inca-nu-si-au-dat-acordul-pentru-ca-moldova-sa-primeasca-donatii-de-vaccin\/#article","isPartOf":{"@id":"https:\/\/www.btv.md\/ro\/maia-sandu-pfizer-si-moderna-inca-nu-si-au-dat-acordul-pentru-ca-moldova-sa-primeasca-donatii-de-vaccin\/"},"author":{"name":"admin","@id":"https:\/\/www.btv.md\/#\/schema\/person\/8fadce81561b3ce2c34c46dadc4ccbf2"},"headline":"Maia Sandu: \u201ePfizer \u0219i Moderna \u00eenc\u0103 nu \u0219i-au dat acordul pentru ca Moldova s\u0103 primeasc\u0103 dona\u021bii de vaccin\u201d","datePublished":"2021-02-26T07:11:46+00:00","dateModified":"2021-02-26T11:56:14+00:00","mainEntityOfPage":{"@id":"https:\/\/www.btv.md\/ro\/maia-sandu-pfizer-si-moderna-inca-nu-si-au-dat-acordul-pentru-ca-moldova-sa-primeasca-donatii-de-vaccin\/"},"wordCount":287,"image":{"@id":"https:\/\/www.btv.md\/ro\/maia-sandu-pfizer-si-moderna-inca-nu-si-au-dat-acordul-pentru-ca-moldova-sa-primeasca-donatii-de-vaccin\/#primaryimage"},"thumbnailUrl":"https:\/\/www.btv.md\/wp-content\/uploads\/2021\/02\/romania-va-incerca-sa-produca-un-vaccinul-anti-covid-19-163121-1612618157-920x518-1.jpg","keywords":["Maia Sandu: \u201ePfizer \u0219i Moderna \u00eenc\u0103 nu \u0219i-au dat acordul pentru ca Moldova s\u0103 primeasc\u0103 dona\u021bii de vaccin\u201d"],"articleSection":["Social","\u0218tiri"],"inLanguage":"ro-RO"},{"@type":"WebPage","@id":"https:\/\/www.btv.md\/ro\/maia-sandu-pfizer-si-moderna-inca-nu-si-au-dat-acordul-pentru-ca-moldova-sa-primeasca-donatii-de-vaccin\/","url":"https:\/\/www.btv.md\/ro\/maia-sandu-pfizer-si-moderna-inca-nu-si-au-dat-acordul-pentru-ca-moldova-sa-primeasca-donatii-de-vaccin\/","name":"Maia Sandu: \u201ePfizer \u0219i Moderna \u00eenc\u0103 nu \u0219i-au dat acordul pentru ca Moldova s\u0103 primeasc\u0103 dona\u021bii de vaccin\u201d - BTV","isPartOf":{"@id":"https:\/\/www.btv.md\/#website"},"primaryImageOfPage":{"@id":"https:\/\/www.btv.md\/ro\/maia-sandu-pfizer-si-moderna-inca-nu-si-au-dat-acordul-pentru-ca-moldova-sa-primeasca-donatii-de-vaccin\/#primaryimage"},"image":{"@id":"https:\/\/www.btv.md\/ro\/maia-sandu-pfizer-si-moderna-inca-nu-si-au-dat-acordul-pentru-ca-moldova-sa-primeasca-donatii-de-vaccin\/#primaryimage"},"thumbnailUrl":"https:\/\/www.btv.md\/wp-content\/uploads\/2021\/02\/romania-va-incerca-sa-produca-un-vaccinul-anti-covid-19-163121-1612618157-920x518-1.jpg","datePublished":"2021-02-26T07:11:46+00:00","dateModified":"2021-02-26T11:56:14+00:00","author":{"@id":"https:\/\/www.btv.md\/#\/schema\/person\/8fadce81561b3ce2c34c46dadc4ccbf2"},"inLanguage":"ro-RO","potentialAction":[{"@type":"ReadAction","target":["https:\/\/www.btv.md\/ro\/maia-sandu-pfizer-si-moderna-inca-nu-si-au-dat-acordul-pentru-ca-moldova-sa-primeasca-donatii-de-vaccin\/"]}]},{"@type":"ImageObject","inLanguage":"ro-RO","@id":"https:\/\/www.btv.md\/ro\/maia-sandu-pfizer-si-moderna-inca-nu-si-au-dat-acordul-pentru-ca-moldova-sa-primeasca-donatii-de-vaccin\/#primaryimage","url":"https:\/\/www.btv.md\/wp-content\/uploads\/2021\/02\/romania-va-incerca-sa-produca-un-vaccinul-anti-covid-19-163121-1612618157-920x518-1.jpg","contentUrl":"https:\/\/www.btv.md\/wp-content\/uploads\/2021\/02\/romania-va-incerca-sa-produca-un-vaccinul-anti-covid-19-163121-1612618157-920x518-1.jpg","width":920,"height":518},{"@type":"WebSite","@id":"https:\/\/www.btv.md\/#website","url":"https:\/\/www.btv.md\/","name":"BTV","description":"\u0411\u0435\u043b\u044c\u0446\u043a\u043e\u0435 \u0442\u0435\u043b\u0435\u0432\u0438\u0434\u0435\u043d\u0438\u0435","potentialAction":[{"@type":"SearchAction","target":{"@type":"EntryPoint","urlTemplate":"https:\/\/www.btv.md\/?s={search_term_string}"},"query-input":{"@type":"PropertyValueSpecification","valueRequired":true,"valueName":"search_term_string"}}],"inLanguage":"ro-RO"},{"@type":"Person","@id":"https:\/\/www.btv.md\/#\/schema\/person\/8fadce81561b3ce2c34c46dadc4ccbf2","name":"admin"}]}},"_links":{"self":[{"href":"https:\/\/www.btv.md\/ro\/wp-json\/wp\/v2\/posts\/116220","targetHints":{"allow":["GET"]}}],"collection":[{"href":"https:\/\/www.btv.md\/ro\/wp-json\/wp\/v2\/posts"}],"about":[{"href":"https:\/\/www.btv.md\/ro\/wp-json\/wp\/v2\/types\/post"}],"author":[{"embeddable":true,"href":"https:\/\/www.btv.md\/ro\/wp-json\/wp\/v2\/users\/4"}],"replies":[{"embeddable":true,"href":"https:\/\/www.btv.md\/ro\/wp-json\/wp\/v2\/comments?post=116220"}],"version-history":[{"count":0,"href":"https:\/\/www.btv.md\/ro\/wp-json\/wp\/v2\/posts\/116220\/revisions"}],"wp:featuredmedia":[{"embeddable":true,"href":"https:\/\/www.btv.md\/ro\/wp-json\/wp\/v2\/media\/116221"}],"wp:attachment":[{"href":"https:\/\/www.btv.md\/ro\/wp-json\/wp\/v2\/media?parent=116220"}],"wp:term":[{"taxonomy":"category","embeddable":true,"href":"https:\/\/www.btv.md\/ro\/wp-json\/wp\/v2\/categories?post=116220"},{"taxonomy":"post_tag","embeddable":true,"href":"https:\/\/www.btv.md\/ro\/wp-json\/wp\/v2\/tags?post=116220"}],"curies":[{"name":"wp","href":"https:\/\/api.w.org\/{rel}","templated":true}]}}