{"id":116229,"date":"2021-02-26T10:00:51","date_gmt":"2021-02-26T08:00:51","guid":{"rendered":"http:\/\/www.btv.md\/?p=116229"},"modified":"2021-02-26T09:16:54","modified_gmt":"2021-02-26T07:16:54","slug":"angela-merkel-toata-lumea-a-fost-de-acord-cu-certificatul-digital-de-vaccinare-cand-va-fi-disponibil","status":"publish","type":"post","link":"https:\/\/www.btv.md\/ro\/angela-merkel-toata-lumea-a-fost-de-acord-cu-certificatul-digital-de-vaccinare-cand-va-fi-disponibil\/","title":{"rendered":"Angela Merkel: Toat\u0103 lumea a fost de acord cu certificatul digital de vaccinare. C\u00e2nd va fi disponibil"},"content":{"rendered":"<p data-index=\"1\"><strong>Liderii UE au discutat \u00een aceast\u0103 sear\u0103 despre realizarea unor\u00a0pa\u0219apoarte de vaccinare\u00a0pentru cet\u0103\u0163enii statelor membre care s-au imunizat \u00eempotriva Covid-19. Decizia liderilor vine \u00een contextul \u00een care mai multe \u021b\u0103ri din sudul UE care depind puternic de turism sunt disperate s\u0103 salveze sezonul turistic de var\u0103. Cancelarul austriac Sebastian Kurz a declarat \u00eenaintea\u00a0summit-ului c\u0103 dac\u0103 Uniunea nu se poate pune de acord asupra beneficiilor pentru persoanele vaccinate, care au fost testate ori au dob\u00e2ndit imunitate \u00een urma infec\u0163iei cu noul coronavirus, atunci Austria \u015fi alte state membre care \u00eemp\u0103rt\u0103\u015fesc aceea\u015fi opinie vor merge mai departe cu astfel de m\u0103suri. \u0218i premierul bulgar Boiko Borisov a pledat pentru introducerea pa\u015fapoartelor de vaccinare. \u00cen acela\u0219i context, europarlamentarii cer un certificat comun de vaccinare, rezolu\u021bie care va fi votat\u0103 \u00een urm\u0103toarea sesiune plenar\u0103.<\/strong><\/p>\n<p data-index=\"2\">Certificatele digitale de vaccinare care permit oamenilor s\u0103 c\u0103l\u0103toreasc\u0103 \u00een Europa, \u00een ciuda pandemiei de coronaviurs, probabil vor fi disponibile \u00eenaintea verii, a spus cancelarul german Angela Merkel dup\u0103 summit-ul virtual al liderilor din UE, transmite <a href=\"https:\/\/www.digi24.ro\/stiri\/externe\/ue\/summit-ue-pentru-introducerea-pasaportului-de-vaccinare-cancelarul-austriac-daca-nu-ne-intelegem-unele-tari-o-vor-face-separat-1458738?fbclid=IwAR0xdoBLzFmGLbI3QBwPpbT3L7DEK_T6-jyKASCr7WOrN01IfWMdeRvU1TY\">digi24.ro<\/a>.<\/p>\n<p data-index=\"3\">\u201cToat\u0103 lumea a fost de acord c\u0103 avem nevoie de un certificat digital de vaccinare\u201d, a declarat Merkel \u00een cadrul unei conferin\u021be de pres\u0103, joi seara, ad\u0103ug\u00e2nd c\u0103 executivul european va avea nevoie de aproape trei luni s\u0103 creeze baza tehnic\u0103 pentru astfel de documente.<\/p>\n<p data-index=\"4\">&#8221;Consider c\u0103 acest proiect trebuie implementat \u00een prim\u0103var\u0103 &#8211; dac\u0103 nu \u00een toat\u0103 Europa, va trebui s\u0103 o facem la nivel na\u0163ional \u015fi prin \u00een\u0163elegeri cu alte state care au politici similare&#8221;, a spus Sebastian Kurz, citat de agen\u0163ia DPA, la o conferin\u0163\u0103 de pres\u0103, \u00eenaintea summit-ului european online din aceast\u0103 sear\u0103 la care liderii europeni sunt diviza\u0163i \u00een chestiunea cre\u0103rii unor a\u015fa-numite pa\u015fapoarte de vaccinare pentru \u00eenlesnirea turismului \u015fi c\u0103l\u0103toriilor \u00een UE.<\/p>\n<p data-index=\"5\">Cancelarul austriac a sus\u0163inut ca &#8221;pa\u015fapoarte verzi digitale&#8221; pe telefoanele mobile s\u0103 poat\u0103 oferi de\u0163in\u0103torilor acestora acces \u00een restaurante, la evenimente culturale, sportive sau pentru turism, nu doar celor care au fost vaccina\u0163i recent anti-COVID-19, ci de asemenea oricui are un test recent COVID-19 negativ, potrivit\u00a0<a href=\"https:\/\/www.agerpres.ro\/politica-externa\/2021\/02\/25\/cancelarul-austriac-daca-ue-nu-se-intelege-asupra-pasapoartelor-de-vaccinare-unele-state-membre-o-vor-face-separat--668313\" data-skip-linkfix=\"1\">Agerpres<\/a>.<\/p>\n<p data-index=\"6\">Kurz a confirmat c\u0103 statele UE care au sectoare turistice importante, precum Austria, Grecia, Italia \u015fi Spania, au idei similare \u00een aceast\u0103 chestiune.<\/p>\n<p data-index=\"7\">\u00cen schimb, alte state membre, precum Fran\u0163a \u015fi Germania, sunt rezervate cu privire la acordarea unor beneficii persoanelor vaccinate anti-COVID-19, mai ales c\u0103 procentul persoanelor vaccinate \u00een UE este \u00eenc\u0103 foarte redus \u015fi s-ar crea discrimin\u0103ri, plus c\u0103 nu este clar dac\u0103 o persoan\u0103 vaccinat\u0103 mai poate transmite virusul, noteaz\u0103 agen\u0163ia DPA, ad\u0103ug\u00e2nd c\u0103 de la summitul \u00een desf\u0103\u015furare nu se a\u015fteapt\u0103 o decizie \u00een aceast\u0103 chestiune.<\/p>\n<p data-index=\"8\">Conform unor surse citate de aceast\u0103 agen\u0163ie discu\u0163iile la summit sunt axate mai mult asupra modalit\u0103\u0163ilor de recunoa\u015ftere reciproc\u0103 \u00eentre statele UE a certificatelor de vaccinare \u015fi de testare.<\/p>\n<p data-index=\"9\">Premierul bulgar Boiko Borisov a pledat joi pentru introducerea de pa\u015fapoarte de vaccinare pentru a \u00eenlesni c\u0103l\u0103toriile, informeaz\u0103 dpa, citat de\u00a0Agerpres.<\/p>\n<p data-index=\"10\">&#8222;Ar trebui s\u0103 existe un pa\u015faport electronic sau un pa\u015faport verde pentru to\u0163i cet\u0103\u0163enii europeni care au fost vaccina\u0163i \u00eempotriva COVID-19 sau care s-au vindecat de aceast\u0103 boal\u0103&#8221;, a spus \u015feful guvernului bulgar \u00een timpul consult\u0103rilor prin videoconferin\u0163\u0103 cu liderii celorlalte \u0163\u0103ri din UE, la unison cu apelurile altor \u0163\u0103ri preocupate de turism \u015fi care cer introducerea unor asemenea pa\u015fapoarte pentru \u00eenlesnirea turismului \u015fi c\u0103l\u0103toriilor \u00een UE.<\/p>\n<p data-index=\"11\">&#8222;Am coordonat propunerea cu (cancelarul austriac) Sebastian Kurz, precum \u015fi cu premierul grec \u015fi cu al\u0163i colegi din Consiliu&#8221;, a spus Borisov, \u00eendemn\u00e2nd de asemenea produc\u0103torii de vaccinuri s\u0103-\u015fi onoreze contractele \u00eencheiate cu Comisia European\u0103, pentru a nu pune \u00een pericol planurile de vaccinare ale statelor din UE.<\/p>\n","protected":false},"excerpt":{"rendered":"<p>Liderii UE au discutat \u00een aceast\u0103 sear\u0103 despre realizarea unor\u00a0pa\u0219apoarte de vaccinare\u00a0pentru cet\u0103\u0163enii statelor membre care s-au imunizat \u00eempotriva Covid-19. Decizia liderilor vine \u00een contextul \u00een care mai multe \u021b\u0103ri din sudul UE care depind puternic de turism sunt disperate s\u0103 salveze sezonul turistic de var\u0103. Cancelarul austriac Sebastian Kurz a declarat \u00eenaintea\u00a0summit-ului c\u0103 dac\u0103 [&hellip;]<\/p>\n","protected":false},"author":4,"featured_media":116230,"comment_status":"closed","ping_status":"closed","sticky":false,"template":"","format":"standard","meta":{"footnotes":""},"categories":[6349,6377],"tags":[22169],"class_list":["post-116229","post","type-post","status-publish","format-standard","has-post-thumbnail","hentry","category-social","category-stiri","tag-angela-merkel-toata-lumea-a-fost-de-acord-cu-certificatul-digital-de-vaccinare-cand-va-fi-disponibil"],"yoast_head":"<!-- This site is optimized with the Yoast SEO plugin v27.4 - https:\/\/yoast.com\/product\/yoast-seo-wordpress\/ -->\n<title>Angela Merkel: Toat\u0103 lumea a fost de acord cu certificatul digital de vaccinare. C\u00e2nd va fi disponibil - BTV<\/title>\n<meta name=\"robots\" content=\"index, follow, max-snippet:-1, max-image-preview:large, max-video-preview:-1\" \/>\n<link rel=\"canonical\" href=\"https:\/\/www.btv.md\/ro\/angela-merkel-toata-lumea-a-fost-de-acord-cu-certificatul-digital-de-vaccinare-cand-va-fi-disponibil\/\" \/>\n<meta property=\"og:locale\" content=\"ro_RO\" \/>\n<meta property=\"og:type\" content=\"article\" \/>\n<meta property=\"og:title\" content=\"Angela Merkel: Toat\u0103 lumea a fost de acord cu certificatul digital de vaccinare. C\u00e2nd va fi disponibil - BTV\" \/>\n<meta property=\"og:description\" content=\"Liderii UE au discutat \u00een aceast\u0103 sear\u0103 despre realizarea unor\u00a0pa\u0219apoarte de vaccinare\u00a0pentru cet\u0103\u0163enii statelor membre care s-au imunizat \u00eempotriva Covid-19. Decizia liderilor vine \u00een contextul \u00een care mai multe \u021b\u0103ri din sudul UE care depind puternic de turism sunt disperate s\u0103 salveze sezonul turistic de var\u0103. Cancelarul austriac Sebastian Kurz a declarat \u00eenaintea\u00a0summit-ului c\u0103 dac\u0103 [&hellip;]\" \/>\n<meta property=\"og:url\" content=\"https:\/\/www.btv.md\/ro\/angela-merkel-toata-lumea-a-fost-de-acord-cu-certificatul-digital-de-vaccinare-cand-va-fi-disponibil\/\" \/>\n<meta property=\"og:site_name\" content=\"BTV\" \/>\n<meta property=\"article:publisher\" content=\"https:\/\/www.facebook.com\/btvmoldova\/\" \/>\n<meta property=\"article:published_time\" content=\"2021-02-26T08:00:51+00:00\" \/>\n<meta property=\"og:image\" content=\"https:\/\/www.btv.md\/wp-content\/uploads\/2021\/02\/116923377_3067c57a-834e-42f3-a2fa-015d5a5781f8.jpg\" \/>\n\t<meta property=\"og:image:width\" content=\"640\" \/>\n\t<meta property=\"og:image:height\" content=\"473\" \/>\n\t<meta property=\"og:image:type\" content=\"image\/jpeg\" \/>\n<meta name=\"author\" content=\"admin\" \/>\n<meta name=\"twitter:label1\" content=\"Scris de\" \/>\n\t<meta name=\"twitter:data1\" content=\"admin\" \/>\n\t<meta name=\"twitter:label2\" content=\"Timp estimat pentru citire\" \/>\n\t<meta name=\"twitter:data2\" content=\"3 minute\" \/>\n<script type=\"application\/ld+json\" class=\"yoast-schema-graph\">{\"@context\":\"https:\\\/\\\/schema.org\",\"@graph\":[{\"@type\":\"Article\",\"@id\":\"https:\\\/\\\/www.btv.md\\\/ro\\\/angela-merkel-toata-lumea-a-fost-de-acord-cu-certificatul-digital-de-vaccinare-cand-va-fi-disponibil\\\/#article\",\"isPartOf\":{\"@id\":\"https:\\\/\\\/www.btv.md\\\/ro\\\/angela-merkel-toata-lumea-a-fost-de-acord-cu-certificatul-digital-de-vaccinare-cand-va-fi-disponibil\\\/\"},\"author\":{\"name\":\"admin\",\"@id\":\"https:\\\/\\\/www.btv.md\\\/#\\\/schema\\\/person\\\/8fadce81561b3ce2c34c46dadc4ccbf2\"},\"headline\":\"Angela Merkel: Toat\u0103 lumea a fost de acord cu certificatul digital de vaccinare. C\u00e2nd va fi disponibil\",\"datePublished\":\"2021-02-26T08:00:51+00:00\",\"mainEntityOfPage\":{\"@id\":\"https:\\\/\\\/www.btv.md\\\/ro\\\/angela-merkel-toata-lumea-a-fost-de-acord-cu-certificatul-digital-de-vaccinare-cand-va-fi-disponibil\\\/\"},\"wordCount\":670,\"image\":{\"@id\":\"https:\\\/\\\/www.btv.md\\\/ro\\\/angela-merkel-toata-lumea-a-fost-de-acord-cu-certificatul-digital-de-vaccinare-cand-va-fi-disponibil\\\/#primaryimage\"},\"thumbnailUrl\":\"https:\\\/\\\/www.btv.md\\\/wp-content\\\/uploads\\\/2021\\\/02\\\/116923377_3067c57a-834e-42f3-a2fa-015d5a5781f8.jpg\",\"keywords\":[\"Angela Merkel: Toat\u0103 lumea a fost de acord cu certificatul digital de vaccinare. C\u00e2nd va fi disponibil\"],\"articleSection\":[\"Social\",\"\u0218tiri\"],\"inLanguage\":\"ro-RO\"},{\"@type\":\"WebPage\",\"@id\":\"https:\\\/\\\/www.btv.md\\\/ro\\\/angela-merkel-toata-lumea-a-fost-de-acord-cu-certificatul-digital-de-vaccinare-cand-va-fi-disponibil\\\/\",\"url\":\"https:\\\/\\\/www.btv.md\\\/ro\\\/angela-merkel-toata-lumea-a-fost-de-acord-cu-certificatul-digital-de-vaccinare-cand-va-fi-disponibil\\\/\",\"name\":\"Angela Merkel: Toat\u0103 lumea a fost de acord cu certificatul digital de vaccinare. C\u00e2nd va fi disponibil - BTV\",\"isPartOf\":{\"@id\":\"https:\\\/\\\/www.btv.md\\\/#website\"},\"primaryImageOfPage\":{\"@id\":\"https:\\\/\\\/www.btv.md\\\/ro\\\/angela-merkel-toata-lumea-a-fost-de-acord-cu-certificatul-digital-de-vaccinare-cand-va-fi-disponibil\\\/#primaryimage\"},\"image\":{\"@id\":\"https:\\\/\\\/www.btv.md\\\/ro\\\/angela-merkel-toata-lumea-a-fost-de-acord-cu-certificatul-digital-de-vaccinare-cand-va-fi-disponibil\\\/#primaryimage\"},\"thumbnailUrl\":\"https:\\\/\\\/www.btv.md\\\/wp-content\\\/uploads\\\/2021\\\/02\\\/116923377_3067c57a-834e-42f3-a2fa-015d5a5781f8.jpg\",\"datePublished\":\"2021-02-26T08:00:51+00:00\",\"author\":{\"@id\":\"https:\\\/\\\/www.btv.md\\\/#\\\/schema\\\/person\\\/8fadce81561b3ce2c34c46dadc4ccbf2\"},\"inLanguage\":\"ro-RO\",\"potentialAction\":[{\"@type\":\"ReadAction\",\"target\":[\"https:\\\/\\\/www.btv.md\\\/ro\\\/angela-merkel-toata-lumea-a-fost-de-acord-cu-certificatul-digital-de-vaccinare-cand-va-fi-disponibil\\\/\"]}]},{\"@type\":\"ImageObject\",\"inLanguage\":\"ro-RO\",\"@id\":\"https:\\\/\\\/www.btv.md\\\/ro\\\/angela-merkel-toata-lumea-a-fost-de-acord-cu-certificatul-digital-de-vaccinare-cand-va-fi-disponibil\\\/#primaryimage\",\"url\":\"https:\\\/\\\/www.btv.md\\\/wp-content\\\/uploads\\\/2021\\\/02\\\/116923377_3067c57a-834e-42f3-a2fa-015d5a5781f8.jpg\",\"contentUrl\":\"https:\\\/\\\/www.btv.md\\\/wp-content\\\/uploads\\\/2021\\\/02\\\/116923377_3067c57a-834e-42f3-a2fa-015d5a5781f8.jpg\",\"width\":640,\"height\":473},{\"@type\":\"WebSite\",\"@id\":\"https:\\\/\\\/www.btv.md\\\/#website\",\"url\":\"https:\\\/\\\/www.btv.md\\\/\",\"name\":\"BTV\",\"description\":\"\u0411\u0435\u043b\u044c\u0446\u043a\u043e\u0435 \u0442\u0435\u043b\u0435\u0432\u0438\u0434\u0435\u043d\u0438\u0435\",\"potentialAction\":[{\"@type\":\"SearchAction\",\"target\":{\"@type\":\"EntryPoint\",\"urlTemplate\":\"https:\\\/\\\/www.btv.md\\\/?s={search_term_string}\"},\"query-input\":{\"@type\":\"PropertyValueSpecification\",\"valueRequired\":true,\"valueName\":\"search_term_string\"}}],\"inLanguage\":\"ro-RO\"},{\"@type\":\"Person\",\"@id\":\"https:\\\/\\\/www.btv.md\\\/#\\\/schema\\\/person\\\/8fadce81561b3ce2c34c46dadc4ccbf2\",\"name\":\"admin\"}]}<\/script>\n<!-- \/ Yoast SEO plugin. -->","yoast_head_json":{"title":"Angela Merkel: Toat\u0103 lumea a fost de acord cu certificatul digital de vaccinare. C\u00e2nd va fi disponibil - BTV","robots":{"index":"index","follow":"follow","max-snippet":"max-snippet:-1","max-image-preview":"max-image-preview:large","max-video-preview":"max-video-preview:-1"},"canonical":"https:\/\/www.btv.md\/ro\/angela-merkel-toata-lumea-a-fost-de-acord-cu-certificatul-digital-de-vaccinare-cand-va-fi-disponibil\/","og_locale":"ro_RO","og_type":"article","og_title":"Angela Merkel: Toat\u0103 lumea a fost de acord cu certificatul digital de vaccinare. C\u00e2nd va fi disponibil - BTV","og_description":"Liderii UE au discutat \u00een aceast\u0103 sear\u0103 despre realizarea unor\u00a0pa\u0219apoarte de vaccinare\u00a0pentru cet\u0103\u0163enii statelor membre care s-au imunizat \u00eempotriva Covid-19. Decizia liderilor vine \u00een contextul \u00een care mai multe \u021b\u0103ri din sudul UE care depind puternic de turism sunt disperate s\u0103 salveze sezonul turistic de var\u0103. Cancelarul austriac Sebastian Kurz a declarat \u00eenaintea\u00a0summit-ului c\u0103 dac\u0103 [&hellip;]","og_url":"https:\/\/www.btv.md\/ro\/angela-merkel-toata-lumea-a-fost-de-acord-cu-certificatul-digital-de-vaccinare-cand-va-fi-disponibil\/","og_site_name":"BTV","article_publisher":"https:\/\/www.facebook.com\/btvmoldova\/","article_published_time":"2021-02-26T08:00:51+00:00","og_image":[{"width":640,"height":473,"url":"https:\/\/www.btv.md\/wp-content\/uploads\/2021\/02\/116923377_3067c57a-834e-42f3-a2fa-015d5a5781f8.jpg","type":"image\/jpeg"}],"author":"admin","twitter_misc":{"Scris de":"admin","Timp estimat pentru citire":"3 minute"},"schema":{"@context":"https:\/\/schema.org","@graph":[{"@type":"Article","@id":"https:\/\/www.btv.md\/ro\/angela-merkel-toata-lumea-a-fost-de-acord-cu-certificatul-digital-de-vaccinare-cand-va-fi-disponibil\/#article","isPartOf":{"@id":"https:\/\/www.btv.md\/ro\/angela-merkel-toata-lumea-a-fost-de-acord-cu-certificatul-digital-de-vaccinare-cand-va-fi-disponibil\/"},"author":{"name":"admin","@id":"https:\/\/www.btv.md\/#\/schema\/person\/8fadce81561b3ce2c34c46dadc4ccbf2"},"headline":"Angela Merkel: Toat\u0103 lumea a fost de acord cu certificatul digital de vaccinare. C\u00e2nd va fi disponibil","datePublished":"2021-02-26T08:00:51+00:00","mainEntityOfPage":{"@id":"https:\/\/www.btv.md\/ro\/angela-merkel-toata-lumea-a-fost-de-acord-cu-certificatul-digital-de-vaccinare-cand-va-fi-disponibil\/"},"wordCount":670,"image":{"@id":"https:\/\/www.btv.md\/ro\/angela-merkel-toata-lumea-a-fost-de-acord-cu-certificatul-digital-de-vaccinare-cand-va-fi-disponibil\/#primaryimage"},"thumbnailUrl":"https:\/\/www.btv.md\/wp-content\/uploads\/2021\/02\/116923377_3067c57a-834e-42f3-a2fa-015d5a5781f8.jpg","keywords":["Angela Merkel: Toat\u0103 lumea a fost de acord cu certificatul digital de vaccinare. C\u00e2nd va fi disponibil"],"articleSection":["Social","\u0218tiri"],"inLanguage":"ro-RO"},{"@type":"WebPage","@id":"https:\/\/www.btv.md\/ro\/angela-merkel-toata-lumea-a-fost-de-acord-cu-certificatul-digital-de-vaccinare-cand-va-fi-disponibil\/","url":"https:\/\/www.btv.md\/ro\/angela-merkel-toata-lumea-a-fost-de-acord-cu-certificatul-digital-de-vaccinare-cand-va-fi-disponibil\/","name":"Angela Merkel: Toat\u0103 lumea a fost de acord cu certificatul digital de vaccinare. C\u00e2nd va fi disponibil - BTV","isPartOf":{"@id":"https:\/\/www.btv.md\/#website"},"primaryImageOfPage":{"@id":"https:\/\/www.btv.md\/ro\/angela-merkel-toata-lumea-a-fost-de-acord-cu-certificatul-digital-de-vaccinare-cand-va-fi-disponibil\/#primaryimage"},"image":{"@id":"https:\/\/www.btv.md\/ro\/angela-merkel-toata-lumea-a-fost-de-acord-cu-certificatul-digital-de-vaccinare-cand-va-fi-disponibil\/#primaryimage"},"thumbnailUrl":"https:\/\/www.btv.md\/wp-content\/uploads\/2021\/02\/116923377_3067c57a-834e-42f3-a2fa-015d5a5781f8.jpg","datePublished":"2021-02-26T08:00:51+00:00","author":{"@id":"https:\/\/www.btv.md\/#\/schema\/person\/8fadce81561b3ce2c34c46dadc4ccbf2"},"inLanguage":"ro-RO","potentialAction":[{"@type":"ReadAction","target":["https:\/\/www.btv.md\/ro\/angela-merkel-toata-lumea-a-fost-de-acord-cu-certificatul-digital-de-vaccinare-cand-va-fi-disponibil\/"]}]},{"@type":"ImageObject","inLanguage":"ro-RO","@id":"https:\/\/www.btv.md\/ro\/angela-merkel-toata-lumea-a-fost-de-acord-cu-certificatul-digital-de-vaccinare-cand-va-fi-disponibil\/#primaryimage","url":"https:\/\/www.btv.md\/wp-content\/uploads\/2021\/02\/116923377_3067c57a-834e-42f3-a2fa-015d5a5781f8.jpg","contentUrl":"https:\/\/www.btv.md\/wp-content\/uploads\/2021\/02\/116923377_3067c57a-834e-42f3-a2fa-015d5a5781f8.jpg","width":640,"height":473},{"@type":"WebSite","@id":"https:\/\/www.btv.md\/#website","url":"https:\/\/www.btv.md\/","name":"BTV","description":"\u0411\u0435\u043b\u044c\u0446\u043a\u043e\u0435 \u0442\u0435\u043b\u0435\u0432\u0438\u0434\u0435\u043d\u0438\u0435","potentialAction":[{"@type":"SearchAction","target":{"@type":"EntryPoint","urlTemplate":"https:\/\/www.btv.md\/?s={search_term_string}"},"query-input":{"@type":"PropertyValueSpecification","valueRequired":true,"valueName":"search_term_string"}}],"inLanguage":"ro-RO"},{"@type":"Person","@id":"https:\/\/www.btv.md\/#\/schema\/person\/8fadce81561b3ce2c34c46dadc4ccbf2","name":"admin"}]}},"_links":{"self":[{"href":"https:\/\/www.btv.md\/ro\/wp-json\/wp\/v2\/posts\/116229","targetHints":{"allow":["GET"]}}],"collection":[{"href":"https:\/\/www.btv.md\/ro\/wp-json\/wp\/v2\/posts"}],"about":[{"href":"https:\/\/www.btv.md\/ro\/wp-json\/wp\/v2\/types\/post"}],"author":[{"embeddable":true,"href":"https:\/\/www.btv.md\/ro\/wp-json\/wp\/v2\/users\/4"}],"replies":[{"embeddable":true,"href":"https:\/\/www.btv.md\/ro\/wp-json\/wp\/v2\/comments?post=116229"}],"version-history":[{"count":0,"href":"https:\/\/www.btv.md\/ro\/wp-json\/wp\/v2\/posts\/116229\/revisions"}],"wp:featuredmedia":[{"embeddable":true,"href":"https:\/\/www.btv.md\/ro\/wp-json\/wp\/v2\/media\/116230"}],"wp:attachment":[{"href":"https:\/\/www.btv.md\/ro\/wp-json\/wp\/v2\/media?parent=116229"}],"wp:term":[{"taxonomy":"category","embeddable":true,"href":"https:\/\/www.btv.md\/ro\/wp-json\/wp\/v2\/categories?post=116229"},{"taxonomy":"post_tag","embeddable":true,"href":"https:\/\/www.btv.md\/ro\/wp-json\/wp\/v2\/tags?post=116229"}],"curies":[{"name":"wp","href":"https:\/\/api.w.org\/{rel}","templated":true}]}}