{"id":116248,"date":"2021-02-26T11:15:52","date_gmt":"2021-02-26T09:15:52","guid":{"rendered":"http:\/\/www.btv.md\/?p=116248"},"modified":"2021-02-26T11:15:52","modified_gmt":"2021-02-26T09:15:52","slug":"presedintele-consiliului-european-charles-michel-vine-la-chisinau","status":"publish","type":"post","link":"https:\/\/www.btv.md\/ro\/presedintele-consiliului-european-charles-michel-vine-la-chisinau\/","title":{"rendered":"Pre\u0219edintele Consiliului European, Charles Michel, vine la Chi\u0219in\u0103u"},"content":{"rendered":"<div class=\"article-content\">\n<div class=\"article-text\">\n<p><strong>Pre\u0219edintele Consiliului European, Charles Michel, va vizita Republica Moldova. Despre aceasta anun\u021b\u0103 serviciul de pres\u0103 al Consiliului European prin intermediul unui comunicat. Totodat\u0103, Consiliul anun\u021b\u0103 c\u0103 Michel va vizita Georgia \u0219i Ucraina.<\/strong><\/p>\n<p>Vizita lui Michel \u00een R.Moldova, Georgia \u0219i Ucraina se va desf\u0103\u0219ura \u00eentre 28 februarie p\u00e2n\u0103 miercuri 03 martie, scrie <a href=\"https:\/\/deschide.md\/ro\/stiri\/politic\/80899\/Pre%C8%99edintele-Consiliului-European-Charles-Michel-vine-la-Chi%C8%99in%C4%83u-Va-avea-o-%C3%AEntrevedere-cu-Maia-Sandu.htm\">deschide.md<\/a>.<\/p>\n<p>La Chi\u0219in\u0103u, pre\u0219edintele Consiliului European va ajunge duminic\u0103, 28 februarie, \u0219i se va \u00eent\u00e2lni cu pre\u0219edintele R.Moldova Maia Sandu.<\/p>\n<p>Ulterior acesta va zbura \u00een Georgia, unde se va \u00eent\u00e2lni cu pre\u0219edintele Salome Zourabichvili, cu prim-ministrul Irakli Gharibashvili \u0219i cu Archil Talakvadze, pre\u0219edintele Parlamentului Georgiei. De asemenea, va vizita linia administrativ\u0103 de frontier\u0103 \u0219i va \u00eent\u00e2lni reprezentan\u021bi ai opozi\u021biei.<\/p>\n<p>\u00cen Ucraina, el se va vedea cu Volodimir Zelenski \u0219i vor discuta rela\u021biile UE-Ucraina. La Kiev acesta se va mai vedea cu reprezentan\u021bi ai institu\u021biilor care lupt\u0103 \u00eempotriva corup\u021biei.<\/p>\n<p>Pe l\u00e2ng\u0103 rela\u021biile bilaterale \u0219i lupta comun\u0103 \u00eempotriva Covid-19, viitorul Parteneriatului estic va avea, de asemenea, un loc important pe agenda vizitei.<\/p>\n<div class=\"divider\"><\/div>\n<\/div>\n<div class=\"divider\"><\/div>\n<\/div>\n<div id=\"gia5vhcpyqikhmllqkxtoorgqrposv\"><\/div>\n","protected":false},"excerpt":{"rendered":"<p>Pre\u0219edintele Consiliului European, Charles Michel, va vizita Republica Moldova. Despre aceasta anun\u021b\u0103 serviciul de pres\u0103 al Consiliului European prin intermediul unui comunicat. Totodat\u0103, Consiliul anun\u021b\u0103 c\u0103 Michel va vizita Georgia \u0219i Ucraina. Vizita lui Michel \u00een R.Moldova, Georgia \u0219i Ucraina se va desf\u0103\u0219ura \u00eentre 28 februarie p\u00e2n\u0103 miercuri 03 martie, scrie deschide.md. La Chi\u0219in\u0103u, pre\u0219edintele [&hellip;]<\/p>\n","protected":false},"author":4,"featured_media":116241,"comment_status":"closed","ping_status":"closed","sticky":false,"template":"","format":"standard","meta":{"footnotes":""},"categories":[6368,6377],"tags":[22175,22174,22176],"class_list":["post-116248","post","type-post","status-publish","format-standard","has-post-thumbnail","hentry","category-politica-ro","category-stiri","tag-charles-michel","tag-presedintele-consiliului-european","tag-vine-la-chisinau"],"yoast_head":"<!-- This site is optimized with the Yoast SEO plugin v27.4 - https:\/\/yoast.com\/product\/yoast-seo-wordpress\/ -->\n<title>Pre\u0219edintele Consiliului European, Charles Michel, vine la Chi\u0219in\u0103u - BTV<\/title>\n<meta name=\"robots\" content=\"index, follow, max-snippet:-1, max-image-preview:large, max-video-preview:-1\" \/>\n<link rel=\"canonical\" href=\"https:\/\/www.btv.md\/ro\/presedintele-consiliului-european-charles-michel-vine-la-chisinau\/\" \/>\n<meta property=\"og:locale\" content=\"ro_RO\" \/>\n<meta property=\"og:type\" content=\"article\" \/>\n<meta property=\"og:title\" content=\"Pre\u0219edintele Consiliului European, Charles Michel, vine la Chi\u0219in\u0103u - BTV\" \/>\n<meta property=\"og:description\" content=\"Pre\u0219edintele Consiliului European, Charles Michel, va vizita Republica Moldova. Despre aceasta anun\u021b\u0103 serviciul de pres\u0103 al Consiliului European prin intermediul unui comunicat. Totodat\u0103, Consiliul anun\u021b\u0103 c\u0103 Michel va vizita Georgia \u0219i Ucraina. Vizita lui Michel \u00een R.Moldova, Georgia \u0219i Ucraina se va desf\u0103\u0219ura \u00eentre 28 februarie p\u00e2n\u0103 miercuri 03 martie, scrie deschide.md. La Chi\u0219in\u0103u, pre\u0219edintele [&hellip;]\" \/>\n<meta property=\"og:url\" content=\"https:\/\/www.btv.md\/ro\/presedintele-consiliului-european-charles-michel-vine-la-chisinau\/\" \/>\n<meta property=\"og:site_name\" content=\"BTV\" \/>\n<meta property=\"article:publisher\" content=\"https:\/\/www.facebook.com\/btvmoldova\/\" \/>\n<meta property=\"article:published_time\" content=\"2021-02-26T09:15:52+00:00\" \/>\n<meta property=\"og:image\" content=\"https:\/\/www.btv.md\/wp-content\/uploads\/2021\/02\/46794652_401.jpg\" \/>\n\t<meta property=\"og:image:width\" content=\"700\" \/>\n\t<meta property=\"og:image:height\" content=\"394\" \/>\n\t<meta property=\"og:image:type\" content=\"image\/jpeg\" \/>\n<meta name=\"author\" content=\"admin\" \/>\n<meta name=\"twitter:label1\" content=\"Scris de\" \/>\n\t<meta name=\"twitter:data1\" content=\"admin\" \/>\n\t<meta name=\"twitter:label2\" content=\"Timp estimat pentru citire\" \/>\n\t<meta name=\"twitter:data2\" content=\"1 minut\" \/>\n<script type=\"application\/ld+json\" class=\"yoast-schema-graph\">{\"@context\":\"https:\\\/\\\/schema.org\",\"@graph\":[{\"@type\":\"Article\",\"@id\":\"https:\\\/\\\/www.btv.md\\\/ro\\\/presedintele-consiliului-european-charles-michel-vine-la-chisinau\\\/#article\",\"isPartOf\":{\"@id\":\"https:\\\/\\\/www.btv.md\\\/ro\\\/presedintele-consiliului-european-charles-michel-vine-la-chisinau\\\/\"},\"author\":{\"name\":\"admin\",\"@id\":\"https:\\\/\\\/www.btv.md\\\/#\\\/schema\\\/person\\\/8fadce81561b3ce2c34c46dadc4ccbf2\"},\"headline\":\"Pre\u0219edintele Consiliului European, Charles Michel, vine la Chi\u0219in\u0103u\",\"datePublished\":\"2021-02-26T09:15:52+00:00\",\"mainEntityOfPage\":{\"@id\":\"https:\\\/\\\/www.btv.md\\\/ro\\\/presedintele-consiliului-european-charles-michel-vine-la-chisinau\\\/\"},\"wordCount\":192,\"image\":{\"@id\":\"https:\\\/\\\/www.btv.md\\\/ro\\\/presedintele-consiliului-european-charles-michel-vine-la-chisinau\\\/#primaryimage\"},\"thumbnailUrl\":\"https:\\\/\\\/www.btv.md\\\/wp-content\\\/uploads\\\/2021\\\/02\\\/46794652_401.jpg\",\"keywords\":[\"Charles Michel\",\"Pre\u0219edintele Consiliului European\",\"vine la Chi\u0219in\u0103u\"],\"articleSection\":[\"Politic\u0103\",\"\u0218tiri\"],\"inLanguage\":\"ro-RO\"},{\"@type\":\"WebPage\",\"@id\":\"https:\\\/\\\/www.btv.md\\\/ro\\\/presedintele-consiliului-european-charles-michel-vine-la-chisinau\\\/\",\"url\":\"https:\\\/\\\/www.btv.md\\\/ro\\\/presedintele-consiliului-european-charles-michel-vine-la-chisinau\\\/\",\"name\":\"Pre\u0219edintele Consiliului European, Charles Michel, vine la Chi\u0219in\u0103u - BTV\",\"isPartOf\":{\"@id\":\"https:\\\/\\\/www.btv.md\\\/#website\"},\"primaryImageOfPage\":{\"@id\":\"https:\\\/\\\/www.btv.md\\\/ro\\\/presedintele-consiliului-european-charles-michel-vine-la-chisinau\\\/#primaryimage\"},\"image\":{\"@id\":\"https:\\\/\\\/www.btv.md\\\/ro\\\/presedintele-consiliului-european-charles-michel-vine-la-chisinau\\\/#primaryimage\"},\"thumbnailUrl\":\"https:\\\/\\\/www.btv.md\\\/wp-content\\\/uploads\\\/2021\\\/02\\\/46794652_401.jpg\",\"datePublished\":\"2021-02-26T09:15:52+00:00\",\"author\":{\"@id\":\"https:\\\/\\\/www.btv.md\\\/#\\\/schema\\\/person\\\/8fadce81561b3ce2c34c46dadc4ccbf2\"},\"inLanguage\":\"ro-RO\",\"potentialAction\":[{\"@type\":\"ReadAction\",\"target\":[\"https:\\\/\\\/www.btv.md\\\/ro\\\/presedintele-consiliului-european-charles-michel-vine-la-chisinau\\\/\"]}]},{\"@type\":\"ImageObject\",\"inLanguage\":\"ro-RO\",\"@id\":\"https:\\\/\\\/www.btv.md\\\/ro\\\/presedintele-consiliului-european-charles-michel-vine-la-chisinau\\\/#primaryimage\",\"url\":\"https:\\\/\\\/www.btv.md\\\/wp-content\\\/uploads\\\/2021\\\/02\\\/46794652_401.jpg\",\"contentUrl\":\"https:\\\/\\\/www.btv.md\\\/wp-content\\\/uploads\\\/2021\\\/02\\\/46794652_401.jpg\",\"width\":700,\"height\":394},{\"@type\":\"WebSite\",\"@id\":\"https:\\\/\\\/www.btv.md\\\/#website\",\"url\":\"https:\\\/\\\/www.btv.md\\\/\",\"name\":\"BTV\",\"description\":\"\u0411\u0435\u043b\u044c\u0446\u043a\u043e\u0435 \u0442\u0435\u043b\u0435\u0432\u0438\u0434\u0435\u043d\u0438\u0435\",\"potentialAction\":[{\"@type\":\"SearchAction\",\"target\":{\"@type\":\"EntryPoint\",\"urlTemplate\":\"https:\\\/\\\/www.btv.md\\\/?s={search_term_string}\"},\"query-input\":{\"@type\":\"PropertyValueSpecification\",\"valueRequired\":true,\"valueName\":\"search_term_string\"}}],\"inLanguage\":\"ro-RO\"},{\"@type\":\"Person\",\"@id\":\"https:\\\/\\\/www.btv.md\\\/#\\\/schema\\\/person\\\/8fadce81561b3ce2c34c46dadc4ccbf2\",\"name\":\"admin\"}]}<\/script>\n<!-- \/ Yoast SEO plugin. -->","yoast_head_json":{"title":"Pre\u0219edintele Consiliului European, Charles Michel, vine la Chi\u0219in\u0103u - BTV","robots":{"index":"index","follow":"follow","max-snippet":"max-snippet:-1","max-image-preview":"max-image-preview:large","max-video-preview":"max-video-preview:-1"},"canonical":"https:\/\/www.btv.md\/ro\/presedintele-consiliului-european-charles-michel-vine-la-chisinau\/","og_locale":"ro_RO","og_type":"article","og_title":"Pre\u0219edintele Consiliului European, Charles Michel, vine la Chi\u0219in\u0103u - BTV","og_description":"Pre\u0219edintele Consiliului European, Charles Michel, va vizita Republica Moldova. Despre aceasta anun\u021b\u0103 serviciul de pres\u0103 al Consiliului European prin intermediul unui comunicat. Totodat\u0103, Consiliul anun\u021b\u0103 c\u0103 Michel va vizita Georgia \u0219i Ucraina. Vizita lui Michel \u00een R.Moldova, Georgia \u0219i Ucraina se va desf\u0103\u0219ura \u00eentre 28 februarie p\u00e2n\u0103 miercuri 03 martie, scrie deschide.md. La Chi\u0219in\u0103u, pre\u0219edintele [&hellip;]","og_url":"https:\/\/www.btv.md\/ro\/presedintele-consiliului-european-charles-michel-vine-la-chisinau\/","og_site_name":"BTV","article_publisher":"https:\/\/www.facebook.com\/btvmoldova\/","article_published_time":"2021-02-26T09:15:52+00:00","og_image":[{"width":700,"height":394,"url":"https:\/\/www.btv.md\/wp-content\/uploads\/2021\/02\/46794652_401.jpg","type":"image\/jpeg"}],"author":"admin","twitter_misc":{"Scris de":"admin","Timp estimat pentru citire":"1 minut"},"schema":{"@context":"https:\/\/schema.org","@graph":[{"@type":"Article","@id":"https:\/\/www.btv.md\/ro\/presedintele-consiliului-european-charles-michel-vine-la-chisinau\/#article","isPartOf":{"@id":"https:\/\/www.btv.md\/ro\/presedintele-consiliului-european-charles-michel-vine-la-chisinau\/"},"author":{"name":"admin","@id":"https:\/\/www.btv.md\/#\/schema\/person\/8fadce81561b3ce2c34c46dadc4ccbf2"},"headline":"Pre\u0219edintele Consiliului European, Charles Michel, vine la Chi\u0219in\u0103u","datePublished":"2021-02-26T09:15:52+00:00","mainEntityOfPage":{"@id":"https:\/\/www.btv.md\/ro\/presedintele-consiliului-european-charles-michel-vine-la-chisinau\/"},"wordCount":192,"image":{"@id":"https:\/\/www.btv.md\/ro\/presedintele-consiliului-european-charles-michel-vine-la-chisinau\/#primaryimage"},"thumbnailUrl":"https:\/\/www.btv.md\/wp-content\/uploads\/2021\/02\/46794652_401.jpg","keywords":["Charles Michel","Pre\u0219edintele Consiliului European","vine la Chi\u0219in\u0103u"],"articleSection":["Politic\u0103","\u0218tiri"],"inLanguage":"ro-RO"},{"@type":"WebPage","@id":"https:\/\/www.btv.md\/ro\/presedintele-consiliului-european-charles-michel-vine-la-chisinau\/","url":"https:\/\/www.btv.md\/ro\/presedintele-consiliului-european-charles-michel-vine-la-chisinau\/","name":"Pre\u0219edintele Consiliului European, Charles Michel, vine la Chi\u0219in\u0103u - BTV","isPartOf":{"@id":"https:\/\/www.btv.md\/#website"},"primaryImageOfPage":{"@id":"https:\/\/www.btv.md\/ro\/presedintele-consiliului-european-charles-michel-vine-la-chisinau\/#primaryimage"},"image":{"@id":"https:\/\/www.btv.md\/ro\/presedintele-consiliului-european-charles-michel-vine-la-chisinau\/#primaryimage"},"thumbnailUrl":"https:\/\/www.btv.md\/wp-content\/uploads\/2021\/02\/46794652_401.jpg","datePublished":"2021-02-26T09:15:52+00:00","author":{"@id":"https:\/\/www.btv.md\/#\/schema\/person\/8fadce81561b3ce2c34c46dadc4ccbf2"},"inLanguage":"ro-RO","potentialAction":[{"@type":"ReadAction","target":["https:\/\/www.btv.md\/ro\/presedintele-consiliului-european-charles-michel-vine-la-chisinau\/"]}]},{"@type":"ImageObject","inLanguage":"ro-RO","@id":"https:\/\/www.btv.md\/ro\/presedintele-consiliului-european-charles-michel-vine-la-chisinau\/#primaryimage","url":"https:\/\/www.btv.md\/wp-content\/uploads\/2021\/02\/46794652_401.jpg","contentUrl":"https:\/\/www.btv.md\/wp-content\/uploads\/2021\/02\/46794652_401.jpg","width":700,"height":394},{"@type":"WebSite","@id":"https:\/\/www.btv.md\/#website","url":"https:\/\/www.btv.md\/","name":"BTV","description":"\u0411\u0435\u043b\u044c\u0446\u043a\u043e\u0435 \u0442\u0435\u043b\u0435\u0432\u0438\u0434\u0435\u043d\u0438\u0435","potentialAction":[{"@type":"SearchAction","target":{"@type":"EntryPoint","urlTemplate":"https:\/\/www.btv.md\/?s={search_term_string}"},"query-input":{"@type":"PropertyValueSpecification","valueRequired":true,"valueName":"search_term_string"}}],"inLanguage":"ro-RO"},{"@type":"Person","@id":"https:\/\/www.btv.md\/#\/schema\/person\/8fadce81561b3ce2c34c46dadc4ccbf2","name":"admin"}]}},"_links":{"self":[{"href":"https:\/\/www.btv.md\/ro\/wp-json\/wp\/v2\/posts\/116248","targetHints":{"allow":["GET"]}}],"collection":[{"href":"https:\/\/www.btv.md\/ro\/wp-json\/wp\/v2\/posts"}],"about":[{"href":"https:\/\/www.btv.md\/ro\/wp-json\/wp\/v2\/types\/post"}],"author":[{"embeddable":true,"href":"https:\/\/www.btv.md\/ro\/wp-json\/wp\/v2\/users\/4"}],"replies":[{"embeddable":true,"href":"https:\/\/www.btv.md\/ro\/wp-json\/wp\/v2\/comments?post=116248"}],"version-history":[{"count":0,"href":"https:\/\/www.btv.md\/ro\/wp-json\/wp\/v2\/posts\/116248\/revisions"}],"wp:featuredmedia":[{"embeddable":true,"href":"https:\/\/www.btv.md\/ro\/wp-json\/wp\/v2\/media\/116241"}],"wp:attachment":[{"href":"https:\/\/www.btv.md\/ro\/wp-json\/wp\/v2\/media?parent=116248"}],"wp:term":[{"taxonomy":"category","embeddable":true,"href":"https:\/\/www.btv.md\/ro\/wp-json\/wp\/v2\/categories?post=116248"},{"taxonomy":"post_tag","embeddable":true,"href":"https:\/\/www.btv.md\/ro\/wp-json\/wp\/v2\/tags?post=116248"}],"curies":[{"name":"wp","href":"https:\/\/api.w.org\/{rel}","templated":true}]}}