{"id":11660,"date":"2016-04-28T17:27:43","date_gmt":"2016-04-28T14:27:43","guid":{"rendered":"http:\/\/btv.md\/?p=11660"},"modified":"2016-04-28T17:27:43","modified_gmt":"2016-04-28T14:27:43","slug":"baltenii-ne-uimesc-din-nou-au-facut-din-garaje-o-poveste","status":"publish","type":"post","link":"https:\/\/www.btv.md\/ro\/baltenii-ne-uimesc-din-nou-au-facut-din-garaje-o-poveste\/","title":{"rendered":"B\u0102L\u021aENII  NE  UIMESC  DIN  NOU. AU  F\u0102CUT  DIN  GARAJE  O  POVESTE"},"content":{"rendered":"<p><strong>B\u0103l\u021benii  ne  uimesc  din  nou. Locatarii de pe strada Tudor Vladimirescu 35, au amenajat curtea de bloc \u0219i  au desenat garajele din preajm\u0103. Pictorii s-au inspirat din filmele animate, \u00eens\u0103 nu au uitat s\u0103 ofere desenelor \u0219i o not\u0103 educativ\u0103. <\/strong><\/p>\n<p>Femeile care s-au ocupat nemijlocit de pictur\u0103, spun c\u0103 s-au g\u00e2ndit \u00een primul r\u00e2nd la copii, s\u0103 le fie vesel, dar \u0219i util. <\/p>\n<p>\u201e<em>Tot ce am f\u0103cut este pentru copii, ca s\u0103 le fie vesel \u0219i s\u0103 \u00eenve\u021be literele \u0219i cifrele. Am ales culori mai aprinse. Copiilor le place. L\u00e2ng\u0103 garaje am s\u0103dit \u0219i flori. Dorim s\u0103 avem aici \u0219i drumuri mai bune, pentru ca s\u0103 nu se \u00eempiedice copiii<\/em>\u201d.<\/p>\n<p>Pentru locatarii de aici munca colectiv\u0103 a devenit o tradi\u021bie. Cu propriile puteri au amenajat curtea \u0219i au instalat scr\u00e2ncioburi. <\/p>\n<p>\u201e<em>Am vopsit b\u0103ncile \u0219i nisipiera, iar anul trecut am instalat \u0219i scr\u00e2ncioburi. Acum am hot\u0103r\u00e2t s\u0103 vopsim garajele. Nu ne oprim aici, mai avem multe planuri. Ma mult lucr\u0103m cei care avem copii. Persoanele \u00een v\u00e2rst\u0103 ne sus\u021bin moral<\/em>\u201d.<\/p>\n<p>Pentru ultimele lucr\u0103ri, locatarii au cheltuit aproape o mie de lei \u0219i trei zile de munc\u0103. Ideile nu se termin\u0103 aici. Dup\u0103 s\u0103rb\u0103torile pascale, cei mai harnici vor transforma curtea \u00eentr-o adev\u0103rat\u0103 poveste.<\/p>\n<p>NATALIA  TOCARCIUC<br \/>\nCORNELIU VIERU<br \/>\nCHIRA  BATRANAC<\/p>\n<p><iframe width=\"420\" height=\"315\" data-src=\"https:\/\/www.youtube.com\/embed\/X_223u3mgW0\" frameborder=\"0\" allowfullscreen src=\"data:image\/svg+xml;base64,PHN2ZyB3aWR0aD0iMSIgaGVpZ2h0PSIxIiB4bWxucz0iaHR0cDovL3d3dy53My5vcmcvMjAwMC9zdmciPjwvc3ZnPg==\" class=\"lazyload\" data-load-mode=\"1\"><\/iframe><\/p>\n","protected":false},"excerpt":{"rendered":"<p>B\u0103l\u021benii ne uimesc din nou. Locatarii de pe strada Tudor Vladimirescu 35, au amenajat curtea de bloc \u0219i au desenat garajele din preajm\u0103. Pictorii s-au inspirat din filmele animate, \u00eens\u0103 nu au uitat s\u0103 ofere desenelor \u0219i o not\u0103 educativ\u0103. Femeile care s-au ocupat nemijlocit de pictur\u0103, spun c\u0103 s-au g\u00e2ndit \u00een primul r\u00e2nd la [&hellip;]<\/p>\n","protected":false},"author":4,"featured_media":11661,"comment_status":"closed","ping_status":"closed","sticky":false,"template":"","format":"standard","meta":{"footnotes":""},"categories":[6353],"tags":[],"class_list":["post-11660","post","type-post","status-publish","format-standard","has-post-thumbnail","hentry","category-oras"],"yoast_head":"<!-- This site is optimized with the Yoast SEO plugin v27.4 - https:\/\/yoast.com\/product\/yoast-seo-wordpress\/ -->\n<title>B\u0102L\u021aENII NE UIMESC DIN NOU. AU F\u0102CUT DIN GARAJE O POVESTE - BTV<\/title>\n<meta name=\"robots\" content=\"index, follow, max-snippet:-1, max-image-preview:large, max-video-preview:-1\" \/>\n<link rel=\"canonical\" href=\"https:\/\/www.btv.md\/ro\/baltenii-ne-uimesc-din-nou-au-facut-din-garaje-o-poveste\/\" \/>\n<meta property=\"og:locale\" content=\"ro_RO\" \/>\n<meta property=\"og:type\" content=\"article\" \/>\n<meta property=\"og:title\" content=\"B\u0102L\u021aENII NE UIMESC DIN NOU. AU F\u0102CUT DIN GARAJE O POVESTE - BTV\" \/>\n<meta property=\"og:description\" content=\"B\u0103l\u021benii ne uimesc din nou. Locatarii de pe strada Tudor Vladimirescu 35, au amenajat curtea de bloc \u0219i au desenat garajele din preajm\u0103. Pictorii s-au inspirat din filmele animate, \u00eens\u0103 nu au uitat s\u0103 ofere desenelor \u0219i o not\u0103 educativ\u0103. Femeile care s-au ocupat nemijlocit de pictur\u0103, spun c\u0103 s-au g\u00e2ndit \u00een primul r\u00e2nd la [&hellip;]\" \/>\n<meta property=\"og:url\" content=\"https:\/\/www.btv.md\/ro\/baltenii-ne-uimesc-din-nou-au-facut-din-garaje-o-poveste\/\" \/>\n<meta property=\"og:site_name\" content=\"BTV\" \/>\n<meta property=\"article:publisher\" content=\"https:\/\/www.facebook.com\/btvmoldova\/\" \/>\n<meta property=\"article:published_time\" content=\"2016-04-28T14:27:43+00:00\" \/>\n<meta property=\"og:image\" content=\"https:\/\/www.btv.md\/wp-content\/uploads\/2016\/04\/garaje.png\" \/>\n\t<meta property=\"og:image:width\" content=\"995\" \/>\n\t<meta property=\"og:image:height\" content=\"575\" \/>\n\t<meta property=\"og:image:type\" content=\"image\/png\" \/>\n<meta name=\"author\" content=\"admin\" \/>\n<meta name=\"twitter:label1\" content=\"Scris de\" \/>\n\t<meta name=\"twitter:data1\" content=\"admin\" \/>\n\t<meta name=\"twitter:label2\" content=\"Timp estimat pentru citire\" \/>\n\t<meta name=\"twitter:data2\" content=\"1 minut\" \/>\n<script type=\"application\/ld+json\" class=\"yoast-schema-graph\">{\"@context\":\"https:\\\/\\\/schema.org\",\"@graph\":[{\"@type\":\"Article\",\"@id\":\"https:\\\/\\\/www.btv.md\\\/ro\\\/baltenii-ne-uimesc-din-nou-au-facut-din-garaje-o-poveste\\\/#article\",\"isPartOf\":{\"@id\":\"https:\\\/\\\/www.btv.md\\\/ro\\\/baltenii-ne-uimesc-din-nou-au-facut-din-garaje-o-poveste\\\/\"},\"author\":{\"name\":\"admin\",\"@id\":\"https:\\\/\\\/www.btv.md\\\/#\\\/schema\\\/person\\\/8fadce81561b3ce2c34c46dadc4ccbf2\"},\"headline\":\"B\u0102L\u021aENII NE UIMESC DIN NOU. AU F\u0102CUT DIN GARAJE O POVESTE\",\"datePublished\":\"2016-04-28T14:27:43+00:00\",\"mainEntityOfPage\":{\"@id\":\"https:\\\/\\\/www.btv.md\\\/ro\\\/baltenii-ne-uimesc-din-nou-au-facut-din-garaje-o-poveste\\\/\"},\"wordCount\":242,\"image\":{\"@id\":\"https:\\\/\\\/www.btv.md\\\/ro\\\/baltenii-ne-uimesc-din-nou-au-facut-din-garaje-o-poveste\\\/#primaryimage\"},\"thumbnailUrl\":\"https:\\\/\\\/www.btv.md\\\/wp-content\\\/uploads\\\/2016\\\/04\\\/garaje.png\",\"articleSection\":[\"Ora\u0219\"],\"inLanguage\":\"ro-RO\"},{\"@type\":\"WebPage\",\"@id\":\"https:\\\/\\\/www.btv.md\\\/ro\\\/baltenii-ne-uimesc-din-nou-au-facut-din-garaje-o-poveste\\\/\",\"url\":\"https:\\\/\\\/www.btv.md\\\/ro\\\/baltenii-ne-uimesc-din-nou-au-facut-din-garaje-o-poveste\\\/\",\"name\":\"B\u0102L\u021aENII NE UIMESC DIN NOU. AU F\u0102CUT DIN GARAJE O POVESTE - BTV\",\"isPartOf\":{\"@id\":\"https:\\\/\\\/www.btv.md\\\/#website\"},\"primaryImageOfPage\":{\"@id\":\"https:\\\/\\\/www.btv.md\\\/ro\\\/baltenii-ne-uimesc-din-nou-au-facut-din-garaje-o-poveste\\\/#primaryimage\"},\"image\":{\"@id\":\"https:\\\/\\\/www.btv.md\\\/ro\\\/baltenii-ne-uimesc-din-nou-au-facut-din-garaje-o-poveste\\\/#primaryimage\"},\"thumbnailUrl\":\"https:\\\/\\\/www.btv.md\\\/wp-content\\\/uploads\\\/2016\\\/04\\\/garaje.png\",\"datePublished\":\"2016-04-28T14:27:43+00:00\",\"author\":{\"@id\":\"https:\\\/\\\/www.btv.md\\\/#\\\/schema\\\/person\\\/8fadce81561b3ce2c34c46dadc4ccbf2\"},\"inLanguage\":\"ro-RO\",\"potentialAction\":[{\"@type\":\"ReadAction\",\"target\":[\"https:\\\/\\\/www.btv.md\\\/ro\\\/baltenii-ne-uimesc-din-nou-au-facut-din-garaje-o-poveste\\\/\"]}]},{\"@type\":\"ImageObject\",\"inLanguage\":\"ro-RO\",\"@id\":\"https:\\\/\\\/www.btv.md\\\/ro\\\/baltenii-ne-uimesc-din-nou-au-facut-din-garaje-o-poveste\\\/#primaryimage\",\"url\":\"https:\\\/\\\/www.btv.md\\\/wp-content\\\/uploads\\\/2016\\\/04\\\/garaje.png\",\"contentUrl\":\"https:\\\/\\\/www.btv.md\\\/wp-content\\\/uploads\\\/2016\\\/04\\\/garaje.png\",\"width\":995,\"height\":575},{\"@type\":\"WebSite\",\"@id\":\"https:\\\/\\\/www.btv.md\\\/#website\",\"url\":\"https:\\\/\\\/www.btv.md\\\/\",\"name\":\"BTV\",\"description\":\"\u0411\u0435\u043b\u044c\u0446\u043a\u043e\u0435 \u0442\u0435\u043b\u0435\u0432\u0438\u0434\u0435\u043d\u0438\u0435\",\"potentialAction\":[{\"@type\":\"SearchAction\",\"target\":{\"@type\":\"EntryPoint\",\"urlTemplate\":\"https:\\\/\\\/www.btv.md\\\/?s={search_term_string}\"},\"query-input\":{\"@type\":\"PropertyValueSpecification\",\"valueRequired\":true,\"valueName\":\"search_term_string\"}}],\"inLanguage\":\"ro-RO\"},{\"@type\":\"Person\",\"@id\":\"https:\\\/\\\/www.btv.md\\\/#\\\/schema\\\/person\\\/8fadce81561b3ce2c34c46dadc4ccbf2\",\"name\":\"admin\"}]}<\/script>\n<!-- \/ Yoast SEO plugin. -->","yoast_head_json":{"title":"B\u0102L\u021aENII NE UIMESC DIN NOU. AU F\u0102CUT DIN GARAJE O POVESTE - BTV","robots":{"index":"index","follow":"follow","max-snippet":"max-snippet:-1","max-image-preview":"max-image-preview:large","max-video-preview":"max-video-preview:-1"},"canonical":"https:\/\/www.btv.md\/ro\/baltenii-ne-uimesc-din-nou-au-facut-din-garaje-o-poveste\/","og_locale":"ro_RO","og_type":"article","og_title":"B\u0102L\u021aENII NE UIMESC DIN NOU. AU F\u0102CUT DIN GARAJE O POVESTE - BTV","og_description":"B\u0103l\u021benii ne uimesc din nou. Locatarii de pe strada Tudor Vladimirescu 35, au amenajat curtea de bloc \u0219i au desenat garajele din preajm\u0103. Pictorii s-au inspirat din filmele animate, \u00eens\u0103 nu au uitat s\u0103 ofere desenelor \u0219i o not\u0103 educativ\u0103. Femeile care s-au ocupat nemijlocit de pictur\u0103, spun c\u0103 s-au g\u00e2ndit \u00een primul r\u00e2nd la [&hellip;]","og_url":"https:\/\/www.btv.md\/ro\/baltenii-ne-uimesc-din-nou-au-facut-din-garaje-o-poveste\/","og_site_name":"BTV","article_publisher":"https:\/\/www.facebook.com\/btvmoldova\/","article_published_time":"2016-04-28T14:27:43+00:00","og_image":[{"width":995,"height":575,"url":"https:\/\/www.btv.md\/wp-content\/uploads\/2016\/04\/garaje.png","type":"image\/png"}],"author":"admin","twitter_misc":{"Scris de":"admin","Timp estimat pentru citire":"1 minut"},"schema":{"@context":"https:\/\/schema.org","@graph":[{"@type":"Article","@id":"https:\/\/www.btv.md\/ro\/baltenii-ne-uimesc-din-nou-au-facut-din-garaje-o-poveste\/#article","isPartOf":{"@id":"https:\/\/www.btv.md\/ro\/baltenii-ne-uimesc-din-nou-au-facut-din-garaje-o-poveste\/"},"author":{"name":"admin","@id":"https:\/\/www.btv.md\/#\/schema\/person\/8fadce81561b3ce2c34c46dadc4ccbf2"},"headline":"B\u0102L\u021aENII NE UIMESC DIN NOU. AU F\u0102CUT DIN GARAJE O POVESTE","datePublished":"2016-04-28T14:27:43+00:00","mainEntityOfPage":{"@id":"https:\/\/www.btv.md\/ro\/baltenii-ne-uimesc-din-nou-au-facut-din-garaje-o-poveste\/"},"wordCount":242,"image":{"@id":"https:\/\/www.btv.md\/ro\/baltenii-ne-uimesc-din-nou-au-facut-din-garaje-o-poveste\/#primaryimage"},"thumbnailUrl":"https:\/\/www.btv.md\/wp-content\/uploads\/2016\/04\/garaje.png","articleSection":["Ora\u0219"],"inLanguage":"ro-RO"},{"@type":"WebPage","@id":"https:\/\/www.btv.md\/ro\/baltenii-ne-uimesc-din-nou-au-facut-din-garaje-o-poveste\/","url":"https:\/\/www.btv.md\/ro\/baltenii-ne-uimesc-din-nou-au-facut-din-garaje-o-poveste\/","name":"B\u0102L\u021aENII NE UIMESC DIN NOU. AU F\u0102CUT DIN GARAJE O POVESTE - BTV","isPartOf":{"@id":"https:\/\/www.btv.md\/#website"},"primaryImageOfPage":{"@id":"https:\/\/www.btv.md\/ro\/baltenii-ne-uimesc-din-nou-au-facut-din-garaje-o-poveste\/#primaryimage"},"image":{"@id":"https:\/\/www.btv.md\/ro\/baltenii-ne-uimesc-din-nou-au-facut-din-garaje-o-poveste\/#primaryimage"},"thumbnailUrl":"https:\/\/www.btv.md\/wp-content\/uploads\/2016\/04\/garaje.png","datePublished":"2016-04-28T14:27:43+00:00","author":{"@id":"https:\/\/www.btv.md\/#\/schema\/person\/8fadce81561b3ce2c34c46dadc4ccbf2"},"inLanguage":"ro-RO","potentialAction":[{"@type":"ReadAction","target":["https:\/\/www.btv.md\/ro\/baltenii-ne-uimesc-din-nou-au-facut-din-garaje-o-poveste\/"]}]},{"@type":"ImageObject","inLanguage":"ro-RO","@id":"https:\/\/www.btv.md\/ro\/baltenii-ne-uimesc-din-nou-au-facut-din-garaje-o-poveste\/#primaryimage","url":"https:\/\/www.btv.md\/wp-content\/uploads\/2016\/04\/garaje.png","contentUrl":"https:\/\/www.btv.md\/wp-content\/uploads\/2016\/04\/garaje.png","width":995,"height":575},{"@type":"WebSite","@id":"https:\/\/www.btv.md\/#website","url":"https:\/\/www.btv.md\/","name":"BTV","description":"\u0411\u0435\u043b\u044c\u0446\u043a\u043e\u0435 \u0442\u0435\u043b\u0435\u0432\u0438\u0434\u0435\u043d\u0438\u0435","potentialAction":[{"@type":"SearchAction","target":{"@type":"EntryPoint","urlTemplate":"https:\/\/www.btv.md\/?s={search_term_string}"},"query-input":{"@type":"PropertyValueSpecification","valueRequired":true,"valueName":"search_term_string"}}],"inLanguage":"ro-RO"},{"@type":"Person","@id":"https:\/\/www.btv.md\/#\/schema\/person\/8fadce81561b3ce2c34c46dadc4ccbf2","name":"admin"}]}},"_links":{"self":[{"href":"https:\/\/www.btv.md\/ro\/wp-json\/wp\/v2\/posts\/11660","targetHints":{"allow":["GET"]}}],"collection":[{"href":"https:\/\/www.btv.md\/ro\/wp-json\/wp\/v2\/posts"}],"about":[{"href":"https:\/\/www.btv.md\/ro\/wp-json\/wp\/v2\/types\/post"}],"author":[{"embeddable":true,"href":"https:\/\/www.btv.md\/ro\/wp-json\/wp\/v2\/users\/4"}],"replies":[{"embeddable":true,"href":"https:\/\/www.btv.md\/ro\/wp-json\/wp\/v2\/comments?post=11660"}],"version-history":[{"count":0,"href":"https:\/\/www.btv.md\/ro\/wp-json\/wp\/v2\/posts\/11660\/revisions"}],"wp:featuredmedia":[{"embeddable":true,"href":"https:\/\/www.btv.md\/ro\/wp-json\/wp\/v2\/media\/11661"}],"wp:attachment":[{"href":"https:\/\/www.btv.md\/ro\/wp-json\/wp\/v2\/media?parent=11660"}],"wp:term":[{"taxonomy":"category","embeddable":true,"href":"https:\/\/www.btv.md\/ro\/wp-json\/wp\/v2\/categories?post=11660"},{"taxonomy":"post_tag","embeddable":true,"href":"https:\/\/www.btv.md\/ro\/wp-json\/wp\/v2\/tags?post=11660"}],"curies":[{"name":"wp","href":"https:\/\/api.w.org\/{rel}","templated":true}]}}