{"id":11666,"date":"2016-04-28T17:32:57","date_gmt":"2016-04-28T14:32:57","guid":{"rendered":"http:\/\/btv.md\/?p=11666"},"modified":"2016-04-28T17:32:57","modified_gmt":"2016-04-28T14:32:57","slug":"marchel-focul-haric-va-ajunge-sambata-seara-la-balti","status":"publish","type":"post","link":"https:\/\/www.btv.md\/ro\/marchel-focul-haric-va-ajunge-sambata-seara-la-balti\/","title":{"rendered":"MARCHEL: FOCUL  HARIC  VA  AJUNGE  S\u00c2MB\u0102T\u0102 SEARA  LA  B\u0102L\u021aI"},"content":{"rendered":"<p><strong>Focul Haric va fi adus \u00een municipiul B\u0103l\u021bi, s\u00e2mb\u0103t\u0103 seara, \u00eenaintea de Sf\u00e2nta Slujb\u0103 a \u00cenvierii lui Isus Hristos. Despre aceasta a anun\u021bat Episcopul de B\u0103l\u021bi \u0219i F\u0103le\u0219ti, Marchel \u00eentr-un interviu acordat echipei de televiziune BTV.<\/strong><\/p>\n<p>Totodat\u0103  Episcopului de B\u0103l\u021bi \u0219i F\u0103le\u0219ti a ad\u0103ugat c\u0103 aprinderea Focului Haric vine s\u0103 comfirme \u00cenvierea din mor\u021bi a  M\u00e2ntuitorului.<\/p>\n<p>Potrivit tradi\u021biei, dac\u0103 \u00een S\u00e2mb\u0103ta Mare, \u00een biserica din Ierusalim se aprinde Focul Haric, \u00een acel an nu va fi sf\u00e2r\u015fitul lumii.<\/p>\n<p>Reporter:  Irina Baxan<br \/>\nOperator: Pavel Luchian<br \/>\nMontaj: Iurie Bold<br \/>\n<iframe width=\"420\" height=\"315\" data-src=\"https:\/\/www.youtube.com\/embed\/kYG8Kw_CuQg\" frameborder=\"0\" allowfullscreen src=\"data:image\/svg+xml;base64,PHN2ZyB3aWR0aD0iMSIgaGVpZ2h0PSIxIiB4bWxucz0iaHR0cDovL3d3dy53My5vcmcvMjAwMC9zdmciPjwvc3ZnPg==\" class=\"lazyload\" data-load-mode=\"1\"><\/iframe><\/p>\n","protected":false},"excerpt":{"rendered":"<p>Focul Haric va fi adus \u00een municipiul B\u0103l\u021bi, s\u00e2mb\u0103t\u0103 seara, \u00eenaintea de Sf\u00e2nta Slujb\u0103 a \u00cenvierii lui Isus Hristos. Despre aceasta a anun\u021bat Episcopul de B\u0103l\u021bi \u0219i F\u0103le\u0219ti, Marchel \u00eentr-un interviu acordat echipei de televiziune BTV. Totodat\u0103 Episcopului de B\u0103l\u021bi \u0219i F\u0103le\u0219ti a ad\u0103ugat c\u0103 aprinderea Focului Haric vine s\u0103 comfirme \u00cenvierea din mor\u021bi a [&hellip;]<\/p>\n","protected":false},"author":4,"featured_media":11667,"comment_status":"closed","ping_status":"closed","sticky":false,"template":"","format":"standard","meta":{"footnotes":""},"categories":[6353],"tags":[],"class_list":["post-11666","post","type-post","status-publish","format-standard","has-post-thumbnail","hentry","category-oras"],"yoast_head":"<!-- This site is optimized with the Yoast SEO plugin v27.4 - https:\/\/yoast.com\/product\/yoast-seo-wordpress\/ -->\n<title>MARCHEL: FOCUL HARIC VA AJUNGE S\u00c2MB\u0102T\u0102 SEARA LA B\u0102L\u021aI - BTV<\/title>\n<meta name=\"robots\" content=\"index, follow, max-snippet:-1, max-image-preview:large, max-video-preview:-1\" \/>\n<link rel=\"canonical\" href=\"https:\/\/www.btv.md\/ro\/marchel-focul-haric-va-ajunge-sambata-seara-la-balti\/\" \/>\n<meta property=\"og:locale\" content=\"ro_RO\" \/>\n<meta property=\"og:type\" content=\"article\" \/>\n<meta property=\"og:title\" content=\"MARCHEL: FOCUL HARIC VA AJUNGE S\u00c2MB\u0102T\u0102 SEARA LA B\u0102L\u021aI - BTV\" \/>\n<meta property=\"og:description\" content=\"Focul Haric va fi adus \u00een municipiul B\u0103l\u021bi, s\u00e2mb\u0103t\u0103 seara, \u00eenaintea de Sf\u00e2nta Slujb\u0103 a \u00cenvierii lui Isus Hristos. Despre aceasta a anun\u021bat Episcopul de B\u0103l\u021bi \u0219i F\u0103le\u0219ti, Marchel \u00eentr-un interviu acordat echipei de televiziune BTV. Totodat\u0103 Episcopului de B\u0103l\u021bi \u0219i F\u0103le\u0219ti a ad\u0103ugat c\u0103 aprinderea Focului Haric vine s\u0103 comfirme \u00cenvierea din mor\u021bi a [&hellip;]\" \/>\n<meta property=\"og:url\" content=\"https:\/\/www.btv.md\/ro\/marchel-focul-haric-va-ajunge-sambata-seara-la-balti\/\" \/>\n<meta property=\"og:site_name\" content=\"BTV\" \/>\n<meta property=\"article:publisher\" content=\"https:\/\/www.facebook.com\/btvmoldova\/\" \/>\n<meta property=\"article:published_time\" content=\"2016-04-28T14:32:57+00:00\" \/>\n<meta property=\"og:image\" content=\"https:\/\/www.btv.md\/wp-content\/uploads\/2016\/04\/media_142875188192573800.jpg\" \/>\n\t<meta property=\"og:image:width\" content=\"620\" \/>\n\t<meta property=\"og:image:height\" content=\"351\" \/>\n\t<meta property=\"og:image:type\" content=\"image\/jpeg\" \/>\n<meta name=\"author\" content=\"admin\" \/>\n<meta name=\"twitter:label1\" content=\"Scris de\" \/>\n\t<meta name=\"twitter:data1\" content=\"admin\" \/>\n\t<meta name=\"twitter:label2\" content=\"Timp estimat pentru citire\" \/>\n\t<meta name=\"twitter:data2\" content=\"1 minut\" \/>\n<script type=\"application\/ld+json\" class=\"yoast-schema-graph\">{\"@context\":\"https:\\\/\\\/schema.org\",\"@graph\":[{\"@type\":\"Article\",\"@id\":\"https:\\\/\\\/www.btv.md\\\/ro\\\/marchel-focul-haric-va-ajunge-sambata-seara-la-balti\\\/#article\",\"isPartOf\":{\"@id\":\"https:\\\/\\\/www.btv.md\\\/ro\\\/marchel-focul-haric-va-ajunge-sambata-seara-la-balti\\\/\"},\"author\":{\"name\":\"admin\",\"@id\":\"https:\\\/\\\/www.btv.md\\\/#\\\/schema\\\/person\\\/8fadce81561b3ce2c34c46dadc4ccbf2\"},\"headline\":\"MARCHEL: FOCUL HARIC VA AJUNGE S\u00c2MB\u0102T\u0102 SEARA LA B\u0102L\u021aI\",\"datePublished\":\"2016-04-28T14:32:57+00:00\",\"mainEntityOfPage\":{\"@id\":\"https:\\\/\\\/www.btv.md\\\/ro\\\/marchel-focul-haric-va-ajunge-sambata-seara-la-balti\\\/\"},\"wordCount\":122,\"image\":{\"@id\":\"https:\\\/\\\/www.btv.md\\\/ro\\\/marchel-focul-haric-va-ajunge-sambata-seara-la-balti\\\/#primaryimage\"},\"thumbnailUrl\":\"https:\\\/\\\/www.btv.md\\\/wp-content\\\/uploads\\\/2016\\\/04\\\/media_142875188192573800.jpg\",\"articleSection\":[\"Ora\u0219\"],\"inLanguage\":\"ro-RO\"},{\"@type\":\"WebPage\",\"@id\":\"https:\\\/\\\/www.btv.md\\\/ro\\\/marchel-focul-haric-va-ajunge-sambata-seara-la-balti\\\/\",\"url\":\"https:\\\/\\\/www.btv.md\\\/ro\\\/marchel-focul-haric-va-ajunge-sambata-seara-la-balti\\\/\",\"name\":\"MARCHEL: FOCUL HARIC VA AJUNGE S\u00c2MB\u0102T\u0102 SEARA LA B\u0102L\u021aI - BTV\",\"isPartOf\":{\"@id\":\"https:\\\/\\\/www.btv.md\\\/#website\"},\"primaryImageOfPage\":{\"@id\":\"https:\\\/\\\/www.btv.md\\\/ro\\\/marchel-focul-haric-va-ajunge-sambata-seara-la-balti\\\/#primaryimage\"},\"image\":{\"@id\":\"https:\\\/\\\/www.btv.md\\\/ro\\\/marchel-focul-haric-va-ajunge-sambata-seara-la-balti\\\/#primaryimage\"},\"thumbnailUrl\":\"https:\\\/\\\/www.btv.md\\\/wp-content\\\/uploads\\\/2016\\\/04\\\/media_142875188192573800.jpg\",\"datePublished\":\"2016-04-28T14:32:57+00:00\",\"author\":{\"@id\":\"https:\\\/\\\/www.btv.md\\\/#\\\/schema\\\/person\\\/8fadce81561b3ce2c34c46dadc4ccbf2\"},\"inLanguage\":\"ro-RO\",\"potentialAction\":[{\"@type\":\"ReadAction\",\"target\":[\"https:\\\/\\\/www.btv.md\\\/ro\\\/marchel-focul-haric-va-ajunge-sambata-seara-la-balti\\\/\"]}]},{\"@type\":\"ImageObject\",\"inLanguage\":\"ro-RO\",\"@id\":\"https:\\\/\\\/www.btv.md\\\/ro\\\/marchel-focul-haric-va-ajunge-sambata-seara-la-balti\\\/#primaryimage\",\"url\":\"https:\\\/\\\/www.btv.md\\\/wp-content\\\/uploads\\\/2016\\\/04\\\/media_142875188192573800.jpg\",\"contentUrl\":\"https:\\\/\\\/www.btv.md\\\/wp-content\\\/uploads\\\/2016\\\/04\\\/media_142875188192573800.jpg\",\"width\":620,\"height\":351,\"caption\":\"www.realitatea.md\"},{\"@type\":\"WebSite\",\"@id\":\"https:\\\/\\\/www.btv.md\\\/#website\",\"url\":\"https:\\\/\\\/www.btv.md\\\/\",\"name\":\"BTV\",\"description\":\"\u0411\u0435\u043b\u044c\u0446\u043a\u043e\u0435 \u0442\u0435\u043b\u0435\u0432\u0438\u0434\u0435\u043d\u0438\u0435\",\"potentialAction\":[{\"@type\":\"SearchAction\",\"target\":{\"@type\":\"EntryPoint\",\"urlTemplate\":\"https:\\\/\\\/www.btv.md\\\/?s={search_term_string}\"},\"query-input\":{\"@type\":\"PropertyValueSpecification\",\"valueRequired\":true,\"valueName\":\"search_term_string\"}}],\"inLanguage\":\"ro-RO\"},{\"@type\":\"Person\",\"@id\":\"https:\\\/\\\/www.btv.md\\\/#\\\/schema\\\/person\\\/8fadce81561b3ce2c34c46dadc4ccbf2\",\"name\":\"admin\"}]}<\/script>\n<!-- \/ Yoast SEO plugin. -->","yoast_head_json":{"title":"MARCHEL: FOCUL HARIC VA AJUNGE S\u00c2MB\u0102T\u0102 SEARA LA B\u0102L\u021aI - BTV","robots":{"index":"index","follow":"follow","max-snippet":"max-snippet:-1","max-image-preview":"max-image-preview:large","max-video-preview":"max-video-preview:-1"},"canonical":"https:\/\/www.btv.md\/ro\/marchel-focul-haric-va-ajunge-sambata-seara-la-balti\/","og_locale":"ro_RO","og_type":"article","og_title":"MARCHEL: FOCUL HARIC VA AJUNGE S\u00c2MB\u0102T\u0102 SEARA LA B\u0102L\u021aI - BTV","og_description":"Focul Haric va fi adus \u00een municipiul B\u0103l\u021bi, s\u00e2mb\u0103t\u0103 seara, \u00eenaintea de Sf\u00e2nta Slujb\u0103 a \u00cenvierii lui Isus Hristos. Despre aceasta a anun\u021bat Episcopul de B\u0103l\u021bi \u0219i F\u0103le\u0219ti, Marchel \u00eentr-un interviu acordat echipei de televiziune BTV. Totodat\u0103 Episcopului de B\u0103l\u021bi \u0219i F\u0103le\u0219ti a ad\u0103ugat c\u0103 aprinderea Focului Haric vine s\u0103 comfirme \u00cenvierea din mor\u021bi a [&hellip;]","og_url":"https:\/\/www.btv.md\/ro\/marchel-focul-haric-va-ajunge-sambata-seara-la-balti\/","og_site_name":"BTV","article_publisher":"https:\/\/www.facebook.com\/btvmoldova\/","article_published_time":"2016-04-28T14:32:57+00:00","og_image":[{"width":620,"height":351,"url":"https:\/\/www.btv.md\/wp-content\/uploads\/2016\/04\/media_142875188192573800.jpg","type":"image\/jpeg"}],"author":"admin","twitter_misc":{"Scris de":"admin","Timp estimat pentru citire":"1 minut"},"schema":{"@context":"https:\/\/schema.org","@graph":[{"@type":"Article","@id":"https:\/\/www.btv.md\/ro\/marchel-focul-haric-va-ajunge-sambata-seara-la-balti\/#article","isPartOf":{"@id":"https:\/\/www.btv.md\/ro\/marchel-focul-haric-va-ajunge-sambata-seara-la-balti\/"},"author":{"name":"admin","@id":"https:\/\/www.btv.md\/#\/schema\/person\/8fadce81561b3ce2c34c46dadc4ccbf2"},"headline":"MARCHEL: FOCUL HARIC VA AJUNGE S\u00c2MB\u0102T\u0102 SEARA LA B\u0102L\u021aI","datePublished":"2016-04-28T14:32:57+00:00","mainEntityOfPage":{"@id":"https:\/\/www.btv.md\/ro\/marchel-focul-haric-va-ajunge-sambata-seara-la-balti\/"},"wordCount":122,"image":{"@id":"https:\/\/www.btv.md\/ro\/marchel-focul-haric-va-ajunge-sambata-seara-la-balti\/#primaryimage"},"thumbnailUrl":"https:\/\/www.btv.md\/wp-content\/uploads\/2016\/04\/media_142875188192573800.jpg","articleSection":["Ora\u0219"],"inLanguage":"ro-RO"},{"@type":"WebPage","@id":"https:\/\/www.btv.md\/ro\/marchel-focul-haric-va-ajunge-sambata-seara-la-balti\/","url":"https:\/\/www.btv.md\/ro\/marchel-focul-haric-va-ajunge-sambata-seara-la-balti\/","name":"MARCHEL: FOCUL HARIC VA AJUNGE S\u00c2MB\u0102T\u0102 SEARA LA B\u0102L\u021aI - BTV","isPartOf":{"@id":"https:\/\/www.btv.md\/#website"},"primaryImageOfPage":{"@id":"https:\/\/www.btv.md\/ro\/marchel-focul-haric-va-ajunge-sambata-seara-la-balti\/#primaryimage"},"image":{"@id":"https:\/\/www.btv.md\/ro\/marchel-focul-haric-va-ajunge-sambata-seara-la-balti\/#primaryimage"},"thumbnailUrl":"https:\/\/www.btv.md\/wp-content\/uploads\/2016\/04\/media_142875188192573800.jpg","datePublished":"2016-04-28T14:32:57+00:00","author":{"@id":"https:\/\/www.btv.md\/#\/schema\/person\/8fadce81561b3ce2c34c46dadc4ccbf2"},"inLanguage":"ro-RO","potentialAction":[{"@type":"ReadAction","target":["https:\/\/www.btv.md\/ro\/marchel-focul-haric-va-ajunge-sambata-seara-la-balti\/"]}]},{"@type":"ImageObject","inLanguage":"ro-RO","@id":"https:\/\/www.btv.md\/ro\/marchel-focul-haric-va-ajunge-sambata-seara-la-balti\/#primaryimage","url":"https:\/\/www.btv.md\/wp-content\/uploads\/2016\/04\/media_142875188192573800.jpg","contentUrl":"https:\/\/www.btv.md\/wp-content\/uploads\/2016\/04\/media_142875188192573800.jpg","width":620,"height":351,"caption":"www.realitatea.md"},{"@type":"WebSite","@id":"https:\/\/www.btv.md\/#website","url":"https:\/\/www.btv.md\/","name":"BTV","description":"\u0411\u0435\u043b\u044c\u0446\u043a\u043e\u0435 \u0442\u0435\u043b\u0435\u0432\u0438\u0434\u0435\u043d\u0438\u0435","potentialAction":[{"@type":"SearchAction","target":{"@type":"EntryPoint","urlTemplate":"https:\/\/www.btv.md\/?s={search_term_string}"},"query-input":{"@type":"PropertyValueSpecification","valueRequired":true,"valueName":"search_term_string"}}],"inLanguage":"ro-RO"},{"@type":"Person","@id":"https:\/\/www.btv.md\/#\/schema\/person\/8fadce81561b3ce2c34c46dadc4ccbf2","name":"admin"}]}},"_links":{"self":[{"href":"https:\/\/www.btv.md\/ro\/wp-json\/wp\/v2\/posts\/11666","targetHints":{"allow":["GET"]}}],"collection":[{"href":"https:\/\/www.btv.md\/ro\/wp-json\/wp\/v2\/posts"}],"about":[{"href":"https:\/\/www.btv.md\/ro\/wp-json\/wp\/v2\/types\/post"}],"author":[{"embeddable":true,"href":"https:\/\/www.btv.md\/ro\/wp-json\/wp\/v2\/users\/4"}],"replies":[{"embeddable":true,"href":"https:\/\/www.btv.md\/ro\/wp-json\/wp\/v2\/comments?post=11666"}],"version-history":[{"count":0,"href":"https:\/\/www.btv.md\/ro\/wp-json\/wp\/v2\/posts\/11666\/revisions"}],"wp:featuredmedia":[{"embeddable":true,"href":"https:\/\/www.btv.md\/ro\/wp-json\/wp\/v2\/media\/11667"}],"wp:attachment":[{"href":"https:\/\/www.btv.md\/ro\/wp-json\/wp\/v2\/media?parent=11666"}],"wp:term":[{"taxonomy":"category","embeddable":true,"href":"https:\/\/www.btv.md\/ro\/wp-json\/wp\/v2\/categories?post=11666"},{"taxonomy":"post_tag","embeddable":true,"href":"https:\/\/www.btv.md\/ro\/wp-json\/wp\/v2\/tags?post=11666"}],"curies":[{"name":"wp","href":"https:\/\/api.w.org\/{rel}","templated":true}]}}