{"id":11687,"date":"2016-04-29T11:28:06","date_gmt":"2016-04-29T08:28:06","guid":{"rendered":"http:\/\/btv.md\/?p=11687"},"modified":"2016-04-29T11:28:06","modified_gmt":"2016-04-29T08:28:06","slug":"maia-sandu-ministrul-impune-o-cerinta-noua-pentru-inregistrarea-partidelor","status":"publish","type":"post","link":"https:\/\/www.btv.md\/ro\/maia-sandu-ministrul-impune-o-cerinta-noua-pentru-inregistrarea-partidelor\/","title":{"rendered":"MAIA  SANDU: MINISTRUL  IMPUNE  O  CERIN\u021a\u0102  NOU\u0102  PENTRU  \u00ceNREGISTRAREA PARTIDELOR"},"content":{"rendered":"<p><strong>Ministerul Justi\u021biei a preg\u0103tit noi surprize pentru forma\u021biunile politice ne\u00eenregistrate. Fostul ministru al Educa\u021biei, ini\u021biatoarea proiectului politic PAS, Maia Sandu, scrie pe pagina sa de Facebook c\u0103 Ministerul Justi\u021biei impune o cerin\u021b\u0103 nou\u0103 pentru \u00eenregistrarea partidelor &#8211; \u201eindicarea locului de munc\u0103 al membrilor de partid\u201d, cerin\u021b\u0103 ce nu se con\u021bine \u00een legea privind partidele politice, scrie <a href=\"http:\/\/unimedia.info\/stiri\/ministerul-justitiei-impiedica-inregistrarea-pas-maia-sandu-ministerul-impune-o-cerinta-noua-pentru-inregistrarea-partidelor-113973.html\" target=\"_blank\">unimedia.md<\/a>.<\/strong><\/p>\n<p>Maia Sandu spune c\u0103 anun\u021bul a fost f\u0103cut pe pagina oficial\u0103 a Ministerului. \u0218i asta, dup\u0103 ce c\u00e2teva mii de membri PAS au semnat listele \u201eforma\u021biunii\u201d, \u00eens\u0103 f\u0103r\u0103 a indica locul de munc\u0103.<\/p>\n","protected":false},"excerpt":{"rendered":"<p>Ministerul Justi\u021biei a preg\u0103tit noi surprize pentru forma\u021biunile politice ne\u00eenregistrate. Fostul ministru al Educa\u021biei, ini\u021biatoarea proiectului politic PAS, Maia Sandu, scrie pe pagina sa de Facebook c\u0103 Ministerul Justi\u021biei impune o cerin\u021b\u0103 nou\u0103 pentru \u00eenregistrarea partidelor &#8211; \u201eindicarea locului de munc\u0103 al membrilor de partid\u201d, cerin\u021b\u0103 ce nu se con\u021bine \u00een legea privind partidele politice, [&hellip;]<\/p>\n","protected":false},"author":4,"featured_media":11688,"comment_status":"closed","ping_status":"closed","sticky":false,"template":"","format":"standard","meta":{"footnotes":""},"categories":[6368],"tags":[],"class_list":["post-11687","post","type-post","status-publish","format-standard","has-post-thumbnail","hentry","category-politica-ro"],"yoast_head":"<!-- This site is optimized with the Yoast SEO plugin v27.4 - https:\/\/yoast.com\/product\/yoast-seo-wordpress\/ -->\n<title>MAIA SANDU: MINISTRUL IMPUNE O CERIN\u021a\u0102 NOU\u0102 PENTRU \u00ceNREGISTRAREA PARTIDELOR - BTV<\/title>\n<meta name=\"robots\" content=\"index, follow, max-snippet:-1, max-image-preview:large, max-video-preview:-1\" \/>\n<link rel=\"canonical\" href=\"https:\/\/www.btv.md\/ro\/maia-sandu-ministrul-impune-o-cerinta-noua-pentru-inregistrarea-partidelor\/\" \/>\n<meta property=\"og:locale\" content=\"ro_RO\" \/>\n<meta property=\"og:type\" content=\"article\" \/>\n<meta property=\"og:title\" content=\"MAIA SANDU: MINISTRUL IMPUNE O CERIN\u021a\u0102 NOU\u0102 PENTRU \u00ceNREGISTRAREA PARTIDELOR - BTV\" \/>\n<meta property=\"og:description\" content=\"Ministerul Justi\u021biei a preg\u0103tit noi surprize pentru forma\u021biunile politice ne\u00eenregistrate. Fostul ministru al Educa\u021biei, ini\u021biatoarea proiectului politic PAS, Maia Sandu, scrie pe pagina sa de Facebook c\u0103 Ministerul Justi\u021biei impune o cerin\u021b\u0103 nou\u0103 pentru \u00eenregistrarea partidelor &#8211; \u201eindicarea locului de munc\u0103 al membrilor de partid\u201d, cerin\u021b\u0103 ce nu se con\u021bine \u00een legea privind partidele politice, [&hellip;]\" \/>\n<meta property=\"og:url\" content=\"https:\/\/www.btv.md\/ro\/maia-sandu-ministrul-impune-o-cerinta-noua-pentru-inregistrarea-partidelor\/\" \/>\n<meta property=\"og:site_name\" content=\"BTV\" \/>\n<meta property=\"article:publisher\" content=\"https:\/\/www.facebook.com\/btvmoldova\/\" \/>\n<meta property=\"article:published_time\" content=\"2016-04-29T08:28:06+00:00\" \/>\n<meta property=\"og:image\" content=\"https:\/\/www.btv.md\/wp-content\/uploads\/2016\/04\/maia-sandu-mega-concertul-gratuit-este-o-diversiune-la-mitingul-din-6-septembrie-12271.jpg\" \/>\n\t<meta property=\"og:image:width\" content=\"1200\" \/>\n\t<meta property=\"og:image:height\" content=\"676\" \/>\n\t<meta property=\"og:image:type\" content=\"image\/jpeg\" \/>\n<meta name=\"author\" content=\"admin\" \/>\n<meta name=\"twitter:label1\" content=\"Scris de\" \/>\n\t<meta name=\"twitter:data1\" content=\"admin\" \/>\n\t<meta name=\"twitter:label2\" content=\"Timp estimat pentru citire\" \/>\n\t<meta name=\"twitter:data2\" content=\"1 minut\" \/>\n<script type=\"application\/ld+json\" class=\"yoast-schema-graph\">{\"@context\":\"https:\\\/\\\/schema.org\",\"@graph\":[{\"@type\":\"Article\",\"@id\":\"https:\\\/\\\/www.btv.md\\\/ro\\\/maia-sandu-ministrul-impune-o-cerinta-noua-pentru-inregistrarea-partidelor\\\/#article\",\"isPartOf\":{\"@id\":\"https:\\\/\\\/www.btv.md\\\/ro\\\/maia-sandu-ministrul-impune-o-cerinta-noua-pentru-inregistrarea-partidelor\\\/\"},\"author\":{\"name\":\"admin\",\"@id\":\"https:\\\/\\\/www.btv.md\\\/#\\\/schema\\\/person\\\/8fadce81561b3ce2c34c46dadc4ccbf2\"},\"headline\":\"MAIA SANDU: MINISTRUL IMPUNE O CERIN\u021a\u0102 NOU\u0102 PENTRU \u00ceNREGISTRAREA PARTIDELOR\",\"datePublished\":\"2016-04-29T08:28:06+00:00\",\"mainEntityOfPage\":{\"@id\":\"https:\\\/\\\/www.btv.md\\\/ro\\\/maia-sandu-ministrul-impune-o-cerinta-noua-pentru-inregistrarea-partidelor\\\/\"},\"wordCount\":114,\"image\":{\"@id\":\"https:\\\/\\\/www.btv.md\\\/ro\\\/maia-sandu-ministrul-impune-o-cerinta-noua-pentru-inregistrarea-partidelor\\\/#primaryimage\"},\"thumbnailUrl\":\"https:\\\/\\\/www.btv.md\\\/wp-content\\\/uploads\\\/2016\\\/04\\\/maia-sandu-mega-concertul-gratuit-este-o-diversiune-la-mitingul-din-6-septembrie-12271.jpg\",\"articleSection\":[\"Politic\u0103\"],\"inLanguage\":\"ro-RO\"},{\"@type\":\"WebPage\",\"@id\":\"https:\\\/\\\/www.btv.md\\\/ro\\\/maia-sandu-ministrul-impune-o-cerinta-noua-pentru-inregistrarea-partidelor\\\/\",\"url\":\"https:\\\/\\\/www.btv.md\\\/ro\\\/maia-sandu-ministrul-impune-o-cerinta-noua-pentru-inregistrarea-partidelor\\\/\",\"name\":\"MAIA SANDU: MINISTRUL IMPUNE O CERIN\u021a\u0102 NOU\u0102 PENTRU \u00ceNREGISTRAREA PARTIDELOR - BTV\",\"isPartOf\":{\"@id\":\"https:\\\/\\\/www.btv.md\\\/#website\"},\"primaryImageOfPage\":{\"@id\":\"https:\\\/\\\/www.btv.md\\\/ro\\\/maia-sandu-ministrul-impune-o-cerinta-noua-pentru-inregistrarea-partidelor\\\/#primaryimage\"},\"image\":{\"@id\":\"https:\\\/\\\/www.btv.md\\\/ro\\\/maia-sandu-ministrul-impune-o-cerinta-noua-pentru-inregistrarea-partidelor\\\/#primaryimage\"},\"thumbnailUrl\":\"https:\\\/\\\/www.btv.md\\\/wp-content\\\/uploads\\\/2016\\\/04\\\/maia-sandu-mega-concertul-gratuit-este-o-diversiune-la-mitingul-din-6-septembrie-12271.jpg\",\"datePublished\":\"2016-04-29T08:28:06+00:00\",\"author\":{\"@id\":\"https:\\\/\\\/www.btv.md\\\/#\\\/schema\\\/person\\\/8fadce81561b3ce2c34c46dadc4ccbf2\"},\"inLanguage\":\"ro-RO\",\"potentialAction\":[{\"@type\":\"ReadAction\",\"target\":[\"https:\\\/\\\/www.btv.md\\\/ro\\\/maia-sandu-ministrul-impune-o-cerinta-noua-pentru-inregistrarea-partidelor\\\/\"]}]},{\"@type\":\"ImageObject\",\"inLanguage\":\"ro-RO\",\"@id\":\"https:\\\/\\\/www.btv.md\\\/ro\\\/maia-sandu-ministrul-impune-o-cerinta-noua-pentru-inregistrarea-partidelor\\\/#primaryimage\",\"url\":\"https:\\\/\\\/www.btv.md\\\/wp-content\\\/uploads\\\/2016\\\/04\\\/maia-sandu-mega-concertul-gratuit-este-o-diversiune-la-mitingul-din-6-septembrie-12271.jpg\",\"contentUrl\":\"https:\\\/\\\/www.btv.md\\\/wp-content\\\/uploads\\\/2016\\\/04\\\/maia-sandu-mega-concertul-gratuit-este-o-diversiune-la-mitingul-din-6-septembrie-12271.jpg\",\"width\":1200,\"height\":676,\"caption\":\"agora.md\"},{\"@type\":\"WebSite\",\"@id\":\"https:\\\/\\\/www.btv.md\\\/#website\",\"url\":\"https:\\\/\\\/www.btv.md\\\/\",\"name\":\"BTV\",\"description\":\"\u0411\u0435\u043b\u044c\u0446\u043a\u043e\u0435 \u0442\u0435\u043b\u0435\u0432\u0438\u0434\u0435\u043d\u0438\u0435\",\"potentialAction\":[{\"@type\":\"SearchAction\",\"target\":{\"@type\":\"EntryPoint\",\"urlTemplate\":\"https:\\\/\\\/www.btv.md\\\/?s={search_term_string}\"},\"query-input\":{\"@type\":\"PropertyValueSpecification\",\"valueRequired\":true,\"valueName\":\"search_term_string\"}}],\"inLanguage\":\"ro-RO\"},{\"@type\":\"Person\",\"@id\":\"https:\\\/\\\/www.btv.md\\\/#\\\/schema\\\/person\\\/8fadce81561b3ce2c34c46dadc4ccbf2\",\"name\":\"admin\"}]}<\/script>\n<!-- \/ Yoast SEO plugin. -->","yoast_head_json":{"title":"MAIA SANDU: MINISTRUL IMPUNE O CERIN\u021a\u0102 NOU\u0102 PENTRU \u00ceNREGISTRAREA PARTIDELOR - BTV","robots":{"index":"index","follow":"follow","max-snippet":"max-snippet:-1","max-image-preview":"max-image-preview:large","max-video-preview":"max-video-preview:-1"},"canonical":"https:\/\/www.btv.md\/ro\/maia-sandu-ministrul-impune-o-cerinta-noua-pentru-inregistrarea-partidelor\/","og_locale":"ro_RO","og_type":"article","og_title":"MAIA SANDU: MINISTRUL IMPUNE O CERIN\u021a\u0102 NOU\u0102 PENTRU \u00ceNREGISTRAREA PARTIDELOR - BTV","og_description":"Ministerul Justi\u021biei a preg\u0103tit noi surprize pentru forma\u021biunile politice ne\u00eenregistrate. Fostul ministru al Educa\u021biei, ini\u021biatoarea proiectului politic PAS, Maia Sandu, scrie pe pagina sa de Facebook c\u0103 Ministerul Justi\u021biei impune o cerin\u021b\u0103 nou\u0103 pentru \u00eenregistrarea partidelor &#8211; \u201eindicarea locului de munc\u0103 al membrilor de partid\u201d, cerin\u021b\u0103 ce nu se con\u021bine \u00een legea privind partidele politice, [&hellip;]","og_url":"https:\/\/www.btv.md\/ro\/maia-sandu-ministrul-impune-o-cerinta-noua-pentru-inregistrarea-partidelor\/","og_site_name":"BTV","article_publisher":"https:\/\/www.facebook.com\/btvmoldova\/","article_published_time":"2016-04-29T08:28:06+00:00","og_image":[{"width":1200,"height":676,"url":"https:\/\/www.btv.md\/wp-content\/uploads\/2016\/04\/maia-sandu-mega-concertul-gratuit-este-o-diversiune-la-mitingul-din-6-septembrie-12271.jpg","type":"image\/jpeg"}],"author":"admin","twitter_misc":{"Scris de":"admin","Timp estimat pentru citire":"1 minut"},"schema":{"@context":"https:\/\/schema.org","@graph":[{"@type":"Article","@id":"https:\/\/www.btv.md\/ro\/maia-sandu-ministrul-impune-o-cerinta-noua-pentru-inregistrarea-partidelor\/#article","isPartOf":{"@id":"https:\/\/www.btv.md\/ro\/maia-sandu-ministrul-impune-o-cerinta-noua-pentru-inregistrarea-partidelor\/"},"author":{"name":"admin","@id":"https:\/\/www.btv.md\/#\/schema\/person\/8fadce81561b3ce2c34c46dadc4ccbf2"},"headline":"MAIA SANDU: MINISTRUL IMPUNE O CERIN\u021a\u0102 NOU\u0102 PENTRU \u00ceNREGISTRAREA PARTIDELOR","datePublished":"2016-04-29T08:28:06+00:00","mainEntityOfPage":{"@id":"https:\/\/www.btv.md\/ro\/maia-sandu-ministrul-impune-o-cerinta-noua-pentru-inregistrarea-partidelor\/"},"wordCount":114,"image":{"@id":"https:\/\/www.btv.md\/ro\/maia-sandu-ministrul-impune-o-cerinta-noua-pentru-inregistrarea-partidelor\/#primaryimage"},"thumbnailUrl":"https:\/\/www.btv.md\/wp-content\/uploads\/2016\/04\/maia-sandu-mega-concertul-gratuit-este-o-diversiune-la-mitingul-din-6-septembrie-12271.jpg","articleSection":["Politic\u0103"],"inLanguage":"ro-RO"},{"@type":"WebPage","@id":"https:\/\/www.btv.md\/ro\/maia-sandu-ministrul-impune-o-cerinta-noua-pentru-inregistrarea-partidelor\/","url":"https:\/\/www.btv.md\/ro\/maia-sandu-ministrul-impune-o-cerinta-noua-pentru-inregistrarea-partidelor\/","name":"MAIA SANDU: MINISTRUL IMPUNE O CERIN\u021a\u0102 NOU\u0102 PENTRU \u00ceNREGISTRAREA PARTIDELOR - BTV","isPartOf":{"@id":"https:\/\/www.btv.md\/#website"},"primaryImageOfPage":{"@id":"https:\/\/www.btv.md\/ro\/maia-sandu-ministrul-impune-o-cerinta-noua-pentru-inregistrarea-partidelor\/#primaryimage"},"image":{"@id":"https:\/\/www.btv.md\/ro\/maia-sandu-ministrul-impune-o-cerinta-noua-pentru-inregistrarea-partidelor\/#primaryimage"},"thumbnailUrl":"https:\/\/www.btv.md\/wp-content\/uploads\/2016\/04\/maia-sandu-mega-concertul-gratuit-este-o-diversiune-la-mitingul-din-6-septembrie-12271.jpg","datePublished":"2016-04-29T08:28:06+00:00","author":{"@id":"https:\/\/www.btv.md\/#\/schema\/person\/8fadce81561b3ce2c34c46dadc4ccbf2"},"inLanguage":"ro-RO","potentialAction":[{"@type":"ReadAction","target":["https:\/\/www.btv.md\/ro\/maia-sandu-ministrul-impune-o-cerinta-noua-pentru-inregistrarea-partidelor\/"]}]},{"@type":"ImageObject","inLanguage":"ro-RO","@id":"https:\/\/www.btv.md\/ro\/maia-sandu-ministrul-impune-o-cerinta-noua-pentru-inregistrarea-partidelor\/#primaryimage","url":"https:\/\/www.btv.md\/wp-content\/uploads\/2016\/04\/maia-sandu-mega-concertul-gratuit-este-o-diversiune-la-mitingul-din-6-septembrie-12271.jpg","contentUrl":"https:\/\/www.btv.md\/wp-content\/uploads\/2016\/04\/maia-sandu-mega-concertul-gratuit-este-o-diversiune-la-mitingul-din-6-septembrie-12271.jpg","width":1200,"height":676,"caption":"agora.md"},{"@type":"WebSite","@id":"https:\/\/www.btv.md\/#website","url":"https:\/\/www.btv.md\/","name":"BTV","description":"\u0411\u0435\u043b\u044c\u0446\u043a\u043e\u0435 \u0442\u0435\u043b\u0435\u0432\u0438\u0434\u0435\u043d\u0438\u0435","potentialAction":[{"@type":"SearchAction","target":{"@type":"EntryPoint","urlTemplate":"https:\/\/www.btv.md\/?s={search_term_string}"},"query-input":{"@type":"PropertyValueSpecification","valueRequired":true,"valueName":"search_term_string"}}],"inLanguage":"ro-RO"},{"@type":"Person","@id":"https:\/\/www.btv.md\/#\/schema\/person\/8fadce81561b3ce2c34c46dadc4ccbf2","name":"admin"}]}},"_links":{"self":[{"href":"https:\/\/www.btv.md\/ro\/wp-json\/wp\/v2\/posts\/11687","targetHints":{"allow":["GET"]}}],"collection":[{"href":"https:\/\/www.btv.md\/ro\/wp-json\/wp\/v2\/posts"}],"about":[{"href":"https:\/\/www.btv.md\/ro\/wp-json\/wp\/v2\/types\/post"}],"author":[{"embeddable":true,"href":"https:\/\/www.btv.md\/ro\/wp-json\/wp\/v2\/users\/4"}],"replies":[{"embeddable":true,"href":"https:\/\/www.btv.md\/ro\/wp-json\/wp\/v2\/comments?post=11687"}],"version-history":[{"count":0,"href":"https:\/\/www.btv.md\/ro\/wp-json\/wp\/v2\/posts\/11687\/revisions"}],"wp:featuredmedia":[{"embeddable":true,"href":"https:\/\/www.btv.md\/ro\/wp-json\/wp\/v2\/media\/11688"}],"wp:attachment":[{"href":"https:\/\/www.btv.md\/ro\/wp-json\/wp\/v2\/media?parent=11687"}],"wp:term":[{"taxonomy":"category","embeddable":true,"href":"https:\/\/www.btv.md\/ro\/wp-json\/wp\/v2\/categories?post=11687"},{"taxonomy":"post_tag","embeddable":true,"href":"https:\/\/www.btv.md\/ro\/wp-json\/wp\/v2\/tags?post=11687"}],"curies":[{"name":"wp","href":"https:\/\/api.w.org\/{rel}","templated":true}]}}