{"id":11690,"date":"2016-04-29T11:31:07","date_gmt":"2016-04-29T08:31:07","guid":{"rendered":"http:\/\/btv.md\/?p=11690"},"modified":"2016-04-29T11:31:07","modified_gmt":"2016-04-29T08:31:07","slug":"igp-organizatorii-protestului-din-24-aprilie-nu-au-fost-deocamdata-audiati","status":"publish","type":"post","link":"https:\/\/www.btv.md\/ro\/igp-organizatorii-protestului-din-24-aprilie-nu-au-fost-deocamdata-audiati\/","title":{"rendered":"IGP: ORGANIZATORII PROTESTULUI DIN 24 APRILIE  NU  AU  FOST  DEOCAMDAT\u0102  AUDIA\u021aI"},"content":{"rendered":"<p><strong>Grupele speciale ale Inspectoratului General de Poli\u021bie continu\u0103 ac\u021biunile de urm\u0103rire penal\u0103 pentru stabilirea tuturor circumstan\u021belor \u00een urma protestului din data de 24 aprilie, organizat de Platforma \u201dDemnitate \u0219i Adev\u0103r\u201d. P\u00e2n\u0103 \u00een prezent, au fost audiate 74 de persoane din cadrul Ministerului Afacerilor Interne, dar \u0219i c\u00e2\u021biva martori. Chiar dac\u0103 au trecut deja patru zile de la desf\u0103\u0219urarea evenimentului, organizatorii protestului nu au fost chema\u021bi deocamdat\u0103 la audieri. P\u00e2n\u0103 \u00een prezent, a fost supus \u00eentreb\u0103rilor doar t\u00e2n\u0103rul de 24 de ani, care a primit un mandat de arest pentru 20 de zile, fiind acuzat de aplicarea violen\u021bei asupra colaboratorilor de poli\u021bie, scrie <a href=\"http:\/\/Realitatea.md\/\" target=\"_blank\">realitatea.md<\/a>.<\/strong><\/p>\n<p>\u0218eful Direc\u021biei generale urm\u0103rire penal\u0103 a IGP, colonel de poli\u021bie Grigore Moga, a declarat c\u0103 \u00een urma ac\u021biunilor violente care au avut loc duminic\u0103, \u00een capital\u0103, 43 de poli\u021bi\u0219ti au avut de suferit, 19 au avut nevoie de \u00eengrijiri medicale, iar 5 au fost spitaliza\u021bi \u0219i beneficiaz\u0103 de tratament recuperator.<\/p>\n<p>Potrivit colonelului de poli\u021bie, \u00een acea zi au fost deteriorate trei automobile care erau parcate pe strada Bulgar\u0103 din centrul capitalei, fiind stabilit un prejudiciu de circa 30 de mii de lei. Acesta ar putea fi achitat de c\u0103tre organizatorii protestului.<\/p>\n<p>De asemenea, protestatarii au cauzat subdiviziunilor MAI un prejudidiu de circa 8.000 de lei.<\/p>\n<p>P\u00e2n\u0103 \u00een prezent, oamenii legii au audiat 74 de poli\u021bi\u0219ti \u0219i c\u00e2\u021biva martori. T\u00e2n\u0103rul care a fost arestat preventiv de asemenea a fost audiat. Organizatorii protestului \u00eens\u0103 nu s-au prezentat deocamdat\u0103 la organele de drept pentru a oferi explica\u021bii privind cele \u00eent\u00e2mplate.<\/p>\n","protected":false},"excerpt":{"rendered":"<p>Grupele speciale ale Inspectoratului General de Poli\u021bie continu\u0103 ac\u021biunile de urm\u0103rire penal\u0103 pentru stabilirea tuturor circumstan\u021belor \u00een urma protestului din data de 24 aprilie, organizat de Platforma \u201dDemnitate \u0219i Adev\u0103r\u201d. P\u00e2n\u0103 \u00een prezent, au fost audiate 74 de persoane din cadrul Ministerului Afacerilor Interne, dar \u0219i c\u00e2\u021biva martori. Chiar dac\u0103 au trecut deja patru zile [&hellip;]<\/p>\n","protected":false},"author":4,"featured_media":11691,"comment_status":"closed","ping_status":"closed","sticky":false,"template":"","format":"standard","meta":{"footnotes":""},"categories":[6351],"tags":[],"class_list":["post-11690","post","type-post","status-publish","format-standard","has-post-thumbnail","hentry","category-incidente"],"yoast_head":"<!-- This site is optimized with the Yoast SEO plugin v27.4 - https:\/\/yoast.com\/product\/yoast-seo-wordpress\/ -->\n<title>IGP: ORGANIZATORII PROTESTULUI DIN 24 APRILIE NU AU FOST DEOCAMDAT\u0102 AUDIA\u021aI - BTV<\/title>\n<meta name=\"robots\" content=\"index, follow, max-snippet:-1, max-image-preview:large, max-video-preview:-1\" \/>\n<link rel=\"canonical\" href=\"https:\/\/www.btv.md\/ro\/igp-organizatorii-protestului-din-24-aprilie-nu-au-fost-deocamdata-audiati\/\" \/>\n<meta property=\"og:locale\" content=\"ro_RO\" \/>\n<meta property=\"og:type\" content=\"article\" \/>\n<meta property=\"og:title\" content=\"IGP: ORGANIZATORII PROTESTULUI DIN 24 APRILIE NU AU FOST DEOCAMDAT\u0102 AUDIA\u021aI - BTV\" \/>\n<meta property=\"og:description\" content=\"Grupele speciale ale Inspectoratului General de Poli\u021bie continu\u0103 ac\u021biunile de urm\u0103rire penal\u0103 pentru stabilirea tuturor circumstan\u021belor \u00een urma protestului din data de 24 aprilie, organizat de Platforma \u201dDemnitate \u0219i Adev\u0103r\u201d. P\u00e2n\u0103 \u00een prezent, au fost audiate 74 de persoane din cadrul Ministerului Afacerilor Interne, dar \u0219i c\u00e2\u021biva martori. Chiar dac\u0103 au trecut deja patru zile [&hellip;]\" \/>\n<meta property=\"og:url\" content=\"https:\/\/www.btv.md\/ro\/igp-organizatorii-protestului-din-24-aprilie-nu-au-fost-deocamdata-audiati\/\" \/>\n<meta property=\"og:site_name\" content=\"BTV\" \/>\n<meta property=\"article:publisher\" content=\"https:\/\/www.facebook.com\/btvmoldova\/\" \/>\n<meta property=\"article:published_time\" content=\"2016-04-29T08:31:07+00:00\" \/>\n<meta property=\"og:image\" content=\"https:\/\/www.btv.md\/wp-content\/uploads\/2016\/04\/big-protest-presa.jpg\" \/>\n\t<meta property=\"og:image:width\" content=\"460\" \/>\n\t<meta property=\"og:image:height\" content=\"270\" \/>\n\t<meta property=\"og:image:type\" content=\"image\/jpeg\" \/>\n<meta name=\"author\" content=\"admin\" \/>\n<meta name=\"twitter:label1\" content=\"Scris de\" \/>\n\t<meta name=\"twitter:data1\" content=\"admin\" \/>\n\t<meta name=\"twitter:label2\" content=\"Timp estimat pentru citire\" \/>\n\t<meta name=\"twitter:data2\" content=\"1 minut\" \/>\n<script type=\"application\/ld+json\" class=\"yoast-schema-graph\">{\"@context\":\"https:\\\/\\\/schema.org\",\"@graph\":[{\"@type\":\"Article\",\"@id\":\"https:\\\/\\\/www.btv.md\\\/ro\\\/igp-organizatorii-protestului-din-24-aprilie-nu-au-fost-deocamdata-audiati\\\/#article\",\"isPartOf\":{\"@id\":\"https:\\\/\\\/www.btv.md\\\/ro\\\/igp-organizatorii-protestului-din-24-aprilie-nu-au-fost-deocamdata-audiati\\\/\"},\"author\":{\"name\":\"admin\",\"@id\":\"https:\\\/\\\/www.btv.md\\\/#\\\/schema\\\/person\\\/8fadce81561b3ce2c34c46dadc4ccbf2\"},\"headline\":\"IGP: ORGANIZATORII PROTESTULUI DIN 24 APRILIE NU AU FOST DEOCAMDAT\u0102 AUDIA\u021aI\",\"datePublished\":\"2016-04-29T08:31:07+00:00\",\"mainEntityOfPage\":{\"@id\":\"https:\\\/\\\/www.btv.md\\\/ro\\\/igp-organizatorii-protestului-din-24-aprilie-nu-au-fost-deocamdata-audiati\\\/\"},\"wordCount\":284,\"image\":{\"@id\":\"https:\\\/\\\/www.btv.md\\\/ro\\\/igp-organizatorii-protestului-din-24-aprilie-nu-au-fost-deocamdata-audiati\\\/#primaryimage\"},\"thumbnailUrl\":\"https:\\\/\\\/www.btv.md\\\/wp-content\\\/uploads\\\/2016\\\/04\\\/big-protest-presa.jpg\",\"articleSection\":[\"Incidente\"],\"inLanguage\":\"ro-RO\"},{\"@type\":\"WebPage\",\"@id\":\"https:\\\/\\\/www.btv.md\\\/ro\\\/igp-organizatorii-protestului-din-24-aprilie-nu-au-fost-deocamdata-audiati\\\/\",\"url\":\"https:\\\/\\\/www.btv.md\\\/ro\\\/igp-organizatorii-protestului-din-24-aprilie-nu-au-fost-deocamdata-audiati\\\/\",\"name\":\"IGP: ORGANIZATORII PROTESTULUI DIN 24 APRILIE NU AU FOST DEOCAMDAT\u0102 AUDIA\u021aI - BTV\",\"isPartOf\":{\"@id\":\"https:\\\/\\\/www.btv.md\\\/#website\"},\"primaryImageOfPage\":{\"@id\":\"https:\\\/\\\/www.btv.md\\\/ro\\\/igp-organizatorii-protestului-din-24-aprilie-nu-au-fost-deocamdata-audiati\\\/#primaryimage\"},\"image\":{\"@id\":\"https:\\\/\\\/www.btv.md\\\/ro\\\/igp-organizatorii-protestului-din-24-aprilie-nu-au-fost-deocamdata-audiati\\\/#primaryimage\"},\"thumbnailUrl\":\"https:\\\/\\\/www.btv.md\\\/wp-content\\\/uploads\\\/2016\\\/04\\\/big-protest-presa.jpg\",\"datePublished\":\"2016-04-29T08:31:07+00:00\",\"author\":{\"@id\":\"https:\\\/\\\/www.btv.md\\\/#\\\/schema\\\/person\\\/8fadce81561b3ce2c34c46dadc4ccbf2\"},\"inLanguage\":\"ro-RO\",\"potentialAction\":[{\"@type\":\"ReadAction\",\"target\":[\"https:\\\/\\\/www.btv.md\\\/ro\\\/igp-organizatorii-protestului-din-24-aprilie-nu-au-fost-deocamdata-audiati\\\/\"]}]},{\"@type\":\"ImageObject\",\"inLanguage\":\"ro-RO\",\"@id\":\"https:\\\/\\\/www.btv.md\\\/ro\\\/igp-organizatorii-protestului-din-24-aprilie-nu-au-fost-deocamdata-audiati\\\/#primaryimage\",\"url\":\"https:\\\/\\\/www.btv.md\\\/wp-content\\\/uploads\\\/2016\\\/04\\\/big-protest-presa.jpg\",\"contentUrl\":\"https:\\\/\\\/www.btv.md\\\/wp-content\\\/uploads\\\/2016\\\/04\\\/big-protest-presa.jpg\",\"width\":460,\"height\":270,\"caption\":\"jurnal.md\"},{\"@type\":\"WebSite\",\"@id\":\"https:\\\/\\\/www.btv.md\\\/#website\",\"url\":\"https:\\\/\\\/www.btv.md\\\/\",\"name\":\"BTV\",\"description\":\"\u0411\u0435\u043b\u044c\u0446\u043a\u043e\u0435 \u0442\u0435\u043b\u0435\u0432\u0438\u0434\u0435\u043d\u0438\u0435\",\"potentialAction\":[{\"@type\":\"SearchAction\",\"target\":{\"@type\":\"EntryPoint\",\"urlTemplate\":\"https:\\\/\\\/www.btv.md\\\/?s={search_term_string}\"},\"query-input\":{\"@type\":\"PropertyValueSpecification\",\"valueRequired\":true,\"valueName\":\"search_term_string\"}}],\"inLanguage\":\"ro-RO\"},{\"@type\":\"Person\",\"@id\":\"https:\\\/\\\/www.btv.md\\\/#\\\/schema\\\/person\\\/8fadce81561b3ce2c34c46dadc4ccbf2\",\"name\":\"admin\"}]}<\/script>\n<!-- \/ Yoast SEO plugin. -->","yoast_head_json":{"title":"IGP: ORGANIZATORII PROTESTULUI DIN 24 APRILIE NU AU FOST DEOCAMDAT\u0102 AUDIA\u021aI - BTV","robots":{"index":"index","follow":"follow","max-snippet":"max-snippet:-1","max-image-preview":"max-image-preview:large","max-video-preview":"max-video-preview:-1"},"canonical":"https:\/\/www.btv.md\/ro\/igp-organizatorii-protestului-din-24-aprilie-nu-au-fost-deocamdata-audiati\/","og_locale":"ro_RO","og_type":"article","og_title":"IGP: ORGANIZATORII PROTESTULUI DIN 24 APRILIE NU AU FOST DEOCAMDAT\u0102 AUDIA\u021aI - BTV","og_description":"Grupele speciale ale Inspectoratului General de Poli\u021bie continu\u0103 ac\u021biunile de urm\u0103rire penal\u0103 pentru stabilirea tuturor circumstan\u021belor \u00een urma protestului din data de 24 aprilie, organizat de Platforma \u201dDemnitate \u0219i Adev\u0103r\u201d. P\u00e2n\u0103 \u00een prezent, au fost audiate 74 de persoane din cadrul Ministerului Afacerilor Interne, dar \u0219i c\u00e2\u021biva martori. Chiar dac\u0103 au trecut deja patru zile [&hellip;]","og_url":"https:\/\/www.btv.md\/ro\/igp-organizatorii-protestului-din-24-aprilie-nu-au-fost-deocamdata-audiati\/","og_site_name":"BTV","article_publisher":"https:\/\/www.facebook.com\/btvmoldova\/","article_published_time":"2016-04-29T08:31:07+00:00","og_image":[{"width":460,"height":270,"url":"https:\/\/www.btv.md\/wp-content\/uploads\/2016\/04\/big-protest-presa.jpg","type":"image\/jpeg"}],"author":"admin","twitter_misc":{"Scris de":"admin","Timp estimat pentru citire":"1 minut"},"schema":{"@context":"https:\/\/schema.org","@graph":[{"@type":"Article","@id":"https:\/\/www.btv.md\/ro\/igp-organizatorii-protestului-din-24-aprilie-nu-au-fost-deocamdata-audiati\/#article","isPartOf":{"@id":"https:\/\/www.btv.md\/ro\/igp-organizatorii-protestului-din-24-aprilie-nu-au-fost-deocamdata-audiati\/"},"author":{"name":"admin","@id":"https:\/\/www.btv.md\/#\/schema\/person\/8fadce81561b3ce2c34c46dadc4ccbf2"},"headline":"IGP: ORGANIZATORII PROTESTULUI DIN 24 APRILIE NU AU FOST DEOCAMDAT\u0102 AUDIA\u021aI","datePublished":"2016-04-29T08:31:07+00:00","mainEntityOfPage":{"@id":"https:\/\/www.btv.md\/ro\/igp-organizatorii-protestului-din-24-aprilie-nu-au-fost-deocamdata-audiati\/"},"wordCount":284,"image":{"@id":"https:\/\/www.btv.md\/ro\/igp-organizatorii-protestului-din-24-aprilie-nu-au-fost-deocamdata-audiati\/#primaryimage"},"thumbnailUrl":"https:\/\/www.btv.md\/wp-content\/uploads\/2016\/04\/big-protest-presa.jpg","articleSection":["Incidente"],"inLanguage":"ro-RO"},{"@type":"WebPage","@id":"https:\/\/www.btv.md\/ro\/igp-organizatorii-protestului-din-24-aprilie-nu-au-fost-deocamdata-audiati\/","url":"https:\/\/www.btv.md\/ro\/igp-organizatorii-protestului-din-24-aprilie-nu-au-fost-deocamdata-audiati\/","name":"IGP: ORGANIZATORII PROTESTULUI DIN 24 APRILIE NU AU FOST DEOCAMDAT\u0102 AUDIA\u021aI - BTV","isPartOf":{"@id":"https:\/\/www.btv.md\/#website"},"primaryImageOfPage":{"@id":"https:\/\/www.btv.md\/ro\/igp-organizatorii-protestului-din-24-aprilie-nu-au-fost-deocamdata-audiati\/#primaryimage"},"image":{"@id":"https:\/\/www.btv.md\/ro\/igp-organizatorii-protestului-din-24-aprilie-nu-au-fost-deocamdata-audiati\/#primaryimage"},"thumbnailUrl":"https:\/\/www.btv.md\/wp-content\/uploads\/2016\/04\/big-protest-presa.jpg","datePublished":"2016-04-29T08:31:07+00:00","author":{"@id":"https:\/\/www.btv.md\/#\/schema\/person\/8fadce81561b3ce2c34c46dadc4ccbf2"},"inLanguage":"ro-RO","potentialAction":[{"@type":"ReadAction","target":["https:\/\/www.btv.md\/ro\/igp-organizatorii-protestului-din-24-aprilie-nu-au-fost-deocamdata-audiati\/"]}]},{"@type":"ImageObject","inLanguage":"ro-RO","@id":"https:\/\/www.btv.md\/ro\/igp-organizatorii-protestului-din-24-aprilie-nu-au-fost-deocamdata-audiati\/#primaryimage","url":"https:\/\/www.btv.md\/wp-content\/uploads\/2016\/04\/big-protest-presa.jpg","contentUrl":"https:\/\/www.btv.md\/wp-content\/uploads\/2016\/04\/big-protest-presa.jpg","width":460,"height":270,"caption":"jurnal.md"},{"@type":"WebSite","@id":"https:\/\/www.btv.md\/#website","url":"https:\/\/www.btv.md\/","name":"BTV","description":"\u0411\u0435\u043b\u044c\u0446\u043a\u043e\u0435 \u0442\u0435\u043b\u0435\u0432\u0438\u0434\u0435\u043d\u0438\u0435","potentialAction":[{"@type":"SearchAction","target":{"@type":"EntryPoint","urlTemplate":"https:\/\/www.btv.md\/?s={search_term_string}"},"query-input":{"@type":"PropertyValueSpecification","valueRequired":true,"valueName":"search_term_string"}}],"inLanguage":"ro-RO"},{"@type":"Person","@id":"https:\/\/www.btv.md\/#\/schema\/person\/8fadce81561b3ce2c34c46dadc4ccbf2","name":"admin"}]}},"_links":{"self":[{"href":"https:\/\/www.btv.md\/ro\/wp-json\/wp\/v2\/posts\/11690","targetHints":{"allow":["GET"]}}],"collection":[{"href":"https:\/\/www.btv.md\/ro\/wp-json\/wp\/v2\/posts"}],"about":[{"href":"https:\/\/www.btv.md\/ro\/wp-json\/wp\/v2\/types\/post"}],"author":[{"embeddable":true,"href":"https:\/\/www.btv.md\/ro\/wp-json\/wp\/v2\/users\/4"}],"replies":[{"embeddable":true,"href":"https:\/\/www.btv.md\/ro\/wp-json\/wp\/v2\/comments?post=11690"}],"version-history":[{"count":0,"href":"https:\/\/www.btv.md\/ro\/wp-json\/wp\/v2\/posts\/11690\/revisions"}],"wp:featuredmedia":[{"embeddable":true,"href":"https:\/\/www.btv.md\/ro\/wp-json\/wp\/v2\/media\/11691"}],"wp:attachment":[{"href":"https:\/\/www.btv.md\/ro\/wp-json\/wp\/v2\/media?parent=11690"}],"wp:term":[{"taxonomy":"category","embeddable":true,"href":"https:\/\/www.btv.md\/ro\/wp-json\/wp\/v2\/categories?post=11690"},{"taxonomy":"post_tag","embeddable":true,"href":"https:\/\/www.btv.md\/ro\/wp-json\/wp\/v2\/tags?post=11690"}],"curies":[{"name":"wp","href":"https:\/\/api.w.org\/{rel}","templated":true}]}}