{"id":11737,"date":"2016-04-29T16:48:07","date_gmt":"2016-04-29T13:48:07","guid":{"rendered":"http:\/\/btv.md\/?p=11737"},"modified":"2016-04-29T16:48:07","modified_gmt":"2016-04-29T13:48:07","slug":"fundatia-renato-usatii-imparte-daruri-de-pasti","status":"publish","type":"post","link":"https:\/\/www.btv.md\/ro\/fundatia-renato-usatii-imparte-daruri-de-pasti\/","title":{"rendered":"FUNDA\u021aIA  &#8222;RENATO  USAT\u00ceI&#8221;  \u00ceMPARTE  DARURI  DE  PA\u0218TI"},"content":{"rendered":"<p><strong>\u00cen ajunul S\u0103rb\u0103torilor Pascale, funda\u021bia \u201cRenato Usat\u00eei\u201d a lansat din nou campania \u201cCaravana de Pa\u0219ti\u201d, ce vizeaz\u0103 aproape \u0219ase mii de locuitori din \u00eentreaga republic\u0103. Este vorba despre veterani, copii orfani, persoane cu nevoi speciale, b\u0103tr\u00e2ni, dar \u0219i oameni afla\u021bi \u00een dificultate. Ace\u0219tia au primit dulciuri \u0219i tradi\u021bionalul cozonac. <\/strong><\/p>\n<p>Potrivit pre\u0219edintelui funda\u021biei \u201cRenato Usat\u00eei\u201d, Elena Gri\u021bco, \u201cCaravana de Pa\u0219ti\u201d dureaz\u0103 de c\u00e2\u021biva ani \u0219i intr\u0103 \u00een casele a mii de oameni. <\/p>\n<p>\u201e<em>Vreau s\u0103 men\u021bionez c\u0103 aceast\u0103 ac\u021biune de binefacere se desf\u0103\u0219oar\u0103 pe \u00eentreg teritoriul Republicii Moldova. Nu este vorba doar de municipiul B\u0103l\u021bi. Beneficiarii sunt acei oameni care se afl\u0103 \u00een aproximativ 120 de institu\u021bii, fie centre sociale, internate sau azil. \u00cen acest an, de cadouri de Pa\u0219ti vor beneficia circa 6 mii de perosane. Pentru B\u0103l\u021bi avem o cifr\u0103 exact\u0103-1300 de persoane<\/em>\u201d.<\/p>\n<p>B\u0103tr\u00e2nii i-au mul\u021bumit primarului pentru gestul s\u0103u. <\/p>\n<p>\u201e<em>Citesc \u0219i pl\u00e2ng. Mul\u021bumesc mult c\u0103 nu ne uita\u021bi<\/em>\u201d.<\/p>\n<p>\u201e<em>Sunt singur\u0103, nu am pe nimeni. Mul\u021bumesc din suflet! Nu am cuvinte<\/em>\u201d.<\/p>\n<p>Recunosc\u0103toare sunt \u0219i mamele copiilor cu nevoi speciale. Ele spun c\u0103 Renato Usat\u00eei nu uit\u0103 niciodat\u0103 s\u0103-i bucure cu daruri.<\/p>\n<p>\u201e<em>Mul\u021bumesc lui Renato Usat\u00eei c\u0103 nu uit\u0103 de copiii no\u0219tri. Le urez tuturor un Pa\u0219te fericit \u0219i pace Moldovei noastre<\/em>\u201d.<\/p>\n<p>De asemenea, voluntarii  funda\u021biei \u201cRenato Usat\u00eei\u201d  nu au ratat ocazia s\u0103 aduc\u0103 o raz\u0103 de speran\u021b\u0103 \u0219i pacien\u021bilor din cadrul Internatului Psihonerurologic din B\u0103l\u021bi. Persoanele internate \u00een institu\u021bia dat\u0103 au primit peste 500 de cadouri.<\/p>\n<p>Elena Gri\u021bco a \u00eendemnat oamenii s\u0103 nu fie indiferen\u021bi de soarta celor mai tri\u0219ti ca noi \u0219i s\u0103 nu ezite s\u0103 se implice \u00een ac\u021biuni de caritate.<\/p>\n<p>\u201e<em>Vin cu un apel c\u0103tre to\u021bi oamenii cu suflet mare. S\u0103 fie mai activi la toate ac\u021biunile de caritate care se desf\u0103\u0219oar\u0103 \u00een minicipiu \u0219i nu numai. \u00cei \u00eendemn s\u0103 fie mai activi \u0219i s\u0103 acorde ajutor persoanelor nevoia\u0219e nu doar \u00een preajma s\u0103rb\u0103torilor, dar \u0219i pe tot parcursul anului, a\u0219a cum o face Renato Usat\u00eei<\/em>\u201d.<\/p>\n<p>NATALIA  TOCARCIUC<br \/>\nDUMITRU  PELIN<br \/>\nCORNELIU  VIERU<br \/>\nVLADIMIR  TATARCIUC<br \/>\nCHIRA  BATRANAC<\/p>\n<p><iframe width=\"420\" height=\"315\" data-src=\"https:\/\/www.youtube.com\/embed\/s1Avg5jOs0c\" frameborder=\"0\" allowfullscreen src=\"data:image\/svg+xml;base64,PHN2ZyB3aWR0aD0iMSIgaGVpZ2h0PSIxIiB4bWxucz0iaHR0cDovL3d3dy53My5vcmcvMjAwMC9zdmciPjwvc3ZnPg==\" class=\"lazyload\" data-load-mode=\"1\"><\/iframe><\/p>\n","protected":false},"excerpt":{"rendered":"<p>\u00cen ajunul S\u0103rb\u0103torilor Pascale, funda\u021bia \u201cRenato Usat\u00eei\u201d a lansat din nou campania \u201cCaravana de Pa\u0219ti\u201d, ce vizeaz\u0103 aproape \u0219ase mii de locuitori din \u00eentreaga republic\u0103. Este vorba despre veterani, copii orfani, persoane cu nevoi speciale, b\u0103tr\u00e2ni, dar \u0219i oameni afla\u021bi \u00een dificultate. Ace\u0219tia au primit dulciuri \u0219i tradi\u021bionalul cozonac. Potrivit pre\u0219edintelui funda\u021biei \u201cRenato Usat\u00eei\u201d, Elena [&hellip;]<\/p>\n","protected":false},"author":4,"featured_media":11738,"comment_status":"closed","ping_status":"closed","sticky":false,"template":"","format":"standard","meta":{"footnotes":""},"categories":[6353],"tags":[],"class_list":["post-11737","post","type-post","status-publish","format-standard","has-post-thumbnail","hentry","category-oras"],"yoast_head":"<!-- This site is optimized with the Yoast SEO plugin v27.4 - https:\/\/yoast.com\/product\/yoast-seo-wordpress\/ -->\n<title>FUNDA\u021aIA &quot;RENATO USAT\u00ceI&quot; \u00ceMPARTE DARURI DE PA\u0218TI - BTV<\/title>\n<meta name=\"robots\" content=\"index, follow, max-snippet:-1, max-image-preview:large, max-video-preview:-1\" \/>\n<link rel=\"canonical\" href=\"https:\/\/www.btv.md\/ro\/fundatia-renato-usatii-imparte-daruri-de-pasti\/\" \/>\n<meta property=\"og:locale\" content=\"ro_RO\" \/>\n<meta property=\"og:type\" content=\"article\" \/>\n<meta property=\"og:title\" content=\"FUNDA\u021aIA &quot;RENATO USAT\u00ceI&quot; \u00ceMPARTE DARURI DE PA\u0218TI - BTV\" \/>\n<meta property=\"og:description\" content=\"\u00cen ajunul S\u0103rb\u0103torilor Pascale, funda\u021bia \u201cRenato Usat\u00eei\u201d a lansat din nou campania \u201cCaravana de Pa\u0219ti\u201d, ce vizeaz\u0103 aproape \u0219ase mii de locuitori din \u00eentreaga republic\u0103. Este vorba despre veterani, copii orfani, persoane cu nevoi speciale, b\u0103tr\u00e2ni, dar \u0219i oameni afla\u021bi \u00een dificultate. Ace\u0219tia au primit dulciuri \u0219i tradi\u021bionalul cozonac. Potrivit pre\u0219edintelui funda\u021biei \u201cRenato Usat\u00eei\u201d, Elena [&hellip;]\" \/>\n<meta property=\"og:url\" content=\"https:\/\/www.btv.md\/ro\/fundatia-renato-usatii-imparte-daruri-de-pasti\/\" \/>\n<meta property=\"og:site_name\" content=\"BTV\" \/>\n<meta property=\"article:publisher\" content=\"https:\/\/www.facebook.com\/btvmoldova\/\" \/>\n<meta property=\"article:published_time\" content=\"2016-04-29T13:48:07+00:00\" \/>\n<meta property=\"og:image\" content=\"https:\/\/www.btv.md\/wp-content\/uploads\/2016\/04\/usatii.png\" \/>\n\t<meta property=\"og:image:width\" content=\"1017\" \/>\n\t<meta property=\"og:image:height\" content=\"587\" \/>\n\t<meta property=\"og:image:type\" content=\"image\/png\" \/>\n<meta name=\"author\" content=\"admin\" \/>\n<meta name=\"twitter:label1\" content=\"Scris de\" \/>\n\t<meta name=\"twitter:data1\" content=\"admin\" \/>\n\t<meta name=\"twitter:label2\" content=\"Timp estimat pentru citire\" \/>\n\t<meta name=\"twitter:data2\" content=\"2 minute\" \/>\n<script type=\"application\/ld+json\" class=\"yoast-schema-graph\">{\"@context\":\"https:\\\/\\\/schema.org\",\"@graph\":[{\"@type\":\"Article\",\"@id\":\"https:\\\/\\\/www.btv.md\\\/ro\\\/fundatia-renato-usatii-imparte-daruri-de-pasti\\\/#article\",\"isPartOf\":{\"@id\":\"https:\\\/\\\/www.btv.md\\\/ro\\\/fundatia-renato-usatii-imparte-daruri-de-pasti\\\/\"},\"author\":{\"name\":\"admin\",\"@id\":\"https:\\\/\\\/www.btv.md\\\/#\\\/schema\\\/person\\\/8fadce81561b3ce2c34c46dadc4ccbf2\"},\"headline\":\"FUNDA\u021aIA &#8222;RENATO USAT\u00ceI&#8221; \u00ceMPARTE DARURI DE PA\u0218TI\",\"datePublished\":\"2016-04-29T13:48:07+00:00\",\"mainEntityOfPage\":{\"@id\":\"https:\\\/\\\/www.btv.md\\\/ro\\\/fundatia-renato-usatii-imparte-daruri-de-pasti\\\/\"},\"wordCount\":396,\"image\":{\"@id\":\"https:\\\/\\\/www.btv.md\\\/ro\\\/fundatia-renato-usatii-imparte-daruri-de-pasti\\\/#primaryimage\"},\"thumbnailUrl\":\"https:\\\/\\\/www.btv.md\\\/wp-content\\\/uploads\\\/2016\\\/04\\\/usatii.png\",\"articleSection\":[\"Ora\u0219\"],\"inLanguage\":\"ro-RO\"},{\"@type\":\"WebPage\",\"@id\":\"https:\\\/\\\/www.btv.md\\\/ro\\\/fundatia-renato-usatii-imparte-daruri-de-pasti\\\/\",\"url\":\"https:\\\/\\\/www.btv.md\\\/ro\\\/fundatia-renato-usatii-imparte-daruri-de-pasti\\\/\",\"name\":\"FUNDA\u021aIA \\\"RENATO USAT\u00ceI\\\" \u00ceMPARTE DARURI DE PA\u0218TI - BTV\",\"isPartOf\":{\"@id\":\"https:\\\/\\\/www.btv.md\\\/#website\"},\"primaryImageOfPage\":{\"@id\":\"https:\\\/\\\/www.btv.md\\\/ro\\\/fundatia-renato-usatii-imparte-daruri-de-pasti\\\/#primaryimage\"},\"image\":{\"@id\":\"https:\\\/\\\/www.btv.md\\\/ro\\\/fundatia-renato-usatii-imparte-daruri-de-pasti\\\/#primaryimage\"},\"thumbnailUrl\":\"https:\\\/\\\/www.btv.md\\\/wp-content\\\/uploads\\\/2016\\\/04\\\/usatii.png\",\"datePublished\":\"2016-04-29T13:48:07+00:00\",\"author\":{\"@id\":\"https:\\\/\\\/www.btv.md\\\/#\\\/schema\\\/person\\\/8fadce81561b3ce2c34c46dadc4ccbf2\"},\"inLanguage\":\"ro-RO\",\"potentialAction\":[{\"@type\":\"ReadAction\",\"target\":[\"https:\\\/\\\/www.btv.md\\\/ro\\\/fundatia-renato-usatii-imparte-daruri-de-pasti\\\/\"]}]},{\"@type\":\"ImageObject\",\"inLanguage\":\"ro-RO\",\"@id\":\"https:\\\/\\\/www.btv.md\\\/ro\\\/fundatia-renato-usatii-imparte-daruri-de-pasti\\\/#primaryimage\",\"url\":\"https:\\\/\\\/www.btv.md\\\/wp-content\\\/uploads\\\/2016\\\/04\\\/usatii.png\",\"contentUrl\":\"https:\\\/\\\/www.btv.md\\\/wp-content\\\/uploads\\\/2016\\\/04\\\/usatii.png\",\"width\":1017,\"height\":587},{\"@type\":\"WebSite\",\"@id\":\"https:\\\/\\\/www.btv.md\\\/#website\",\"url\":\"https:\\\/\\\/www.btv.md\\\/\",\"name\":\"BTV\",\"description\":\"\u0411\u0435\u043b\u044c\u0446\u043a\u043e\u0435 \u0442\u0435\u043b\u0435\u0432\u0438\u0434\u0435\u043d\u0438\u0435\",\"potentialAction\":[{\"@type\":\"SearchAction\",\"target\":{\"@type\":\"EntryPoint\",\"urlTemplate\":\"https:\\\/\\\/www.btv.md\\\/?s={search_term_string}\"},\"query-input\":{\"@type\":\"PropertyValueSpecification\",\"valueRequired\":true,\"valueName\":\"search_term_string\"}}],\"inLanguage\":\"ro-RO\"},{\"@type\":\"Person\",\"@id\":\"https:\\\/\\\/www.btv.md\\\/#\\\/schema\\\/person\\\/8fadce81561b3ce2c34c46dadc4ccbf2\",\"name\":\"admin\"}]}<\/script>\n<!-- \/ Yoast SEO plugin. -->","yoast_head_json":{"title":"FUNDA\u021aIA \"RENATO USAT\u00ceI\" \u00ceMPARTE DARURI DE PA\u0218TI - BTV","robots":{"index":"index","follow":"follow","max-snippet":"max-snippet:-1","max-image-preview":"max-image-preview:large","max-video-preview":"max-video-preview:-1"},"canonical":"https:\/\/www.btv.md\/ro\/fundatia-renato-usatii-imparte-daruri-de-pasti\/","og_locale":"ro_RO","og_type":"article","og_title":"FUNDA\u021aIA \"RENATO USAT\u00ceI\" \u00ceMPARTE DARURI DE PA\u0218TI - BTV","og_description":"\u00cen ajunul S\u0103rb\u0103torilor Pascale, funda\u021bia \u201cRenato Usat\u00eei\u201d a lansat din nou campania \u201cCaravana de Pa\u0219ti\u201d, ce vizeaz\u0103 aproape \u0219ase mii de locuitori din \u00eentreaga republic\u0103. Este vorba despre veterani, copii orfani, persoane cu nevoi speciale, b\u0103tr\u00e2ni, dar \u0219i oameni afla\u021bi \u00een dificultate. Ace\u0219tia au primit dulciuri \u0219i tradi\u021bionalul cozonac. Potrivit pre\u0219edintelui funda\u021biei \u201cRenato Usat\u00eei\u201d, Elena [&hellip;]","og_url":"https:\/\/www.btv.md\/ro\/fundatia-renato-usatii-imparte-daruri-de-pasti\/","og_site_name":"BTV","article_publisher":"https:\/\/www.facebook.com\/btvmoldova\/","article_published_time":"2016-04-29T13:48:07+00:00","og_image":[{"width":1017,"height":587,"url":"https:\/\/www.btv.md\/wp-content\/uploads\/2016\/04\/usatii.png","type":"image\/png"}],"author":"admin","twitter_misc":{"Scris de":"admin","Timp estimat pentru citire":"2 minute"},"schema":{"@context":"https:\/\/schema.org","@graph":[{"@type":"Article","@id":"https:\/\/www.btv.md\/ro\/fundatia-renato-usatii-imparte-daruri-de-pasti\/#article","isPartOf":{"@id":"https:\/\/www.btv.md\/ro\/fundatia-renato-usatii-imparte-daruri-de-pasti\/"},"author":{"name":"admin","@id":"https:\/\/www.btv.md\/#\/schema\/person\/8fadce81561b3ce2c34c46dadc4ccbf2"},"headline":"FUNDA\u021aIA &#8222;RENATO USAT\u00ceI&#8221; \u00ceMPARTE DARURI DE PA\u0218TI","datePublished":"2016-04-29T13:48:07+00:00","mainEntityOfPage":{"@id":"https:\/\/www.btv.md\/ro\/fundatia-renato-usatii-imparte-daruri-de-pasti\/"},"wordCount":396,"image":{"@id":"https:\/\/www.btv.md\/ro\/fundatia-renato-usatii-imparte-daruri-de-pasti\/#primaryimage"},"thumbnailUrl":"https:\/\/www.btv.md\/wp-content\/uploads\/2016\/04\/usatii.png","articleSection":["Ora\u0219"],"inLanguage":"ro-RO"},{"@type":"WebPage","@id":"https:\/\/www.btv.md\/ro\/fundatia-renato-usatii-imparte-daruri-de-pasti\/","url":"https:\/\/www.btv.md\/ro\/fundatia-renato-usatii-imparte-daruri-de-pasti\/","name":"FUNDA\u021aIA \"RENATO USAT\u00ceI\" \u00ceMPARTE DARURI DE PA\u0218TI - BTV","isPartOf":{"@id":"https:\/\/www.btv.md\/#website"},"primaryImageOfPage":{"@id":"https:\/\/www.btv.md\/ro\/fundatia-renato-usatii-imparte-daruri-de-pasti\/#primaryimage"},"image":{"@id":"https:\/\/www.btv.md\/ro\/fundatia-renato-usatii-imparte-daruri-de-pasti\/#primaryimage"},"thumbnailUrl":"https:\/\/www.btv.md\/wp-content\/uploads\/2016\/04\/usatii.png","datePublished":"2016-04-29T13:48:07+00:00","author":{"@id":"https:\/\/www.btv.md\/#\/schema\/person\/8fadce81561b3ce2c34c46dadc4ccbf2"},"inLanguage":"ro-RO","potentialAction":[{"@type":"ReadAction","target":["https:\/\/www.btv.md\/ro\/fundatia-renato-usatii-imparte-daruri-de-pasti\/"]}]},{"@type":"ImageObject","inLanguage":"ro-RO","@id":"https:\/\/www.btv.md\/ro\/fundatia-renato-usatii-imparte-daruri-de-pasti\/#primaryimage","url":"https:\/\/www.btv.md\/wp-content\/uploads\/2016\/04\/usatii.png","contentUrl":"https:\/\/www.btv.md\/wp-content\/uploads\/2016\/04\/usatii.png","width":1017,"height":587},{"@type":"WebSite","@id":"https:\/\/www.btv.md\/#website","url":"https:\/\/www.btv.md\/","name":"BTV","description":"\u0411\u0435\u043b\u044c\u0446\u043a\u043e\u0435 \u0442\u0435\u043b\u0435\u0432\u0438\u0434\u0435\u043d\u0438\u0435","potentialAction":[{"@type":"SearchAction","target":{"@type":"EntryPoint","urlTemplate":"https:\/\/www.btv.md\/?s={search_term_string}"},"query-input":{"@type":"PropertyValueSpecification","valueRequired":true,"valueName":"search_term_string"}}],"inLanguage":"ro-RO"},{"@type":"Person","@id":"https:\/\/www.btv.md\/#\/schema\/person\/8fadce81561b3ce2c34c46dadc4ccbf2","name":"admin"}]}},"_links":{"self":[{"href":"https:\/\/www.btv.md\/ro\/wp-json\/wp\/v2\/posts\/11737","targetHints":{"allow":["GET"]}}],"collection":[{"href":"https:\/\/www.btv.md\/ro\/wp-json\/wp\/v2\/posts"}],"about":[{"href":"https:\/\/www.btv.md\/ro\/wp-json\/wp\/v2\/types\/post"}],"author":[{"embeddable":true,"href":"https:\/\/www.btv.md\/ro\/wp-json\/wp\/v2\/users\/4"}],"replies":[{"embeddable":true,"href":"https:\/\/www.btv.md\/ro\/wp-json\/wp\/v2\/comments?post=11737"}],"version-history":[{"count":0,"href":"https:\/\/www.btv.md\/ro\/wp-json\/wp\/v2\/posts\/11737\/revisions"}],"wp:featuredmedia":[{"embeddable":true,"href":"https:\/\/www.btv.md\/ro\/wp-json\/wp\/v2\/media\/11738"}],"wp:attachment":[{"href":"https:\/\/www.btv.md\/ro\/wp-json\/wp\/v2\/media?parent=11737"}],"wp:term":[{"taxonomy":"category","embeddable":true,"href":"https:\/\/www.btv.md\/ro\/wp-json\/wp\/v2\/categories?post=11737"},{"taxonomy":"post_tag","embeddable":true,"href":"https:\/\/www.btv.md\/ro\/wp-json\/wp\/v2\/tags?post=11737"}],"curies":[{"name":"wp","href":"https:\/\/api.w.org\/{rel}","templated":true}]}}