{"id":11994,"date":"2016-05-05T12:59:54","date_gmt":"2016-05-05T09:59:54","guid":{"rendered":"http:\/\/btv.md\/?p=11994"},"modified":"2016-05-05T13:00:32","modified_gmt":"2016-05-05T10:00:32","slug":"armata-rusa-va-avea-trei-divizii-noi-la-frontiera-cu-nato","status":"publish","type":"post","link":"https:\/\/www.btv.md\/ro\/armata-rusa-va-avea-trei-divizii-noi-la-frontiera-cu-nato\/","title":{"rendered":"ARMATA RUS\u0102 VA AVEA TREI  DIVIZII NOI LA FRONTIERA CU  NATO"},"content":{"rendered":"<p><strong>Armata rus\u0103 va avea \u00eenc\u0103 trei divizii p\u00e2n\u0103 la sf\u00e2r\u015fitul acestui an, pentru a face fa\u0163\u0103 sporirii prezen\u0163ei militare a NATO \u00een estul Europei, a anun\u0163at miercuri ministrul rus al Ap\u0103r\u0103rii, Serghei \u015eoigu.<\/strong><\/p>\n<p>\u201e<em>Ministerul Ap\u0103r\u0103rii ia numeroase m\u0103suri ca urmare a consolid\u0103rii militare a NATO la frontiera rus\u0103<\/em>\u201c, a declarat Serghei \u015eoigu. \u201e<em>Vom \u00eenfiin\u0163a, p\u00e2n\u0103 la sf\u00e2r\u015fitul acestui an, \u00eenc\u0103 dou\u0103 divizii \u00een Districtul Militar Vest \u015fi \u00eenc\u0103 una \u00een Districtul Militar Sud<\/em>\u201c, a precizat ministrul rus. Potrivit unor informa\u0163ii, cele trei divizii noi vor fi instalate la Rostov-pe-Don, Smolensk \u015fi Voronej \u015fi vor avea c\u00e2te zece mii de militari fiecare. <\/p>\n<p>Din 2014, NATO \u015fi-a suplimentat prezen\u0163a militar\u0103 \u00een Polonia, \u0163\u0103rile baltice \u015fi \u00een alte state situate \u00een apropiere de Rusia. Scopul Alian\u0163ei este de a-\u015fi reasigura alia\u0163ii \u00een fa\u0163a \u201eagresiunii ruse\u201c, o temere evocat\u0103 \u00een special dup\u0103 anexarea Peninsulei Crimeea la Rusia, \u00een martie 2014. Pe de alt\u0103 parte, Serghei \u015eoigu a spus c\u0103 armata rus\u0103 \u015fi-a intensificat antrenamentele.<\/p>\n<p>sursa <a href=\"http:\/\/adevarul.ro\/\" target=\"_blank\">adevarul.ro<\/a><\/p>\n","protected":false},"excerpt":{"rendered":"<p>Armata rus\u0103 va avea \u00eenc\u0103 trei divizii p\u00e2n\u0103 la sf\u00e2r\u015fitul acestui an, pentru a face fa\u0163\u0103 sporirii prezen\u0163ei militare a NATO \u00een estul Europei, a anun\u0163at miercuri ministrul rus al Ap\u0103r\u0103rii, Serghei \u015eoigu. \u201eMinisterul Ap\u0103r\u0103rii ia numeroase m\u0103suri ca urmare a consolid\u0103rii militare a NATO la frontiera rus\u0103\u201c, a declarat Serghei \u015eoigu. \u201eVom \u00eenfiin\u0163a, p\u00e2n\u0103 [&hellip;]<\/p>\n","protected":false},"author":4,"featured_media":11995,"comment_status":"closed","ping_status":"closed","sticky":false,"template":"","format":"standard","meta":{"footnotes":""},"categories":[6354],"tags":[],"class_list":["post-11994","post","type-post","status-publish","format-standard","has-post-thumbnail","hentry","category-externe-ro"],"yoast_head":"<!-- This site is optimized with the Yoast SEO plugin v27.4 - https:\/\/yoast.com\/product\/yoast-seo-wordpress\/ -->\n<title>ARMATA RUS\u0102 VA AVEA TREI DIVIZII NOI LA FRONTIERA CU NATO - BTV<\/title>\n<meta name=\"robots\" content=\"index, follow, max-snippet:-1, max-image-preview:large, max-video-preview:-1\" \/>\n<link rel=\"canonical\" href=\"https:\/\/www.btv.md\/ro\/armata-rusa-va-avea-trei-divizii-noi-la-frontiera-cu-nato\/\" \/>\n<meta property=\"og:locale\" content=\"ro_RO\" \/>\n<meta property=\"og:type\" content=\"article\" \/>\n<meta property=\"og:title\" content=\"ARMATA RUS\u0102 VA AVEA TREI DIVIZII NOI LA FRONTIERA CU NATO - BTV\" \/>\n<meta property=\"og:description\" content=\"Armata rus\u0103 va avea \u00eenc\u0103 trei divizii p\u00e2n\u0103 la sf\u00e2r\u015fitul acestui an, pentru a face fa\u0163\u0103 sporirii prezen\u0163ei militare a NATO \u00een estul Europei, a anun\u0163at miercuri ministrul rus al Ap\u0103r\u0103rii, Serghei \u015eoigu. \u201eMinisterul Ap\u0103r\u0103rii ia numeroase m\u0103suri ca urmare a consolid\u0103rii militare a NATO la frontiera rus\u0103\u201c, a declarat Serghei \u015eoigu. \u201eVom \u00eenfiin\u0163a, p\u00e2n\u0103 [&hellip;]\" \/>\n<meta property=\"og:url\" content=\"https:\/\/www.btv.md\/ro\/armata-rusa-va-avea-trei-divizii-noi-la-frontiera-cu-nato\/\" \/>\n<meta property=\"og:site_name\" content=\"BTV\" \/>\n<meta property=\"article:publisher\" content=\"https:\/\/www.facebook.com\/btvmoldova\/\" \/>\n<meta property=\"article:published_time\" content=\"2016-05-05T09:59:54+00:00\" \/>\n<meta property=\"article:modified_time\" content=\"2016-05-05T10:00:32+00:00\" \/>\n<meta property=\"og:image\" content=\"https:\/\/www.btv.md\/wp-content\/uploads\/2016\/05\/militari-rusi-620x400.jpg\" \/>\n\t<meta property=\"og:image:width\" content=\"620\" \/>\n\t<meta property=\"og:image:height\" content=\"400\" \/>\n\t<meta property=\"og:image:type\" content=\"image\/jpeg\" \/>\n<meta name=\"author\" content=\"admin\" \/>\n<meta name=\"twitter:label1\" content=\"Scris de\" \/>\n\t<meta name=\"twitter:data1\" content=\"admin\" \/>\n\t<meta name=\"twitter:label2\" content=\"Timp estimat pentru citire\" \/>\n\t<meta name=\"twitter:data2\" content=\"1 minut\" \/>\n<script type=\"application\/ld+json\" class=\"yoast-schema-graph\">{\"@context\":\"https:\\\/\\\/schema.org\",\"@graph\":[{\"@type\":\"Article\",\"@id\":\"https:\\\/\\\/www.btv.md\\\/ro\\\/armata-rusa-va-avea-trei-divizii-noi-la-frontiera-cu-nato\\\/#article\",\"isPartOf\":{\"@id\":\"https:\\\/\\\/www.btv.md\\\/ro\\\/armata-rusa-va-avea-trei-divizii-noi-la-frontiera-cu-nato\\\/\"},\"author\":{\"name\":\"admin\",\"@id\":\"https:\\\/\\\/www.btv.md\\\/#\\\/schema\\\/person\\\/8fadce81561b3ce2c34c46dadc4ccbf2\"},\"headline\":\"ARMATA RUS\u0102 VA AVEA TREI DIVIZII NOI LA FRONTIERA CU NATO\",\"datePublished\":\"2016-05-05T09:59:54+00:00\",\"dateModified\":\"2016-05-05T10:00:32+00:00\",\"mainEntityOfPage\":{\"@id\":\"https:\\\/\\\/www.btv.md\\\/ro\\\/armata-rusa-va-avea-trei-divizii-noi-la-frontiera-cu-nato\\\/\"},\"wordCount\":194,\"image\":{\"@id\":\"https:\\\/\\\/www.btv.md\\\/ro\\\/armata-rusa-va-avea-trei-divizii-noi-la-frontiera-cu-nato\\\/#primaryimage\"},\"thumbnailUrl\":\"https:\\\/\\\/www.btv.md\\\/wp-content\\\/uploads\\\/2016\\\/05\\\/militari-rusi-620x400.jpg\",\"articleSection\":[\"Externe\"],\"inLanguage\":\"ro-RO\"},{\"@type\":\"WebPage\",\"@id\":\"https:\\\/\\\/www.btv.md\\\/ro\\\/armata-rusa-va-avea-trei-divizii-noi-la-frontiera-cu-nato\\\/\",\"url\":\"https:\\\/\\\/www.btv.md\\\/ro\\\/armata-rusa-va-avea-trei-divizii-noi-la-frontiera-cu-nato\\\/\",\"name\":\"ARMATA RUS\u0102 VA AVEA TREI DIVIZII NOI LA FRONTIERA CU NATO - BTV\",\"isPartOf\":{\"@id\":\"https:\\\/\\\/www.btv.md\\\/#website\"},\"primaryImageOfPage\":{\"@id\":\"https:\\\/\\\/www.btv.md\\\/ro\\\/armata-rusa-va-avea-trei-divizii-noi-la-frontiera-cu-nato\\\/#primaryimage\"},\"image\":{\"@id\":\"https:\\\/\\\/www.btv.md\\\/ro\\\/armata-rusa-va-avea-trei-divizii-noi-la-frontiera-cu-nato\\\/#primaryimage\"},\"thumbnailUrl\":\"https:\\\/\\\/www.btv.md\\\/wp-content\\\/uploads\\\/2016\\\/05\\\/militari-rusi-620x400.jpg\",\"datePublished\":\"2016-05-05T09:59:54+00:00\",\"dateModified\":\"2016-05-05T10:00:32+00:00\",\"author\":{\"@id\":\"https:\\\/\\\/www.btv.md\\\/#\\\/schema\\\/person\\\/8fadce81561b3ce2c34c46dadc4ccbf2\"},\"inLanguage\":\"ro-RO\",\"potentialAction\":[{\"@type\":\"ReadAction\",\"target\":[\"https:\\\/\\\/www.btv.md\\\/ro\\\/armata-rusa-va-avea-trei-divizii-noi-la-frontiera-cu-nato\\\/\"]}]},{\"@type\":\"ImageObject\",\"inLanguage\":\"ro-RO\",\"@id\":\"https:\\\/\\\/www.btv.md\\\/ro\\\/armata-rusa-va-avea-trei-divizii-noi-la-frontiera-cu-nato\\\/#primaryimage\",\"url\":\"https:\\\/\\\/www.btv.md\\\/wp-content\\\/uploads\\\/2016\\\/05\\\/militari-rusi-620x400.jpg\",\"contentUrl\":\"https:\\\/\\\/www.btv.md\\\/wp-content\\\/uploads\\\/2016\\\/05\\\/militari-rusi-620x400.jpg\",\"width\":620,\"height\":400,\"caption\":\"www.presalibera.net\"},{\"@type\":\"WebSite\",\"@id\":\"https:\\\/\\\/www.btv.md\\\/#website\",\"url\":\"https:\\\/\\\/www.btv.md\\\/\",\"name\":\"BTV\",\"description\":\"\u0411\u0435\u043b\u044c\u0446\u043a\u043e\u0435 \u0442\u0435\u043b\u0435\u0432\u0438\u0434\u0435\u043d\u0438\u0435\",\"potentialAction\":[{\"@type\":\"SearchAction\",\"target\":{\"@type\":\"EntryPoint\",\"urlTemplate\":\"https:\\\/\\\/www.btv.md\\\/?s={search_term_string}\"},\"query-input\":{\"@type\":\"PropertyValueSpecification\",\"valueRequired\":true,\"valueName\":\"search_term_string\"}}],\"inLanguage\":\"ro-RO\"},{\"@type\":\"Person\",\"@id\":\"https:\\\/\\\/www.btv.md\\\/#\\\/schema\\\/person\\\/8fadce81561b3ce2c34c46dadc4ccbf2\",\"name\":\"admin\"}]}<\/script>\n<!-- \/ Yoast SEO plugin. -->","yoast_head_json":{"title":"ARMATA RUS\u0102 VA AVEA TREI DIVIZII NOI LA FRONTIERA CU NATO - BTV","robots":{"index":"index","follow":"follow","max-snippet":"max-snippet:-1","max-image-preview":"max-image-preview:large","max-video-preview":"max-video-preview:-1"},"canonical":"https:\/\/www.btv.md\/ro\/armata-rusa-va-avea-trei-divizii-noi-la-frontiera-cu-nato\/","og_locale":"ro_RO","og_type":"article","og_title":"ARMATA RUS\u0102 VA AVEA TREI DIVIZII NOI LA FRONTIERA CU NATO - BTV","og_description":"Armata rus\u0103 va avea \u00eenc\u0103 trei divizii p\u00e2n\u0103 la sf\u00e2r\u015fitul acestui an, pentru a face fa\u0163\u0103 sporirii prezen\u0163ei militare a NATO \u00een estul Europei, a anun\u0163at miercuri ministrul rus al Ap\u0103r\u0103rii, Serghei \u015eoigu. \u201eMinisterul Ap\u0103r\u0103rii ia numeroase m\u0103suri ca urmare a consolid\u0103rii militare a NATO la frontiera rus\u0103\u201c, a declarat Serghei \u015eoigu. \u201eVom \u00eenfiin\u0163a, p\u00e2n\u0103 [&hellip;]","og_url":"https:\/\/www.btv.md\/ro\/armata-rusa-va-avea-trei-divizii-noi-la-frontiera-cu-nato\/","og_site_name":"BTV","article_publisher":"https:\/\/www.facebook.com\/btvmoldova\/","article_published_time":"2016-05-05T09:59:54+00:00","article_modified_time":"2016-05-05T10:00:32+00:00","og_image":[{"width":620,"height":400,"url":"https:\/\/www.btv.md\/wp-content\/uploads\/2016\/05\/militari-rusi-620x400.jpg","type":"image\/jpeg"}],"author":"admin","twitter_misc":{"Scris de":"admin","Timp estimat pentru citire":"1 minut"},"schema":{"@context":"https:\/\/schema.org","@graph":[{"@type":"Article","@id":"https:\/\/www.btv.md\/ro\/armata-rusa-va-avea-trei-divizii-noi-la-frontiera-cu-nato\/#article","isPartOf":{"@id":"https:\/\/www.btv.md\/ro\/armata-rusa-va-avea-trei-divizii-noi-la-frontiera-cu-nato\/"},"author":{"name":"admin","@id":"https:\/\/www.btv.md\/#\/schema\/person\/8fadce81561b3ce2c34c46dadc4ccbf2"},"headline":"ARMATA RUS\u0102 VA AVEA TREI DIVIZII NOI LA FRONTIERA CU NATO","datePublished":"2016-05-05T09:59:54+00:00","dateModified":"2016-05-05T10:00:32+00:00","mainEntityOfPage":{"@id":"https:\/\/www.btv.md\/ro\/armata-rusa-va-avea-trei-divizii-noi-la-frontiera-cu-nato\/"},"wordCount":194,"image":{"@id":"https:\/\/www.btv.md\/ro\/armata-rusa-va-avea-trei-divizii-noi-la-frontiera-cu-nato\/#primaryimage"},"thumbnailUrl":"https:\/\/www.btv.md\/wp-content\/uploads\/2016\/05\/militari-rusi-620x400.jpg","articleSection":["Externe"],"inLanguage":"ro-RO"},{"@type":"WebPage","@id":"https:\/\/www.btv.md\/ro\/armata-rusa-va-avea-trei-divizii-noi-la-frontiera-cu-nato\/","url":"https:\/\/www.btv.md\/ro\/armata-rusa-va-avea-trei-divizii-noi-la-frontiera-cu-nato\/","name":"ARMATA RUS\u0102 VA AVEA TREI DIVIZII NOI LA FRONTIERA CU NATO - BTV","isPartOf":{"@id":"https:\/\/www.btv.md\/#website"},"primaryImageOfPage":{"@id":"https:\/\/www.btv.md\/ro\/armata-rusa-va-avea-trei-divizii-noi-la-frontiera-cu-nato\/#primaryimage"},"image":{"@id":"https:\/\/www.btv.md\/ro\/armata-rusa-va-avea-trei-divizii-noi-la-frontiera-cu-nato\/#primaryimage"},"thumbnailUrl":"https:\/\/www.btv.md\/wp-content\/uploads\/2016\/05\/militari-rusi-620x400.jpg","datePublished":"2016-05-05T09:59:54+00:00","dateModified":"2016-05-05T10:00:32+00:00","author":{"@id":"https:\/\/www.btv.md\/#\/schema\/person\/8fadce81561b3ce2c34c46dadc4ccbf2"},"inLanguage":"ro-RO","potentialAction":[{"@type":"ReadAction","target":["https:\/\/www.btv.md\/ro\/armata-rusa-va-avea-trei-divizii-noi-la-frontiera-cu-nato\/"]}]},{"@type":"ImageObject","inLanguage":"ro-RO","@id":"https:\/\/www.btv.md\/ro\/armata-rusa-va-avea-trei-divizii-noi-la-frontiera-cu-nato\/#primaryimage","url":"https:\/\/www.btv.md\/wp-content\/uploads\/2016\/05\/militari-rusi-620x400.jpg","contentUrl":"https:\/\/www.btv.md\/wp-content\/uploads\/2016\/05\/militari-rusi-620x400.jpg","width":620,"height":400,"caption":"www.presalibera.net"},{"@type":"WebSite","@id":"https:\/\/www.btv.md\/#website","url":"https:\/\/www.btv.md\/","name":"BTV","description":"\u0411\u0435\u043b\u044c\u0446\u043a\u043e\u0435 \u0442\u0435\u043b\u0435\u0432\u0438\u0434\u0435\u043d\u0438\u0435","potentialAction":[{"@type":"SearchAction","target":{"@type":"EntryPoint","urlTemplate":"https:\/\/www.btv.md\/?s={search_term_string}"},"query-input":{"@type":"PropertyValueSpecification","valueRequired":true,"valueName":"search_term_string"}}],"inLanguage":"ro-RO"},{"@type":"Person","@id":"https:\/\/www.btv.md\/#\/schema\/person\/8fadce81561b3ce2c34c46dadc4ccbf2","name":"admin"}]}},"_links":{"self":[{"href":"https:\/\/www.btv.md\/ro\/wp-json\/wp\/v2\/posts\/11994","targetHints":{"allow":["GET"]}}],"collection":[{"href":"https:\/\/www.btv.md\/ro\/wp-json\/wp\/v2\/posts"}],"about":[{"href":"https:\/\/www.btv.md\/ro\/wp-json\/wp\/v2\/types\/post"}],"author":[{"embeddable":true,"href":"https:\/\/www.btv.md\/ro\/wp-json\/wp\/v2\/users\/4"}],"replies":[{"embeddable":true,"href":"https:\/\/www.btv.md\/ro\/wp-json\/wp\/v2\/comments?post=11994"}],"version-history":[{"count":0,"href":"https:\/\/www.btv.md\/ro\/wp-json\/wp\/v2\/posts\/11994\/revisions"}],"wp:featuredmedia":[{"embeddable":true,"href":"https:\/\/www.btv.md\/ro\/wp-json\/wp\/v2\/media\/11995"}],"wp:attachment":[{"href":"https:\/\/www.btv.md\/ro\/wp-json\/wp\/v2\/media?parent=11994"}],"wp:term":[{"taxonomy":"category","embeddable":true,"href":"https:\/\/www.btv.md\/ro\/wp-json\/wp\/v2\/categories?post=11994"},{"taxonomy":"post_tag","embeddable":true,"href":"https:\/\/www.btv.md\/ro\/wp-json\/wp\/v2\/tags?post=11994"}],"curies":[{"name":"wp","href":"https:\/\/api.w.org\/{rel}","templated":true}]}}