{"id":12023,"date":"2016-05-05T13:27:00","date_gmt":"2016-05-05T10:27:00","guid":{"rendered":"http:\/\/btv.md\/?p=12023"},"modified":"2016-05-05T13:27:00","modified_gmt":"2016-05-05T10:27:00","slug":"inca-un-moldovean-retinut-pentru-activitatea-de-mercenar","status":"publish","type":"post","link":"https:\/\/www.btv.md\/ro\/inca-un-moldovean-retinut-pentru-activitatea-de-mercenar\/","title":{"rendered":"\u00ceNC\u0102  UN  MOLDOVEAN, RE\u021aINUT  PENTRU  ACTIVITATEA  DE  MERCENAR"},"content":{"rendered":"<p><strong>\u00cenc\u0103 un moldovean a fost re\u021binut, fiind b\u0103nuit de implicare \u00een activitate de mercenar. Potrivit Procuraturii, \u00een ianuarie 2014, b\u0103nuitul s-a \u00eenrolat \u00eentr-o forma\u0163iune armat\u0103 a autoproclamatei republici populare Lugansk, particip\u00e2nd \u00een calitate de osta\u015f la conflictul militar din sud-estul Ucrainei. \u00cen afar\u0103 de aceasta, ultimul a asigurat mercenarii cu produse alimentare \u015fi bani, scrie <a href=\"http:\/\/www.realitatea.md\/inca-un-moldovean-retinut-pentru-activitate-de-mercenar-a-luptat-alaturi-de-separati-tii-din-lugansk-in-estul-ucrainei_38682.html\" target=\"_blank\">realitatea.md<\/a>.<\/strong><\/p>\n<p>Fiind audiat de procurori acesta \u015fi-a recunoscut par\u0163ial vina.<\/p>\n<p>B\u0103nuitul are 40 de ani \u015fi a fost re\u0163inut \u00een ora\u015ful Cimi\u015flia, dup\u0103 ce a \u00eencercat s\u0103 \u00eenroleze un alt cona\u0163ional \u00eentr-o forma\u0163iune armat\u0103 a autoproclamatei republici populare Lugansk.<\/p>\n<p>P\u00e2n\u0103 \u00een prezent, 9 persoane au fost deferite justi\u0163iei pentru ac\u0163iuni similare, dintre care 5 au fost condamnate, iar 3 persoane continu\u0103 s\u0103 fie cercetate penal.<\/p>\n<p>Procurorii sus\u0163in c\u0103 de\u015fi activitatea mercenarilor este un fenomen relativ nou pentru Republica Moldova, acest fenomen este extrem de periculos pentru integritatea teritorial\u0103 at\u00eet a Ucrainei, c\u00eet \u015fi pentru securitatea na\u0163ional\u0103 a Republicii Moldova. <\/p>\n","protected":false},"excerpt":{"rendered":"<p>\u00cenc\u0103 un moldovean a fost re\u021binut, fiind b\u0103nuit de implicare \u00een activitate de mercenar. Potrivit Procuraturii, \u00een ianuarie 2014, b\u0103nuitul s-a \u00eenrolat \u00eentr-o forma\u0163iune armat\u0103 a autoproclamatei republici populare Lugansk, particip\u00e2nd \u00een calitate de osta\u015f la conflictul militar din sud-estul Ucrainei. \u00cen afar\u0103 de aceasta, ultimul a asigurat mercenarii cu produse alimentare \u015fi bani, scrie [&hellip;]<\/p>\n","protected":false},"author":4,"featured_media":12024,"comment_status":"closed","ping_status":"closed","sticky":false,"template":"","format":"standard","meta":{"footnotes":""},"categories":[6351],"tags":[],"class_list":["post-12023","post","type-post","status-publish","format-standard","has-post-thumbnail","hentry","category-incidente"],"yoast_head":"<!-- This site is optimized with the Yoast SEO plugin v27.4 - https:\/\/yoast.com\/product\/yoast-seo-wordpress\/ -->\n<title>\u00ceNC\u0102 UN MOLDOVEAN, RE\u021aINUT PENTRU ACTIVITATEA DE MERCENAR - BTV<\/title>\n<meta name=\"robots\" content=\"index, follow, max-snippet:-1, max-image-preview:large, max-video-preview:-1\" \/>\n<link rel=\"canonical\" href=\"https:\/\/www.btv.md\/ro\/inca-un-moldovean-retinut-pentru-activitatea-de-mercenar\/\" \/>\n<meta property=\"og:locale\" content=\"ro_RO\" \/>\n<meta property=\"og:type\" content=\"article\" \/>\n<meta property=\"og:title\" content=\"\u00ceNC\u0102 UN MOLDOVEAN, RE\u021aINUT PENTRU ACTIVITATEA DE MERCENAR - BTV\" \/>\n<meta property=\"og:description\" content=\"\u00cenc\u0103 un moldovean a fost re\u021binut, fiind b\u0103nuit de implicare \u00een activitate de mercenar. Potrivit Procuraturii, \u00een ianuarie 2014, b\u0103nuitul s-a \u00eenrolat \u00eentr-o forma\u0163iune armat\u0103 a autoproclamatei republici populare Lugansk, particip\u00e2nd \u00een calitate de osta\u015f la conflictul militar din sud-estul Ucrainei. \u00cen afar\u0103 de aceasta, ultimul a asigurat mercenarii cu produse alimentare \u015fi bani, scrie [&hellip;]\" \/>\n<meta property=\"og:url\" content=\"https:\/\/www.btv.md\/ro\/inca-un-moldovean-retinut-pentru-activitatea-de-mercenar\/\" \/>\n<meta property=\"og:site_name\" content=\"BTV\" \/>\n<meta property=\"article:publisher\" content=\"https:\/\/www.facebook.com\/btvmoldova\/\" \/>\n<meta property=\"article:published_time\" content=\"2016-05-05T10:27:00+00:00\" \/>\n<meta property=\"og:image\" content=\"https:\/\/www.btv.md\/wp-content\/uploads\/2016\/05\/Inca-un-moldovean-a-fost-retinut-pentru-activitatea-de-mercenar-a-participat-la-conflictul-din-sud-estul-ucrainei-1462429651.png\" \/>\n\t<meta property=\"og:image:width\" content=\"700\" \/>\n\t<meta property=\"og:image:height\" content=\"470\" \/>\n\t<meta property=\"og:image:type\" content=\"image\/png\" \/>\n<meta name=\"author\" content=\"admin\" \/>\n<meta name=\"twitter:label1\" content=\"Scris de\" \/>\n\t<meta name=\"twitter:data1\" content=\"admin\" \/>\n\t<meta name=\"twitter:label2\" content=\"Timp estimat pentru citire\" \/>\n\t<meta name=\"twitter:data2\" content=\"1 minut\" \/>\n<script type=\"application\/ld+json\" class=\"yoast-schema-graph\">{\"@context\":\"https:\\\/\\\/schema.org\",\"@graph\":[{\"@type\":\"Article\",\"@id\":\"https:\\\/\\\/www.btv.md\\\/ro\\\/inca-un-moldovean-retinut-pentru-activitatea-de-mercenar\\\/#article\",\"isPartOf\":{\"@id\":\"https:\\\/\\\/www.btv.md\\\/ro\\\/inca-un-moldovean-retinut-pentru-activitatea-de-mercenar\\\/\"},\"author\":{\"name\":\"admin\",\"@id\":\"https:\\\/\\\/www.btv.md\\\/#\\\/schema\\\/person\\\/8fadce81561b3ce2c34c46dadc4ccbf2\"},\"headline\":\"\u00ceNC\u0102 UN MOLDOVEAN, RE\u021aINUT PENTRU ACTIVITATEA DE MERCENAR\",\"datePublished\":\"2016-05-05T10:27:00+00:00\",\"mainEntityOfPage\":{\"@id\":\"https:\\\/\\\/www.btv.md\\\/ro\\\/inca-un-moldovean-retinut-pentru-activitatea-de-mercenar\\\/\"},\"wordCount\":179,\"image\":{\"@id\":\"https:\\\/\\\/www.btv.md\\\/ro\\\/inca-un-moldovean-retinut-pentru-activitatea-de-mercenar\\\/#primaryimage\"},\"thumbnailUrl\":\"https:\\\/\\\/www.btv.md\\\/wp-content\\\/uploads\\\/2016\\\/05\\\/Inca-un-moldovean-a-fost-retinut-pentru-activitatea-de-mercenar-a-participat-la-conflictul-din-sud-estul-ucrainei-1462429651.png\",\"articleSection\":[\"Incidente\"],\"inLanguage\":\"ro-RO\"},{\"@type\":\"WebPage\",\"@id\":\"https:\\\/\\\/www.btv.md\\\/ro\\\/inca-un-moldovean-retinut-pentru-activitatea-de-mercenar\\\/\",\"url\":\"https:\\\/\\\/www.btv.md\\\/ro\\\/inca-un-moldovean-retinut-pentru-activitatea-de-mercenar\\\/\",\"name\":\"\u00ceNC\u0102 UN MOLDOVEAN, RE\u021aINUT PENTRU ACTIVITATEA DE MERCENAR - BTV\",\"isPartOf\":{\"@id\":\"https:\\\/\\\/www.btv.md\\\/#website\"},\"primaryImageOfPage\":{\"@id\":\"https:\\\/\\\/www.btv.md\\\/ro\\\/inca-un-moldovean-retinut-pentru-activitatea-de-mercenar\\\/#primaryimage\"},\"image\":{\"@id\":\"https:\\\/\\\/www.btv.md\\\/ro\\\/inca-un-moldovean-retinut-pentru-activitatea-de-mercenar\\\/#primaryimage\"},\"thumbnailUrl\":\"https:\\\/\\\/www.btv.md\\\/wp-content\\\/uploads\\\/2016\\\/05\\\/Inca-un-moldovean-a-fost-retinut-pentru-activitatea-de-mercenar-a-participat-la-conflictul-din-sud-estul-ucrainei-1462429651.png\",\"datePublished\":\"2016-05-05T10:27:00+00:00\",\"author\":{\"@id\":\"https:\\\/\\\/www.btv.md\\\/#\\\/schema\\\/person\\\/8fadce81561b3ce2c34c46dadc4ccbf2\"},\"inLanguage\":\"ro-RO\",\"potentialAction\":[{\"@type\":\"ReadAction\",\"target\":[\"https:\\\/\\\/www.btv.md\\\/ro\\\/inca-un-moldovean-retinut-pentru-activitatea-de-mercenar\\\/\"]}]},{\"@type\":\"ImageObject\",\"inLanguage\":\"ro-RO\",\"@id\":\"https:\\\/\\\/www.btv.md\\\/ro\\\/inca-un-moldovean-retinut-pentru-activitatea-de-mercenar\\\/#primaryimage\",\"url\":\"https:\\\/\\\/www.btv.md\\\/wp-content\\\/uploads\\\/2016\\\/05\\\/Inca-un-moldovean-a-fost-retinut-pentru-activitatea-de-mercenar-a-participat-la-conflictul-din-sud-estul-ucrainei-1462429651.png\",\"contentUrl\":\"https:\\\/\\\/www.btv.md\\\/wp-content\\\/uploads\\\/2016\\\/05\\\/Inca-un-moldovean-a-fost-retinut-pentru-activitatea-de-mercenar-a-participat-la-conflictul-din-sud-estul-ucrainei-1462429651.png\",\"width\":700,\"height\":470,\"caption\":\"unimedia.info\"},{\"@type\":\"WebSite\",\"@id\":\"https:\\\/\\\/www.btv.md\\\/#website\",\"url\":\"https:\\\/\\\/www.btv.md\\\/\",\"name\":\"BTV\",\"description\":\"\u0411\u0435\u043b\u044c\u0446\u043a\u043e\u0435 \u0442\u0435\u043b\u0435\u0432\u0438\u0434\u0435\u043d\u0438\u0435\",\"potentialAction\":[{\"@type\":\"SearchAction\",\"target\":{\"@type\":\"EntryPoint\",\"urlTemplate\":\"https:\\\/\\\/www.btv.md\\\/?s={search_term_string}\"},\"query-input\":{\"@type\":\"PropertyValueSpecification\",\"valueRequired\":true,\"valueName\":\"search_term_string\"}}],\"inLanguage\":\"ro-RO\"},{\"@type\":\"Person\",\"@id\":\"https:\\\/\\\/www.btv.md\\\/#\\\/schema\\\/person\\\/8fadce81561b3ce2c34c46dadc4ccbf2\",\"name\":\"admin\"}]}<\/script>\n<!-- \/ Yoast SEO plugin. -->","yoast_head_json":{"title":"\u00ceNC\u0102 UN MOLDOVEAN, RE\u021aINUT PENTRU ACTIVITATEA DE MERCENAR - BTV","robots":{"index":"index","follow":"follow","max-snippet":"max-snippet:-1","max-image-preview":"max-image-preview:large","max-video-preview":"max-video-preview:-1"},"canonical":"https:\/\/www.btv.md\/ro\/inca-un-moldovean-retinut-pentru-activitatea-de-mercenar\/","og_locale":"ro_RO","og_type":"article","og_title":"\u00ceNC\u0102 UN MOLDOVEAN, RE\u021aINUT PENTRU ACTIVITATEA DE MERCENAR - BTV","og_description":"\u00cenc\u0103 un moldovean a fost re\u021binut, fiind b\u0103nuit de implicare \u00een activitate de mercenar. Potrivit Procuraturii, \u00een ianuarie 2014, b\u0103nuitul s-a \u00eenrolat \u00eentr-o forma\u0163iune armat\u0103 a autoproclamatei republici populare Lugansk, particip\u00e2nd \u00een calitate de osta\u015f la conflictul militar din sud-estul Ucrainei. \u00cen afar\u0103 de aceasta, ultimul a asigurat mercenarii cu produse alimentare \u015fi bani, scrie [&hellip;]","og_url":"https:\/\/www.btv.md\/ro\/inca-un-moldovean-retinut-pentru-activitatea-de-mercenar\/","og_site_name":"BTV","article_publisher":"https:\/\/www.facebook.com\/btvmoldova\/","article_published_time":"2016-05-05T10:27:00+00:00","og_image":[{"width":700,"height":470,"url":"https:\/\/www.btv.md\/wp-content\/uploads\/2016\/05\/Inca-un-moldovean-a-fost-retinut-pentru-activitatea-de-mercenar-a-participat-la-conflictul-din-sud-estul-ucrainei-1462429651.png","type":"image\/png"}],"author":"admin","twitter_misc":{"Scris de":"admin","Timp estimat pentru citire":"1 minut"},"schema":{"@context":"https:\/\/schema.org","@graph":[{"@type":"Article","@id":"https:\/\/www.btv.md\/ro\/inca-un-moldovean-retinut-pentru-activitatea-de-mercenar\/#article","isPartOf":{"@id":"https:\/\/www.btv.md\/ro\/inca-un-moldovean-retinut-pentru-activitatea-de-mercenar\/"},"author":{"name":"admin","@id":"https:\/\/www.btv.md\/#\/schema\/person\/8fadce81561b3ce2c34c46dadc4ccbf2"},"headline":"\u00ceNC\u0102 UN MOLDOVEAN, RE\u021aINUT PENTRU ACTIVITATEA DE MERCENAR","datePublished":"2016-05-05T10:27:00+00:00","mainEntityOfPage":{"@id":"https:\/\/www.btv.md\/ro\/inca-un-moldovean-retinut-pentru-activitatea-de-mercenar\/"},"wordCount":179,"image":{"@id":"https:\/\/www.btv.md\/ro\/inca-un-moldovean-retinut-pentru-activitatea-de-mercenar\/#primaryimage"},"thumbnailUrl":"https:\/\/www.btv.md\/wp-content\/uploads\/2016\/05\/Inca-un-moldovean-a-fost-retinut-pentru-activitatea-de-mercenar-a-participat-la-conflictul-din-sud-estul-ucrainei-1462429651.png","articleSection":["Incidente"],"inLanguage":"ro-RO"},{"@type":"WebPage","@id":"https:\/\/www.btv.md\/ro\/inca-un-moldovean-retinut-pentru-activitatea-de-mercenar\/","url":"https:\/\/www.btv.md\/ro\/inca-un-moldovean-retinut-pentru-activitatea-de-mercenar\/","name":"\u00ceNC\u0102 UN MOLDOVEAN, RE\u021aINUT PENTRU ACTIVITATEA DE MERCENAR - BTV","isPartOf":{"@id":"https:\/\/www.btv.md\/#website"},"primaryImageOfPage":{"@id":"https:\/\/www.btv.md\/ro\/inca-un-moldovean-retinut-pentru-activitatea-de-mercenar\/#primaryimage"},"image":{"@id":"https:\/\/www.btv.md\/ro\/inca-un-moldovean-retinut-pentru-activitatea-de-mercenar\/#primaryimage"},"thumbnailUrl":"https:\/\/www.btv.md\/wp-content\/uploads\/2016\/05\/Inca-un-moldovean-a-fost-retinut-pentru-activitatea-de-mercenar-a-participat-la-conflictul-din-sud-estul-ucrainei-1462429651.png","datePublished":"2016-05-05T10:27:00+00:00","author":{"@id":"https:\/\/www.btv.md\/#\/schema\/person\/8fadce81561b3ce2c34c46dadc4ccbf2"},"inLanguage":"ro-RO","potentialAction":[{"@type":"ReadAction","target":["https:\/\/www.btv.md\/ro\/inca-un-moldovean-retinut-pentru-activitatea-de-mercenar\/"]}]},{"@type":"ImageObject","inLanguage":"ro-RO","@id":"https:\/\/www.btv.md\/ro\/inca-un-moldovean-retinut-pentru-activitatea-de-mercenar\/#primaryimage","url":"https:\/\/www.btv.md\/wp-content\/uploads\/2016\/05\/Inca-un-moldovean-a-fost-retinut-pentru-activitatea-de-mercenar-a-participat-la-conflictul-din-sud-estul-ucrainei-1462429651.png","contentUrl":"https:\/\/www.btv.md\/wp-content\/uploads\/2016\/05\/Inca-un-moldovean-a-fost-retinut-pentru-activitatea-de-mercenar-a-participat-la-conflictul-din-sud-estul-ucrainei-1462429651.png","width":700,"height":470,"caption":"unimedia.info"},{"@type":"WebSite","@id":"https:\/\/www.btv.md\/#website","url":"https:\/\/www.btv.md\/","name":"BTV","description":"\u0411\u0435\u043b\u044c\u0446\u043a\u043e\u0435 \u0442\u0435\u043b\u0435\u0432\u0438\u0434\u0435\u043d\u0438\u0435","potentialAction":[{"@type":"SearchAction","target":{"@type":"EntryPoint","urlTemplate":"https:\/\/www.btv.md\/?s={search_term_string}"},"query-input":{"@type":"PropertyValueSpecification","valueRequired":true,"valueName":"search_term_string"}}],"inLanguage":"ro-RO"},{"@type":"Person","@id":"https:\/\/www.btv.md\/#\/schema\/person\/8fadce81561b3ce2c34c46dadc4ccbf2","name":"admin"}]}},"_links":{"self":[{"href":"https:\/\/www.btv.md\/ro\/wp-json\/wp\/v2\/posts\/12023","targetHints":{"allow":["GET"]}}],"collection":[{"href":"https:\/\/www.btv.md\/ro\/wp-json\/wp\/v2\/posts"}],"about":[{"href":"https:\/\/www.btv.md\/ro\/wp-json\/wp\/v2\/types\/post"}],"author":[{"embeddable":true,"href":"https:\/\/www.btv.md\/ro\/wp-json\/wp\/v2\/users\/4"}],"replies":[{"embeddable":true,"href":"https:\/\/www.btv.md\/ro\/wp-json\/wp\/v2\/comments?post=12023"}],"version-history":[{"count":0,"href":"https:\/\/www.btv.md\/ro\/wp-json\/wp\/v2\/posts\/12023\/revisions"}],"wp:featuredmedia":[{"embeddable":true,"href":"https:\/\/www.btv.md\/ro\/wp-json\/wp\/v2\/media\/12024"}],"wp:attachment":[{"href":"https:\/\/www.btv.md\/ro\/wp-json\/wp\/v2\/media?parent=12023"}],"wp:term":[{"taxonomy":"category","embeddable":true,"href":"https:\/\/www.btv.md\/ro\/wp-json\/wp\/v2\/categories?post=12023"},{"taxonomy":"post_tag","embeddable":true,"href":"https:\/\/www.btv.md\/ro\/wp-json\/wp\/v2\/tags?post=12023"}],"curies":[{"name":"wp","href":"https:\/\/api.w.org\/{rel}","templated":true}]}}