{"id":12026,"date":"2016-05-05T13:30:21","date_gmt":"2016-05-05T10:30:21","guid":{"rendered":"http:\/\/btv.md\/?p=12026"},"modified":"2016-05-05T13:30:21","modified_gmt":"2016-05-05T10:30:21","slug":"cna-va-fi-lichidat-ce-spune-ministrul-justitiei-vladimir-cebotari","status":"publish","type":"post","link":"https:\/\/www.btv.md\/ro\/cna-va-fi-lichidat-ce-spune-ministrul-justitiei-vladimir-cebotari\/","title":{"rendered":"CNA  VA FI  LICHIDAT?  CE  SPUNE  MINISTRUL  JUSTI\u021aIEI, VLADIMIR  CEBOTARI"},"content":{"rendered":"<p><strong>Ministrul Justi\u021biei, Vladimir Cebotari  sus\u021bine c\u0103, institu\u021biile de drept vor evalua \u00een comun necesitatea continu\u0103rii activit\u0103\u021bii Centrului Na\u021bional Anticorup\u021bie.<\/strong><\/p>\n<p>Dup\u0103 cum transmite <a href=\"http:\/\/tribuna.md\/2016\/05\/03\/cna-va-fi-lichidat-ce-spune-ministrul-justitiei-vladimir-cebotari\/\" target=\"_blank\">tribuna.md<\/a>, \u00een interviul acordat pentru www.bizlaw.md, Cebotari a fost \u00eentrebat dac\u0103,  \u00een viitorul apropiat, ne putem a\u0219tepta la o eventual\u0103 lichidare a CNA-ului. Ministrul nu a negat informa\u021bia.<\/p>\n<p>\u201c<em>Reformele trebuie f\u0103cute cu o evaluare atent\u0103 a impactului. Urmeaz\u0103 s\u0103 reg\u00e2ndim locul \u0219i rolul CNA. R\u0103spunsul va veni \u00een urma lucrului comun al institu\u021biilor de drept. \u00cempreun\u0103 vom discuta, vom dezbate \u0219i vom lua deciziile<\/em>\u201d, a precizat ministrul.<\/p>\n<p>\u00centrebat c\u00eet de independent e \u00een ac\u021biuni, av\u00eend \u00een vedere c\u0103 a fost promovat \u00een fucn\u021bie de Partidul Democrat, Cebotari a spus c\u0103, \u201c<em>sunt foarte independent \u00een orice activitate profesional\u0103 a mea. Nu sunt independent doar fa\u021b\u0103 de programul de guvernare, reformele din sistem, cadrul normativ existent, interesele societ\u0103\u021bii \u0219i ale acestei \u021b\u0103ri<\/em>\u201d.<\/p>\n","protected":false},"excerpt":{"rendered":"<p>Ministrul Justi\u021biei, Vladimir Cebotari sus\u021bine c\u0103, institu\u021biile de drept vor evalua \u00een comun necesitatea continu\u0103rii activit\u0103\u021bii Centrului Na\u021bional Anticorup\u021bie. Dup\u0103 cum transmite tribuna.md, \u00een interviul acordat pentru www.bizlaw.md, Cebotari a fost \u00eentrebat dac\u0103, \u00een viitorul apropiat, ne putem a\u0219tepta la o eventual\u0103 lichidare a CNA-ului. Ministrul nu a negat informa\u021bia. \u201cReformele trebuie f\u0103cute cu o [&hellip;]<\/p>\n","protected":false},"author":4,"featured_media":12027,"comment_status":"closed","ping_status":"closed","sticky":false,"template":"","format":"standard","meta":{"footnotes":""},"categories":[6349],"tags":[],"class_list":["post-12026","post","type-post","status-publish","format-standard","has-post-thumbnail","hentry","category-social"],"yoast_head":"<!-- This site is optimized with the Yoast SEO plugin v27.4 - https:\/\/yoast.com\/product\/yoast-seo-wordpress\/ -->\n<title>CNA VA FI LICHIDAT? CE SPUNE MINISTRUL JUSTI\u021aIEI, VLADIMIR CEBOTARI - BTV<\/title>\n<meta name=\"robots\" content=\"index, follow, max-snippet:-1, max-image-preview:large, max-video-preview:-1\" \/>\n<link rel=\"canonical\" href=\"https:\/\/www.btv.md\/ro\/cna-va-fi-lichidat-ce-spune-ministrul-justitiei-vladimir-cebotari\/\" \/>\n<meta property=\"og:locale\" content=\"ro_RO\" \/>\n<meta property=\"og:type\" content=\"article\" \/>\n<meta property=\"og:title\" content=\"CNA VA FI LICHIDAT? CE SPUNE MINISTRUL JUSTI\u021aIEI, VLADIMIR CEBOTARI - BTV\" \/>\n<meta property=\"og:description\" content=\"Ministrul Justi\u021biei, Vladimir Cebotari sus\u021bine c\u0103, institu\u021biile de drept vor evalua \u00een comun necesitatea continu\u0103rii activit\u0103\u021bii Centrului Na\u021bional Anticorup\u021bie. Dup\u0103 cum transmite tribuna.md, \u00een interviul acordat pentru www.bizlaw.md, Cebotari a fost \u00eentrebat dac\u0103, \u00een viitorul apropiat, ne putem a\u0219tepta la o eventual\u0103 lichidare a CNA-ului. Ministrul nu a negat informa\u021bia. \u201cReformele trebuie f\u0103cute cu o [&hellip;]\" \/>\n<meta property=\"og:url\" content=\"https:\/\/www.btv.md\/ro\/cna-va-fi-lichidat-ce-spune-ministrul-justitiei-vladimir-cebotari\/\" \/>\n<meta property=\"og:site_name\" content=\"BTV\" \/>\n<meta property=\"article:publisher\" content=\"https:\/\/www.facebook.com\/btvmoldova\/\" \/>\n<meta property=\"article:published_time\" content=\"2016-05-05T10:30:21+00:00\" \/>\n<meta property=\"og:image\" content=\"https:\/\/www.btv.md\/wp-content\/uploads\/2016\/05\/img-1.jpg\" \/>\n\t<meta property=\"og:image:width\" content=\"887\" \/>\n\t<meta property=\"og:image:height\" content=\"592\" \/>\n\t<meta property=\"og:image:type\" content=\"image\/jpeg\" \/>\n<meta name=\"author\" content=\"admin\" \/>\n<meta name=\"twitter:label1\" content=\"Scris de\" \/>\n\t<meta name=\"twitter:data1\" content=\"admin\" \/>\n\t<meta name=\"twitter:label2\" content=\"Timp estimat pentru citire\" \/>\n\t<meta name=\"twitter:data2\" content=\"1 minut\" \/>\n<script type=\"application\/ld+json\" class=\"yoast-schema-graph\">{\"@context\":\"https:\\\/\\\/schema.org\",\"@graph\":[{\"@type\":\"Article\",\"@id\":\"https:\\\/\\\/www.btv.md\\\/ro\\\/cna-va-fi-lichidat-ce-spune-ministrul-justitiei-vladimir-cebotari\\\/#article\",\"isPartOf\":{\"@id\":\"https:\\\/\\\/www.btv.md\\\/ro\\\/cna-va-fi-lichidat-ce-spune-ministrul-justitiei-vladimir-cebotari\\\/\"},\"author\":{\"name\":\"admin\",\"@id\":\"https:\\\/\\\/www.btv.md\\\/#\\\/schema\\\/person\\\/8fadce81561b3ce2c34c46dadc4ccbf2\"},\"headline\":\"CNA VA FI LICHIDAT? CE SPUNE MINISTRUL JUSTI\u021aIEI, VLADIMIR CEBOTARI\",\"datePublished\":\"2016-05-05T10:30:21+00:00\",\"mainEntityOfPage\":{\"@id\":\"https:\\\/\\\/www.btv.md\\\/ro\\\/cna-va-fi-lichidat-ce-spune-ministrul-justitiei-vladimir-cebotari\\\/\"},\"wordCount\":174,\"image\":{\"@id\":\"https:\\\/\\\/www.btv.md\\\/ro\\\/cna-va-fi-lichidat-ce-spune-ministrul-justitiei-vladimir-cebotari\\\/#primaryimage\"},\"thumbnailUrl\":\"https:\\\/\\\/www.btv.md\\\/wp-content\\\/uploads\\\/2016\\\/05\\\/img-1.jpg\",\"articleSection\":[\"Social\"],\"inLanguage\":\"ro-RO\"},{\"@type\":\"WebPage\",\"@id\":\"https:\\\/\\\/www.btv.md\\\/ro\\\/cna-va-fi-lichidat-ce-spune-ministrul-justitiei-vladimir-cebotari\\\/\",\"url\":\"https:\\\/\\\/www.btv.md\\\/ro\\\/cna-va-fi-lichidat-ce-spune-ministrul-justitiei-vladimir-cebotari\\\/\",\"name\":\"CNA VA FI LICHIDAT? CE SPUNE MINISTRUL JUSTI\u021aIEI, VLADIMIR CEBOTARI - BTV\",\"isPartOf\":{\"@id\":\"https:\\\/\\\/www.btv.md\\\/#website\"},\"primaryImageOfPage\":{\"@id\":\"https:\\\/\\\/www.btv.md\\\/ro\\\/cna-va-fi-lichidat-ce-spune-ministrul-justitiei-vladimir-cebotari\\\/#primaryimage\"},\"image\":{\"@id\":\"https:\\\/\\\/www.btv.md\\\/ro\\\/cna-va-fi-lichidat-ce-spune-ministrul-justitiei-vladimir-cebotari\\\/#primaryimage\"},\"thumbnailUrl\":\"https:\\\/\\\/www.btv.md\\\/wp-content\\\/uploads\\\/2016\\\/05\\\/img-1.jpg\",\"datePublished\":\"2016-05-05T10:30:21+00:00\",\"author\":{\"@id\":\"https:\\\/\\\/www.btv.md\\\/#\\\/schema\\\/person\\\/8fadce81561b3ce2c34c46dadc4ccbf2\"},\"inLanguage\":\"ro-RO\",\"potentialAction\":[{\"@type\":\"ReadAction\",\"target\":[\"https:\\\/\\\/www.btv.md\\\/ro\\\/cna-va-fi-lichidat-ce-spune-ministrul-justitiei-vladimir-cebotari\\\/\"]}]},{\"@type\":\"ImageObject\",\"inLanguage\":\"ro-RO\",\"@id\":\"https:\\\/\\\/www.btv.md\\\/ro\\\/cna-va-fi-lichidat-ce-spune-ministrul-justitiei-vladimir-cebotari\\\/#primaryimage\",\"url\":\"https:\\\/\\\/www.btv.md\\\/wp-content\\\/uploads\\\/2016\\\/05\\\/img-1.jpg\",\"contentUrl\":\"https:\\\/\\\/www.btv.md\\\/wp-content\\\/uploads\\\/2016\\\/05\\\/img-1.jpg\",\"width\":887,\"height\":592,\"caption\":\"tribuna.md\"},{\"@type\":\"WebSite\",\"@id\":\"https:\\\/\\\/www.btv.md\\\/#website\",\"url\":\"https:\\\/\\\/www.btv.md\\\/\",\"name\":\"BTV\",\"description\":\"\u0411\u0435\u043b\u044c\u0446\u043a\u043e\u0435 \u0442\u0435\u043b\u0435\u0432\u0438\u0434\u0435\u043d\u0438\u0435\",\"potentialAction\":[{\"@type\":\"SearchAction\",\"target\":{\"@type\":\"EntryPoint\",\"urlTemplate\":\"https:\\\/\\\/www.btv.md\\\/?s={search_term_string}\"},\"query-input\":{\"@type\":\"PropertyValueSpecification\",\"valueRequired\":true,\"valueName\":\"search_term_string\"}}],\"inLanguage\":\"ro-RO\"},{\"@type\":\"Person\",\"@id\":\"https:\\\/\\\/www.btv.md\\\/#\\\/schema\\\/person\\\/8fadce81561b3ce2c34c46dadc4ccbf2\",\"name\":\"admin\"}]}<\/script>\n<!-- \/ Yoast SEO plugin. -->","yoast_head_json":{"title":"CNA VA FI LICHIDAT? CE SPUNE MINISTRUL JUSTI\u021aIEI, VLADIMIR CEBOTARI - BTV","robots":{"index":"index","follow":"follow","max-snippet":"max-snippet:-1","max-image-preview":"max-image-preview:large","max-video-preview":"max-video-preview:-1"},"canonical":"https:\/\/www.btv.md\/ro\/cna-va-fi-lichidat-ce-spune-ministrul-justitiei-vladimir-cebotari\/","og_locale":"ro_RO","og_type":"article","og_title":"CNA VA FI LICHIDAT? CE SPUNE MINISTRUL JUSTI\u021aIEI, VLADIMIR CEBOTARI - BTV","og_description":"Ministrul Justi\u021biei, Vladimir Cebotari sus\u021bine c\u0103, institu\u021biile de drept vor evalua \u00een comun necesitatea continu\u0103rii activit\u0103\u021bii Centrului Na\u021bional Anticorup\u021bie. Dup\u0103 cum transmite tribuna.md, \u00een interviul acordat pentru www.bizlaw.md, Cebotari a fost \u00eentrebat dac\u0103, \u00een viitorul apropiat, ne putem a\u0219tepta la o eventual\u0103 lichidare a CNA-ului. Ministrul nu a negat informa\u021bia. \u201cReformele trebuie f\u0103cute cu o [&hellip;]","og_url":"https:\/\/www.btv.md\/ro\/cna-va-fi-lichidat-ce-spune-ministrul-justitiei-vladimir-cebotari\/","og_site_name":"BTV","article_publisher":"https:\/\/www.facebook.com\/btvmoldova\/","article_published_time":"2016-05-05T10:30:21+00:00","og_image":[{"width":887,"height":592,"url":"https:\/\/www.btv.md\/wp-content\/uploads\/2016\/05\/img-1.jpg","type":"image\/jpeg"}],"author":"admin","twitter_misc":{"Scris de":"admin","Timp estimat pentru citire":"1 minut"},"schema":{"@context":"https:\/\/schema.org","@graph":[{"@type":"Article","@id":"https:\/\/www.btv.md\/ro\/cna-va-fi-lichidat-ce-spune-ministrul-justitiei-vladimir-cebotari\/#article","isPartOf":{"@id":"https:\/\/www.btv.md\/ro\/cna-va-fi-lichidat-ce-spune-ministrul-justitiei-vladimir-cebotari\/"},"author":{"name":"admin","@id":"https:\/\/www.btv.md\/#\/schema\/person\/8fadce81561b3ce2c34c46dadc4ccbf2"},"headline":"CNA VA FI LICHIDAT? CE SPUNE MINISTRUL JUSTI\u021aIEI, VLADIMIR CEBOTARI","datePublished":"2016-05-05T10:30:21+00:00","mainEntityOfPage":{"@id":"https:\/\/www.btv.md\/ro\/cna-va-fi-lichidat-ce-spune-ministrul-justitiei-vladimir-cebotari\/"},"wordCount":174,"image":{"@id":"https:\/\/www.btv.md\/ro\/cna-va-fi-lichidat-ce-spune-ministrul-justitiei-vladimir-cebotari\/#primaryimage"},"thumbnailUrl":"https:\/\/www.btv.md\/wp-content\/uploads\/2016\/05\/img-1.jpg","articleSection":["Social"],"inLanguage":"ro-RO"},{"@type":"WebPage","@id":"https:\/\/www.btv.md\/ro\/cna-va-fi-lichidat-ce-spune-ministrul-justitiei-vladimir-cebotari\/","url":"https:\/\/www.btv.md\/ro\/cna-va-fi-lichidat-ce-spune-ministrul-justitiei-vladimir-cebotari\/","name":"CNA VA FI LICHIDAT? CE SPUNE MINISTRUL JUSTI\u021aIEI, VLADIMIR CEBOTARI - BTV","isPartOf":{"@id":"https:\/\/www.btv.md\/#website"},"primaryImageOfPage":{"@id":"https:\/\/www.btv.md\/ro\/cna-va-fi-lichidat-ce-spune-ministrul-justitiei-vladimir-cebotari\/#primaryimage"},"image":{"@id":"https:\/\/www.btv.md\/ro\/cna-va-fi-lichidat-ce-spune-ministrul-justitiei-vladimir-cebotari\/#primaryimage"},"thumbnailUrl":"https:\/\/www.btv.md\/wp-content\/uploads\/2016\/05\/img-1.jpg","datePublished":"2016-05-05T10:30:21+00:00","author":{"@id":"https:\/\/www.btv.md\/#\/schema\/person\/8fadce81561b3ce2c34c46dadc4ccbf2"},"inLanguage":"ro-RO","potentialAction":[{"@type":"ReadAction","target":["https:\/\/www.btv.md\/ro\/cna-va-fi-lichidat-ce-spune-ministrul-justitiei-vladimir-cebotari\/"]}]},{"@type":"ImageObject","inLanguage":"ro-RO","@id":"https:\/\/www.btv.md\/ro\/cna-va-fi-lichidat-ce-spune-ministrul-justitiei-vladimir-cebotari\/#primaryimage","url":"https:\/\/www.btv.md\/wp-content\/uploads\/2016\/05\/img-1.jpg","contentUrl":"https:\/\/www.btv.md\/wp-content\/uploads\/2016\/05\/img-1.jpg","width":887,"height":592,"caption":"tribuna.md"},{"@type":"WebSite","@id":"https:\/\/www.btv.md\/#website","url":"https:\/\/www.btv.md\/","name":"BTV","description":"\u0411\u0435\u043b\u044c\u0446\u043a\u043e\u0435 \u0442\u0435\u043b\u0435\u0432\u0438\u0434\u0435\u043d\u0438\u0435","potentialAction":[{"@type":"SearchAction","target":{"@type":"EntryPoint","urlTemplate":"https:\/\/www.btv.md\/?s={search_term_string}"},"query-input":{"@type":"PropertyValueSpecification","valueRequired":true,"valueName":"search_term_string"}}],"inLanguage":"ro-RO"},{"@type":"Person","@id":"https:\/\/www.btv.md\/#\/schema\/person\/8fadce81561b3ce2c34c46dadc4ccbf2","name":"admin"}]}},"_links":{"self":[{"href":"https:\/\/www.btv.md\/ro\/wp-json\/wp\/v2\/posts\/12026","targetHints":{"allow":["GET"]}}],"collection":[{"href":"https:\/\/www.btv.md\/ro\/wp-json\/wp\/v2\/posts"}],"about":[{"href":"https:\/\/www.btv.md\/ro\/wp-json\/wp\/v2\/types\/post"}],"author":[{"embeddable":true,"href":"https:\/\/www.btv.md\/ro\/wp-json\/wp\/v2\/users\/4"}],"replies":[{"embeddable":true,"href":"https:\/\/www.btv.md\/ro\/wp-json\/wp\/v2\/comments?post=12026"}],"version-history":[{"count":0,"href":"https:\/\/www.btv.md\/ro\/wp-json\/wp\/v2\/posts\/12026\/revisions"}],"wp:featuredmedia":[{"embeddable":true,"href":"https:\/\/www.btv.md\/ro\/wp-json\/wp\/v2\/media\/12027"}],"wp:attachment":[{"href":"https:\/\/www.btv.md\/ro\/wp-json\/wp\/v2\/media?parent=12026"}],"wp:term":[{"taxonomy":"category","embeddable":true,"href":"https:\/\/www.btv.md\/ro\/wp-json\/wp\/v2\/categories?post=12026"},{"taxonomy":"post_tag","embeddable":true,"href":"https:\/\/www.btv.md\/ro\/wp-json\/wp\/v2\/tags?post=12026"}],"curies":[{"name":"wp","href":"https:\/\/api.w.org\/{rel}","templated":true}]}}