{"id":12029,"date":"2016-05-05T13:33:56","date_gmt":"2016-05-05T10:33:56","guid":{"rendered":"http:\/\/btv.md\/?p=12029"},"modified":"2016-05-05T13:33:56","modified_gmt":"2016-05-05T10:33:56","slug":"limita-de-varsta-a-tinerilor-din-moldova-va-fi-extinsa-pana-la-35-de-ani","status":"publish","type":"post","link":"https:\/\/www.btv.md\/ro\/limita-de-varsta-a-tinerilor-din-moldova-va-fi-extinsa-pana-la-35-de-ani\/","title":{"rendered":"LIMITA  DE  V\u0102RST\u0102  A  TINERILOR  DIN  MOLDOVA  VA FI  EXTINS\u0102 P\u00c2N\u0102 LA 35 DE ANI"},"content":{"rendered":"<p><strong>Limita de v\u00e2rst\u0103 a tinerilor din Republica Molodva va fi extins\u0103. Astfel, potrivit noului proiect de lege aprobat de c\u0103tre Guvern, tineri vor fi considerate persoanele cu v\u00e2rsta cuprins\u0103 \u00eentre 14 \u0219i 35 de ani. \u00cen prezent, aceasta este \u00eentre 16 \u015fi 30 de ani, scrie <a href=\"http:\/\/www.realitatea.md\/limita-de-varsta-a-tinerilor-din-moldova-va-fi-extinsa-pana-la-35-de-ani-prevederile-noului-proiect-de-lege-cu-privire-la-tineret_38684.html\" target=\"_blank\">realitatea.md<\/a>.<\/strong><\/p>\n<p>Autorii proiectului legislativ motiveaz\u0103 aceste propuneri de modificare a legii prin faptul c\u0103 astfel va fi asigurat\u0103 o participare mai ampl\u0103 a tinerilor \u00een activit\u0103\u0163ile extra-curriculare, inclusiv a celor din mediul rural, \u0219i implicarea \u00een programele economice na\u0163ionale \u015fi interna\u0163ionale.<\/p>\n<p>Noul proiect de lege cu privire la tineret aprobat de Cabinetul de mini\u015ftri va promova interesele tinerilor \u00een politicile publice \u015fi va crea un mecanism viabil de sus\u0163inere a acestora.<\/p>\n<p>De asemenea, proiectul prevede stimularea ini\u021biativelor antreprenoriale ale tinerilor, facilitarea angaj\u0103rii acestora \u00een c\u00e2mpul muncii, valorificarea aptitudinilor \u0219i dezvoltarea competen\u021belor profesionale, crearea unui mediu adecvat pentru dezvoltarea fizic\u0103 \u0219i promovarea unui mod s\u0103n\u0103tos de via\u021b\u0103, precum \u0219i asigurarea tinerilor cu locuin\u021be. <\/p>\n<p>Totodat\u0103, noile reglement\u0103ri legislative recomand\u0103 autorit\u0103\u021bilor publice locale s\u0103 implice tinerii \u0219i organiza\u021biile de tineret \u00een procesul de elaborare \u0219i implementare a politicilor de tineret.<\/p>\n<p>Prevederile documentului aprobat vizeaz\u0103 \u015fi principalele structuri institu\u021bionale, respectiv formele de participare \u0219i asociere ale tinerilor. Astfel, va fi creat\u0103 Agen\u021bia Na\u021bional\u0103 pentru Dezvoltarea Programelor \u0219i Activit\u0103\u021bii de Tineret, care se va preocupa de implementarea \u0219i promovarea politicilor \u00een domeniu, dar \u0219i de asigurarea calit\u0103\u021bii serviciilor de tineret la nivel na\u021bional \u0219i local.<\/p>\n<p>Proiectul noii legi mai prevede recunoa\u0219terea altor structuri neformale de tineret, cum ar fi grupurile de ini\u021biativ\u0103, senatele studen\u021be\u0219ti, organiza\u021biile de tineret ale partidelor politice.<\/p>\n<p>Potrivit reprezentan\u021bilor Ministerului Tineretului \u0219i Sportului, Legea tineretului nu a mai fost actualizat\u0103 din 1999, de aceea a ap\u0103rut necesitatea adopt\u0103rii unui act mai amplu \u0219i adaptat la realit\u0103\u021bile \u0219i necesit\u0103\u021bile tinerilor din ziua de ast\u0103zi.<\/p>\n<p>Conform datelor oficiale, \u00een Republica Moldova sunt peste 850 mii de tineri, dintre care 60% locuiesc la sat \u015fi 40 % la ora\u0219.<\/p>\n","protected":false},"excerpt":{"rendered":"<p>Limita de v\u00e2rst\u0103 a tinerilor din Republica Molodva va fi extins\u0103. Astfel, potrivit noului proiect de lege aprobat de c\u0103tre Guvern, tineri vor fi considerate persoanele cu v\u00e2rsta cuprins\u0103 \u00eentre 14 \u0219i 35 de ani. \u00cen prezent, aceasta este \u00eentre 16 \u015fi 30 de ani, scrie realitatea.md. Autorii proiectului legislativ motiveaz\u0103 aceste propuneri de modificare [&hellip;]<\/p>\n","protected":false},"author":4,"featured_media":12030,"comment_status":"closed","ping_status":"closed","sticky":false,"template":"","format":"standard","meta":{"footnotes":""},"categories":[6349],"tags":[],"class_list":["post-12029","post","type-post","status-publish","format-standard","has-post-thumbnail","hentry","category-social"],"yoast_head":"<!-- This site is optimized with the Yoast SEO plugin v27.4 - https:\/\/yoast.com\/product\/yoast-seo-wordpress\/ -->\n<title>LIMITA DE V\u0102RST\u0102 A TINERILOR DIN MOLDOVA VA FI EXTINS\u0102 P\u00c2N\u0102 LA 35 DE ANI  - BTV<\/title>\n<meta name=\"robots\" content=\"index, follow, max-snippet:-1, max-image-preview:large, max-video-preview:-1\" \/>\n<link rel=\"canonical\" href=\"https:\/\/www.btv.md\/ro\/limita-de-varsta-a-tinerilor-din-moldova-va-fi-extinsa-pana-la-35-de-ani\/\" \/>\n<meta property=\"og:locale\" content=\"ro_RO\" \/>\n<meta property=\"og:type\" content=\"article\" \/>\n<meta property=\"og:title\" content=\"LIMITA DE V\u0102RST\u0102 A TINERILOR DIN MOLDOVA VA FI EXTINS\u0102 P\u00c2N\u0102 LA 35 DE ANI  - BTV\" \/>\n<meta property=\"og:description\" content=\"Limita de v\u00e2rst\u0103 a tinerilor din Republica Molodva va fi extins\u0103. Astfel, potrivit noului proiect de lege aprobat de c\u0103tre Guvern, tineri vor fi considerate persoanele cu v\u00e2rsta cuprins\u0103 \u00eentre 14 \u0219i 35 de ani. \u00cen prezent, aceasta este \u00eentre 16 \u015fi 30 de ani, scrie realitatea.md. Autorii proiectului legislativ motiveaz\u0103 aceste propuneri de modificare [&hellip;]\" \/>\n<meta property=\"og:url\" content=\"https:\/\/www.btv.md\/ro\/limita-de-varsta-a-tinerilor-din-moldova-va-fi-extinsa-pana-la-35-de-ani\/\" \/>\n<meta property=\"og:site_name\" content=\"BTV\" \/>\n<meta property=\"article:publisher\" content=\"https:\/\/www.facebook.com\/btvmoldova\/\" \/>\n<meta property=\"article:published_time\" content=\"2016-05-05T10:33:56+00:00\" \/>\n<meta property=\"og:image\" content=\"https:\/\/www.btv.md\/wp-content\/uploads\/2016\/05\/guvernul-a-decis-tanar-pana-la-35-de-ani-1371035533.jpg\" \/>\n\t<meta property=\"og:image:width\" content=\"700\" \/>\n\t<meta property=\"og:image:height\" content=\"524\" \/>\n\t<meta property=\"og:image:type\" content=\"image\/jpeg\" \/>\n<meta name=\"author\" content=\"admin\" \/>\n<meta name=\"twitter:label1\" content=\"Scris de\" \/>\n\t<meta name=\"twitter:data1\" content=\"admin\" \/>\n\t<meta name=\"twitter:label2\" content=\"Timp estimat pentru citire\" \/>\n\t<meta name=\"twitter:data2\" content=\"2 minute\" \/>\n<script type=\"application\/ld+json\" class=\"yoast-schema-graph\">{\"@context\":\"https:\\\/\\\/schema.org\",\"@graph\":[{\"@type\":\"Article\",\"@id\":\"https:\\\/\\\/www.btv.md\\\/ro\\\/limita-de-varsta-a-tinerilor-din-moldova-va-fi-extinsa-pana-la-35-de-ani\\\/#article\",\"isPartOf\":{\"@id\":\"https:\\\/\\\/www.btv.md\\\/ro\\\/limita-de-varsta-a-tinerilor-din-moldova-va-fi-extinsa-pana-la-35-de-ani\\\/\"},\"author\":{\"name\":\"admin\",\"@id\":\"https:\\\/\\\/www.btv.md\\\/#\\\/schema\\\/person\\\/8fadce81561b3ce2c34c46dadc4ccbf2\"},\"headline\":\"LIMITA DE V\u0102RST\u0102 A TINERILOR DIN MOLDOVA VA FI EXTINS\u0102 P\u00c2N\u0102 LA 35 DE ANI\",\"datePublished\":\"2016-05-05T10:33:56+00:00\",\"mainEntityOfPage\":{\"@id\":\"https:\\\/\\\/www.btv.md\\\/ro\\\/limita-de-varsta-a-tinerilor-din-moldova-va-fi-extinsa-pana-la-35-de-ani\\\/\"},\"wordCount\":363,\"image\":{\"@id\":\"https:\\\/\\\/www.btv.md\\\/ro\\\/limita-de-varsta-a-tinerilor-din-moldova-va-fi-extinsa-pana-la-35-de-ani\\\/#primaryimage\"},\"thumbnailUrl\":\"https:\\\/\\\/www.btv.md\\\/wp-content\\\/uploads\\\/2016\\\/05\\\/guvernul-a-decis-tanar-pana-la-35-de-ani-1371035533.jpg\",\"articleSection\":[\"Social\"],\"inLanguage\":\"ro-RO\"},{\"@type\":\"WebPage\",\"@id\":\"https:\\\/\\\/www.btv.md\\\/ro\\\/limita-de-varsta-a-tinerilor-din-moldova-va-fi-extinsa-pana-la-35-de-ani\\\/\",\"url\":\"https:\\\/\\\/www.btv.md\\\/ro\\\/limita-de-varsta-a-tinerilor-din-moldova-va-fi-extinsa-pana-la-35-de-ani\\\/\",\"name\":\"LIMITA DE V\u0102RST\u0102 A TINERILOR DIN MOLDOVA VA FI EXTINS\u0102 P\u00c2N\u0102 LA 35 DE ANI - BTV\",\"isPartOf\":{\"@id\":\"https:\\\/\\\/www.btv.md\\\/#website\"},\"primaryImageOfPage\":{\"@id\":\"https:\\\/\\\/www.btv.md\\\/ro\\\/limita-de-varsta-a-tinerilor-din-moldova-va-fi-extinsa-pana-la-35-de-ani\\\/#primaryimage\"},\"image\":{\"@id\":\"https:\\\/\\\/www.btv.md\\\/ro\\\/limita-de-varsta-a-tinerilor-din-moldova-va-fi-extinsa-pana-la-35-de-ani\\\/#primaryimage\"},\"thumbnailUrl\":\"https:\\\/\\\/www.btv.md\\\/wp-content\\\/uploads\\\/2016\\\/05\\\/guvernul-a-decis-tanar-pana-la-35-de-ani-1371035533.jpg\",\"datePublished\":\"2016-05-05T10:33:56+00:00\",\"author\":{\"@id\":\"https:\\\/\\\/www.btv.md\\\/#\\\/schema\\\/person\\\/8fadce81561b3ce2c34c46dadc4ccbf2\"},\"inLanguage\":\"ro-RO\",\"potentialAction\":[{\"@type\":\"ReadAction\",\"target\":[\"https:\\\/\\\/www.btv.md\\\/ro\\\/limita-de-varsta-a-tinerilor-din-moldova-va-fi-extinsa-pana-la-35-de-ani\\\/\"]}]},{\"@type\":\"ImageObject\",\"inLanguage\":\"ro-RO\",\"@id\":\"https:\\\/\\\/www.btv.md\\\/ro\\\/limita-de-varsta-a-tinerilor-din-moldova-va-fi-extinsa-pana-la-35-de-ani\\\/#primaryimage\",\"url\":\"https:\\\/\\\/www.btv.md\\\/wp-content\\\/uploads\\\/2016\\\/05\\\/guvernul-a-decis-tanar-pana-la-35-de-ani-1371035533.jpg\",\"contentUrl\":\"https:\\\/\\\/www.btv.md\\\/wp-content\\\/uploads\\\/2016\\\/05\\\/guvernul-a-decis-tanar-pana-la-35-de-ani-1371035533.jpg\",\"width\":700,\"height\":524,\"caption\":\"unimedia.info\"},{\"@type\":\"WebSite\",\"@id\":\"https:\\\/\\\/www.btv.md\\\/#website\",\"url\":\"https:\\\/\\\/www.btv.md\\\/\",\"name\":\"BTV\",\"description\":\"\u0411\u0435\u043b\u044c\u0446\u043a\u043e\u0435 \u0442\u0435\u043b\u0435\u0432\u0438\u0434\u0435\u043d\u0438\u0435\",\"potentialAction\":[{\"@type\":\"SearchAction\",\"target\":{\"@type\":\"EntryPoint\",\"urlTemplate\":\"https:\\\/\\\/www.btv.md\\\/?s={search_term_string}\"},\"query-input\":{\"@type\":\"PropertyValueSpecification\",\"valueRequired\":true,\"valueName\":\"search_term_string\"}}],\"inLanguage\":\"ro-RO\"},{\"@type\":\"Person\",\"@id\":\"https:\\\/\\\/www.btv.md\\\/#\\\/schema\\\/person\\\/8fadce81561b3ce2c34c46dadc4ccbf2\",\"name\":\"admin\"}]}<\/script>\n<!-- \/ Yoast SEO plugin. -->","yoast_head_json":{"title":"LIMITA DE V\u0102RST\u0102 A TINERILOR DIN MOLDOVA VA FI EXTINS\u0102 P\u00c2N\u0102 LA 35 DE ANI  - BTV","robots":{"index":"index","follow":"follow","max-snippet":"max-snippet:-1","max-image-preview":"max-image-preview:large","max-video-preview":"max-video-preview:-1"},"canonical":"https:\/\/www.btv.md\/ro\/limita-de-varsta-a-tinerilor-din-moldova-va-fi-extinsa-pana-la-35-de-ani\/","og_locale":"ro_RO","og_type":"article","og_title":"LIMITA DE V\u0102RST\u0102 A TINERILOR DIN MOLDOVA VA FI EXTINS\u0102 P\u00c2N\u0102 LA 35 DE ANI  - BTV","og_description":"Limita de v\u00e2rst\u0103 a tinerilor din Republica Molodva va fi extins\u0103. Astfel, potrivit noului proiect de lege aprobat de c\u0103tre Guvern, tineri vor fi considerate persoanele cu v\u00e2rsta cuprins\u0103 \u00eentre 14 \u0219i 35 de ani. \u00cen prezent, aceasta este \u00eentre 16 \u015fi 30 de ani, scrie realitatea.md. Autorii proiectului legislativ motiveaz\u0103 aceste propuneri de modificare [&hellip;]","og_url":"https:\/\/www.btv.md\/ro\/limita-de-varsta-a-tinerilor-din-moldova-va-fi-extinsa-pana-la-35-de-ani\/","og_site_name":"BTV","article_publisher":"https:\/\/www.facebook.com\/btvmoldova\/","article_published_time":"2016-05-05T10:33:56+00:00","og_image":[{"width":700,"height":524,"url":"https:\/\/www.btv.md\/wp-content\/uploads\/2016\/05\/guvernul-a-decis-tanar-pana-la-35-de-ani-1371035533.jpg","type":"image\/jpeg"}],"author":"admin","twitter_misc":{"Scris de":"admin","Timp estimat pentru citire":"2 minute"},"schema":{"@context":"https:\/\/schema.org","@graph":[{"@type":"Article","@id":"https:\/\/www.btv.md\/ro\/limita-de-varsta-a-tinerilor-din-moldova-va-fi-extinsa-pana-la-35-de-ani\/#article","isPartOf":{"@id":"https:\/\/www.btv.md\/ro\/limita-de-varsta-a-tinerilor-din-moldova-va-fi-extinsa-pana-la-35-de-ani\/"},"author":{"name":"admin","@id":"https:\/\/www.btv.md\/#\/schema\/person\/8fadce81561b3ce2c34c46dadc4ccbf2"},"headline":"LIMITA DE V\u0102RST\u0102 A TINERILOR DIN MOLDOVA VA FI EXTINS\u0102 P\u00c2N\u0102 LA 35 DE ANI","datePublished":"2016-05-05T10:33:56+00:00","mainEntityOfPage":{"@id":"https:\/\/www.btv.md\/ro\/limita-de-varsta-a-tinerilor-din-moldova-va-fi-extinsa-pana-la-35-de-ani\/"},"wordCount":363,"image":{"@id":"https:\/\/www.btv.md\/ro\/limita-de-varsta-a-tinerilor-din-moldova-va-fi-extinsa-pana-la-35-de-ani\/#primaryimage"},"thumbnailUrl":"https:\/\/www.btv.md\/wp-content\/uploads\/2016\/05\/guvernul-a-decis-tanar-pana-la-35-de-ani-1371035533.jpg","articleSection":["Social"],"inLanguage":"ro-RO"},{"@type":"WebPage","@id":"https:\/\/www.btv.md\/ro\/limita-de-varsta-a-tinerilor-din-moldova-va-fi-extinsa-pana-la-35-de-ani\/","url":"https:\/\/www.btv.md\/ro\/limita-de-varsta-a-tinerilor-din-moldova-va-fi-extinsa-pana-la-35-de-ani\/","name":"LIMITA DE V\u0102RST\u0102 A TINERILOR DIN MOLDOVA VA FI EXTINS\u0102 P\u00c2N\u0102 LA 35 DE ANI - BTV","isPartOf":{"@id":"https:\/\/www.btv.md\/#website"},"primaryImageOfPage":{"@id":"https:\/\/www.btv.md\/ro\/limita-de-varsta-a-tinerilor-din-moldova-va-fi-extinsa-pana-la-35-de-ani\/#primaryimage"},"image":{"@id":"https:\/\/www.btv.md\/ro\/limita-de-varsta-a-tinerilor-din-moldova-va-fi-extinsa-pana-la-35-de-ani\/#primaryimage"},"thumbnailUrl":"https:\/\/www.btv.md\/wp-content\/uploads\/2016\/05\/guvernul-a-decis-tanar-pana-la-35-de-ani-1371035533.jpg","datePublished":"2016-05-05T10:33:56+00:00","author":{"@id":"https:\/\/www.btv.md\/#\/schema\/person\/8fadce81561b3ce2c34c46dadc4ccbf2"},"inLanguage":"ro-RO","potentialAction":[{"@type":"ReadAction","target":["https:\/\/www.btv.md\/ro\/limita-de-varsta-a-tinerilor-din-moldova-va-fi-extinsa-pana-la-35-de-ani\/"]}]},{"@type":"ImageObject","inLanguage":"ro-RO","@id":"https:\/\/www.btv.md\/ro\/limita-de-varsta-a-tinerilor-din-moldova-va-fi-extinsa-pana-la-35-de-ani\/#primaryimage","url":"https:\/\/www.btv.md\/wp-content\/uploads\/2016\/05\/guvernul-a-decis-tanar-pana-la-35-de-ani-1371035533.jpg","contentUrl":"https:\/\/www.btv.md\/wp-content\/uploads\/2016\/05\/guvernul-a-decis-tanar-pana-la-35-de-ani-1371035533.jpg","width":700,"height":524,"caption":"unimedia.info"},{"@type":"WebSite","@id":"https:\/\/www.btv.md\/#website","url":"https:\/\/www.btv.md\/","name":"BTV","description":"\u0411\u0435\u043b\u044c\u0446\u043a\u043e\u0435 \u0442\u0435\u043b\u0435\u0432\u0438\u0434\u0435\u043d\u0438\u0435","potentialAction":[{"@type":"SearchAction","target":{"@type":"EntryPoint","urlTemplate":"https:\/\/www.btv.md\/?s={search_term_string}"},"query-input":{"@type":"PropertyValueSpecification","valueRequired":true,"valueName":"search_term_string"}}],"inLanguage":"ro-RO"},{"@type":"Person","@id":"https:\/\/www.btv.md\/#\/schema\/person\/8fadce81561b3ce2c34c46dadc4ccbf2","name":"admin"}]}},"_links":{"self":[{"href":"https:\/\/www.btv.md\/ro\/wp-json\/wp\/v2\/posts\/12029","targetHints":{"allow":["GET"]}}],"collection":[{"href":"https:\/\/www.btv.md\/ro\/wp-json\/wp\/v2\/posts"}],"about":[{"href":"https:\/\/www.btv.md\/ro\/wp-json\/wp\/v2\/types\/post"}],"author":[{"embeddable":true,"href":"https:\/\/www.btv.md\/ro\/wp-json\/wp\/v2\/users\/4"}],"replies":[{"embeddable":true,"href":"https:\/\/www.btv.md\/ro\/wp-json\/wp\/v2\/comments?post=12029"}],"version-history":[{"count":0,"href":"https:\/\/www.btv.md\/ro\/wp-json\/wp\/v2\/posts\/12029\/revisions"}],"wp:featuredmedia":[{"embeddable":true,"href":"https:\/\/www.btv.md\/ro\/wp-json\/wp\/v2\/media\/12030"}],"wp:attachment":[{"href":"https:\/\/www.btv.md\/ro\/wp-json\/wp\/v2\/media?parent=12029"}],"wp:term":[{"taxonomy":"category","embeddable":true,"href":"https:\/\/www.btv.md\/ro\/wp-json\/wp\/v2\/categories?post=12029"},{"taxonomy":"post_tag","embeddable":true,"href":"https:\/\/www.btv.md\/ro\/wp-json\/wp\/v2\/tags?post=12029"}],"curies":[{"name":"wp","href":"https:\/\/api.w.org\/{rel}","templated":true}]}}