{"id":12044,"date":"2016-05-05T15:25:35","date_gmt":"2016-05-05T12:25:35","guid":{"rendered":"http:\/\/btv.md\/?p=12044"},"modified":"2016-05-05T16:54:42","modified_gmt":"2016-05-05T13:54:42","slug":"un-barbat-din-balti-transportat-cu-elicopterul-smurd-la-chisinau","status":"publish","type":"post","link":"https:\/\/www.btv.md\/ro\/un-barbat-din-balti-transportat-cu-elicopterul-smurd-la-chisinau\/","title":{"rendered":"UN  B\u0102RBAT  DIN  B\u0102L\u021aI,  TRANSPORTAT  CU ELICOPTERUL  SMURD LA  CHI\u0218IN\u0102U"},"content":{"rendered":"<p><strong>Un b\u0103rbat de 44 de ani din municipiul B\u0103l\u021bi se zbate \u00eentre via\u021b\u0103 \u0219i moarte, dup\u0103 ce a fost lovit de un automobil. \u00cen urma accidentului, b\u0103rbatul a ajuns \u00een com\u0103. Medicii au constatat c\u0103 acesta are nevoie de \u00eengrijiri speciale, care pot fi oferite doar \u00een Capital\u0103.  Pentru a-l transporta de la Spitalul din B\u0103l\u021bi la Chi\u015fin\u0103u a fost nevoie de interven\u021bia Elicopterului SMURD din Rom\u00e2nia.<\/strong><\/p>\n<p>\u201e<em>Pacientul este un b\u0103rbat de circa 40 de ani. At\u00e2t \u0219tim deocamdat\u0103.<\/em>\u201d<\/p>\n<p>P\u00e2n\u0103 la elicopter, pacientul a fost transportat cu o ambulan\u021b\u0103 SMURD. La fa\u021ba locului a venit \u0219i fiul b\u0103rbatului.<\/p>\n<p>\u201e<em>A nimerit \u00eentr-un accident acum dou\u0103 zile zile. Foarte r\u0103u. Medicii nu spun nimic.<\/em>\u201d<\/p>\n<p>Potrivit medicilor, b\u0103rbatul se afl\u0103 \u00een stare grav\u0103, dar stabil\u0103.<\/p>\n<p>\u201e<em>A fost transportat un pacient bolnav grav din sec\u021bia de reanimare a Spitalului Clinic Municipal din B\u0103l\u021bi, \u00een urma unui traumatism asociat \u0219i grav, \u00een stare de com\u0103. Am predat pacientul. A fost intubat pe parcurs.<\/em>\u201d<\/p>\n<p>Serviciul de Pres\u0103 al Inspectoratului de Poli\u021bie B\u0103l\u021bi a precizat c\u0103 b\u0103rbatul este angajat la \u00eentreprinderea municipal\u0103 Regia \u201eAp\u0103-Canal-B\u0103l\u021bi\u201d \u0219i a fost accidentat la ie\u0219irea dintr-o groap\u0103 de canalizare.<\/p>\n<p>NATALIA  TOCARCIUC<br \/>\nCORNELIU  VIERU<br \/>\nIURIE  BOLD<\/p>\n<p><iframe width=\"420\" height=\"315\" data-src=\"https:\/\/www.youtube.com\/embed\/NJd6lhL_nbM\" frameborder=\"0\" allowfullscreen src=\"data:image\/svg+xml;base64,PHN2ZyB3aWR0aD0iMSIgaGVpZ2h0PSIxIiB4bWxucz0iaHR0cDovL3d3dy53My5vcmcvMjAwMC9zdmciPjwvc3ZnPg==\" class=\"lazyload\" data-load-mode=\"1\"><\/iframe><\/p>\n","protected":false},"excerpt":{"rendered":"<p>Un b\u0103rbat de 44 de ani din municipiul B\u0103l\u021bi se zbate \u00eentre via\u021b\u0103 \u0219i moarte, dup\u0103 ce a fost lovit de un automobil. \u00cen urma accidentului, b\u0103rbatul a ajuns \u00een com\u0103. Medicii au constatat c\u0103 acesta are nevoie de \u00eengrijiri speciale, care pot fi oferite doar \u00een Capital\u0103. Pentru a-l transporta de la Spitalul din [&hellip;]<\/p>\n","protected":false},"author":4,"featured_media":12045,"comment_status":"closed","ping_status":"closed","sticky":false,"template":"","format":"standard","meta":{"footnotes":""},"categories":[6353],"tags":[],"class_list":["post-12044","post","type-post","status-publish","format-standard","has-post-thumbnail","hentry","category-oras"],"yoast_head":"<!-- This site is optimized with the Yoast SEO plugin v27.4 - https:\/\/yoast.com\/product\/yoast-seo-wordpress\/ -->\n<title>UN B\u0102RBAT DIN B\u0102L\u021aI, TRANSPORTAT CU ELICOPTERUL SMURD LA CHI\u0218IN\u0102U - BTV<\/title>\n<meta name=\"robots\" content=\"index, follow, max-snippet:-1, max-image-preview:large, max-video-preview:-1\" \/>\n<link rel=\"canonical\" href=\"https:\/\/www.btv.md\/ro\/un-barbat-din-balti-transportat-cu-elicopterul-smurd-la-chisinau\/\" \/>\n<meta property=\"og:locale\" content=\"ro_RO\" \/>\n<meta property=\"og:type\" content=\"article\" \/>\n<meta property=\"og:title\" content=\"UN B\u0102RBAT DIN B\u0102L\u021aI, TRANSPORTAT CU ELICOPTERUL SMURD LA CHI\u0218IN\u0102U - BTV\" \/>\n<meta property=\"og:description\" content=\"Un b\u0103rbat de 44 de ani din municipiul B\u0103l\u021bi se zbate \u00eentre via\u021b\u0103 \u0219i moarte, dup\u0103 ce a fost lovit de un automobil. \u00cen urma accidentului, b\u0103rbatul a ajuns \u00een com\u0103. Medicii au constatat c\u0103 acesta are nevoie de \u00eengrijiri speciale, care pot fi oferite doar \u00een Capital\u0103. Pentru a-l transporta de la Spitalul din [&hellip;]\" \/>\n<meta property=\"og:url\" content=\"https:\/\/www.btv.md\/ro\/un-barbat-din-balti-transportat-cu-elicopterul-smurd-la-chisinau\/\" \/>\n<meta property=\"og:site_name\" content=\"BTV\" \/>\n<meta property=\"article:publisher\" content=\"https:\/\/www.facebook.com\/btvmoldova\/\" \/>\n<meta property=\"article:published_time\" content=\"2016-05-05T12:25:35+00:00\" \/>\n<meta property=\"article:modified_time\" content=\"2016-05-05T13:54:42+00:00\" \/>\n<meta property=\"og:image\" content=\"https:\/\/www.btv.md\/wp-content\/uploads\/2016\/05\/elicopter.png\" \/>\n\t<meta property=\"og:image:width\" content=\"1029\" \/>\n\t<meta property=\"og:image:height\" content=\"541\" \/>\n\t<meta property=\"og:image:type\" content=\"image\/png\" \/>\n<meta name=\"author\" content=\"admin\" \/>\n<meta name=\"twitter:label1\" content=\"Scris de\" \/>\n\t<meta name=\"twitter:data1\" content=\"admin\" \/>\n\t<meta name=\"twitter:label2\" content=\"Timp estimat pentru citire\" \/>\n\t<meta name=\"twitter:data2\" content=\"1 minut\" \/>\n<script type=\"application\/ld+json\" class=\"yoast-schema-graph\">{\"@context\":\"https:\\\/\\\/schema.org\",\"@graph\":[{\"@type\":\"Article\",\"@id\":\"https:\\\/\\\/www.btv.md\\\/ro\\\/un-barbat-din-balti-transportat-cu-elicopterul-smurd-la-chisinau\\\/#article\",\"isPartOf\":{\"@id\":\"https:\\\/\\\/www.btv.md\\\/ro\\\/un-barbat-din-balti-transportat-cu-elicopterul-smurd-la-chisinau\\\/\"},\"author\":{\"name\":\"admin\",\"@id\":\"https:\\\/\\\/www.btv.md\\\/#\\\/schema\\\/person\\\/8fadce81561b3ce2c34c46dadc4ccbf2\"},\"headline\":\"UN B\u0102RBAT DIN B\u0102L\u021aI, TRANSPORTAT CU ELICOPTERUL SMURD LA CHI\u0218IN\u0102U\",\"datePublished\":\"2016-05-05T12:25:35+00:00\",\"dateModified\":\"2016-05-05T13:54:42+00:00\",\"mainEntityOfPage\":{\"@id\":\"https:\\\/\\\/www.btv.md\\\/ro\\\/un-barbat-din-balti-transportat-cu-elicopterul-smurd-la-chisinau\\\/\"},\"wordCount\":234,\"image\":{\"@id\":\"https:\\\/\\\/www.btv.md\\\/ro\\\/un-barbat-din-balti-transportat-cu-elicopterul-smurd-la-chisinau\\\/#primaryimage\"},\"thumbnailUrl\":\"https:\\\/\\\/www.btv.md\\\/wp-content\\\/uploads\\\/2016\\\/05\\\/elicopter.png\",\"articleSection\":[\"Ora\u0219\"],\"inLanguage\":\"ro-RO\"},{\"@type\":\"WebPage\",\"@id\":\"https:\\\/\\\/www.btv.md\\\/ro\\\/un-barbat-din-balti-transportat-cu-elicopterul-smurd-la-chisinau\\\/\",\"url\":\"https:\\\/\\\/www.btv.md\\\/ro\\\/un-barbat-din-balti-transportat-cu-elicopterul-smurd-la-chisinau\\\/\",\"name\":\"UN B\u0102RBAT DIN B\u0102L\u021aI, TRANSPORTAT CU ELICOPTERUL SMURD LA CHI\u0218IN\u0102U - BTV\",\"isPartOf\":{\"@id\":\"https:\\\/\\\/www.btv.md\\\/#website\"},\"primaryImageOfPage\":{\"@id\":\"https:\\\/\\\/www.btv.md\\\/ro\\\/un-barbat-din-balti-transportat-cu-elicopterul-smurd-la-chisinau\\\/#primaryimage\"},\"image\":{\"@id\":\"https:\\\/\\\/www.btv.md\\\/ro\\\/un-barbat-din-balti-transportat-cu-elicopterul-smurd-la-chisinau\\\/#primaryimage\"},\"thumbnailUrl\":\"https:\\\/\\\/www.btv.md\\\/wp-content\\\/uploads\\\/2016\\\/05\\\/elicopter.png\",\"datePublished\":\"2016-05-05T12:25:35+00:00\",\"dateModified\":\"2016-05-05T13:54:42+00:00\",\"author\":{\"@id\":\"https:\\\/\\\/www.btv.md\\\/#\\\/schema\\\/person\\\/8fadce81561b3ce2c34c46dadc4ccbf2\"},\"inLanguage\":\"ro-RO\",\"potentialAction\":[{\"@type\":\"ReadAction\",\"target\":[\"https:\\\/\\\/www.btv.md\\\/ro\\\/un-barbat-din-balti-transportat-cu-elicopterul-smurd-la-chisinau\\\/\"]}]},{\"@type\":\"ImageObject\",\"inLanguage\":\"ro-RO\",\"@id\":\"https:\\\/\\\/www.btv.md\\\/ro\\\/un-barbat-din-balti-transportat-cu-elicopterul-smurd-la-chisinau\\\/#primaryimage\",\"url\":\"https:\\\/\\\/www.btv.md\\\/wp-content\\\/uploads\\\/2016\\\/05\\\/elicopter.png\",\"contentUrl\":\"https:\\\/\\\/www.btv.md\\\/wp-content\\\/uploads\\\/2016\\\/05\\\/elicopter.png\",\"width\":1029,\"height\":541},{\"@type\":\"WebSite\",\"@id\":\"https:\\\/\\\/www.btv.md\\\/#website\",\"url\":\"https:\\\/\\\/www.btv.md\\\/\",\"name\":\"BTV\",\"description\":\"\u0411\u0435\u043b\u044c\u0446\u043a\u043e\u0435 \u0442\u0435\u043b\u0435\u0432\u0438\u0434\u0435\u043d\u0438\u0435\",\"potentialAction\":[{\"@type\":\"SearchAction\",\"target\":{\"@type\":\"EntryPoint\",\"urlTemplate\":\"https:\\\/\\\/www.btv.md\\\/?s={search_term_string}\"},\"query-input\":{\"@type\":\"PropertyValueSpecification\",\"valueRequired\":true,\"valueName\":\"search_term_string\"}}],\"inLanguage\":\"ro-RO\"},{\"@type\":\"Person\",\"@id\":\"https:\\\/\\\/www.btv.md\\\/#\\\/schema\\\/person\\\/8fadce81561b3ce2c34c46dadc4ccbf2\",\"name\":\"admin\"}]}<\/script>\n<!-- \/ Yoast SEO plugin. -->","yoast_head_json":{"title":"UN B\u0102RBAT DIN B\u0102L\u021aI, TRANSPORTAT CU ELICOPTERUL SMURD LA CHI\u0218IN\u0102U - BTV","robots":{"index":"index","follow":"follow","max-snippet":"max-snippet:-1","max-image-preview":"max-image-preview:large","max-video-preview":"max-video-preview:-1"},"canonical":"https:\/\/www.btv.md\/ro\/un-barbat-din-balti-transportat-cu-elicopterul-smurd-la-chisinau\/","og_locale":"ro_RO","og_type":"article","og_title":"UN B\u0102RBAT DIN B\u0102L\u021aI, TRANSPORTAT CU ELICOPTERUL SMURD LA CHI\u0218IN\u0102U - BTV","og_description":"Un b\u0103rbat de 44 de ani din municipiul B\u0103l\u021bi se zbate \u00eentre via\u021b\u0103 \u0219i moarte, dup\u0103 ce a fost lovit de un automobil. \u00cen urma accidentului, b\u0103rbatul a ajuns \u00een com\u0103. Medicii au constatat c\u0103 acesta are nevoie de \u00eengrijiri speciale, care pot fi oferite doar \u00een Capital\u0103. Pentru a-l transporta de la Spitalul din [&hellip;]","og_url":"https:\/\/www.btv.md\/ro\/un-barbat-din-balti-transportat-cu-elicopterul-smurd-la-chisinau\/","og_site_name":"BTV","article_publisher":"https:\/\/www.facebook.com\/btvmoldova\/","article_published_time":"2016-05-05T12:25:35+00:00","article_modified_time":"2016-05-05T13:54:42+00:00","og_image":[{"width":1029,"height":541,"url":"https:\/\/www.btv.md\/wp-content\/uploads\/2016\/05\/elicopter.png","type":"image\/png"}],"author":"admin","twitter_misc":{"Scris de":"admin","Timp estimat pentru citire":"1 minut"},"schema":{"@context":"https:\/\/schema.org","@graph":[{"@type":"Article","@id":"https:\/\/www.btv.md\/ro\/un-barbat-din-balti-transportat-cu-elicopterul-smurd-la-chisinau\/#article","isPartOf":{"@id":"https:\/\/www.btv.md\/ro\/un-barbat-din-balti-transportat-cu-elicopterul-smurd-la-chisinau\/"},"author":{"name":"admin","@id":"https:\/\/www.btv.md\/#\/schema\/person\/8fadce81561b3ce2c34c46dadc4ccbf2"},"headline":"UN B\u0102RBAT DIN B\u0102L\u021aI, TRANSPORTAT CU ELICOPTERUL SMURD LA CHI\u0218IN\u0102U","datePublished":"2016-05-05T12:25:35+00:00","dateModified":"2016-05-05T13:54:42+00:00","mainEntityOfPage":{"@id":"https:\/\/www.btv.md\/ro\/un-barbat-din-balti-transportat-cu-elicopterul-smurd-la-chisinau\/"},"wordCount":234,"image":{"@id":"https:\/\/www.btv.md\/ro\/un-barbat-din-balti-transportat-cu-elicopterul-smurd-la-chisinau\/#primaryimage"},"thumbnailUrl":"https:\/\/www.btv.md\/wp-content\/uploads\/2016\/05\/elicopter.png","articleSection":["Ora\u0219"],"inLanguage":"ro-RO"},{"@type":"WebPage","@id":"https:\/\/www.btv.md\/ro\/un-barbat-din-balti-transportat-cu-elicopterul-smurd-la-chisinau\/","url":"https:\/\/www.btv.md\/ro\/un-barbat-din-balti-transportat-cu-elicopterul-smurd-la-chisinau\/","name":"UN B\u0102RBAT DIN B\u0102L\u021aI, TRANSPORTAT CU ELICOPTERUL SMURD LA CHI\u0218IN\u0102U - BTV","isPartOf":{"@id":"https:\/\/www.btv.md\/#website"},"primaryImageOfPage":{"@id":"https:\/\/www.btv.md\/ro\/un-barbat-din-balti-transportat-cu-elicopterul-smurd-la-chisinau\/#primaryimage"},"image":{"@id":"https:\/\/www.btv.md\/ro\/un-barbat-din-balti-transportat-cu-elicopterul-smurd-la-chisinau\/#primaryimage"},"thumbnailUrl":"https:\/\/www.btv.md\/wp-content\/uploads\/2016\/05\/elicopter.png","datePublished":"2016-05-05T12:25:35+00:00","dateModified":"2016-05-05T13:54:42+00:00","author":{"@id":"https:\/\/www.btv.md\/#\/schema\/person\/8fadce81561b3ce2c34c46dadc4ccbf2"},"inLanguage":"ro-RO","potentialAction":[{"@type":"ReadAction","target":["https:\/\/www.btv.md\/ro\/un-barbat-din-balti-transportat-cu-elicopterul-smurd-la-chisinau\/"]}]},{"@type":"ImageObject","inLanguage":"ro-RO","@id":"https:\/\/www.btv.md\/ro\/un-barbat-din-balti-transportat-cu-elicopterul-smurd-la-chisinau\/#primaryimage","url":"https:\/\/www.btv.md\/wp-content\/uploads\/2016\/05\/elicopter.png","contentUrl":"https:\/\/www.btv.md\/wp-content\/uploads\/2016\/05\/elicopter.png","width":1029,"height":541},{"@type":"WebSite","@id":"https:\/\/www.btv.md\/#website","url":"https:\/\/www.btv.md\/","name":"BTV","description":"\u0411\u0435\u043b\u044c\u0446\u043a\u043e\u0435 \u0442\u0435\u043b\u0435\u0432\u0438\u0434\u0435\u043d\u0438\u0435","potentialAction":[{"@type":"SearchAction","target":{"@type":"EntryPoint","urlTemplate":"https:\/\/www.btv.md\/?s={search_term_string}"},"query-input":{"@type":"PropertyValueSpecification","valueRequired":true,"valueName":"search_term_string"}}],"inLanguage":"ro-RO"},{"@type":"Person","@id":"https:\/\/www.btv.md\/#\/schema\/person\/8fadce81561b3ce2c34c46dadc4ccbf2","name":"admin"}]}},"_links":{"self":[{"href":"https:\/\/www.btv.md\/ro\/wp-json\/wp\/v2\/posts\/12044","targetHints":{"allow":["GET"]}}],"collection":[{"href":"https:\/\/www.btv.md\/ro\/wp-json\/wp\/v2\/posts"}],"about":[{"href":"https:\/\/www.btv.md\/ro\/wp-json\/wp\/v2\/types\/post"}],"author":[{"embeddable":true,"href":"https:\/\/www.btv.md\/ro\/wp-json\/wp\/v2\/users\/4"}],"replies":[{"embeddable":true,"href":"https:\/\/www.btv.md\/ro\/wp-json\/wp\/v2\/comments?post=12044"}],"version-history":[{"count":0,"href":"https:\/\/www.btv.md\/ro\/wp-json\/wp\/v2\/posts\/12044\/revisions"}],"wp:featuredmedia":[{"embeddable":true,"href":"https:\/\/www.btv.md\/ro\/wp-json\/wp\/v2\/media\/12045"}],"wp:attachment":[{"href":"https:\/\/www.btv.md\/ro\/wp-json\/wp\/v2\/media?parent=12044"}],"wp:term":[{"taxonomy":"category","embeddable":true,"href":"https:\/\/www.btv.md\/ro\/wp-json\/wp\/v2\/categories?post=12044"},{"taxonomy":"post_tag","embeddable":true,"href":"https:\/\/www.btv.md\/ro\/wp-json\/wp\/v2\/tags?post=12044"}],"curies":[{"name":"wp","href":"https:\/\/api.w.org\/{rel}","templated":true}]}}