{"id":12047,"date":"2016-05-05T16:56:40","date_gmt":"2016-05-05T13:56:40","guid":{"rendered":"http:\/\/btv.md\/?p=12047"},"modified":"2016-05-05T16:56:40","modified_gmt":"2016-05-05T13:56:40","slug":"flashmob-la-ambasada-sua-manifestantii-au-cerut-autoritatilor-americane-arestarea-lui-plahotniuc","status":"publish","type":"post","link":"https:\/\/www.btv.md\/ro\/flashmob-la-ambasada-sua-manifestantii-au-cerut-autoritatilor-americane-arestarea-lui-plahotniuc\/","title":{"rendered":"FLASHMOB LA AMBASADA SUA: MANIFESTAN\u0162II AU CERUT AUTORIT\u0102\u0162ILOR AMERICANE ARESTAREA LUI PLAHOTNIUC"},"content":{"rendered":"<p><strong>Un grup de tineri a organizat joi un flashmob \u00een fa\u0163a Ambasadei SUA la Chi\u015fin\u0103u, \u00een cadrul c\u0103ruia le-au cerut autorit\u0103\u0163ilor americane arestarea vicepre\u015fedintelui PD, Vladimir Plahotniuc.<\/strong><\/p>\n<p>Ac\u0163iunea de protest a avut loc \u00een contextul actualei vizite a oligarhului Plahotniuc \u00een SUA, mai nou, \u00een calitate de coordonator executiv al Consiliului Coali\u0163iei de Guvernare. Protestatarii au \u0163inut postere pe care descriau implicarea PD-ului \u00een furtul miliardului: \u00een schema anabolizantelor de la Po\u015fta Moldovei \u015fi moartea celor patru americani ca rezultat al utiliz\u0103rii acestora; \u00een b\u0103nuita mituire a celor 14 deputa\u0163i transfugi ex-PCRM; \u00een blocarea transportului public \u00een timpul ultimului protest masiv de la Chi\u015fin\u0103u, \u00een sp\u0103larea a 30 miliarde de dolari ai mafiei ruse\u015fti prin b\u0103nci moldovene\u015fti, precum \u015fi monitorizarea lui Plahotniuc de c\u0103tre Interpol pentru leg\u0103turile cu mafia ruseasc\u0103.<\/p>\n<p>Pe parcursul celor 3 minute \u00een care s-a desf\u0103\u015furat flashmobul, a r\u0103sunat renumita pies\u0103 \u201eBlowin\u2019 In The Wind\u201d de Bob Dylan, al c\u0103rei mesaj politic vorbe\u015fte despre faptul c\u0103, cel mai des, solu\u0163ia unei probleme clare este foarte evident\u0103 dar \u015fi efemer\u0103, astfel c\u0103 pu\u0163ini se deranjeaz\u0103 s-o \u00een\u0163eleag\u0103 sau s\u0103 o implementeze \u00een timp util. Ace\u015ftia i-au transmis \u015fi o scrisoare ambasadorului James Pettit, prin care solicit\u0103 sus\u0163inerea autorit\u0103\u0163ilor americane \u00een punerea sub arest a lui Plahotniuc.<\/p>\n<p><iframe width=\"420\" height=\"315\" data-src=\"https:\/\/www.youtube.com\/embed\/apIZLAWs9ZE\" frameborder=\"0\" allowfullscreen src=\"data:image\/svg+xml;base64,PHN2ZyB3aWR0aD0iMSIgaGVpZ2h0PSIxIiB4bWxucz0iaHR0cDovL3d3dy53My5vcmcvMjAwMC9zdmciPjwvc3ZnPg==\" class=\"lazyload\" data-load-mode=\"1\"><\/iframe><\/p>\n","protected":false},"excerpt":{"rendered":"<p>Un grup de tineri a organizat joi un flashmob \u00een fa\u0163a Ambasadei SUA la Chi\u015fin\u0103u, \u00een cadrul c\u0103ruia le-au cerut autorit\u0103\u0163ilor americane arestarea vicepre\u015fedintelui PD, Vladimir Plahotniuc. Ac\u0163iunea de protest a avut loc \u00een contextul actualei vizite a oligarhului Plahotniuc \u00een SUA, mai nou, \u00een calitate de coordonator executiv al Consiliului Coali\u0163iei de Guvernare. Protestatarii [&hellip;]<\/p>\n","protected":false},"author":4,"featured_media":12049,"comment_status":"closed","ping_status":"closed","sticky":false,"template":"","format":"standard","meta":{"footnotes":""},"categories":[6368],"tags":[],"class_list":["post-12047","post","type-post","status-publish","format-standard","has-post-thumbnail","hentry","category-politica-ro"],"yoast_head":"<!-- This site is optimized with the Yoast SEO plugin v27.4 - https:\/\/yoast.com\/product\/yoast-seo-wordpress\/ -->\n<title>FLASHMOB LA AMBASADA SUA: MANIFESTAN\u0162II AU CERUT AUTORIT\u0102\u0162ILOR AMERICANE ARESTAREA LUI PLAHOTNIUC - BTV<\/title>\n<meta name=\"robots\" content=\"index, follow, max-snippet:-1, max-image-preview:large, max-video-preview:-1\" \/>\n<link rel=\"canonical\" href=\"https:\/\/www.btv.md\/ro\/amp\/flashmob-la-ambasada-sua-manifestantii-au-cerut-autoritatilor-americane-arestarea-lui-plahotniuc\/\" \/>\n<meta property=\"og:locale\" content=\"ro_RO\" \/>\n<meta property=\"og:type\" content=\"article\" \/>\n<meta property=\"og:title\" content=\"FLASHMOB LA AMBASADA SUA: MANIFESTAN\u0162II AU CERUT AUTORIT\u0102\u0162ILOR AMERICANE ARESTAREA LUI PLAHOTNIUC - BTV\" \/>\n<meta property=\"og:description\" content=\"Un grup de tineri a organizat joi un flashmob \u00een fa\u0163a Ambasadei SUA la Chi\u015fin\u0103u, \u00een cadrul c\u0103ruia le-au cerut autorit\u0103\u0163ilor americane arestarea vicepre\u015fedintelui PD, Vladimir Plahotniuc. Ac\u0163iunea de protest a avut loc \u00een contextul actualei vizite a oligarhului Plahotniuc \u00een SUA, mai nou, \u00een calitate de coordonator executiv al Consiliului Coali\u0163iei de Guvernare. Protestatarii [&hellip;]\" \/>\n<meta property=\"og:url\" content=\"https:\/\/www.btv.md\/ro\/amp\/flashmob-la-ambasada-sua-manifestantii-au-cerut-autoritatilor-americane-arestarea-lui-plahotniuc\/\" \/>\n<meta property=\"og:site_name\" content=\"BTV\" \/>\n<meta property=\"article:publisher\" content=\"https:\/\/www.facebook.com\/btvmoldova\/\" \/>\n<meta property=\"article:published_time\" content=\"2016-05-05T13:56:40+00:00\" \/>\n<meta property=\"og:image\" content=\"https:\/\/www.btv.md\/wp-content\/uploads\/2016\/05\/video-protest-la-ambasada-sua-au-cerut-autoritatilor-americane-arestarea-lui-plahotniuc-1462375014.jpg\" \/>\n\t<meta property=\"og:image:width\" content=\"700\" \/>\n\t<meta property=\"og:image:height\" content=\"394\" \/>\n\t<meta property=\"og:image:type\" content=\"image\/jpeg\" \/>\n<meta name=\"author\" content=\"admin\" \/>\n<meta name=\"twitter:label1\" content=\"Scris de\" \/>\n\t<meta name=\"twitter:data1\" content=\"admin\" \/>\n\t<meta name=\"twitter:label2\" content=\"Timp estimat pentru citire\" \/>\n\t<meta name=\"twitter:data2\" content=\"1 minut\" \/>\n<script type=\"application\/ld+json\" class=\"yoast-schema-graph\">{\"@context\":\"https:\\\/\\\/schema.org\",\"@graph\":[{\"@type\":\"Article\",\"@id\":\"https:\\\/\\\/www.btv.md\\\/ro\\\/amp\\\/flashmob-la-ambasada-sua-manifestantii-au-cerut-autoritatilor-americane-arestarea-lui-plahotniuc\\\/#article\",\"isPartOf\":{\"@id\":\"https:\\\/\\\/www.btv.md\\\/ro\\\/amp\\\/flashmob-la-ambasada-sua-manifestantii-au-cerut-autoritatilor-americane-arestarea-lui-plahotniuc\\\/\"},\"author\":{\"name\":\"admin\",\"@id\":\"https:\\\/\\\/www.btv.md\\\/#\\\/schema\\\/person\\\/8fadce81561b3ce2c34c46dadc4ccbf2\"},\"headline\":\"FLASHMOB LA AMBASADA SUA: MANIFESTAN\u0162II AU CERUT AUTORIT\u0102\u0162ILOR AMERICANE ARESTAREA LUI PLAHOTNIUC\",\"datePublished\":\"2016-05-05T13:56:40+00:00\",\"mainEntityOfPage\":{\"@id\":\"https:\\\/\\\/www.btv.md\\\/ro\\\/amp\\\/flashmob-la-ambasada-sua-manifestantii-au-cerut-autoritatilor-americane-arestarea-lui-plahotniuc\\\/\"},\"wordCount\":249,\"image\":{\"@id\":\"https:\\\/\\\/www.btv.md\\\/ro\\\/amp\\\/flashmob-la-ambasada-sua-manifestantii-au-cerut-autoritatilor-americane-arestarea-lui-plahotniuc\\\/#primaryimage\"},\"thumbnailUrl\":\"https:\\\/\\\/www.btv.md\\\/wp-content\\\/uploads\\\/2016\\\/05\\\/video-protest-la-ambasada-sua-au-cerut-autoritatilor-americane-arestarea-lui-plahotniuc-1462375014.jpg\",\"articleSection\":[\"Politic\u0103\"],\"inLanguage\":\"ro-RO\"},{\"@type\":\"WebPage\",\"@id\":\"https:\\\/\\\/www.btv.md\\\/ro\\\/amp\\\/flashmob-la-ambasada-sua-manifestantii-au-cerut-autoritatilor-americane-arestarea-lui-plahotniuc\\\/\",\"url\":\"https:\\\/\\\/www.btv.md\\\/ro\\\/amp\\\/flashmob-la-ambasada-sua-manifestantii-au-cerut-autoritatilor-americane-arestarea-lui-plahotniuc\\\/\",\"name\":\"FLASHMOB LA AMBASADA SUA: MANIFESTAN\u0162II AU CERUT AUTORIT\u0102\u0162ILOR AMERICANE ARESTAREA LUI PLAHOTNIUC - BTV\",\"isPartOf\":{\"@id\":\"https:\\\/\\\/www.btv.md\\\/#website\"},\"primaryImageOfPage\":{\"@id\":\"https:\\\/\\\/www.btv.md\\\/ro\\\/amp\\\/flashmob-la-ambasada-sua-manifestantii-au-cerut-autoritatilor-americane-arestarea-lui-plahotniuc\\\/#primaryimage\"},\"image\":{\"@id\":\"https:\\\/\\\/www.btv.md\\\/ro\\\/amp\\\/flashmob-la-ambasada-sua-manifestantii-au-cerut-autoritatilor-americane-arestarea-lui-plahotniuc\\\/#primaryimage\"},\"thumbnailUrl\":\"https:\\\/\\\/www.btv.md\\\/wp-content\\\/uploads\\\/2016\\\/05\\\/video-protest-la-ambasada-sua-au-cerut-autoritatilor-americane-arestarea-lui-plahotniuc-1462375014.jpg\",\"datePublished\":\"2016-05-05T13:56:40+00:00\",\"author\":{\"@id\":\"https:\\\/\\\/www.btv.md\\\/#\\\/schema\\\/person\\\/8fadce81561b3ce2c34c46dadc4ccbf2\"},\"inLanguage\":\"ro-RO\",\"potentialAction\":[{\"@type\":\"ReadAction\",\"target\":[\"https:\\\/\\\/www.btv.md\\\/ro\\\/amp\\\/flashmob-la-ambasada-sua-manifestantii-au-cerut-autoritatilor-americane-arestarea-lui-plahotniuc\\\/\"]}]},{\"@type\":\"ImageObject\",\"inLanguage\":\"ro-RO\",\"@id\":\"https:\\\/\\\/www.btv.md\\\/ro\\\/amp\\\/flashmob-la-ambasada-sua-manifestantii-au-cerut-autoritatilor-americane-arestarea-lui-plahotniuc\\\/#primaryimage\",\"url\":\"https:\\\/\\\/www.btv.md\\\/wp-content\\\/uploads\\\/2016\\\/05\\\/video-protest-la-ambasada-sua-au-cerut-autoritatilor-americane-arestarea-lui-plahotniuc-1462375014.jpg\",\"contentUrl\":\"https:\\\/\\\/www.btv.md\\\/wp-content\\\/uploads\\\/2016\\\/05\\\/video-protest-la-ambasada-sua-au-cerut-autoritatilor-americane-arestarea-lui-plahotniuc-1462375014.jpg\",\"width\":700,\"height\":394,\"caption\":\"unimedia.info\"},{\"@type\":\"WebSite\",\"@id\":\"https:\\\/\\\/www.btv.md\\\/#website\",\"url\":\"https:\\\/\\\/www.btv.md\\\/\",\"name\":\"BTV\",\"description\":\"\u0411\u0435\u043b\u044c\u0446\u043a\u043e\u0435 \u0442\u0435\u043b\u0435\u0432\u0438\u0434\u0435\u043d\u0438\u0435\",\"potentialAction\":[{\"@type\":\"SearchAction\",\"target\":{\"@type\":\"EntryPoint\",\"urlTemplate\":\"https:\\\/\\\/www.btv.md\\\/?s={search_term_string}\"},\"query-input\":{\"@type\":\"PropertyValueSpecification\",\"valueRequired\":true,\"valueName\":\"search_term_string\"}}],\"inLanguage\":\"ro-RO\"},{\"@type\":\"Person\",\"@id\":\"https:\\\/\\\/www.btv.md\\\/#\\\/schema\\\/person\\\/8fadce81561b3ce2c34c46dadc4ccbf2\",\"name\":\"admin\"}]}<\/script>\n<!-- \/ Yoast SEO plugin. -->","yoast_head_json":{"title":"FLASHMOB LA AMBASADA SUA: MANIFESTAN\u0162II AU CERUT AUTORIT\u0102\u0162ILOR AMERICANE ARESTAREA LUI PLAHOTNIUC - BTV","robots":{"index":"index","follow":"follow","max-snippet":"max-snippet:-1","max-image-preview":"max-image-preview:large","max-video-preview":"max-video-preview:-1"},"canonical":"https:\/\/www.btv.md\/ro\/amp\/flashmob-la-ambasada-sua-manifestantii-au-cerut-autoritatilor-americane-arestarea-lui-plahotniuc\/","og_locale":"ro_RO","og_type":"article","og_title":"FLASHMOB LA AMBASADA SUA: MANIFESTAN\u0162II AU CERUT AUTORIT\u0102\u0162ILOR AMERICANE ARESTAREA LUI PLAHOTNIUC - BTV","og_description":"Un grup de tineri a organizat joi un flashmob \u00een fa\u0163a Ambasadei SUA la Chi\u015fin\u0103u, \u00een cadrul c\u0103ruia le-au cerut autorit\u0103\u0163ilor americane arestarea vicepre\u015fedintelui PD, Vladimir Plahotniuc. Ac\u0163iunea de protest a avut loc \u00een contextul actualei vizite a oligarhului Plahotniuc \u00een SUA, mai nou, \u00een calitate de coordonator executiv al Consiliului Coali\u0163iei de Guvernare. Protestatarii [&hellip;]","og_url":"https:\/\/www.btv.md\/ro\/amp\/flashmob-la-ambasada-sua-manifestantii-au-cerut-autoritatilor-americane-arestarea-lui-plahotniuc\/","og_site_name":"BTV","article_publisher":"https:\/\/www.facebook.com\/btvmoldova\/","article_published_time":"2016-05-05T13:56:40+00:00","og_image":[{"width":700,"height":394,"url":"https:\/\/www.btv.md\/wp-content\/uploads\/2016\/05\/video-protest-la-ambasada-sua-au-cerut-autoritatilor-americane-arestarea-lui-plahotniuc-1462375014.jpg","type":"image\/jpeg"}],"author":"admin","twitter_misc":{"Scris de":"admin","Timp estimat pentru citire":"1 minut"},"schema":{"@context":"https:\/\/schema.org","@graph":[{"@type":"Article","@id":"https:\/\/www.btv.md\/ro\/amp\/flashmob-la-ambasada-sua-manifestantii-au-cerut-autoritatilor-americane-arestarea-lui-plahotniuc\/#article","isPartOf":{"@id":"https:\/\/www.btv.md\/ro\/amp\/flashmob-la-ambasada-sua-manifestantii-au-cerut-autoritatilor-americane-arestarea-lui-plahotniuc\/"},"author":{"name":"admin","@id":"https:\/\/www.btv.md\/#\/schema\/person\/8fadce81561b3ce2c34c46dadc4ccbf2"},"headline":"FLASHMOB LA AMBASADA SUA: MANIFESTAN\u0162II AU CERUT AUTORIT\u0102\u0162ILOR AMERICANE ARESTAREA LUI PLAHOTNIUC","datePublished":"2016-05-05T13:56:40+00:00","mainEntityOfPage":{"@id":"https:\/\/www.btv.md\/ro\/amp\/flashmob-la-ambasada-sua-manifestantii-au-cerut-autoritatilor-americane-arestarea-lui-plahotniuc\/"},"wordCount":249,"image":{"@id":"https:\/\/www.btv.md\/ro\/amp\/flashmob-la-ambasada-sua-manifestantii-au-cerut-autoritatilor-americane-arestarea-lui-plahotniuc\/#primaryimage"},"thumbnailUrl":"https:\/\/www.btv.md\/wp-content\/uploads\/2016\/05\/video-protest-la-ambasada-sua-au-cerut-autoritatilor-americane-arestarea-lui-plahotniuc-1462375014.jpg","articleSection":["Politic\u0103"],"inLanguage":"ro-RO"},{"@type":"WebPage","@id":"https:\/\/www.btv.md\/ro\/amp\/flashmob-la-ambasada-sua-manifestantii-au-cerut-autoritatilor-americane-arestarea-lui-plahotniuc\/","url":"https:\/\/www.btv.md\/ro\/amp\/flashmob-la-ambasada-sua-manifestantii-au-cerut-autoritatilor-americane-arestarea-lui-plahotniuc\/","name":"FLASHMOB LA AMBASADA SUA: MANIFESTAN\u0162II AU CERUT AUTORIT\u0102\u0162ILOR AMERICANE ARESTAREA LUI PLAHOTNIUC - BTV","isPartOf":{"@id":"https:\/\/www.btv.md\/#website"},"primaryImageOfPage":{"@id":"https:\/\/www.btv.md\/ro\/amp\/flashmob-la-ambasada-sua-manifestantii-au-cerut-autoritatilor-americane-arestarea-lui-plahotniuc\/#primaryimage"},"image":{"@id":"https:\/\/www.btv.md\/ro\/amp\/flashmob-la-ambasada-sua-manifestantii-au-cerut-autoritatilor-americane-arestarea-lui-plahotniuc\/#primaryimage"},"thumbnailUrl":"https:\/\/www.btv.md\/wp-content\/uploads\/2016\/05\/video-protest-la-ambasada-sua-au-cerut-autoritatilor-americane-arestarea-lui-plahotniuc-1462375014.jpg","datePublished":"2016-05-05T13:56:40+00:00","author":{"@id":"https:\/\/www.btv.md\/#\/schema\/person\/8fadce81561b3ce2c34c46dadc4ccbf2"},"inLanguage":"ro-RO","potentialAction":[{"@type":"ReadAction","target":["https:\/\/www.btv.md\/ro\/amp\/flashmob-la-ambasada-sua-manifestantii-au-cerut-autoritatilor-americane-arestarea-lui-plahotniuc\/"]}]},{"@type":"ImageObject","inLanguage":"ro-RO","@id":"https:\/\/www.btv.md\/ro\/amp\/flashmob-la-ambasada-sua-manifestantii-au-cerut-autoritatilor-americane-arestarea-lui-plahotniuc\/#primaryimage","url":"https:\/\/www.btv.md\/wp-content\/uploads\/2016\/05\/video-protest-la-ambasada-sua-au-cerut-autoritatilor-americane-arestarea-lui-plahotniuc-1462375014.jpg","contentUrl":"https:\/\/www.btv.md\/wp-content\/uploads\/2016\/05\/video-protest-la-ambasada-sua-au-cerut-autoritatilor-americane-arestarea-lui-plahotniuc-1462375014.jpg","width":700,"height":394,"caption":"unimedia.info"},{"@type":"WebSite","@id":"https:\/\/www.btv.md\/#website","url":"https:\/\/www.btv.md\/","name":"BTV","description":"\u0411\u0435\u043b\u044c\u0446\u043a\u043e\u0435 \u0442\u0435\u043b\u0435\u0432\u0438\u0434\u0435\u043d\u0438\u0435","potentialAction":[{"@type":"SearchAction","target":{"@type":"EntryPoint","urlTemplate":"https:\/\/www.btv.md\/?s={search_term_string}"},"query-input":{"@type":"PropertyValueSpecification","valueRequired":true,"valueName":"search_term_string"}}],"inLanguage":"ro-RO"},{"@type":"Person","@id":"https:\/\/www.btv.md\/#\/schema\/person\/8fadce81561b3ce2c34c46dadc4ccbf2","name":"admin"}]}},"_links":{"self":[{"href":"https:\/\/www.btv.md\/ro\/wp-json\/wp\/v2\/posts\/12047","targetHints":{"allow":["GET"]}}],"collection":[{"href":"https:\/\/www.btv.md\/ro\/wp-json\/wp\/v2\/posts"}],"about":[{"href":"https:\/\/www.btv.md\/ro\/wp-json\/wp\/v2\/types\/post"}],"author":[{"embeddable":true,"href":"https:\/\/www.btv.md\/ro\/wp-json\/wp\/v2\/users\/4"}],"replies":[{"embeddable":true,"href":"https:\/\/www.btv.md\/ro\/wp-json\/wp\/v2\/comments?post=12047"}],"version-history":[{"count":0,"href":"https:\/\/www.btv.md\/ro\/wp-json\/wp\/v2\/posts\/12047\/revisions"}],"wp:featuredmedia":[{"embeddable":true,"href":"https:\/\/www.btv.md\/ro\/wp-json\/wp\/v2\/media\/12049"}],"wp:attachment":[{"href":"https:\/\/www.btv.md\/ro\/wp-json\/wp\/v2\/media?parent=12047"}],"wp:term":[{"taxonomy":"category","embeddable":true,"href":"https:\/\/www.btv.md\/ro\/wp-json\/wp\/v2\/categories?post=12047"},{"taxonomy":"post_tag","embeddable":true,"href":"https:\/\/www.btv.md\/ro\/wp-json\/wp\/v2\/tags?post=12047"}],"curies":[{"name":"wp","href":"https:\/\/api.w.org\/{rel}","templated":true}]}}