{"id":12091,"date":"2016-05-06T12:49:59","date_gmt":"2016-05-06T09:49:59","guid":{"rendered":"http:\/\/btv.md\/?p=12091"},"modified":"2016-05-06T12:49:59","modified_gmt":"2016-05-06T09:49:59","slug":"viceministrul-sanatatii-cu-case-de-milioane-si-actiuni-la-intreprinderi-comerciale","status":"publish","type":"post","link":"https:\/\/www.btv.md\/ro\/viceministrul-sanatatii-cu-case-de-milioane-si-actiuni-la-intreprinderi-comerciale\/","title":{"rendered":"VICEMINISTRUL  S\u0102N\u0102T\u0102\u021aII, CU CASE  DE  MILIOANE \u0218I AC\u021aIUNI  LA  \u00ceNTREPRINDERI  COMERCIALE"},"content":{"rendered":"<p><strong>Cu o experien\u021b\u0103 de munc\u0103 \u00een sistemul s\u0103n\u0103t\u0103\u021bii de aproximativ 16 ani, Liliana Ia\u0219an, ultimul viceministru de la S\u0103n\u0103tate numit \u00een func\u021bie a reu\u0219it s\u0103 acumuleze o avere deloc modest\u0103. Potrivit declara\u021biei cu privire la propriet\u0103\u021bi \u0219i venituri pentru anul 2015, Ia\u0219an de\u021bine o cas\u0103 de locuit \u00een valoare de peste 1,7 milioane de lei, ac\u021biuni la \u00eentreprinderi comerciale, dar \u0219i o ma\u0219in\u0103 \u00een valoare de peste 230 de mii de lei, scrie <a href=\"http:\/\/www.e-sanatate.md\/News\/5747#sthash.JknPRKoe.dpuf\" target=\"_blank\">sanatate.md<\/a>.<\/strong><\/p>\n<p>La mai bine de dou\u0103 luni de c\u00e2nd a fost numit\u0103 \u00een func\u021bia de viceministru la S\u0103n\u0103tate, Ministerul S\u0103n\u0103t\u0103\u021bii a publicat pe site-ul oficial \u0219i declara\u021bia de avere a Lilianei Ia\u0219an. Astfel, conform documentului, ministrul adjunct al S\u0103n\u0103t\u0103\u021bii c\u00e2\u0219tiga \u00een 2015 un salariu de peste  203.000 de lei, dar \u0219i 4.000 lei, dob\u00e2nzi din dou\u0103 conturi bancare.  <\/p>\n<p>Conform declara\u021biei, aceasta de\u021bine dou\u0103 terenuri, cu o valoare cadastral\u0103 de peste 480.000 de mii de lei. Ministrul adjunct de\u021bine \u0219i o cas\u0103 de 270 metri patra\u021bi, care este evaluat\u0103 la 1.700.125 lei. Imobilul a fost dob\u00e2ndit \u00een anul 2007, \u00een perioada c\u00e2nd Liliana Ia\u0219an activa \u00een func\u021bia de \u0219ef al Sec\u0163iei Medicina de Familie, din cadrul AMT Buiucani. Doi ani mai t\u00e2rziu, adic\u0103 \u00een 2009, Ia\u0219an \u0219i-a cump\u0103rat \u0219i o ma\u0219in\u0103 \u2013 un Peugeot 308, fabricat \u00een acela\u0219i an. Potrivit declara\u021biei de avere, automobilul a fost cump\u0103rat cu peste 200.000 de lei.<\/p>\n<p>Pe l\u00e2ng\u0103 cas\u0103, terenuri \u0219i autombil, Liliana Ia\u0219an a reu\u0219it s\u0103-\u0219i fac\u0103 \u0219i unele economii. Aceasta are deschise 12 conturi bancare, unde p\u0103streaz\u0103 peste 57 de mii de lei.<\/p>\n<p>\u00cen acela\u0219i timp, Liliana Ia\u0219an de\u021bine 2 % de ac\u021biuni la \u201eCorpora\u021bia de Finan\u021bare Rural\u0103 S.A\u201d, a c\u0103ror valoare financiar\u0103 este de 120.000 lei \u0219i 2% ac\u021biuni la Moldova Agroindbank, valoarea c\u0103rora este de 240.000 lei. <\/p>\n<p>Preciz\u0103m  c\u0103 Liliana Ia\u0219an \u0219i-a \u00eenceput cariera \u00een medicin\u0103 \u00een 2000, c\u00e2nd s-a angajat \u00een calitate de medic de familie la AMT Buiucani. Cinci ani mai t\u00e2rziu, aceasta a devenit \u0219ef de sec\u021bie, iar \u00een 2010 a ajuns vicedirector la aceia\u0219i institu\u021bie medical\u0103. Din 2014 \u0219i p\u00e2n\u0103 \u00een 2016 ea a ocupat func\u021bia de director la AMT Buiucani, iar la mijlocul lunii februarie 2016 a fost numit\u0103 viceministru al S\u0103n\u0103t\u0103\u021bii, \u00eenlocuindu-l astfel pe Gheorghe \u021aurcanu. <\/p>\n","protected":false},"excerpt":{"rendered":"<p>Cu o experien\u021b\u0103 de munc\u0103 \u00een sistemul s\u0103n\u0103t\u0103\u021bii de aproximativ 16 ani, Liliana Ia\u0219an, ultimul viceministru de la S\u0103n\u0103tate numit \u00een func\u021bie a reu\u0219it s\u0103 acumuleze o avere deloc modest\u0103. Potrivit declara\u021biei cu privire la propriet\u0103\u021bi \u0219i venituri pentru anul 2015, Ia\u0219an de\u021bine o cas\u0103 de locuit \u00een valoare de peste 1,7 milioane de lei, [&hellip;]<\/p>\n","protected":false},"author":4,"featured_media":12092,"comment_status":"closed","ping_status":"closed","sticky":false,"template":"","format":"standard","meta":{"footnotes":""},"categories":[6349],"tags":[],"class_list":["post-12091","post","type-post","status-publish","format-standard","has-post-thumbnail","hentry","category-social"],"yoast_head":"<!-- This site is optimized with the Yoast SEO plugin v27.4 - https:\/\/yoast.com\/product\/yoast-seo-wordpress\/ -->\n<title>VICEMINISTRUL S\u0102N\u0102T\u0102\u021aII, CU CASE DE MILIOANE \u0218I AC\u021aIUNI LA \u00ceNTREPRINDERI COMERCIALE - BTV<\/title>\n<meta name=\"robots\" content=\"index, follow, max-snippet:-1, max-image-preview:large, max-video-preview:-1\" \/>\n<link rel=\"canonical\" href=\"https:\/\/www.btv.md\/ro\/viceministrul-sanatatii-cu-case-de-milioane-si-actiuni-la-intreprinderi-comerciale\/\" \/>\n<meta property=\"og:locale\" content=\"ro_RO\" \/>\n<meta property=\"og:type\" content=\"article\" \/>\n<meta property=\"og:title\" content=\"VICEMINISTRUL S\u0102N\u0102T\u0102\u021aII, CU CASE DE MILIOANE \u0218I AC\u021aIUNI LA \u00ceNTREPRINDERI COMERCIALE - BTV\" \/>\n<meta property=\"og:description\" content=\"Cu o experien\u021b\u0103 de munc\u0103 \u00een sistemul s\u0103n\u0103t\u0103\u021bii de aproximativ 16 ani, Liliana Ia\u0219an, ultimul viceministru de la S\u0103n\u0103tate numit \u00een func\u021bie a reu\u0219it s\u0103 acumuleze o avere deloc modest\u0103. Potrivit declara\u021biei cu privire la propriet\u0103\u021bi \u0219i venituri pentru anul 2015, Ia\u0219an de\u021bine o cas\u0103 de locuit \u00een valoare de peste 1,7 milioane de lei, [&hellip;]\" \/>\n<meta property=\"og:url\" content=\"https:\/\/www.btv.md\/ro\/viceministrul-sanatatii-cu-case-de-milioane-si-actiuni-la-intreprinderi-comerciale\/\" \/>\n<meta property=\"og:site_name\" content=\"BTV\" \/>\n<meta property=\"article:publisher\" content=\"https:\/\/www.facebook.com\/btvmoldova\/\" \/>\n<meta property=\"article:published_time\" content=\"2016-05-06T09:49:59+00:00\" \/>\n<meta property=\"og:image\" content=\"https:\/\/www.btv.md\/wp-content\/uploads\/2016\/05\/Liliana_iasan_e-sanatate_md.jpg\" \/>\n\t<meta property=\"og:image:width\" content=\"715\" \/>\n\t<meta property=\"og:image:height\" content=\"451\" \/>\n\t<meta property=\"og:image:type\" content=\"image\/jpeg\" \/>\n<meta name=\"author\" content=\"admin\" \/>\n<meta name=\"twitter:label1\" content=\"Scris de\" \/>\n\t<meta name=\"twitter:data1\" content=\"admin\" \/>\n\t<meta name=\"twitter:label2\" content=\"Timp estimat pentru citire\" \/>\n\t<meta name=\"twitter:data2\" content=\"2 minute\" \/>\n<script type=\"application\/ld+json\" class=\"yoast-schema-graph\">{\"@context\":\"https:\\\/\\\/schema.org\",\"@graph\":[{\"@type\":\"Article\",\"@id\":\"https:\\\/\\\/www.btv.md\\\/ro\\\/viceministrul-sanatatii-cu-case-de-milioane-si-actiuni-la-intreprinderi-comerciale\\\/#article\",\"isPartOf\":{\"@id\":\"https:\\\/\\\/www.btv.md\\\/ro\\\/viceministrul-sanatatii-cu-case-de-milioane-si-actiuni-la-intreprinderi-comerciale\\\/\"},\"author\":{\"name\":\"admin\",\"@id\":\"https:\\\/\\\/www.btv.md\\\/#\\\/schema\\\/person\\\/8fadce81561b3ce2c34c46dadc4ccbf2\"},\"headline\":\"VICEMINISTRUL S\u0102N\u0102T\u0102\u021aII, CU CASE DE MILIOANE \u0218I AC\u021aIUNI LA \u00ceNTREPRINDERI COMERCIALE\",\"datePublished\":\"2016-05-06T09:49:59+00:00\",\"mainEntityOfPage\":{\"@id\":\"https:\\\/\\\/www.btv.md\\\/ro\\\/viceministrul-sanatatii-cu-case-de-milioane-si-actiuni-la-intreprinderi-comerciale\\\/\"},\"wordCount\":425,\"image\":{\"@id\":\"https:\\\/\\\/www.btv.md\\\/ro\\\/viceministrul-sanatatii-cu-case-de-milioane-si-actiuni-la-intreprinderi-comerciale\\\/#primaryimage\"},\"thumbnailUrl\":\"https:\\\/\\\/www.btv.md\\\/wp-content\\\/uploads\\\/2016\\\/05\\\/Liliana_iasan_e-sanatate_md.jpg\",\"articleSection\":[\"Social\"],\"inLanguage\":\"ro-RO\"},{\"@type\":\"WebPage\",\"@id\":\"https:\\\/\\\/www.btv.md\\\/ro\\\/viceministrul-sanatatii-cu-case-de-milioane-si-actiuni-la-intreprinderi-comerciale\\\/\",\"url\":\"https:\\\/\\\/www.btv.md\\\/ro\\\/viceministrul-sanatatii-cu-case-de-milioane-si-actiuni-la-intreprinderi-comerciale\\\/\",\"name\":\"VICEMINISTRUL S\u0102N\u0102T\u0102\u021aII, CU CASE DE MILIOANE \u0218I AC\u021aIUNI LA \u00ceNTREPRINDERI COMERCIALE - BTV\",\"isPartOf\":{\"@id\":\"https:\\\/\\\/www.btv.md\\\/#website\"},\"primaryImageOfPage\":{\"@id\":\"https:\\\/\\\/www.btv.md\\\/ro\\\/viceministrul-sanatatii-cu-case-de-milioane-si-actiuni-la-intreprinderi-comerciale\\\/#primaryimage\"},\"image\":{\"@id\":\"https:\\\/\\\/www.btv.md\\\/ro\\\/viceministrul-sanatatii-cu-case-de-milioane-si-actiuni-la-intreprinderi-comerciale\\\/#primaryimage\"},\"thumbnailUrl\":\"https:\\\/\\\/www.btv.md\\\/wp-content\\\/uploads\\\/2016\\\/05\\\/Liliana_iasan_e-sanatate_md.jpg\",\"datePublished\":\"2016-05-06T09:49:59+00:00\",\"author\":{\"@id\":\"https:\\\/\\\/www.btv.md\\\/#\\\/schema\\\/person\\\/8fadce81561b3ce2c34c46dadc4ccbf2\"},\"inLanguage\":\"ro-RO\",\"potentialAction\":[{\"@type\":\"ReadAction\",\"target\":[\"https:\\\/\\\/www.btv.md\\\/ro\\\/viceministrul-sanatatii-cu-case-de-milioane-si-actiuni-la-intreprinderi-comerciale\\\/\"]}]},{\"@type\":\"ImageObject\",\"inLanguage\":\"ro-RO\",\"@id\":\"https:\\\/\\\/www.btv.md\\\/ro\\\/viceministrul-sanatatii-cu-case-de-milioane-si-actiuni-la-intreprinderi-comerciale\\\/#primaryimage\",\"url\":\"https:\\\/\\\/www.btv.md\\\/wp-content\\\/uploads\\\/2016\\\/05\\\/Liliana_iasan_e-sanatate_md.jpg\",\"contentUrl\":\"https:\\\/\\\/www.btv.md\\\/wp-content\\\/uploads\\\/2016\\\/05\\\/Liliana_iasan_e-sanatate_md.jpg\",\"width\":715,\"height\":451},{\"@type\":\"WebSite\",\"@id\":\"https:\\\/\\\/www.btv.md\\\/#website\",\"url\":\"https:\\\/\\\/www.btv.md\\\/\",\"name\":\"BTV\",\"description\":\"\u0411\u0435\u043b\u044c\u0446\u043a\u043e\u0435 \u0442\u0435\u043b\u0435\u0432\u0438\u0434\u0435\u043d\u0438\u0435\",\"potentialAction\":[{\"@type\":\"SearchAction\",\"target\":{\"@type\":\"EntryPoint\",\"urlTemplate\":\"https:\\\/\\\/www.btv.md\\\/?s={search_term_string}\"},\"query-input\":{\"@type\":\"PropertyValueSpecification\",\"valueRequired\":true,\"valueName\":\"search_term_string\"}}],\"inLanguage\":\"ro-RO\"},{\"@type\":\"Person\",\"@id\":\"https:\\\/\\\/www.btv.md\\\/#\\\/schema\\\/person\\\/8fadce81561b3ce2c34c46dadc4ccbf2\",\"name\":\"admin\"}]}<\/script>\n<!-- \/ Yoast SEO plugin. -->","yoast_head_json":{"title":"VICEMINISTRUL S\u0102N\u0102T\u0102\u021aII, CU CASE DE MILIOANE \u0218I AC\u021aIUNI LA \u00ceNTREPRINDERI COMERCIALE - BTV","robots":{"index":"index","follow":"follow","max-snippet":"max-snippet:-1","max-image-preview":"max-image-preview:large","max-video-preview":"max-video-preview:-1"},"canonical":"https:\/\/www.btv.md\/ro\/viceministrul-sanatatii-cu-case-de-milioane-si-actiuni-la-intreprinderi-comerciale\/","og_locale":"ro_RO","og_type":"article","og_title":"VICEMINISTRUL S\u0102N\u0102T\u0102\u021aII, CU CASE DE MILIOANE \u0218I AC\u021aIUNI LA \u00ceNTREPRINDERI COMERCIALE - BTV","og_description":"Cu o experien\u021b\u0103 de munc\u0103 \u00een sistemul s\u0103n\u0103t\u0103\u021bii de aproximativ 16 ani, Liliana Ia\u0219an, ultimul viceministru de la S\u0103n\u0103tate numit \u00een func\u021bie a reu\u0219it s\u0103 acumuleze o avere deloc modest\u0103. Potrivit declara\u021biei cu privire la propriet\u0103\u021bi \u0219i venituri pentru anul 2015, Ia\u0219an de\u021bine o cas\u0103 de locuit \u00een valoare de peste 1,7 milioane de lei, [&hellip;]","og_url":"https:\/\/www.btv.md\/ro\/viceministrul-sanatatii-cu-case-de-milioane-si-actiuni-la-intreprinderi-comerciale\/","og_site_name":"BTV","article_publisher":"https:\/\/www.facebook.com\/btvmoldova\/","article_published_time":"2016-05-06T09:49:59+00:00","og_image":[{"width":715,"height":451,"url":"https:\/\/www.btv.md\/wp-content\/uploads\/2016\/05\/Liliana_iasan_e-sanatate_md.jpg","type":"image\/jpeg"}],"author":"admin","twitter_misc":{"Scris de":"admin","Timp estimat pentru citire":"2 minute"},"schema":{"@context":"https:\/\/schema.org","@graph":[{"@type":"Article","@id":"https:\/\/www.btv.md\/ro\/viceministrul-sanatatii-cu-case-de-milioane-si-actiuni-la-intreprinderi-comerciale\/#article","isPartOf":{"@id":"https:\/\/www.btv.md\/ro\/viceministrul-sanatatii-cu-case-de-milioane-si-actiuni-la-intreprinderi-comerciale\/"},"author":{"name":"admin","@id":"https:\/\/www.btv.md\/#\/schema\/person\/8fadce81561b3ce2c34c46dadc4ccbf2"},"headline":"VICEMINISTRUL S\u0102N\u0102T\u0102\u021aII, CU CASE DE MILIOANE \u0218I AC\u021aIUNI LA \u00ceNTREPRINDERI COMERCIALE","datePublished":"2016-05-06T09:49:59+00:00","mainEntityOfPage":{"@id":"https:\/\/www.btv.md\/ro\/viceministrul-sanatatii-cu-case-de-milioane-si-actiuni-la-intreprinderi-comerciale\/"},"wordCount":425,"image":{"@id":"https:\/\/www.btv.md\/ro\/viceministrul-sanatatii-cu-case-de-milioane-si-actiuni-la-intreprinderi-comerciale\/#primaryimage"},"thumbnailUrl":"https:\/\/www.btv.md\/wp-content\/uploads\/2016\/05\/Liliana_iasan_e-sanatate_md.jpg","articleSection":["Social"],"inLanguage":"ro-RO"},{"@type":"WebPage","@id":"https:\/\/www.btv.md\/ro\/viceministrul-sanatatii-cu-case-de-milioane-si-actiuni-la-intreprinderi-comerciale\/","url":"https:\/\/www.btv.md\/ro\/viceministrul-sanatatii-cu-case-de-milioane-si-actiuni-la-intreprinderi-comerciale\/","name":"VICEMINISTRUL S\u0102N\u0102T\u0102\u021aII, CU CASE DE MILIOANE \u0218I AC\u021aIUNI LA \u00ceNTREPRINDERI COMERCIALE - BTV","isPartOf":{"@id":"https:\/\/www.btv.md\/#website"},"primaryImageOfPage":{"@id":"https:\/\/www.btv.md\/ro\/viceministrul-sanatatii-cu-case-de-milioane-si-actiuni-la-intreprinderi-comerciale\/#primaryimage"},"image":{"@id":"https:\/\/www.btv.md\/ro\/viceministrul-sanatatii-cu-case-de-milioane-si-actiuni-la-intreprinderi-comerciale\/#primaryimage"},"thumbnailUrl":"https:\/\/www.btv.md\/wp-content\/uploads\/2016\/05\/Liliana_iasan_e-sanatate_md.jpg","datePublished":"2016-05-06T09:49:59+00:00","author":{"@id":"https:\/\/www.btv.md\/#\/schema\/person\/8fadce81561b3ce2c34c46dadc4ccbf2"},"inLanguage":"ro-RO","potentialAction":[{"@type":"ReadAction","target":["https:\/\/www.btv.md\/ro\/viceministrul-sanatatii-cu-case-de-milioane-si-actiuni-la-intreprinderi-comerciale\/"]}]},{"@type":"ImageObject","inLanguage":"ro-RO","@id":"https:\/\/www.btv.md\/ro\/viceministrul-sanatatii-cu-case-de-milioane-si-actiuni-la-intreprinderi-comerciale\/#primaryimage","url":"https:\/\/www.btv.md\/wp-content\/uploads\/2016\/05\/Liliana_iasan_e-sanatate_md.jpg","contentUrl":"https:\/\/www.btv.md\/wp-content\/uploads\/2016\/05\/Liliana_iasan_e-sanatate_md.jpg","width":715,"height":451},{"@type":"WebSite","@id":"https:\/\/www.btv.md\/#website","url":"https:\/\/www.btv.md\/","name":"BTV","description":"\u0411\u0435\u043b\u044c\u0446\u043a\u043e\u0435 \u0442\u0435\u043b\u0435\u0432\u0438\u0434\u0435\u043d\u0438\u0435","potentialAction":[{"@type":"SearchAction","target":{"@type":"EntryPoint","urlTemplate":"https:\/\/www.btv.md\/?s={search_term_string}"},"query-input":{"@type":"PropertyValueSpecification","valueRequired":true,"valueName":"search_term_string"}}],"inLanguage":"ro-RO"},{"@type":"Person","@id":"https:\/\/www.btv.md\/#\/schema\/person\/8fadce81561b3ce2c34c46dadc4ccbf2","name":"admin"}]}},"_links":{"self":[{"href":"https:\/\/www.btv.md\/ro\/wp-json\/wp\/v2\/posts\/12091","targetHints":{"allow":["GET"]}}],"collection":[{"href":"https:\/\/www.btv.md\/ro\/wp-json\/wp\/v2\/posts"}],"about":[{"href":"https:\/\/www.btv.md\/ro\/wp-json\/wp\/v2\/types\/post"}],"author":[{"embeddable":true,"href":"https:\/\/www.btv.md\/ro\/wp-json\/wp\/v2\/users\/4"}],"replies":[{"embeddable":true,"href":"https:\/\/www.btv.md\/ro\/wp-json\/wp\/v2\/comments?post=12091"}],"version-history":[{"count":0,"href":"https:\/\/www.btv.md\/ro\/wp-json\/wp\/v2\/posts\/12091\/revisions"}],"wp:featuredmedia":[{"embeddable":true,"href":"https:\/\/www.btv.md\/ro\/wp-json\/wp\/v2\/media\/12092"}],"wp:attachment":[{"href":"https:\/\/www.btv.md\/ro\/wp-json\/wp\/v2\/media?parent=12091"}],"wp:term":[{"taxonomy":"category","embeddable":true,"href":"https:\/\/www.btv.md\/ro\/wp-json\/wp\/v2\/categories?post=12091"},{"taxonomy":"post_tag","embeddable":true,"href":"https:\/\/www.btv.md\/ro\/wp-json\/wp\/v2\/tags?post=12091"}],"curies":[{"name":"wp","href":"https:\/\/api.w.org\/{rel}","templated":true}]}}