{"id":12143,"date":"2016-05-06T16:05:09","date_gmt":"2016-05-06T13:05:09","guid":{"rendered":"http:\/\/btv.md\/?p=12143"},"modified":"2016-05-06T16:05:09","modified_gmt":"2016-05-06T13:05:09","slug":"activistii-partidului-nostru-au-impartit-panglica-sfantului-gheorghe-la-balti","status":"publish","type":"post","link":"https:\/\/www.btv.md\/ro\/activistii-partidului-nostru-au-impartit-panglica-sfantului-gheorghe-la-balti\/","title":{"rendered":"ACTIVI\u0218TII \u201ePARTIDULUI NOSTRU\u201d AU  \u00ceMP\u0102R\u021aIT \u201ePANGLICA SF\u00c2NTULUI GHEORGHE\u201d LA B\u0102L\u021aI"},"content":{"rendered":"<p><strong>Activi\u0219tii \u201ePartidului Nostru\u201d i-au felicitat,vineri, 6 mai pe locuitorii municipiului B\u0103l\u021bi cu ocazia \u00eemplinirii a 71 de ani de la \u00eencheierea celui de al doilea r\u0103zboi mondial. \u00cen acest sens, ei au \u00eemp\u0103r\u021bit b\u0103l\u021benilor c\u00e2te o panglic\u0103 a Sf\u00eentului Gheorghe, simbol al victoriei Armatei Sovietice asupra Germaniei naziste, urmat de un mesaj de felicitare din partea Primarului de B\u0103l\u021bi, Renato Usat\u00eei.<\/strong><\/p>\n<p>Activi\u0219tii au \u00eemp\u0103r\u021bit panglici, at\u00e2t \u00een pia\u021ba Vasile Alecsandrii  c\u00e2t \u0219i \u00een alte zone ale municipiului B\u0103l\u021bi.<\/p>\n<p>\u201e<em>Ast\u0103zi mai multe grupe, adic\u0103 activi\u0219tii Partidului Nostru ne-am \u00eemp\u0103r\u021bit pe tot ora\u0219ul, avem \u00een jur de 10 grupe, dintre care suntem la pia\u021b\u0103 la Baiducova, la pia\u021ba de pe strada Puskin, \u00een centru suntem, la autogar\u0103 suntem \u0219i felicit\u0103m oamenii cu s\u0103rb\u0103toarea victoriei, mai ales c\u0103 ast\u0103zi este s\u0103rb\u0103toarea Sf\u00e2ntului Gheorghe, felicit\u0103m cu o panglic\u0103 \u0219i cu o felicitare din numele lui Renato Usat\u00e2i, din numele primarului nostru<\/em>\u201d.<\/p>\n<p>Locuitorii municipiului B\u0103l\u021bi au r\u0103mas \u00eenc\u00e2nta\u021bi de gestul edilului. Ace\u0219tia spun c\u0103 \u201elenta Sf\u00e2ntului Gheorghe\u201d reprezint\u0103 o memorie vie a persoanelor care \u0219i-au pierdut via\u021ba pe c\u00e2mpul de lupt\u0103.<\/p>\n<p>\u00cen municipiul B\u0103l\u021bi, \u00een acest an, din partea \u201e Partidului Nostru\u201d vor fi distribuite 15 mii de panglici, iar \u00een toat\u0103 Republica Moldova 71 mii de panglici.<\/p>\n<p><iframe width=\"420\" height=\"315\" data-src=\"https:\/\/www.youtube.com\/embed\/oXpT-_x8AXo\" frameborder=\"0\" allowfullscreen src=\"data:image\/svg+xml;base64,PHN2ZyB3aWR0aD0iMSIgaGVpZ2h0PSIxIiB4bWxucz0iaHR0cDovL3d3dy53My5vcmcvMjAwMC9zdmciPjwvc3ZnPg==\" class=\"lazyload\" data-load-mode=\"1\"><\/iframe><\/p>\n","protected":false},"excerpt":{"rendered":"<p>Activi\u0219tii \u201ePartidului Nostru\u201d i-au felicitat,vineri, 6 mai pe locuitorii municipiului B\u0103l\u021bi cu ocazia \u00eemplinirii a 71 de ani de la \u00eencheierea celui de al doilea r\u0103zboi mondial. \u00cen acest sens, ei au \u00eemp\u0103r\u021bit b\u0103l\u021benilor c\u00e2te o panglic\u0103 a Sf\u00eentului Gheorghe, simbol al victoriei Armatei Sovietice asupra Germaniei naziste, urmat de un mesaj de felicitare din [&hellip;]<\/p>\n","protected":false},"author":4,"featured_media":12144,"comment_status":"closed","ping_status":"closed","sticky":false,"template":"","format":"standard","meta":{"footnotes":""},"categories":[12],"tags":[],"class_list":["post-12143","post","type-post","status-publish","format-standard","has-post-thumbnail","hentry","category-balti"],"yoast_head":"<!-- This site is optimized with the Yoast SEO plugin v27.4 - https:\/\/yoast.com\/product\/yoast-seo-wordpress\/ -->\n<title>ACTIVI\u0218TII \u201ePARTIDULUI NOSTRU\u201d AU \u00ceMP\u0102R\u021aIT \u201ePANGLICA SF\u00c2NTULUI GHEORGHE\u201d LA B\u0102L\u021aI  - BTV<\/title>\n<meta name=\"robots\" content=\"index, follow, max-snippet:-1, max-image-preview:large, max-video-preview:-1\" \/>\n<link rel=\"canonical\" href=\"https:\/\/www.btv.md\/ro\/activistii-partidului-nostru-au-impartit-panglica-sfantului-gheorghe-la-balti\/\" \/>\n<meta property=\"og:locale\" content=\"ro_RO\" \/>\n<meta property=\"og:type\" content=\"article\" \/>\n<meta property=\"og:title\" content=\"ACTIVI\u0218TII \u201ePARTIDULUI NOSTRU\u201d AU \u00ceMP\u0102R\u021aIT \u201ePANGLICA SF\u00c2NTULUI GHEORGHE\u201d LA B\u0102L\u021aI  - BTV\" \/>\n<meta property=\"og:description\" content=\"Activi\u0219tii \u201ePartidului Nostru\u201d i-au felicitat,vineri, 6 mai pe locuitorii municipiului B\u0103l\u021bi cu ocazia \u00eemplinirii a 71 de ani de la \u00eencheierea celui de al doilea r\u0103zboi mondial. \u00cen acest sens, ei au \u00eemp\u0103r\u021bit b\u0103l\u021benilor c\u00e2te o panglic\u0103 a Sf\u00eentului Gheorghe, simbol al victoriei Armatei Sovietice asupra Germaniei naziste, urmat de un mesaj de felicitare din [&hellip;]\" \/>\n<meta property=\"og:url\" content=\"https:\/\/www.btv.md\/ro\/activistii-partidului-nostru-au-impartit-panglica-sfantului-gheorghe-la-balti\/\" \/>\n<meta property=\"og:site_name\" content=\"BTV\" \/>\n<meta property=\"article:publisher\" content=\"https:\/\/www.facebook.com\/btvmoldova\/\" \/>\n<meta property=\"article:published_time\" content=\"2016-05-06T13:05:09+00:00\" \/>\n<meta property=\"og:image\" content=\"https:\/\/www.btv.md\/wp-content\/uploads\/2016\/05\/sf-gheorghe.png\" \/>\n\t<meta property=\"og:image:width\" content=\"999\" \/>\n\t<meta property=\"og:image:height\" content=\"587\" \/>\n\t<meta property=\"og:image:type\" content=\"image\/png\" \/>\n<meta name=\"author\" content=\"admin\" \/>\n<meta name=\"twitter:label1\" content=\"Scris de\" \/>\n\t<meta name=\"twitter:data1\" content=\"admin\" \/>\n\t<meta name=\"twitter:label2\" content=\"Timp estimat pentru citire\" \/>\n\t<meta name=\"twitter:data2\" content=\"1 minut\" \/>\n<script type=\"application\/ld+json\" class=\"yoast-schema-graph\">{\"@context\":\"https:\\\/\\\/schema.org\",\"@graph\":[{\"@type\":\"Article\",\"@id\":\"https:\\\/\\\/www.btv.md\\\/ro\\\/activistii-partidului-nostru-au-impartit-panglica-sfantului-gheorghe-la-balti\\\/#article\",\"isPartOf\":{\"@id\":\"https:\\\/\\\/www.btv.md\\\/ro\\\/activistii-partidului-nostru-au-impartit-panglica-sfantului-gheorghe-la-balti\\\/\"},\"author\":{\"name\":\"admin\",\"@id\":\"https:\\\/\\\/www.btv.md\\\/#\\\/schema\\\/person\\\/8fadce81561b3ce2c34c46dadc4ccbf2\"},\"headline\":\"ACTIVI\u0218TII \u201ePARTIDULUI NOSTRU\u201d AU \u00ceMP\u0102R\u021aIT \u201ePANGLICA SF\u00c2NTULUI GHEORGHE\u201d LA B\u0102L\u021aI\",\"datePublished\":\"2016-05-06T13:05:09+00:00\",\"mainEntityOfPage\":{\"@id\":\"https:\\\/\\\/www.btv.md\\\/ro\\\/activistii-partidului-nostru-au-impartit-panglica-sfantului-gheorghe-la-balti\\\/\"},\"wordCount\":261,\"image\":{\"@id\":\"https:\\\/\\\/www.btv.md\\\/ro\\\/activistii-partidului-nostru-au-impartit-panglica-sfantului-gheorghe-la-balti\\\/#primaryimage\"},\"thumbnailUrl\":\"https:\\\/\\\/www.btv.md\\\/wp-content\\\/uploads\\\/2016\\\/05\\\/sf-gheorghe.png\",\"articleSection\":[\"\u0413\u043e\u0440\u043e\u0434\"],\"inLanguage\":\"ro-RO\"},{\"@type\":\"WebPage\",\"@id\":\"https:\\\/\\\/www.btv.md\\\/ro\\\/activistii-partidului-nostru-au-impartit-panglica-sfantului-gheorghe-la-balti\\\/\",\"url\":\"https:\\\/\\\/www.btv.md\\\/ro\\\/activistii-partidului-nostru-au-impartit-panglica-sfantului-gheorghe-la-balti\\\/\",\"name\":\"ACTIVI\u0218TII \u201ePARTIDULUI NOSTRU\u201d AU \u00ceMP\u0102R\u021aIT \u201ePANGLICA SF\u00c2NTULUI GHEORGHE\u201d LA B\u0102L\u021aI - BTV\",\"isPartOf\":{\"@id\":\"https:\\\/\\\/www.btv.md\\\/#website\"},\"primaryImageOfPage\":{\"@id\":\"https:\\\/\\\/www.btv.md\\\/ro\\\/activistii-partidului-nostru-au-impartit-panglica-sfantului-gheorghe-la-balti\\\/#primaryimage\"},\"image\":{\"@id\":\"https:\\\/\\\/www.btv.md\\\/ro\\\/activistii-partidului-nostru-au-impartit-panglica-sfantului-gheorghe-la-balti\\\/#primaryimage\"},\"thumbnailUrl\":\"https:\\\/\\\/www.btv.md\\\/wp-content\\\/uploads\\\/2016\\\/05\\\/sf-gheorghe.png\",\"datePublished\":\"2016-05-06T13:05:09+00:00\",\"author\":{\"@id\":\"https:\\\/\\\/www.btv.md\\\/#\\\/schema\\\/person\\\/8fadce81561b3ce2c34c46dadc4ccbf2\"},\"inLanguage\":\"ro-RO\",\"potentialAction\":[{\"@type\":\"ReadAction\",\"target\":[\"https:\\\/\\\/www.btv.md\\\/ro\\\/activistii-partidului-nostru-au-impartit-panglica-sfantului-gheorghe-la-balti\\\/\"]}]},{\"@type\":\"ImageObject\",\"inLanguage\":\"ro-RO\",\"@id\":\"https:\\\/\\\/www.btv.md\\\/ro\\\/activistii-partidului-nostru-au-impartit-panglica-sfantului-gheorghe-la-balti\\\/#primaryimage\",\"url\":\"https:\\\/\\\/www.btv.md\\\/wp-content\\\/uploads\\\/2016\\\/05\\\/sf-gheorghe.png\",\"contentUrl\":\"https:\\\/\\\/www.btv.md\\\/wp-content\\\/uploads\\\/2016\\\/05\\\/sf-gheorghe.png\",\"width\":999,\"height\":587},{\"@type\":\"WebSite\",\"@id\":\"https:\\\/\\\/www.btv.md\\\/#website\",\"url\":\"https:\\\/\\\/www.btv.md\\\/\",\"name\":\"BTV\",\"description\":\"\u0411\u0435\u043b\u044c\u0446\u043a\u043e\u0435 \u0442\u0435\u043b\u0435\u0432\u0438\u0434\u0435\u043d\u0438\u0435\",\"potentialAction\":[{\"@type\":\"SearchAction\",\"target\":{\"@type\":\"EntryPoint\",\"urlTemplate\":\"https:\\\/\\\/www.btv.md\\\/?s={search_term_string}\"},\"query-input\":{\"@type\":\"PropertyValueSpecification\",\"valueRequired\":true,\"valueName\":\"search_term_string\"}}],\"inLanguage\":\"ro-RO\"},{\"@type\":\"Person\",\"@id\":\"https:\\\/\\\/www.btv.md\\\/#\\\/schema\\\/person\\\/8fadce81561b3ce2c34c46dadc4ccbf2\",\"name\":\"admin\"}]}<\/script>\n<!-- \/ Yoast SEO plugin. -->","yoast_head_json":{"title":"ACTIVI\u0218TII \u201ePARTIDULUI NOSTRU\u201d AU \u00ceMP\u0102R\u021aIT \u201ePANGLICA SF\u00c2NTULUI GHEORGHE\u201d LA B\u0102L\u021aI  - BTV","robots":{"index":"index","follow":"follow","max-snippet":"max-snippet:-1","max-image-preview":"max-image-preview:large","max-video-preview":"max-video-preview:-1"},"canonical":"https:\/\/www.btv.md\/ro\/activistii-partidului-nostru-au-impartit-panglica-sfantului-gheorghe-la-balti\/","og_locale":"ro_RO","og_type":"article","og_title":"ACTIVI\u0218TII \u201ePARTIDULUI NOSTRU\u201d AU \u00ceMP\u0102R\u021aIT \u201ePANGLICA SF\u00c2NTULUI GHEORGHE\u201d LA B\u0102L\u021aI  - BTV","og_description":"Activi\u0219tii \u201ePartidului Nostru\u201d i-au felicitat,vineri, 6 mai pe locuitorii municipiului B\u0103l\u021bi cu ocazia \u00eemplinirii a 71 de ani de la \u00eencheierea celui de al doilea r\u0103zboi mondial. \u00cen acest sens, ei au \u00eemp\u0103r\u021bit b\u0103l\u021benilor c\u00e2te o panglic\u0103 a Sf\u00eentului Gheorghe, simbol al victoriei Armatei Sovietice asupra Germaniei naziste, urmat de un mesaj de felicitare din [&hellip;]","og_url":"https:\/\/www.btv.md\/ro\/activistii-partidului-nostru-au-impartit-panglica-sfantului-gheorghe-la-balti\/","og_site_name":"BTV","article_publisher":"https:\/\/www.facebook.com\/btvmoldova\/","article_published_time":"2016-05-06T13:05:09+00:00","og_image":[{"width":999,"height":587,"url":"https:\/\/www.btv.md\/wp-content\/uploads\/2016\/05\/sf-gheorghe.png","type":"image\/png"}],"author":"admin","twitter_misc":{"Scris de":"admin","Timp estimat pentru citire":"1 minut"},"schema":{"@context":"https:\/\/schema.org","@graph":[{"@type":"Article","@id":"https:\/\/www.btv.md\/ro\/activistii-partidului-nostru-au-impartit-panglica-sfantului-gheorghe-la-balti\/#article","isPartOf":{"@id":"https:\/\/www.btv.md\/ro\/activistii-partidului-nostru-au-impartit-panglica-sfantului-gheorghe-la-balti\/"},"author":{"name":"admin","@id":"https:\/\/www.btv.md\/#\/schema\/person\/8fadce81561b3ce2c34c46dadc4ccbf2"},"headline":"ACTIVI\u0218TII \u201ePARTIDULUI NOSTRU\u201d AU \u00ceMP\u0102R\u021aIT \u201ePANGLICA SF\u00c2NTULUI GHEORGHE\u201d LA B\u0102L\u021aI","datePublished":"2016-05-06T13:05:09+00:00","mainEntityOfPage":{"@id":"https:\/\/www.btv.md\/ro\/activistii-partidului-nostru-au-impartit-panglica-sfantului-gheorghe-la-balti\/"},"wordCount":261,"image":{"@id":"https:\/\/www.btv.md\/ro\/activistii-partidului-nostru-au-impartit-panglica-sfantului-gheorghe-la-balti\/#primaryimage"},"thumbnailUrl":"https:\/\/www.btv.md\/wp-content\/uploads\/2016\/05\/sf-gheorghe.png","articleSection":["\u0413\u043e\u0440\u043e\u0434"],"inLanguage":"ro-RO"},{"@type":"WebPage","@id":"https:\/\/www.btv.md\/ro\/activistii-partidului-nostru-au-impartit-panglica-sfantului-gheorghe-la-balti\/","url":"https:\/\/www.btv.md\/ro\/activistii-partidului-nostru-au-impartit-panglica-sfantului-gheorghe-la-balti\/","name":"ACTIVI\u0218TII \u201ePARTIDULUI NOSTRU\u201d AU \u00ceMP\u0102R\u021aIT \u201ePANGLICA SF\u00c2NTULUI GHEORGHE\u201d LA B\u0102L\u021aI - BTV","isPartOf":{"@id":"https:\/\/www.btv.md\/#website"},"primaryImageOfPage":{"@id":"https:\/\/www.btv.md\/ro\/activistii-partidului-nostru-au-impartit-panglica-sfantului-gheorghe-la-balti\/#primaryimage"},"image":{"@id":"https:\/\/www.btv.md\/ro\/activistii-partidului-nostru-au-impartit-panglica-sfantului-gheorghe-la-balti\/#primaryimage"},"thumbnailUrl":"https:\/\/www.btv.md\/wp-content\/uploads\/2016\/05\/sf-gheorghe.png","datePublished":"2016-05-06T13:05:09+00:00","author":{"@id":"https:\/\/www.btv.md\/#\/schema\/person\/8fadce81561b3ce2c34c46dadc4ccbf2"},"inLanguage":"ro-RO","potentialAction":[{"@type":"ReadAction","target":["https:\/\/www.btv.md\/ro\/activistii-partidului-nostru-au-impartit-panglica-sfantului-gheorghe-la-balti\/"]}]},{"@type":"ImageObject","inLanguage":"ro-RO","@id":"https:\/\/www.btv.md\/ro\/activistii-partidului-nostru-au-impartit-panglica-sfantului-gheorghe-la-balti\/#primaryimage","url":"https:\/\/www.btv.md\/wp-content\/uploads\/2016\/05\/sf-gheorghe.png","contentUrl":"https:\/\/www.btv.md\/wp-content\/uploads\/2016\/05\/sf-gheorghe.png","width":999,"height":587},{"@type":"WebSite","@id":"https:\/\/www.btv.md\/#website","url":"https:\/\/www.btv.md\/","name":"BTV","description":"\u0411\u0435\u043b\u044c\u0446\u043a\u043e\u0435 \u0442\u0435\u043b\u0435\u0432\u0438\u0434\u0435\u043d\u0438\u0435","potentialAction":[{"@type":"SearchAction","target":{"@type":"EntryPoint","urlTemplate":"https:\/\/www.btv.md\/?s={search_term_string}"},"query-input":{"@type":"PropertyValueSpecification","valueRequired":true,"valueName":"search_term_string"}}],"inLanguage":"ro-RO"},{"@type":"Person","@id":"https:\/\/www.btv.md\/#\/schema\/person\/8fadce81561b3ce2c34c46dadc4ccbf2","name":"admin"}]}},"_links":{"self":[{"href":"https:\/\/www.btv.md\/ro\/wp-json\/wp\/v2\/posts\/12143","targetHints":{"allow":["GET"]}}],"collection":[{"href":"https:\/\/www.btv.md\/ro\/wp-json\/wp\/v2\/posts"}],"about":[{"href":"https:\/\/www.btv.md\/ro\/wp-json\/wp\/v2\/types\/post"}],"author":[{"embeddable":true,"href":"https:\/\/www.btv.md\/ro\/wp-json\/wp\/v2\/users\/4"}],"replies":[{"embeddable":true,"href":"https:\/\/www.btv.md\/ro\/wp-json\/wp\/v2\/comments?post=12143"}],"version-history":[{"count":0,"href":"https:\/\/www.btv.md\/ro\/wp-json\/wp\/v2\/posts\/12143\/revisions"}],"wp:featuredmedia":[{"embeddable":true,"href":"https:\/\/www.btv.md\/ro\/wp-json\/wp\/v2\/media\/12144"}],"wp:attachment":[{"href":"https:\/\/www.btv.md\/ro\/wp-json\/wp\/v2\/media?parent=12143"}],"wp:term":[{"taxonomy":"category","embeddable":true,"href":"https:\/\/www.btv.md\/ro\/wp-json\/wp\/v2\/categories?post=12143"},{"taxonomy":"post_tag","embeddable":true,"href":"https:\/\/www.btv.md\/ro\/wp-json\/wp\/v2\/tags?post=12143"}],"curies":[{"name":"wp","href":"https:\/\/api.w.org\/{rel}","templated":true}]}}