{"id":121547,"date":"2021-04-03T17:20:55","date_gmt":"2021-04-03T14:20:55","guid":{"rendered":"http:\/\/www.btv.md\/?p=121547"},"modified":"2021-04-03T17:20:55","modified_gmt":"2021-04-03T14:20:55","slug":"doi-barbati-prinsi-la-pescuit-ilegal-in-apele-unui-lac-de-la-frontiera","status":"publish","type":"post","link":"https:\/\/www.btv.md\/ro\/doi-barbati-prinsi-la-pescuit-ilegal-in-apele-unui-lac-de-la-frontiera\/","title":{"rendered":"Doi b\u0103rba\u021bi, prin\u0219i la pescuit ilegal \u00een apele unui lac de la frontier\u0103"},"content":{"rendered":"<p><strong>Doi b\u0103rba\u021bi au fost prin\u0219i azi \u2013 diminea\u021b\u0103 pescuind ilegal \u00een apele unui lac de la frontiera cu Ucraina. Ace\u0219tia au mers la prins pe\u0219te echipa\u021bi cu o barc\u0103 gonflabil\u0103 cu motor \u0219i mai multe plase de pescuit, transmite <a href=\"https:\/\/tv8.md\/2021\/04\/03\/doi-barbati-prinsi-la-pescuit-ilegal-in-apele-unui-lac-de-la-frontiera\/\">tv8.md<\/a>.<\/strong><\/p>\n<p>Cei doi au fost observa\u021bi de patrula mobil\u0103 a Sectorului Poli\u021biei de Frontier\u0103 Toceni la ora 04:30 diminea\u021ba, la o distan\u021b\u0103 de aproximativ 500 de metri de frontiera de stat. Poli\u021bi\u0219tii de frontier\u0103 i-au monitorizat o vreme pe cei cei doi pescari, pentru a-i re\u021bine c\u00e2nd urmau s\u0103 ias\u0103 la mal. B\u0103rba\u021bii \u0219i-au dat \u00eens\u0103 seama c\u0103 au fost v\u0103zu\u021bi, a\u0219a c\u0103 au schimbat direc\u021bia ambarca\u021biunii, reu\u0219ind s\u0103 ajung\u0103 la mal \u0219i s\u0103 fug\u0103. Pescarii s-au ascuns \u00een localitatea Antone\u0219ti, raionul \u0218tefan Vod\u0103, dar au fost prin\u0219i \u0219i documenta\u021bi \u00een scurt timp. Ace\u0219tia urmeaz\u0103 s\u0103 fie sanc\u021biona\u021bi conform legisla\u021biei. \u00cen barca abandonat\u0103 de cei doi, poli\u021bi\u0219tii de frontier\u0103 au descoperit patru saci cu plase de monofilament, cu o lungime a c\u00e2te 150 de metri fiecare, din care s-au scos aproximativ 40 de kg de pe\u0219te de diferite specii.<\/p>\n<div class=\"sens-advertising\">\n<div id=\"div-gpt-ad-1593159583658-521255004\">Poli\u021bia a de Frontier\u0103 a sesizat sesizat Inspectoratul pentru Protec\u021bia Mediului.<\/div>\n<\/div>\n<div><\/div>\n<div>Foto: Poli\u021bia de Frontier\u0103<\/div>\n<div><\/div>\n","protected":false},"excerpt":{"rendered":"<p>Doi b\u0103rba\u021bi au fost prin\u0219i azi \u2013 diminea\u021b\u0103 pescuind ilegal \u00een apele unui lac de la frontiera cu Ucraina. Ace\u0219tia au mers la prins pe\u0219te echipa\u021bi cu o barc\u0103 gonflabil\u0103 cu motor \u0219i mai multe plase de pescuit, transmite tv8.md. Cei doi au fost observa\u021bi de patrula mobil\u0103 a Sectorului Poli\u021biei de Frontier\u0103 Toceni la [&hellip;]<\/p>\n","protected":false},"author":4,"featured_media":121548,"comment_status":"closed","ping_status":"closed","sticky":false,"template":"","format":"standard","meta":{"footnotes":""},"categories":[6349],"tags":[23592,23593],"class_list":["post-121547","post","type-post","status-publish","format-standard","has-post-thumbnail","hentry","category-social","tag-doi-barbati","tag-prinsi-la-pescuit-ilegal-in-apele-unui-lac-de-la-frontiera"],"yoast_head":"<!-- This site is optimized with the Yoast SEO plugin v27.4 - https:\/\/yoast.com\/product\/yoast-seo-wordpress\/ -->\n<title>Doi b\u0103rba\u021bi, prin\u0219i la pescuit ilegal \u00een apele unui lac de la frontier\u0103 - BTV<\/title>\n<meta name=\"robots\" content=\"index, follow, max-snippet:-1, max-image-preview:large, max-video-preview:-1\" \/>\n<link rel=\"canonical\" href=\"https:\/\/www.btv.md\/ro\/doi-barbati-prinsi-la-pescuit-ilegal-in-apele-unui-lac-de-la-frontiera\/\" \/>\n<meta property=\"og:locale\" content=\"ro_RO\" \/>\n<meta property=\"og:type\" content=\"article\" \/>\n<meta property=\"og:title\" content=\"Doi b\u0103rba\u021bi, prin\u0219i la pescuit ilegal \u00een apele unui lac de la frontier\u0103 - BTV\" \/>\n<meta property=\"og:description\" content=\"Doi b\u0103rba\u021bi au fost prin\u0219i azi \u2013 diminea\u021b\u0103 pescuind ilegal \u00een apele unui lac de la frontiera cu Ucraina. Ace\u0219tia au mers la prins pe\u0219te echipa\u021bi cu o barc\u0103 gonflabil\u0103 cu motor \u0219i mai multe plase de pescuit, transmite tv8.md. Cei doi au fost observa\u021bi de patrula mobil\u0103 a Sectorului Poli\u021biei de Frontier\u0103 Toceni la [&hellip;]\" \/>\n<meta property=\"og:url\" content=\"https:\/\/www.btv.md\/ro\/doi-barbati-prinsi-la-pescuit-ilegal-in-apele-unui-lac-de-la-frontiera\/\" \/>\n<meta property=\"og:site_name\" content=\"BTV\" \/>\n<meta property=\"article:publisher\" content=\"https:\/\/www.facebook.com\/btvmoldova\/\" \/>\n<meta property=\"article:published_time\" content=\"2021-04-03T14:20:55+00:00\" \/>\n<meta property=\"og:image\" content=\"https:\/\/www.btv.md\/wp-content\/uploads\/2021\/04\/pescuit-1280x720-1.jpeg\" \/>\n\t<meta property=\"og:image:width\" content=\"1280\" \/>\n\t<meta property=\"og:image:height\" content=\"720\" \/>\n\t<meta property=\"og:image:type\" content=\"image\/jpeg\" \/>\n<meta name=\"author\" content=\"admin\" \/>\n<meta name=\"twitter:label1\" content=\"Scris de\" \/>\n\t<meta name=\"twitter:data1\" content=\"admin\" \/>\n\t<meta name=\"twitter:label2\" content=\"Timp estimat pentru citire\" \/>\n\t<meta name=\"twitter:data2\" content=\"1 minut\" \/>\n<script type=\"application\/ld+json\" class=\"yoast-schema-graph\">{\"@context\":\"https:\\\/\\\/schema.org\",\"@graph\":[{\"@type\":\"Article\",\"@id\":\"https:\\\/\\\/www.btv.md\\\/ro\\\/doi-barbati-prinsi-la-pescuit-ilegal-in-apele-unui-lac-de-la-frontiera\\\/#article\",\"isPartOf\":{\"@id\":\"https:\\\/\\\/www.btv.md\\\/ro\\\/doi-barbati-prinsi-la-pescuit-ilegal-in-apele-unui-lac-de-la-frontiera\\\/\"},\"author\":{\"name\":\"admin\",\"@id\":\"https:\\\/\\\/www.btv.md\\\/#\\\/schema\\\/person\\\/8fadce81561b3ce2c34c46dadc4ccbf2\"},\"headline\":\"Doi b\u0103rba\u021bi, prin\u0219i la pescuit ilegal \u00een apele unui lac de la frontier\u0103\",\"datePublished\":\"2021-04-03T14:20:55+00:00\",\"mainEntityOfPage\":{\"@id\":\"https:\\\/\\\/www.btv.md\\\/ro\\\/doi-barbati-prinsi-la-pescuit-ilegal-in-apele-unui-lac-de-la-frontiera\\\/\"},\"wordCount\":240,\"image\":{\"@id\":\"https:\\\/\\\/www.btv.md\\\/ro\\\/doi-barbati-prinsi-la-pescuit-ilegal-in-apele-unui-lac-de-la-frontiera\\\/#primaryimage\"},\"thumbnailUrl\":\"https:\\\/\\\/www.btv.md\\\/wp-content\\\/uploads\\\/2021\\\/04\\\/pescuit-1280x720-1.jpeg\",\"keywords\":[\"Doi b\u0103rba\u021bi\",\"prin\u0219i la pescuit ilegal \u00een apele unui lac de la frontier\u0103\"],\"articleSection\":[\"Social\"],\"inLanguage\":\"ro-RO\"},{\"@type\":\"WebPage\",\"@id\":\"https:\\\/\\\/www.btv.md\\\/ro\\\/doi-barbati-prinsi-la-pescuit-ilegal-in-apele-unui-lac-de-la-frontiera\\\/\",\"url\":\"https:\\\/\\\/www.btv.md\\\/ro\\\/doi-barbati-prinsi-la-pescuit-ilegal-in-apele-unui-lac-de-la-frontiera\\\/\",\"name\":\"Doi b\u0103rba\u021bi, prin\u0219i la pescuit ilegal \u00een apele unui lac de la frontier\u0103 - BTV\",\"isPartOf\":{\"@id\":\"https:\\\/\\\/www.btv.md\\\/#website\"},\"primaryImageOfPage\":{\"@id\":\"https:\\\/\\\/www.btv.md\\\/ro\\\/doi-barbati-prinsi-la-pescuit-ilegal-in-apele-unui-lac-de-la-frontiera\\\/#primaryimage\"},\"image\":{\"@id\":\"https:\\\/\\\/www.btv.md\\\/ro\\\/doi-barbati-prinsi-la-pescuit-ilegal-in-apele-unui-lac-de-la-frontiera\\\/#primaryimage\"},\"thumbnailUrl\":\"https:\\\/\\\/www.btv.md\\\/wp-content\\\/uploads\\\/2021\\\/04\\\/pescuit-1280x720-1.jpeg\",\"datePublished\":\"2021-04-03T14:20:55+00:00\",\"author\":{\"@id\":\"https:\\\/\\\/www.btv.md\\\/#\\\/schema\\\/person\\\/8fadce81561b3ce2c34c46dadc4ccbf2\"},\"inLanguage\":\"ro-RO\",\"potentialAction\":[{\"@type\":\"ReadAction\",\"target\":[\"https:\\\/\\\/www.btv.md\\\/ro\\\/doi-barbati-prinsi-la-pescuit-ilegal-in-apele-unui-lac-de-la-frontiera\\\/\"]}]},{\"@type\":\"ImageObject\",\"inLanguage\":\"ro-RO\",\"@id\":\"https:\\\/\\\/www.btv.md\\\/ro\\\/doi-barbati-prinsi-la-pescuit-ilegal-in-apele-unui-lac-de-la-frontiera\\\/#primaryimage\",\"url\":\"https:\\\/\\\/www.btv.md\\\/wp-content\\\/uploads\\\/2021\\\/04\\\/pescuit-1280x720-1.jpeg\",\"contentUrl\":\"https:\\\/\\\/www.btv.md\\\/wp-content\\\/uploads\\\/2021\\\/04\\\/pescuit-1280x720-1.jpeg\",\"width\":1280,\"height\":720},{\"@type\":\"WebSite\",\"@id\":\"https:\\\/\\\/www.btv.md\\\/#website\",\"url\":\"https:\\\/\\\/www.btv.md\\\/\",\"name\":\"BTV\",\"description\":\"\u0411\u0435\u043b\u044c\u0446\u043a\u043e\u0435 \u0442\u0435\u043b\u0435\u0432\u0438\u0434\u0435\u043d\u0438\u0435\",\"potentialAction\":[{\"@type\":\"SearchAction\",\"target\":{\"@type\":\"EntryPoint\",\"urlTemplate\":\"https:\\\/\\\/www.btv.md\\\/?s={search_term_string}\"},\"query-input\":{\"@type\":\"PropertyValueSpecification\",\"valueRequired\":true,\"valueName\":\"search_term_string\"}}],\"inLanguage\":\"ro-RO\"},{\"@type\":\"Person\",\"@id\":\"https:\\\/\\\/www.btv.md\\\/#\\\/schema\\\/person\\\/8fadce81561b3ce2c34c46dadc4ccbf2\",\"name\":\"admin\"}]}<\/script>\n<!-- \/ Yoast SEO plugin. -->","yoast_head_json":{"title":"Doi b\u0103rba\u021bi, prin\u0219i la pescuit ilegal \u00een apele unui lac de la frontier\u0103 - BTV","robots":{"index":"index","follow":"follow","max-snippet":"max-snippet:-1","max-image-preview":"max-image-preview:large","max-video-preview":"max-video-preview:-1"},"canonical":"https:\/\/www.btv.md\/ro\/doi-barbati-prinsi-la-pescuit-ilegal-in-apele-unui-lac-de-la-frontiera\/","og_locale":"ro_RO","og_type":"article","og_title":"Doi b\u0103rba\u021bi, prin\u0219i la pescuit ilegal \u00een apele unui lac de la frontier\u0103 - BTV","og_description":"Doi b\u0103rba\u021bi au fost prin\u0219i azi \u2013 diminea\u021b\u0103 pescuind ilegal \u00een apele unui lac de la frontiera cu Ucraina. Ace\u0219tia au mers la prins pe\u0219te echipa\u021bi cu o barc\u0103 gonflabil\u0103 cu motor \u0219i mai multe plase de pescuit, transmite tv8.md. Cei doi au fost observa\u021bi de patrula mobil\u0103 a Sectorului Poli\u021biei de Frontier\u0103 Toceni la [&hellip;]","og_url":"https:\/\/www.btv.md\/ro\/doi-barbati-prinsi-la-pescuit-ilegal-in-apele-unui-lac-de-la-frontiera\/","og_site_name":"BTV","article_publisher":"https:\/\/www.facebook.com\/btvmoldova\/","article_published_time":"2021-04-03T14:20:55+00:00","og_image":[{"width":1280,"height":720,"url":"https:\/\/www.btv.md\/wp-content\/uploads\/2021\/04\/pescuit-1280x720-1.jpeg","type":"image\/jpeg"}],"author":"admin","twitter_misc":{"Scris de":"admin","Timp estimat pentru citire":"1 minut"},"schema":{"@context":"https:\/\/schema.org","@graph":[{"@type":"Article","@id":"https:\/\/www.btv.md\/ro\/doi-barbati-prinsi-la-pescuit-ilegal-in-apele-unui-lac-de-la-frontiera\/#article","isPartOf":{"@id":"https:\/\/www.btv.md\/ro\/doi-barbati-prinsi-la-pescuit-ilegal-in-apele-unui-lac-de-la-frontiera\/"},"author":{"name":"admin","@id":"https:\/\/www.btv.md\/#\/schema\/person\/8fadce81561b3ce2c34c46dadc4ccbf2"},"headline":"Doi b\u0103rba\u021bi, prin\u0219i la pescuit ilegal \u00een apele unui lac de la frontier\u0103","datePublished":"2021-04-03T14:20:55+00:00","mainEntityOfPage":{"@id":"https:\/\/www.btv.md\/ro\/doi-barbati-prinsi-la-pescuit-ilegal-in-apele-unui-lac-de-la-frontiera\/"},"wordCount":240,"image":{"@id":"https:\/\/www.btv.md\/ro\/doi-barbati-prinsi-la-pescuit-ilegal-in-apele-unui-lac-de-la-frontiera\/#primaryimage"},"thumbnailUrl":"https:\/\/www.btv.md\/wp-content\/uploads\/2021\/04\/pescuit-1280x720-1.jpeg","keywords":["Doi b\u0103rba\u021bi","prin\u0219i la pescuit ilegal \u00een apele unui lac de la frontier\u0103"],"articleSection":["Social"],"inLanguage":"ro-RO"},{"@type":"WebPage","@id":"https:\/\/www.btv.md\/ro\/doi-barbati-prinsi-la-pescuit-ilegal-in-apele-unui-lac-de-la-frontiera\/","url":"https:\/\/www.btv.md\/ro\/doi-barbati-prinsi-la-pescuit-ilegal-in-apele-unui-lac-de-la-frontiera\/","name":"Doi b\u0103rba\u021bi, prin\u0219i la pescuit ilegal \u00een apele unui lac de la frontier\u0103 - BTV","isPartOf":{"@id":"https:\/\/www.btv.md\/#website"},"primaryImageOfPage":{"@id":"https:\/\/www.btv.md\/ro\/doi-barbati-prinsi-la-pescuit-ilegal-in-apele-unui-lac-de-la-frontiera\/#primaryimage"},"image":{"@id":"https:\/\/www.btv.md\/ro\/doi-barbati-prinsi-la-pescuit-ilegal-in-apele-unui-lac-de-la-frontiera\/#primaryimage"},"thumbnailUrl":"https:\/\/www.btv.md\/wp-content\/uploads\/2021\/04\/pescuit-1280x720-1.jpeg","datePublished":"2021-04-03T14:20:55+00:00","author":{"@id":"https:\/\/www.btv.md\/#\/schema\/person\/8fadce81561b3ce2c34c46dadc4ccbf2"},"inLanguage":"ro-RO","potentialAction":[{"@type":"ReadAction","target":["https:\/\/www.btv.md\/ro\/doi-barbati-prinsi-la-pescuit-ilegal-in-apele-unui-lac-de-la-frontiera\/"]}]},{"@type":"ImageObject","inLanguage":"ro-RO","@id":"https:\/\/www.btv.md\/ro\/doi-barbati-prinsi-la-pescuit-ilegal-in-apele-unui-lac-de-la-frontiera\/#primaryimage","url":"https:\/\/www.btv.md\/wp-content\/uploads\/2021\/04\/pescuit-1280x720-1.jpeg","contentUrl":"https:\/\/www.btv.md\/wp-content\/uploads\/2021\/04\/pescuit-1280x720-1.jpeg","width":1280,"height":720},{"@type":"WebSite","@id":"https:\/\/www.btv.md\/#website","url":"https:\/\/www.btv.md\/","name":"BTV","description":"\u0411\u0435\u043b\u044c\u0446\u043a\u043e\u0435 \u0442\u0435\u043b\u0435\u0432\u0438\u0434\u0435\u043d\u0438\u0435","potentialAction":[{"@type":"SearchAction","target":{"@type":"EntryPoint","urlTemplate":"https:\/\/www.btv.md\/?s={search_term_string}"},"query-input":{"@type":"PropertyValueSpecification","valueRequired":true,"valueName":"search_term_string"}}],"inLanguage":"ro-RO"},{"@type":"Person","@id":"https:\/\/www.btv.md\/#\/schema\/person\/8fadce81561b3ce2c34c46dadc4ccbf2","name":"admin"}]}},"_links":{"self":[{"href":"https:\/\/www.btv.md\/ro\/wp-json\/wp\/v2\/posts\/121547","targetHints":{"allow":["GET"]}}],"collection":[{"href":"https:\/\/www.btv.md\/ro\/wp-json\/wp\/v2\/posts"}],"about":[{"href":"https:\/\/www.btv.md\/ro\/wp-json\/wp\/v2\/types\/post"}],"author":[{"embeddable":true,"href":"https:\/\/www.btv.md\/ro\/wp-json\/wp\/v2\/users\/4"}],"replies":[{"embeddable":true,"href":"https:\/\/www.btv.md\/ro\/wp-json\/wp\/v2\/comments?post=121547"}],"version-history":[{"count":0,"href":"https:\/\/www.btv.md\/ro\/wp-json\/wp\/v2\/posts\/121547\/revisions"}],"wp:featuredmedia":[{"embeddable":true,"href":"https:\/\/www.btv.md\/ro\/wp-json\/wp\/v2\/media\/121548"}],"wp:attachment":[{"href":"https:\/\/www.btv.md\/ro\/wp-json\/wp\/v2\/media?parent=121547"}],"wp:term":[{"taxonomy":"category","embeddable":true,"href":"https:\/\/www.btv.md\/ro\/wp-json\/wp\/v2\/categories?post=121547"},{"taxonomy":"post_tag","embeddable":true,"href":"https:\/\/www.btv.md\/ro\/wp-json\/wp\/v2\/tags?post=121547"}],"curies":[{"name":"wp","href":"https:\/\/api.w.org\/{rel}","templated":true}]}}